{"id":9699,"date":"2025-03-12T08:01:00","date_gmt":"2025-03-12T12:01:00","guid":{"rendered":"https:\/\/folhadems.com.br\/site\/?p=9699"},"modified":"2025-03-12T08:46:29","modified_gmt":"2025-03-12T12:46:29","slug":"detran-ms-reforca-equipe-para-melhor-atender-o-cidadao-no-feirao-da-empregabilidade-da-funtrab","status":"publish","type":"post","link":"https:\/\/folhadems.com.br\/site\/2025\/03\/12\/detran-ms-reforca-equipe-para-melhor-atender-o-cidadao-no-feirao-da-empregabilidade-da-funtrab\/","title":{"rendered":"Detran-MS refor\u00e7a equipe para melhor atender o cidad\u00e3o no Feir\u00e3o da Empregabilidade da Funtrab"},"content":{"rendered":"\n<p>A Ag\u00eancia do Detran no Shopping Bosque dos Ip\u00eas ter\u00e1 equipes refor\u00e7adas nos dias 12 e 13 de mar\u00e7o para atender a alta demanda esperada durante o Feir\u00e3o da Empregabilidade. O evento, promovido pela Funtrab (Funda\u00e7\u00e3o do Trabalho), na pr\u00f3xima quarta e quinta-feira, oferecer\u00e1 200 vagas para moradores da regi\u00e3o norte de Campo Grande que buscam uma nova oportunidade no mercado de trabalho.<\/p>\n\n\n\n<p>Segundo a Gerente Regional do Detran-MS em Campo Grande, Juliana Castro, a a\u00e7\u00e3o faz parte da gest\u00e3o transversal do Governo do Estado, que busca oferecer servi\u00e7os mais acess\u00edveis e eficazes \u00e0 popula\u00e7\u00e3o.<\/p>\n\n\n\n<p>&#8220;Nosso objetivo \u00e9 garantir um atendimento \u00e1gil e humanizado. Muitas vagas exigem CNH, e queremos facilitar o acesso do cidad\u00e3o a consultas e orienta\u00e7\u00f5es, proporcionando mais oportunidades para quem busca um novo emprego&#8221;, destaca.<\/p>\n\n\n\n<p>A unidade do Detran no F\u00e1cil Shopping Bosque dos Ip\u00eas funciona das 10h \u00e0s 19h, oferecendo servi\u00e7os diversos, como: renova\u00e7\u00e3o de CNH, 2\u00b0 via de CNH, altera\u00e7\u00e3o de dados, transfer\u00eancia de UF, transfer\u00eancia de ve\u00edculos, primeiro emplacamento, protocolo de multas, protocolo de processos administrativos, licenciamentos e consultas de d\u00e9bitos.<\/p>\n\n\n\n<p><strong>Feir\u00e3o da Empregabilidade<\/strong><\/p>\n\n\n\n<p>O Feir\u00e3o da Empregabilidade, promovido pela Funtrab (Funda\u00e7\u00e3o do Trabalho de Mato Grosso do Sul) conecta empregadores e trabalhadores, levando oportunidades a quem busca uma recoloca\u00e7\u00e3o profissional. Ao todo, 18 empresas participar\u00e3o do evento, oferecendo 200 vagas para setores como: \u00c1rea hospitalar; Recursos Humanos; Limpeza; Supermercados; M\u00e1quinas e ferramentas; Call center; Distribuidoras de bebidas; Fast-food; Com\u00e9rcio de brinquedos e games; Franchising (Franquia Empresarial); Condom\u00ednio do Shopping; e Est\u00e1gios.<\/p>\n\n\n\n<p>Al\u00e9m das entrevistas de emprego, a Funtrab tamb\u00e9m realizar\u00e1 cadastros de empregadores e prestar\u00e1 orienta\u00e7\u00f5es sobre a Carteira de Trabalho Digital.<\/p>\n\n\n\n<p>Os interessados em participar da a\u00e7\u00e3o devem levar Carteira de Trabalho (f\u00edsica ou digital), RG e CPF. O atendimento ser\u00e1 das 10h \u00e0s 17h, no piso 1, pr\u00f3ximo \u00e0 academia Positivamente.<\/p>\n\n\n\n<p>O evento acontece na mesma semana da estreia da Funtrab na Rede F\u00e1cil, um espa\u00e7o que re\u00fane diversos servi\u00e7os p\u00fablicos, como Detran, Agenfa, \u00c1guas Guariroba, Energisa, Procon e Instituto de Identifica\u00e7\u00e3o da Sejusp.<\/p>\n\n\n\n<p>A unidade da Rede F\u00e1cil Bosque dos Ip\u00eas est\u00e1 localizada no 1\u00ba piso, pr\u00f3ximo \u00e0 Pra\u00e7a Central, no corredor de acesso \u00e0 Administra\u00e7\u00e3o do Shopping, e o acesso \u00e9 mais r\u00e1pido pela Portaria A.<\/p>\n\n\n\n<p>A unidade atende moradores de bairros como Nova Bahia, Novos Estados, Nova Lima, Jardim Col\u00fambia, Vida Nova, Tarsila do Amaral, Oscar Salazar, Jos\u00e9 Tavares do Couto, Residencial Silvestre, Estrela Dalva e Jardim Montevid\u00e9u.<\/p>\n\n\n\n<p><em>Mireli Obando, Comunica\u00e7\u00e3o Detran-MS<br>*com informa\u00e7\u00f5es Funtrab<br><\/em><em>Foto: Rachid Waqued<\/em><\/p>\n","protected":false},"excerpt":{"rendered":"<p>A Ag\u00eancia do Detran no Shopping Bosque dos Ip\u00eas ter\u00e1 equipes refor\u00e7adas nos dias 12 e 13 de mar\u00e7o para<\/p>\n","protected":false},"author":1,"featured_media":9700,"comment_status":"open","ping_status":"open","sticky":false,"template":"","format":"standard","meta":{"footnotes":""},"categories":[26],"tags":[],"class_list":["post-9699","post","type-post","status-publish","format-standard","has-post-thumbnail","hentry","category-cotidiano"],"yoast_head":"<!-- This site is optimized with the Yoast SEO plugin v27.1.1 - https:\/\/yoast.com\/product\/yoast-seo-wordpress\/ -->\n<title>Detran-MS refor\u00e7a equipe para melhor atender o cidad\u00e3o no Feir\u00e3o da Empregabilidade da Funtrab - Folha de Mato Grosso do Sul<\/title>\n<meta name=\"robots\" content=\"index, follow, max-snippet:-1, max-image-preview:large, max-video-preview:-1\" \/>\n<link rel=\"canonical\" href=\"https:\/\/folhadems.com.br\/site\/2025\/03\/12\/detran-ms-reforca-equipe-para-melhor-atender-o-cidadao-no-feirao-da-empregabilidade-da-funtrab\/\" \/>\n<meta property=\"og:locale\" content=\"pt_BR\" \/>\n<meta property=\"og:type\" content=\"article\" \/>\n<meta property=\"og:title\" content=\"Detran-MS refor\u00e7a equipe para melhor atender o cidad\u00e3o no Feir\u00e3o da Empregabilidade da Funtrab - Folha de Mato Grosso do Sul\" \/>\n<meta property=\"og:description\" content=\"A Ag\u00eancia do Detran no Shopping Bosque dos Ip\u00eas ter\u00e1 equipes refor\u00e7adas nos dias 12 e 13 de mar\u00e7o para\" \/>\n<meta property=\"og:url\" content=\"https:\/\/folhadems.com.br\/site\/2025\/03\/12\/detran-ms-reforca-equipe-para-melhor-atender-o-cidadao-no-feirao-da-empregabilidade-da-funtrab\/\" \/>\n<meta property=\"og:site_name\" content=\"Folha de Mato Grosso do Sul\" \/>\n<meta property=\"article:published_time\" content=\"2025-03-12T12:01:00+00:00\" \/>\n<meta property=\"article:modified_time\" content=\"2025-03-12T12:46:29+00:00\" \/>\n<meta property=\"og:image\" content=\"https:\/\/folhadems.com.br\/site\/wp-content\/uploads\/2025\/03\/reabertura-agencia-bosque-dos-ipes.jpg\" \/>\n\t<meta property=\"og:image:width\" content=\"800\" \/>\n\t<meta property=\"og:image:height\" content=\"450\" \/>\n\t<meta property=\"og:image:type\" content=\"image\/jpeg\" \/>\n<meta name=\"author\" content=\"Elite Midia\" \/>\n<meta name=\"twitter:card\" content=\"summary_large_image\" \/>\n<meta name=\"twitter:label1\" content=\"Escrito por\" \/>\n\t<meta name=\"twitter:data1\" content=\"Elite Midia\" \/>\n\t<meta name=\"twitter:label2\" content=\"Est. tempo de leitura\" \/>\n\t<meta name=\"twitter:data2\" content=\"2 minutos\" \/>\n<script type=\"application\/ld+json\" class=\"yoast-schema-graph\">{\"@context\":\"https:\/\/schema.org\",\"@graph\":[{\"@type\":\"Article\",\"@id\":\"https:\/\/folhadems.com.br\/site\/2025\/03\/12\/detran-ms-reforca-equipe-para-melhor-atender-o-cidadao-no-feirao-da-empregabilidade-da-funtrab\/#article\",\"isPartOf\":{\"@id\":\"https:\/\/folhadems.com.br\/site\/2025\/03\/12\/detran-ms-reforca-equipe-para-melhor-atender-o-cidadao-no-feirao-da-empregabilidade-da-funtrab\/\"},\"author\":{\"name\":\"Elite Midia\",\"@id\":\"https:\/\/folhadems.com.br\/site\/#\/schema\/person\/e4a04038e5c2e7040e19ef252ae9d940\"},\"headline\":\"Detran-MS refor\u00e7a equipe para melhor atender o cidad\u00e3o no Feir\u00e3o da Empregabilidade da Funtrab\",\"datePublished\":\"2025-03-12T12:01:00+00:00\",\"dateModified\":\"2025-03-12T12:46:29+00:00\",\"mainEntityOfPage\":{\"@id\":\"https:\/\/folhadems.com.br\/site\/2025\/03\/12\/detran-ms-reforca-equipe-para-melhor-atender-o-cidadao-no-feirao-da-empregabilidade-da-funtrab\/\"},\"wordCount\":469,\"commentCount\":0,\"publisher\":{\"@id\":\"https:\/\/folhadems.com.br\/site\/#organization\"},\"image\":{\"@id\":\"https:\/\/folhadems.com.br\/site\/2025\/03\/12\/detran-ms-reforca-equipe-para-melhor-atender-o-cidadao-no-feirao-da-empregabilidade-da-funtrab\/#primaryimage\"},\"thumbnailUrl\":\"https:\/\/folhadems.com.br\/site\/wp-content\/uploads\/2025\/03\/reabertura-agencia-bosque-dos-ipes.jpg\",\"articleSection\":[\"Cotidiano\"],\"inLanguage\":\"pt-BR\",\"potentialAction\":[{\"@type\":\"CommentAction\",\"name\":\"Comment\",\"target\":[\"https:\/\/folhadems.com.br\/site\/2025\/03\/12\/detran-ms-reforca-equipe-para-melhor-atender-o-cidadao-no-feirao-da-empregabilidade-da-funtrab\/#respond\"]}]},{\"@type\":\"WebPage\",\"@id\":\"https:\/\/folhadems.com.br\/site\/2025\/03\/12\/detran-ms-reforca-equipe-para-melhor-atender-o-cidadao-no-feirao-da-empregabilidade-da-funtrab\/\",\"url\":\"https:\/\/folhadems.com.br\/site\/2025\/03\/12\/detran-ms-reforca-equipe-para-melhor-atender-o-cidadao-no-feirao-da-empregabilidade-da-funtrab\/\",\"name\":\"Detran-MS refor\u00e7a equipe para melhor atender o cidad\u00e3o no Feir\u00e3o da Empregabilidade da Funtrab - Folha de Mato Grosso do Sul\",\"isPartOf\":{\"@id\":\"https:\/\/folhadems.com.br\/site\/#website\"},\"primaryImageOfPage\":{\"@id\":\"https:\/\/folhadems.com.br\/site\/2025\/03\/12\/detran-ms-reforca-equipe-para-melhor-atender-o-cidadao-no-feirao-da-empregabilidade-da-funtrab\/#primaryimage\"},\"image\":{\"@id\":\"https:\/\/folhadems.com.br\/site\/2025\/03\/12\/detran-ms-reforca-equipe-para-melhor-atender-o-cidadao-no-feirao-da-empregabilidade-da-funtrab\/#primaryimage\"},\"thumbnailUrl\":\"https:\/\/folhadems.com.br\/site\/wp-content\/uploads\/2025\/03\/reabertura-agencia-bosque-dos-ipes.jpg\",\"datePublished\":\"2025-03-12T12:01:00+00:00\",\"dateModified\":\"2025-03-12T12:46:29+00:00\",\"breadcrumb\":{\"@id\":\"https:\/\/folhadems.com.br\/site\/2025\/03\/12\/detran-ms-reforca-equipe-para-melhor-atender-o-cidadao-no-feirao-da-empregabilidade-da-funtrab\/#breadcrumb\"},\"inLanguage\":\"pt-BR\",\"potentialAction\":[{\"@type\":\"ReadAction\",\"target\":[\"https:\/\/folhadems.com.br\/site\/2025\/03\/12\/detran-ms-reforca-equipe-para-melhor-atender-o-cidadao-no-feirao-da-empregabilidade-da-funtrab\/\"]}]},{\"@type\":\"ImageObject\",\"inLanguage\":\"pt-BR\",\"@id\":\"https:\/\/folhadems.com.br\/site\/2025\/03\/12\/detran-ms-reforca-equipe-para-melhor-atender-o-cidadao-no-feirao-da-empregabilidade-da-funtrab\/#primaryimage\",\"url\":\"https:\/\/folhadems.com.br\/site\/wp-content\/uploads\/2025\/03\/reabertura-agencia-bosque-dos-ipes.jpg\",\"contentUrl\":\"https:\/\/folhadems.com.br\/site\/wp-content\/uploads\/2025\/03\/reabertura-agencia-bosque-dos-ipes.jpg\",\"width\":800,\"height\":450},{\"@type\":\"BreadcrumbList\",\"@id\":\"https:\/\/folhadems.com.br\/site\/2025\/03\/12\/detran-ms-reforca-equipe-para-melhor-atender-o-cidadao-no-feirao-da-empregabilidade-da-funtrab\/#breadcrumb\",\"itemListElement\":[{\"@type\":\"ListItem\",\"position\":1,\"name\":\"In\u00edcio\",\"item\":\"https:\/\/folhadems.com.br\/site\/\"},{\"@type\":\"ListItem\",\"position\":2,\"name\":\"Detran-MS refor\u00e7a equipe para melhor atender o cidad\u00e3o no Feir\u00e3o da Empregabilidade da Funtrab\"}]},{\"@type\":\"WebSite\",\"@id\":\"https:\/\/folhadems.com.br\/site\/#website\",\"url\":\"https:\/\/folhadems.com.br\/site\/\",\"name\":\"Folha de Mato Grosso do Sul\",\"description\":\"Jornal Online\",\"publisher\":{\"@id\":\"https:\/\/folhadems.com.br\/site\/#organization\"},\"potentialAction\":[{\"@type\":\"SearchAction\",\"target\":{\"@type\":\"EntryPoint\",\"urlTemplate\":\"https:\/\/folhadems.com.br\/site\/?s={search_term_string}\"},\"query-input\":{\"@type\":\"PropertyValueSpecification\",\"valueRequired\":true,\"valueName\":\"search_term_string\"}}],\"inLanguage\":\"pt-BR\"},{\"@type\":\"Organization\",\"@id\":\"https:\/\/folhadems.com.br\/site\/#organization\",\"name\":\"Folha de Mato Grosso do Sul\",\"url\":\"https:\/\/folhadems.com.br\/site\/\",\"logo\":{\"@type\":\"ImageObject\",\"inLanguage\":\"pt-BR\",\"@id\":\"https:\/\/folhadems.com.br\/site\/#\/schema\/logo\/image\/\",\"url\":\"https:\/\/folhadems.com.br\/site\/wp-content\/uploads\/2023\/01\/logo-folha-de-ms-380x90-1.jpg\",\"contentUrl\":\"https:\/\/folhadems.com.br\/site\/wp-content\/uploads\/2023\/01\/logo-folha-de-ms-380x90-1.jpg\",\"width\":380,\"height\":90,\"caption\":\"Folha de Mato Grosso do Sul\"},\"image\":{\"@id\":\"https:\/\/folhadems.com.br\/site\/#\/schema\/logo\/image\/\"}},{\"@type\":\"Person\",\"@id\":\"https:\/\/folhadems.com.br\/site\/#\/schema\/person\/e4a04038e5c2e7040e19ef252ae9d940\",\"name\":\"Elite Midia\",\"image\":{\"@type\":\"ImageObject\",\"inLanguage\":\"pt-BR\",\"@id\":\"https:\/\/folhadems.com.br\/site\/#\/schema\/person\/image\/\",\"url\":\"https:\/\/secure.gravatar.com\/avatar\/f76a80f01119f7fec6909ab9feea8819031f391155be021b685479d77496f055?s=96&d=mm&r=g\",\"contentUrl\":\"https:\/\/secure.gravatar.com\/avatar\/f76a80f01119f7fec6909ab9feea8819031f391155be021b685479d77496f055?s=96&d=mm&r=g\",\"caption\":\"Elite Midia\"},\"sameAs\":[\"https:\/\/folhadems.com.br\/site\"],\"url\":\"https:\/\/folhadems.com.br\/site\/author\/elite-midia\/\"}]}<\/script>\n<!-- \/ Yoast SEO plugin. -->","yoast_head_json":{"title":"Detran-MS refor\u00e7a equipe para melhor atender o cidad\u00e3o no Feir\u00e3o da Empregabilidade da Funtrab - Folha de Mato Grosso do Sul","robots":{"index":"index","follow":"follow","max-snippet":"max-snippet:-1","max-image-preview":"max-image-preview:large","max-video-preview":"max-video-preview:-1"},"canonical":"https:\/\/folhadems.com.br\/site\/2025\/03\/12\/detran-ms-reforca-equipe-para-melhor-atender-o-cidadao-no-feirao-da-empregabilidade-da-funtrab\/","og_locale":"pt_BR","og_type":"article","og_title":"Detran-MS refor\u00e7a equipe para melhor atender o cidad\u00e3o no Feir\u00e3o da Empregabilidade da Funtrab - Folha de Mato Grosso do Sul","og_description":"A Ag\u00eancia do Detran no Shopping Bosque dos Ip\u00eas ter\u00e1 equipes refor\u00e7adas nos dias 12 e 13 de mar\u00e7o para","og_url":"https:\/\/folhadems.com.br\/site\/2025\/03\/12\/detran-ms-reforca-equipe-para-melhor-atender-o-cidadao-no-feirao-da-empregabilidade-da-funtrab\/","og_site_name":"Folha de Mato Grosso do Sul","article_published_time":"2025-03-12T12:01:00+00:00","article_modified_time":"2025-03-12T12:46:29+00:00","og_image":[{"width":800,"height":450,"url":"https:\/\/folhadems.com.br\/site\/wp-content\/uploads\/2025\/03\/reabertura-agencia-bosque-dos-ipes.jpg","type":"image\/jpeg"}],"author":"Elite Midia","twitter_card":"summary_large_image","twitter_misc":{"Escrito por":"Elite Midia","Est. tempo de leitura":"2 minutos"},"schema":{"@context":"https:\/\/schema.org","@graph":[{"@type":"Article","@id":"https:\/\/folhadems.com.br\/site\/2025\/03\/12\/detran-ms-reforca-equipe-para-melhor-atender-o-cidadao-no-feirao-da-empregabilidade-da-funtrab\/#article","isPartOf":{"@id":"https:\/\/folhadems.com.br\/site\/2025\/03\/12\/detran-ms-reforca-equipe-para-melhor-atender-o-cidadao-no-feirao-da-empregabilidade-da-funtrab\/"},"author":{"name":"Elite Midia","@id":"https:\/\/folhadems.com.br\/site\/#\/schema\/person\/e4a04038e5c2e7040e19ef252ae9d940"},"headline":"Detran-MS refor\u00e7a equipe para melhor atender o cidad\u00e3o no Feir\u00e3o da Empregabilidade da Funtrab","datePublished":"2025-03-12T12:01:00+00:00","dateModified":"2025-03-12T12:46:29+00:00","mainEntityOfPage":{"@id":"https:\/\/folhadems.com.br\/site\/2025\/03\/12\/detran-ms-reforca-equipe-para-melhor-atender-o-cidadao-no-feirao-da-empregabilidade-da-funtrab\/"},"wordCount":469,"commentCount":0,"publisher":{"@id":"https:\/\/folhadems.com.br\/site\/#organization"},"image":{"@id":"https:\/\/folhadems.com.br\/site\/2025\/03\/12\/detran-ms-reforca-equipe-para-melhor-atender-o-cidadao-no-feirao-da-empregabilidade-da-funtrab\/#primaryimage"},"thumbnailUrl":"https:\/\/folhadems.com.br\/site\/wp-content\/uploads\/2025\/03\/reabertura-agencia-bosque-dos-ipes.jpg","articleSection":["Cotidiano"],"inLanguage":"pt-BR","potentialAction":[{"@type":"CommentAction","name":"Comment","target":["https:\/\/folhadems.com.br\/site\/2025\/03\/12\/detran-ms-reforca-equipe-para-melhor-atender-o-cidadao-no-feirao-da-empregabilidade-da-funtrab\/#respond"]}]},{"@type":"WebPage","@id":"https:\/\/folhadems.com.br\/site\/2025\/03\/12\/detran-ms-reforca-equipe-para-melhor-atender-o-cidadao-no-feirao-da-empregabilidade-da-funtrab\/","url":"https:\/\/folhadems.com.br\/site\/2025\/03\/12\/detran-ms-reforca-equipe-para-melhor-atender-o-cidadao-no-feirao-da-empregabilidade-da-funtrab\/","name":"Detran-MS refor\u00e7a equipe para melhor atender o cidad\u00e3o no Feir\u00e3o da Empregabilidade da Funtrab - Folha de Mato Grosso do Sul","isPartOf":{"@id":"https:\/\/folhadems.com.br\/site\/#website"},"primaryImageOfPage":{"@id":"https:\/\/folhadems.com.br\/site\/2025\/03\/12\/detran-ms-reforca-equipe-para-melhor-atender-o-cidadao-no-feirao-da-empregabilidade-da-funtrab\/#primaryimage"},"image":{"@id":"https:\/\/folhadems.com.br\/site\/2025\/03\/12\/detran-ms-reforca-equipe-para-melhor-atender-o-cidadao-no-feirao-da-empregabilidade-da-funtrab\/#primaryimage"},"thumbnailUrl":"https:\/\/folhadems.com.br\/site\/wp-content\/uploads\/2025\/03\/reabertura-agencia-bosque-dos-ipes.jpg","datePublished":"2025-03-12T12:01:00+00:00","dateModified":"2025-03-12T12:46:29+00:00","breadcrumb":{"@id":"https:\/\/folhadems.com.br\/site\/2025\/03\/12\/detran-ms-reforca-equipe-para-melhor-atender-o-cidadao-no-feirao-da-empregabilidade-da-funtrab\/#breadcrumb"},"inLanguage":"pt-BR","potentialAction":[{"@type":"ReadAction","target":["https:\/\/folhadems.com.br\/site\/2025\/03\/12\/detran-ms-reforca-equipe-para-melhor-atender-o-cidadao-no-feirao-da-empregabilidade-da-funtrab\/"]}]},{"@type":"ImageObject","inLanguage":"pt-BR","@id":"https:\/\/folhadems.com.br\/site\/2025\/03\/12\/detran-ms-reforca-equipe-para-melhor-atender-o-cidadao-no-feirao-da-empregabilidade-da-funtrab\/#primaryimage","url":"https:\/\/folhadems.com.br\/site\/wp-content\/uploads\/2025\/03\/reabertura-agencia-bosque-dos-ipes.jpg","contentUrl":"https:\/\/folhadems.com.br\/site\/wp-content\/uploads\/2025\/03\/reabertura-agencia-bosque-dos-ipes.jpg","width":800,"height":450},{"@type":"BreadcrumbList","@id":"https:\/\/folhadems.com.br\/site\/2025\/03\/12\/detran-ms-reforca-equipe-para-melhor-atender-o-cidadao-no-feirao-da-empregabilidade-da-funtrab\/#breadcrumb","itemListElement":[{"@type":"ListItem","position":1,"name":"In\u00edcio","item":"https:\/\/folhadems.com.br\/site\/"},{"@type":"ListItem","position":2,"name":"Detran-MS refor\u00e7a equipe para melhor atender o cidad\u00e3o no Feir\u00e3o da Empregabilidade da Funtrab"}]},{"@type":"WebSite","@id":"https:\/\/folhadems.com.br\/site\/#website","url":"https:\/\/folhadems.com.br\/site\/","name":"Folha de Mato Grosso do Sul","description":"Jornal Online","publisher":{"@id":"https:\/\/folhadems.com.br\/site\/#organization"},"potentialAction":[{"@type":"SearchAction","target":{"@type":"EntryPoint","urlTemplate":"https:\/\/folhadems.com.br\/site\/?s={search_term_string}"},"query-input":{"@type":"PropertyValueSpecification","valueRequired":true,"valueName":"search_term_string"}}],"inLanguage":"pt-BR"},{"@type":"Organization","@id":"https:\/\/folhadems.com.br\/site\/#organization","name":"Folha de Mato Grosso do Sul","url":"https:\/\/folhadems.com.br\/site\/","logo":{"@type":"ImageObject","inLanguage":"pt-BR","@id":"https:\/\/folhadems.com.br\/site\/#\/schema\/logo\/image\/","url":"https:\/\/folhadems.com.br\/site\/wp-content\/uploads\/2023\/01\/logo-folha-de-ms-380x90-1.jpg","contentUrl":"https:\/\/folhadems.com.br\/site\/wp-content\/uploads\/2023\/01\/logo-folha-de-ms-380x90-1.jpg","width":380,"height":90,"caption":"Folha de Mato Grosso do Sul"},"image":{"@id":"https:\/\/folhadems.com.br\/site\/#\/schema\/logo\/image\/"}},{"@type":"Person","@id":"https:\/\/folhadems.com.br\/site\/#\/schema\/person\/e4a04038e5c2e7040e19ef252ae9d940","name":"Elite Midia","image":{"@type":"ImageObject","inLanguage":"pt-BR","@id":"https:\/\/folhadems.com.br\/site\/#\/schema\/person\/image\/","url":"https:\/\/secure.gravatar.com\/avatar\/f76a80f01119f7fec6909ab9feea8819031f391155be021b685479d77496f055?s=96&d=mm&r=g","contentUrl":"https:\/\/secure.gravatar.com\/avatar\/f76a80f01119f7fec6909ab9feea8819031f391155be021b685479d77496f055?s=96&d=mm&r=g","caption":"Elite Midia"},"sameAs":["https:\/\/folhadems.com.br\/site"],"url":"https:\/\/folhadems.com.br\/site\/author\/elite-midia\/"}]}},"publishpress_future_action":{"enabled":false,"date":"2026-05-04 11:21:43","action":"change-status","newStatus":"draft","terms":[],"taxonomy":"category","extraData":[]},"publishpress_future_workflow_manual_trigger":{"enabledWorkflows":[]},"_links":{"self":[{"href":"https:\/\/folhadems.com.br\/site\/wp-json\/wp\/v2\/posts\/9699","targetHints":{"allow":["GET"]}}],"collection":[{"href":"https:\/\/folhadems.com.br\/site\/wp-json\/wp\/v2\/posts"}],"about":[{"href":"https:\/\/folhadems.com.br\/site\/wp-json\/wp\/v2\/types\/post"}],"author":[{"embeddable":true,"href":"https:\/\/folhadems.com.br\/site\/wp-json\/wp\/v2\/users\/1"}],"replies":[{"embeddable":true,"href":"https:\/\/folhadems.com.br\/site\/wp-json\/wp\/v2\/comments?post=9699"}],"version-history":[{"count":1,"href":"https:\/\/folhadems.com.br\/site\/wp-json\/wp\/v2\/posts\/9699\/revisions"}],"predecessor-version":[{"id":9701,"href":"https:\/\/folhadems.com.br\/site\/wp-json\/wp\/v2\/posts\/9699\/revisions\/9701"}],"wp:featuredmedia":[{"embeddable":true,"href":"https:\/\/folhadems.com.br\/site\/wp-json\/wp\/v2\/media\/9700"}],"wp:attachment":[{"href":"https:\/\/folhadems.com.br\/site\/wp-json\/wp\/v2\/media?parent=9699"}],"wp:term":[{"taxonomy":"category","embeddable":true,"href":"https:\/\/folhadems.com.br\/site\/wp-json\/wp\/v2\/categories?post=9699"},{"taxonomy":"post_tag","embeddable":true,"href":"https:\/\/folhadems.com.br\/site\/wp-json\/wp\/v2\/tags?post=9699"}],"curies":[{"name":"wp","href":"https:\/\/api.w.org\/{rel}","templated":true}]}}