{"id":964,"date":"2023-03-21T15:30:08","date_gmt":"2023-03-21T19:30:08","guid":{"rendered":"https:\/\/folhadems.com.br\/site\/?p=964"},"modified":"2023-03-21T15:30:10","modified_gmt":"2023-03-21T19:30:10","slug":"pedro-chaves-e-o-primeiro-sul-mato-grossense-a-tomar-posse-na-academia-brasileira-de-educacao","status":"publish","type":"post","link":"https:\/\/folhadems.com.br\/site\/2023\/03\/21\/pedro-chaves-e-o-primeiro-sul-mato-grossense-a-tomar-posse-na-academia-brasileira-de-educacao\/","title":{"rendered":"Pedro Chaves \u00e9 o primeiro sul-mato-grossense a tomar posse na Academia Brasileira de Educa\u00e7\u00e3o"},"content":{"rendered":"\n<p>O governador Eduardo Riedel, a primeira-dama M\u00f4nica e a secret\u00e1ria especial Eliane Detoni, do EPE (Escrit\u00f3rio de Parcerias Estrat\u00e9gicas), prestigiaram a posse do professor Pedro Chaves dos Santos Filho. Ele \u00e9 o primeiro sul-mato-grossense a ocupar uma cadeira da Academia Brasileira de Educa\u00e7\u00e3o. A cerim\u00f4nia de posse foi realizada na noite de segunda-feira (20) na Casa de Arte e Cultura Julieta de Serpa, na Praia do Flamengo, no Rio de Janeiro.<\/p>\n\n\n\n<p>O educador de Mato Grosso do Sul agora ocupa a cadeira n\u00ba 32. Dentro da estrutura do Governo de Mato Grosso do Sul, Pedro Chaves foi secret\u00e1rio especial de Rela\u00e7\u00f5es Institucionais e Assuntos Estrat\u00e9gicos, atuando no Distrito Federal.&nbsp;<\/p>\n\n\n\n<p>Economista, educador e professor universit\u00e1rio, ele \u00e9 graduado em Ci\u00eancias Econ\u00f4micas com p\u00f3s-gradua\u00e7\u00e3o em Economia e Gest\u00e3o P\u00fablica e j\u00e1 exerceu mandato de senador. Na \u00e1rea de educa\u00e7\u00e3o, desempenhou papel na cria\u00e7\u00e3o Mace e do Cesup e se consolidou como refer\u00eancia com a cria\u00e7\u00e3o da Uniderp (Universidade para Desenvolvimento do Estado e da Regi\u00e3o do Pantanal), da qual foi reitor.<\/p>\n\n\n\n<p><em><strong>Paulo Fernandes, Comunica\u00e7\u00e3o do Governo de MS<\/strong><\/em><\/p>\n","protected":false},"excerpt":{"rendered":"<p>O governador Eduardo Riedel, a primeira-dama M\u00f4nica e a secret\u00e1ria especial Eliane Detoni, do EPE (Escrit\u00f3rio de Parcerias Estrat\u00e9gicas), prestigiaram<\/p>\n","protected":false},"author":1,"featured_media":965,"comment_status":"open","ping_status":"open","sticky":false,"template":"","format":"standard","meta":{"footnotes":""},"categories":[3],"tags":[],"class_list":["post-964","post","type-post","status-publish","format-standard","has-post-thumbnail","hentry","category-cidades"],"yoast_head":"<!-- This site is optimized with the Yoast SEO plugin v27.1.1 - https:\/\/yoast.com\/product\/yoast-seo-wordpress\/ -->\n<title>Pedro Chaves \u00e9 o primeiro sul-mato-grossense a tomar posse na Academia Brasileira de Educa\u00e7\u00e3o - Folha de Mato Grosso do Sul<\/title>\n<meta name=\"robots\" content=\"index, follow, max-snippet:-1, max-image-preview:large, max-video-preview:-1\" \/>\n<link rel=\"canonical\" href=\"https:\/\/folhadems.com.br\/site\/2023\/03\/21\/pedro-chaves-e-o-primeiro-sul-mato-grossense-a-tomar-posse-na-academia-brasileira-de-educacao\/\" \/>\n<meta property=\"og:locale\" content=\"pt_BR\" \/>\n<meta property=\"og:type\" content=\"article\" \/>\n<meta property=\"og:title\" content=\"Pedro Chaves \u00e9 o primeiro sul-mato-grossense a tomar posse na Academia Brasileira de Educa\u00e7\u00e3o - Folha de Mato Grosso do Sul\" \/>\n<meta property=\"og:description\" content=\"O governador Eduardo Riedel, a primeira-dama M\u00f4nica e a secret\u00e1ria especial Eliane Detoni, do EPE (Escrit\u00f3rio de Parcerias Estrat\u00e9gicas), prestigiaram\" \/>\n<meta property=\"og:url\" content=\"https:\/\/folhadems.com.br\/site\/2023\/03\/21\/pedro-chaves-e-o-primeiro-sul-mato-grossense-a-tomar-posse-na-academia-brasileira-de-educacao\/\" \/>\n<meta property=\"og:site_name\" content=\"Folha de Mato Grosso do Sul\" \/>\n<meta property=\"article:published_time\" content=\"2023-03-21T19:30:08+00:00\" \/>\n<meta property=\"article:modified_time\" content=\"2023-03-21T19:30:10+00:00\" \/>\n<meta property=\"og:image\" content=\"https:\/\/folhadems.com.br\/site\/wp-content\/uploads\/2023\/03\/pedro-chaves-posse.jpg\" \/>\n\t<meta property=\"og:image:width\" content=\"800\" \/>\n\t<meta property=\"og:image:height\" content=\"450\" \/>\n\t<meta property=\"og:image:type\" content=\"image\/jpeg\" \/>\n<meta name=\"author\" content=\"Elite Midia\" \/>\n<meta name=\"twitter:card\" content=\"summary_large_image\" \/>\n<meta name=\"twitter:label1\" content=\"Escrito por\" \/>\n\t<meta name=\"twitter:data1\" content=\"Elite Midia\" \/>\n\t<meta name=\"twitter:label2\" content=\"Est. tempo de leitura\" \/>\n\t<meta name=\"twitter:data2\" content=\"1 minuto\" \/>\n<script type=\"application\/ld+json\" class=\"yoast-schema-graph\">{\"@context\":\"https:\/\/schema.org\",\"@graph\":[{\"@type\":\"Article\",\"@id\":\"https:\/\/folhadems.com.br\/site\/2023\/03\/21\/pedro-chaves-e-o-primeiro-sul-mato-grossense-a-tomar-posse-na-academia-brasileira-de-educacao\/#article\",\"isPartOf\":{\"@id\":\"https:\/\/folhadems.com.br\/site\/2023\/03\/21\/pedro-chaves-e-o-primeiro-sul-mato-grossense-a-tomar-posse-na-academia-brasileira-de-educacao\/\"},\"author\":{\"name\":\"Elite Midia\",\"@id\":\"https:\/\/folhadems.com.br\/site\/#\/schema\/person\/e4a04038e5c2e7040e19ef252ae9d940\"},\"headline\":\"Pedro Chaves \u00e9 o primeiro sul-mato-grossense a tomar posse na Academia Brasileira de Educa\u00e7\u00e3o\",\"datePublished\":\"2023-03-21T19:30:08+00:00\",\"dateModified\":\"2023-03-21T19:30:10+00:00\",\"mainEntityOfPage\":{\"@id\":\"https:\/\/folhadems.com.br\/site\/2023\/03\/21\/pedro-chaves-e-o-primeiro-sul-mato-grossense-a-tomar-posse-na-academia-brasileira-de-educacao\/\"},\"wordCount\":209,\"commentCount\":0,\"publisher\":{\"@id\":\"https:\/\/folhadems.com.br\/site\/#organization\"},\"image\":{\"@id\":\"https:\/\/folhadems.com.br\/site\/2023\/03\/21\/pedro-chaves-e-o-primeiro-sul-mato-grossense-a-tomar-posse-na-academia-brasileira-de-educacao\/#primaryimage\"},\"thumbnailUrl\":\"https:\/\/folhadems.com.br\/site\/wp-content\/uploads\/2023\/03\/pedro-chaves-posse.jpg\",\"articleSection\":[\"Cidades\"],\"inLanguage\":\"pt-BR\",\"potentialAction\":[{\"@type\":\"CommentAction\",\"name\":\"Comment\",\"target\":[\"https:\/\/folhadems.com.br\/site\/2023\/03\/21\/pedro-chaves-e-o-primeiro-sul-mato-grossense-a-tomar-posse-na-academia-brasileira-de-educacao\/#respond\"]}]},{\"@type\":\"WebPage\",\"@id\":\"https:\/\/folhadems.com.br\/site\/2023\/03\/21\/pedro-chaves-e-o-primeiro-sul-mato-grossense-a-tomar-posse-na-academia-brasileira-de-educacao\/\",\"url\":\"https:\/\/folhadems.com.br\/site\/2023\/03\/21\/pedro-chaves-e-o-primeiro-sul-mato-grossense-a-tomar-posse-na-academia-brasileira-de-educacao\/\",\"name\":\"Pedro Chaves \u00e9 o primeiro sul-mato-grossense a tomar posse na Academia Brasileira de Educa\u00e7\u00e3o - Folha de Mato Grosso do Sul\",\"isPartOf\":{\"@id\":\"https:\/\/folhadems.com.br\/site\/#website\"},\"primaryImageOfPage\":{\"@id\":\"https:\/\/folhadems.com.br\/site\/2023\/03\/21\/pedro-chaves-e-o-primeiro-sul-mato-grossense-a-tomar-posse-na-academia-brasileira-de-educacao\/#primaryimage\"},\"image\":{\"@id\":\"https:\/\/folhadems.com.br\/site\/2023\/03\/21\/pedro-chaves-e-o-primeiro-sul-mato-grossense-a-tomar-posse-na-academia-brasileira-de-educacao\/#primaryimage\"},\"thumbnailUrl\":\"https:\/\/folhadems.com.br\/site\/wp-content\/uploads\/2023\/03\/pedro-chaves-posse.jpg\",\"datePublished\":\"2023-03-21T19:30:08+00:00\",\"dateModified\":\"2023-03-21T19:30:10+00:00\",\"breadcrumb\":{\"@id\":\"https:\/\/folhadems.com.br\/site\/2023\/03\/21\/pedro-chaves-e-o-primeiro-sul-mato-grossense-a-tomar-posse-na-academia-brasileira-de-educacao\/#breadcrumb\"},\"inLanguage\":\"pt-BR\",\"potentialAction\":[{\"@type\":\"ReadAction\",\"target\":[\"https:\/\/folhadems.com.br\/site\/2023\/03\/21\/pedro-chaves-e-o-primeiro-sul-mato-grossense-a-tomar-posse-na-academia-brasileira-de-educacao\/\"]}]},{\"@type\":\"ImageObject\",\"inLanguage\":\"pt-BR\",\"@id\":\"https:\/\/folhadems.com.br\/site\/2023\/03\/21\/pedro-chaves-e-o-primeiro-sul-mato-grossense-a-tomar-posse-na-academia-brasileira-de-educacao\/#primaryimage\",\"url\":\"https:\/\/folhadems.com.br\/site\/wp-content\/uploads\/2023\/03\/pedro-chaves-posse.jpg\",\"contentUrl\":\"https:\/\/folhadems.com.br\/site\/wp-content\/uploads\/2023\/03\/pedro-chaves-posse.jpg\",\"width\":800,\"height\":450},{\"@type\":\"BreadcrumbList\",\"@id\":\"https:\/\/folhadems.com.br\/site\/2023\/03\/21\/pedro-chaves-e-o-primeiro-sul-mato-grossense-a-tomar-posse-na-academia-brasileira-de-educacao\/#breadcrumb\",\"itemListElement\":[{\"@type\":\"ListItem\",\"position\":1,\"name\":\"In\u00edcio\",\"item\":\"https:\/\/folhadems.com.br\/site\/\"},{\"@type\":\"ListItem\",\"position\":2,\"name\":\"Pedro Chaves \u00e9 o primeiro sul-mato-grossense a tomar posse na Academia Brasileira de Educa\u00e7\u00e3o\"}]},{\"@type\":\"WebSite\",\"@id\":\"https:\/\/folhadems.com.br\/site\/#website\",\"url\":\"https:\/\/folhadems.com.br\/site\/\",\"name\":\"Folha de Mato Grosso do Sul\",\"description\":\"Jornal Online\",\"publisher\":{\"@id\":\"https:\/\/folhadems.com.br\/site\/#organization\"},\"potentialAction\":[{\"@type\":\"SearchAction\",\"target\":{\"@type\":\"EntryPoint\",\"urlTemplate\":\"https:\/\/folhadems.com.br\/site\/?s={search_term_string}\"},\"query-input\":{\"@type\":\"PropertyValueSpecification\",\"valueRequired\":true,\"valueName\":\"search_term_string\"}}],\"inLanguage\":\"pt-BR\"},{\"@type\":\"Organization\",\"@id\":\"https:\/\/folhadems.com.br\/site\/#organization\",\"name\":\"Folha de Mato Grosso do Sul\",\"url\":\"https:\/\/folhadems.com.br\/site\/\",\"logo\":{\"@type\":\"ImageObject\",\"inLanguage\":\"pt-BR\",\"@id\":\"https:\/\/folhadems.com.br\/site\/#\/schema\/logo\/image\/\",\"url\":\"https:\/\/folhadems.com.br\/site\/wp-content\/uploads\/2023\/01\/logo-folha-de-ms-380x90-1.jpg\",\"contentUrl\":\"https:\/\/folhadems.com.br\/site\/wp-content\/uploads\/2023\/01\/logo-folha-de-ms-380x90-1.jpg\",\"width\":380,\"height\":90,\"caption\":\"Folha de Mato Grosso do Sul\"},\"image\":{\"@id\":\"https:\/\/folhadems.com.br\/site\/#\/schema\/logo\/image\/\"}},{\"@type\":\"Person\",\"@id\":\"https:\/\/folhadems.com.br\/site\/#\/schema\/person\/e4a04038e5c2e7040e19ef252ae9d940\",\"name\":\"Elite Midia\",\"image\":{\"@type\":\"ImageObject\",\"inLanguage\":\"pt-BR\",\"@id\":\"https:\/\/folhadems.com.br\/site\/#\/schema\/person\/image\/\",\"url\":\"https:\/\/secure.gravatar.com\/avatar\/f76a80f01119f7fec6909ab9feea8819031f391155be021b685479d77496f055?s=96&d=mm&r=g\",\"contentUrl\":\"https:\/\/secure.gravatar.com\/avatar\/f76a80f01119f7fec6909ab9feea8819031f391155be021b685479d77496f055?s=96&d=mm&r=g\",\"caption\":\"Elite Midia\"},\"sameAs\":[\"https:\/\/folhadems.com.br\/site\"],\"url\":\"https:\/\/folhadems.com.br\/site\/author\/elite-midia\/\"}]}<\/script>\n<!-- \/ Yoast SEO plugin. -->","yoast_head_json":{"title":"Pedro Chaves \u00e9 o primeiro sul-mato-grossense a tomar posse na Academia Brasileira de Educa\u00e7\u00e3o - Folha de Mato Grosso do Sul","robots":{"index":"index","follow":"follow","max-snippet":"max-snippet:-1","max-image-preview":"max-image-preview:large","max-video-preview":"max-video-preview:-1"},"canonical":"https:\/\/folhadems.com.br\/site\/2023\/03\/21\/pedro-chaves-e-o-primeiro-sul-mato-grossense-a-tomar-posse-na-academia-brasileira-de-educacao\/","og_locale":"pt_BR","og_type":"article","og_title":"Pedro Chaves \u00e9 o primeiro sul-mato-grossense a tomar posse na Academia Brasileira de Educa\u00e7\u00e3o - Folha de Mato Grosso do Sul","og_description":"O governador Eduardo Riedel, a primeira-dama M\u00f4nica e a secret\u00e1ria especial Eliane Detoni, do EPE (Escrit\u00f3rio de Parcerias Estrat\u00e9gicas), prestigiaram","og_url":"https:\/\/folhadems.com.br\/site\/2023\/03\/21\/pedro-chaves-e-o-primeiro-sul-mato-grossense-a-tomar-posse-na-academia-brasileira-de-educacao\/","og_site_name":"Folha de Mato Grosso do Sul","article_published_time":"2023-03-21T19:30:08+00:00","article_modified_time":"2023-03-21T19:30:10+00:00","og_image":[{"width":800,"height":450,"url":"https:\/\/folhadems.com.br\/site\/wp-content\/uploads\/2023\/03\/pedro-chaves-posse.jpg","type":"image\/jpeg"}],"author":"Elite Midia","twitter_card":"summary_large_image","twitter_misc":{"Escrito por":"Elite Midia","Est. tempo de leitura":"1 minuto"},"schema":{"@context":"https:\/\/schema.org","@graph":[{"@type":"Article","@id":"https:\/\/folhadems.com.br\/site\/2023\/03\/21\/pedro-chaves-e-o-primeiro-sul-mato-grossense-a-tomar-posse-na-academia-brasileira-de-educacao\/#article","isPartOf":{"@id":"https:\/\/folhadems.com.br\/site\/2023\/03\/21\/pedro-chaves-e-o-primeiro-sul-mato-grossense-a-tomar-posse-na-academia-brasileira-de-educacao\/"},"author":{"name":"Elite Midia","@id":"https:\/\/folhadems.com.br\/site\/#\/schema\/person\/e4a04038e5c2e7040e19ef252ae9d940"},"headline":"Pedro Chaves \u00e9 o primeiro sul-mato-grossense a tomar posse na Academia Brasileira de Educa\u00e7\u00e3o","datePublished":"2023-03-21T19:30:08+00:00","dateModified":"2023-03-21T19:30:10+00:00","mainEntityOfPage":{"@id":"https:\/\/folhadems.com.br\/site\/2023\/03\/21\/pedro-chaves-e-o-primeiro-sul-mato-grossense-a-tomar-posse-na-academia-brasileira-de-educacao\/"},"wordCount":209,"commentCount":0,"publisher":{"@id":"https:\/\/folhadems.com.br\/site\/#organization"},"image":{"@id":"https:\/\/folhadems.com.br\/site\/2023\/03\/21\/pedro-chaves-e-o-primeiro-sul-mato-grossense-a-tomar-posse-na-academia-brasileira-de-educacao\/#primaryimage"},"thumbnailUrl":"https:\/\/folhadems.com.br\/site\/wp-content\/uploads\/2023\/03\/pedro-chaves-posse.jpg","articleSection":["Cidades"],"inLanguage":"pt-BR","potentialAction":[{"@type":"CommentAction","name":"Comment","target":["https:\/\/folhadems.com.br\/site\/2023\/03\/21\/pedro-chaves-e-o-primeiro-sul-mato-grossense-a-tomar-posse-na-academia-brasileira-de-educacao\/#respond"]}]},{"@type":"WebPage","@id":"https:\/\/folhadems.com.br\/site\/2023\/03\/21\/pedro-chaves-e-o-primeiro-sul-mato-grossense-a-tomar-posse-na-academia-brasileira-de-educacao\/","url":"https:\/\/folhadems.com.br\/site\/2023\/03\/21\/pedro-chaves-e-o-primeiro-sul-mato-grossense-a-tomar-posse-na-academia-brasileira-de-educacao\/","name":"Pedro Chaves \u00e9 o primeiro sul-mato-grossense a tomar posse na Academia Brasileira de Educa\u00e7\u00e3o - Folha de Mato Grosso do Sul","isPartOf":{"@id":"https:\/\/folhadems.com.br\/site\/#website"},"primaryImageOfPage":{"@id":"https:\/\/folhadems.com.br\/site\/2023\/03\/21\/pedro-chaves-e-o-primeiro-sul-mato-grossense-a-tomar-posse-na-academia-brasileira-de-educacao\/#primaryimage"},"image":{"@id":"https:\/\/folhadems.com.br\/site\/2023\/03\/21\/pedro-chaves-e-o-primeiro-sul-mato-grossense-a-tomar-posse-na-academia-brasileira-de-educacao\/#primaryimage"},"thumbnailUrl":"https:\/\/folhadems.com.br\/site\/wp-content\/uploads\/2023\/03\/pedro-chaves-posse.jpg","datePublished":"2023-03-21T19:30:08+00:00","dateModified":"2023-03-21T19:30:10+00:00","breadcrumb":{"@id":"https:\/\/folhadems.com.br\/site\/2023\/03\/21\/pedro-chaves-e-o-primeiro-sul-mato-grossense-a-tomar-posse-na-academia-brasileira-de-educacao\/#breadcrumb"},"inLanguage":"pt-BR","potentialAction":[{"@type":"ReadAction","target":["https:\/\/folhadems.com.br\/site\/2023\/03\/21\/pedro-chaves-e-o-primeiro-sul-mato-grossense-a-tomar-posse-na-academia-brasileira-de-educacao\/"]}]},{"@type":"ImageObject","inLanguage":"pt-BR","@id":"https:\/\/folhadems.com.br\/site\/2023\/03\/21\/pedro-chaves-e-o-primeiro-sul-mato-grossense-a-tomar-posse-na-academia-brasileira-de-educacao\/#primaryimage","url":"https:\/\/folhadems.com.br\/site\/wp-content\/uploads\/2023\/03\/pedro-chaves-posse.jpg","contentUrl":"https:\/\/folhadems.com.br\/site\/wp-content\/uploads\/2023\/03\/pedro-chaves-posse.jpg","width":800,"height":450},{"@type":"BreadcrumbList","@id":"https:\/\/folhadems.com.br\/site\/2023\/03\/21\/pedro-chaves-e-o-primeiro-sul-mato-grossense-a-tomar-posse-na-academia-brasileira-de-educacao\/#breadcrumb","itemListElement":[{"@type":"ListItem","position":1,"name":"In\u00edcio","item":"https:\/\/folhadems.com.br\/site\/"},{"@type":"ListItem","position":2,"name":"Pedro Chaves \u00e9 o primeiro sul-mato-grossense a tomar posse na Academia Brasileira de Educa\u00e7\u00e3o"}]},{"@type":"WebSite","@id":"https:\/\/folhadems.com.br\/site\/#website","url":"https:\/\/folhadems.com.br\/site\/","name":"Folha de Mato Grosso do Sul","description":"Jornal Online","publisher":{"@id":"https:\/\/folhadems.com.br\/site\/#organization"},"potentialAction":[{"@type":"SearchAction","target":{"@type":"EntryPoint","urlTemplate":"https:\/\/folhadems.com.br\/site\/?s={search_term_string}"},"query-input":{"@type":"PropertyValueSpecification","valueRequired":true,"valueName":"search_term_string"}}],"inLanguage":"pt-BR"},{"@type":"Organization","@id":"https:\/\/folhadems.com.br\/site\/#organization","name":"Folha de Mato Grosso do Sul","url":"https:\/\/folhadems.com.br\/site\/","logo":{"@type":"ImageObject","inLanguage":"pt-BR","@id":"https:\/\/folhadems.com.br\/site\/#\/schema\/logo\/image\/","url":"https:\/\/folhadems.com.br\/site\/wp-content\/uploads\/2023\/01\/logo-folha-de-ms-380x90-1.jpg","contentUrl":"https:\/\/folhadems.com.br\/site\/wp-content\/uploads\/2023\/01\/logo-folha-de-ms-380x90-1.jpg","width":380,"height":90,"caption":"Folha de Mato Grosso do Sul"},"image":{"@id":"https:\/\/folhadems.com.br\/site\/#\/schema\/logo\/image\/"}},{"@type":"Person","@id":"https:\/\/folhadems.com.br\/site\/#\/schema\/person\/e4a04038e5c2e7040e19ef252ae9d940","name":"Elite Midia","image":{"@type":"ImageObject","inLanguage":"pt-BR","@id":"https:\/\/folhadems.com.br\/site\/#\/schema\/person\/image\/","url":"https:\/\/secure.gravatar.com\/avatar\/f76a80f01119f7fec6909ab9feea8819031f391155be021b685479d77496f055?s=96&d=mm&r=g","contentUrl":"https:\/\/secure.gravatar.com\/avatar\/f76a80f01119f7fec6909ab9feea8819031f391155be021b685479d77496f055?s=96&d=mm&r=g","caption":"Elite Midia"},"sameAs":["https:\/\/folhadems.com.br\/site"],"url":"https:\/\/folhadems.com.br\/site\/author\/elite-midia\/"}]}},"publishpress_future_action":{"enabled":false,"date":"2026-05-03 05:39:37","action":"change-status","newStatus":"draft","terms":[],"taxonomy":"category","extraData":[]},"publishpress_future_workflow_manual_trigger":{"enabledWorkflows":[]},"_links":{"self":[{"href":"https:\/\/folhadems.com.br\/site\/wp-json\/wp\/v2\/posts\/964","targetHints":{"allow":["GET"]}}],"collection":[{"href":"https:\/\/folhadems.com.br\/site\/wp-json\/wp\/v2\/posts"}],"about":[{"href":"https:\/\/folhadems.com.br\/site\/wp-json\/wp\/v2\/types\/post"}],"author":[{"embeddable":true,"href":"https:\/\/folhadems.com.br\/site\/wp-json\/wp\/v2\/users\/1"}],"replies":[{"embeddable":true,"href":"https:\/\/folhadems.com.br\/site\/wp-json\/wp\/v2\/comments?post=964"}],"version-history":[{"count":1,"href":"https:\/\/folhadems.com.br\/site\/wp-json\/wp\/v2\/posts\/964\/revisions"}],"predecessor-version":[{"id":966,"href":"https:\/\/folhadems.com.br\/site\/wp-json\/wp\/v2\/posts\/964\/revisions\/966"}],"wp:featuredmedia":[{"embeddable":true,"href":"https:\/\/folhadems.com.br\/site\/wp-json\/wp\/v2\/media\/965"}],"wp:attachment":[{"href":"https:\/\/folhadems.com.br\/site\/wp-json\/wp\/v2\/media?parent=964"}],"wp:term":[{"taxonomy":"category","embeddable":true,"href":"https:\/\/folhadems.com.br\/site\/wp-json\/wp\/v2\/categories?post=964"},{"taxonomy":"post_tag","embeddable":true,"href":"https:\/\/folhadems.com.br\/site\/wp-json\/wp\/v2\/tags?post=964"}],"curies":[{"name":"wp","href":"https:\/\/api.w.org\/{rel}","templated":true}]}}