{"id":9429,"date":"2025-02-15T15:17:37","date_gmt":"2025-02-15T19:17:37","guid":{"rendered":"https:\/\/folhadems.com.br\/site\/?p=9429"},"modified":"2025-02-15T15:17:49","modified_gmt":"2025-02-15T19:17:49","slug":"na-presidencia-do-conselho-fiscal-ms-ganha-destaque-na-nova-diretoria-do-consed","status":"publish","type":"post","link":"https:\/\/folhadems.com.br\/site\/2025\/02\/15\/na-presidencia-do-conselho-fiscal-ms-ganha-destaque-na-nova-diretoria-do-consed\/","title":{"rendered":"Na presid\u00eancia do Conselho Fiscal, MS ganha destaque na nova diretoria do Consed"},"content":{"rendered":"\n<p>O Consed (Conselho Nacional de Secret\u00e1rios de Educa\u00e7\u00e3o) realizou sexta-feira (14) a elei\u00e7\u00e3o de sua nova diretoria para o bi\u00eanio 2025\/2026. Durante o processo eleitoral, foram escolhidos o novo presidente, os vice-presidentes e os membros do Conselho Fiscal.<\/p>\n\n\n\n<p>Para a presid\u00eancia do Conselho Fiscal, foi eleito o secret\u00e1rio de Estado de Educa\u00e7\u00e3o de Mato Grosso do Sul, H\u00e9lio Daher. Anteriormente, ele atuou como vice-presidente do Consed pela Regi\u00e3o Centro-Oeste, demonstrando seu comprometimento com a educa\u00e7\u00e3o brasileira.<\/p>\n\n\n\n<p>Zezinho Sobral, secret\u00e1rio de Estado da Educa\u00e7\u00e3o e vice-governador de Sergipe, foi eleito presidente do Conselho. Ele vai suceder o secret\u00e1rio de Educa\u00e7\u00e3o do Esp\u00edrito Santo, Vitor de Angelo, que permaneceu \u00e0 frente do Consed nos \u00faltimos quatro anos.<\/p>\n\n\n\n<p>A elei\u00e7\u00e3o da nova diretoria do Consed reflete o cont\u00ednuo esfor\u00e7o dos secret\u00e1rios de educa\u00e7\u00e3o em fortalecer as pol\u00edticas educacionais em todo o pa\u00eds, visando aprimorar a qualidade do ensino e promover a colabora\u00e7\u00e3o entre as diversas regi\u00f5es do Brasil.<\/p>\n\n\n\n<figure class=\"wp-block-image\"><a href=\"https:\/\/agenciadenoticias.ms.gov.br\/wp-content\/uploads\/2025\/02\/WhatsApp-Image-2025-02-14-at-17.20.12-2.jpeg\" target=\"_blank\" rel=\"noopener\"><img decoding=\"async\" src=\"https:\/\/agenciadenoticias.ms.gov.br\/wp-content\/uploads\/2025\/02\/WhatsApp-Image-2025-02-14-at-17.20.12-2-1024x576.jpeg\" alt=\"\"\/><\/a><\/figure>\n\n\n\n<figure class=\"wp-block-image\"><a href=\"https:\/\/agenciadenoticias.ms.gov.br\/wp-content\/uploads\/2025\/02\/WhatsApp-Image-2025-02-14-at-17.20.12.jpeg\" target=\"_blank\" rel=\"noopener\"><img decoding=\"async\" src=\"https:\/\/agenciadenoticias.ms.gov.br\/wp-content\/uploads\/2025\/02\/WhatsApp-Image-2025-02-14-at-17.20.12-1024x576.jpeg\" alt=\"\"\/><\/a><\/figure>\n\n\n\n<figure class=\"wp-block-image\"><a href=\"https:\/\/agenciadenoticias.ms.gov.br\/wp-content\/uploads\/2025\/02\/WhatsApp-Image-2025-02-14-at-17.20.13.jpeg\" target=\"_blank\" rel=\"noopener\"><img decoding=\"async\" src=\"https:\/\/agenciadenoticias.ms.gov.br\/wp-content\/uploads\/2025\/02\/WhatsApp-Image-2025-02-14-at-17.20.13-1024x576.jpeg\" alt=\"\"\/><\/a><\/figure>\n\n\n\n<p>O Conselho Fiscal desempenha um papel crucial na supervis\u00e3o financeira e na garantia da transpar\u00eancia das opera\u00e7\u00f5es do Consed. A elei\u00e7\u00e3o de H\u00e9lio Daher para presidir esse conselho reflete a confian\u00e7a depositada em sua capacidade de lideran\u00e7a e gest\u00e3o.<\/p>\n\n\n\n<p>A presen\u00e7a de Mato Grosso do Sul na diretoria do Consed fortalece a representatividade da regi\u00e3o Centro-Oeste nas decis\u00f5es nacionais sobre educa\u00e7\u00e3o. Isso permite que as particularidades e necessidades educacionais desses estados sejam consideradas na formula\u00e7\u00e3o de pol\u00edticas p\u00fablicas, promovendo uma educa\u00e7\u00e3o mais equ\u00e2nime e inclusiva em todo o pa\u00eds.<\/p>\n\n\n\n<p>\u201c\u00c9 com grande orgulho e satisfa\u00e7\u00e3o que dou in\u00edcio a este novo ciclo. Durante dois anos, estive como vice-presidente do Consed pela regi\u00e3o Centro-Oeste, atuando tamb\u00e9m no grupo de trabalho respons\u00e1vel por tratar das quest\u00f5es que envolvem o Ensino M\u00e9dio em todo o Pa\u00eds. Agora, como parte dessa nova diretoria, tenho a honra de assumir esse novo desafio\u201d, afirmou H\u00e9lio.<\/p>\n\n\n\n<p><em>Jackeline Oliveira, Comunica\u00e7\u00e3o SED<br><\/em><em>Fotos: SED<\/em><\/p>\n","protected":false},"excerpt":{"rendered":"<p>O Consed (Conselho Nacional de Secret\u00e1rios de Educa\u00e7\u00e3o) realizou sexta-feira (14) a elei\u00e7\u00e3o de sua nova diretoria para o bi\u00eanio<\/p>\n","protected":false},"author":1,"featured_media":9430,"comment_status":"open","ping_status":"open","sticky":false,"template":"","format":"standard","meta":{"footnotes":""},"categories":[26],"tags":[],"class_list":["post-9429","post","type-post","status-publish","format-standard","has-post-thumbnail","hentry","category-cotidiano"],"yoast_head":"<!-- This site is optimized with the Yoast SEO plugin v27.1.1 - https:\/\/yoast.com\/product\/yoast-seo-wordpress\/ -->\n<title>Na presid\u00eancia do Conselho Fiscal, MS ganha destaque na nova diretoria do Consed - Folha de Mato Grosso do Sul<\/title>\n<meta name=\"robots\" content=\"index, follow, max-snippet:-1, max-image-preview:large, max-video-preview:-1\" \/>\n<link rel=\"canonical\" href=\"https:\/\/folhadems.com.br\/site\/2025\/02\/15\/na-presidencia-do-conselho-fiscal-ms-ganha-destaque-na-nova-diretoria-do-consed\/\" \/>\n<meta property=\"og:locale\" content=\"pt_BR\" \/>\n<meta property=\"og:type\" content=\"article\" \/>\n<meta property=\"og:title\" content=\"Na presid\u00eancia do Conselho Fiscal, MS ganha destaque na nova diretoria do Consed - Folha de Mato Grosso do Sul\" \/>\n<meta property=\"og:description\" content=\"O Consed (Conselho Nacional de Secret\u00e1rios de Educa\u00e7\u00e3o) realizou sexta-feira (14) a elei\u00e7\u00e3o de sua nova diretoria para o bi\u00eanio\" \/>\n<meta property=\"og:url\" content=\"https:\/\/folhadems.com.br\/site\/2025\/02\/15\/na-presidencia-do-conselho-fiscal-ms-ganha-destaque-na-nova-diretoria-do-consed\/\" \/>\n<meta property=\"og:site_name\" content=\"Folha de Mato Grosso do Sul\" \/>\n<meta property=\"article:published_time\" content=\"2025-02-15T19:17:37+00:00\" \/>\n<meta property=\"article:modified_time\" content=\"2025-02-15T19:17:49+00:00\" \/>\n<meta property=\"og:image\" content=\"https:\/\/folhadems.com.br\/site\/wp-content\/uploads\/2025\/02\/conselho-fiscal.jpg\" \/>\n\t<meta property=\"og:image:width\" content=\"800\" \/>\n\t<meta property=\"og:image:height\" content=\"450\" \/>\n\t<meta property=\"og:image:type\" content=\"image\/jpeg\" \/>\n<meta name=\"author\" content=\"Elite Midia\" \/>\n<meta name=\"twitter:card\" content=\"summary_large_image\" \/>\n<meta name=\"twitter:label1\" content=\"Escrito por\" \/>\n\t<meta name=\"twitter:data1\" content=\"Elite Midia\" \/>\n\t<meta name=\"twitter:label2\" content=\"Est. tempo de leitura\" \/>\n\t<meta name=\"twitter:data2\" content=\"2 minutos\" \/>\n<script type=\"application\/ld+json\" class=\"yoast-schema-graph\">{\"@context\":\"https:\/\/schema.org\",\"@graph\":[{\"@type\":\"Article\",\"@id\":\"https:\/\/folhadems.com.br\/site\/2025\/02\/15\/na-presidencia-do-conselho-fiscal-ms-ganha-destaque-na-nova-diretoria-do-consed\/#article\",\"isPartOf\":{\"@id\":\"https:\/\/folhadems.com.br\/site\/2025\/02\/15\/na-presidencia-do-conselho-fiscal-ms-ganha-destaque-na-nova-diretoria-do-consed\/\"},\"author\":{\"name\":\"Elite Midia\",\"@id\":\"https:\/\/folhadems.com.br\/site\/#\/schema\/person\/e4a04038e5c2e7040e19ef252ae9d940\"},\"headline\":\"Na presid\u00eancia do Conselho Fiscal, MS ganha destaque na nova diretoria do Consed\",\"datePublished\":\"2025-02-15T19:17:37+00:00\",\"dateModified\":\"2025-02-15T19:17:49+00:00\",\"mainEntityOfPage\":{\"@id\":\"https:\/\/folhadems.com.br\/site\/2025\/02\/15\/na-presidencia-do-conselho-fiscal-ms-ganha-destaque-na-nova-diretoria-do-consed\/\"},\"wordCount\":372,\"commentCount\":0,\"publisher\":{\"@id\":\"https:\/\/folhadems.com.br\/site\/#organization\"},\"image\":{\"@id\":\"https:\/\/folhadems.com.br\/site\/2025\/02\/15\/na-presidencia-do-conselho-fiscal-ms-ganha-destaque-na-nova-diretoria-do-consed\/#primaryimage\"},\"thumbnailUrl\":\"https:\/\/folhadems.com.br\/site\/wp-content\/uploads\/2025\/02\/conselho-fiscal.jpg\",\"articleSection\":[\"Cotidiano\"],\"inLanguage\":\"pt-BR\",\"potentialAction\":[{\"@type\":\"CommentAction\",\"name\":\"Comment\",\"target\":[\"https:\/\/folhadems.com.br\/site\/2025\/02\/15\/na-presidencia-do-conselho-fiscal-ms-ganha-destaque-na-nova-diretoria-do-consed\/#respond\"]}]},{\"@type\":\"WebPage\",\"@id\":\"https:\/\/folhadems.com.br\/site\/2025\/02\/15\/na-presidencia-do-conselho-fiscal-ms-ganha-destaque-na-nova-diretoria-do-consed\/\",\"url\":\"https:\/\/folhadems.com.br\/site\/2025\/02\/15\/na-presidencia-do-conselho-fiscal-ms-ganha-destaque-na-nova-diretoria-do-consed\/\",\"name\":\"Na presid\u00eancia do Conselho Fiscal, MS ganha destaque na nova diretoria do Consed - Folha de Mato Grosso do Sul\",\"isPartOf\":{\"@id\":\"https:\/\/folhadems.com.br\/site\/#website\"},\"primaryImageOfPage\":{\"@id\":\"https:\/\/folhadems.com.br\/site\/2025\/02\/15\/na-presidencia-do-conselho-fiscal-ms-ganha-destaque-na-nova-diretoria-do-consed\/#primaryimage\"},\"image\":{\"@id\":\"https:\/\/folhadems.com.br\/site\/2025\/02\/15\/na-presidencia-do-conselho-fiscal-ms-ganha-destaque-na-nova-diretoria-do-consed\/#primaryimage\"},\"thumbnailUrl\":\"https:\/\/folhadems.com.br\/site\/wp-content\/uploads\/2025\/02\/conselho-fiscal.jpg\",\"datePublished\":\"2025-02-15T19:17:37+00:00\",\"dateModified\":\"2025-02-15T19:17:49+00:00\",\"breadcrumb\":{\"@id\":\"https:\/\/folhadems.com.br\/site\/2025\/02\/15\/na-presidencia-do-conselho-fiscal-ms-ganha-destaque-na-nova-diretoria-do-consed\/#breadcrumb\"},\"inLanguage\":\"pt-BR\",\"potentialAction\":[{\"@type\":\"ReadAction\",\"target\":[\"https:\/\/folhadems.com.br\/site\/2025\/02\/15\/na-presidencia-do-conselho-fiscal-ms-ganha-destaque-na-nova-diretoria-do-consed\/\"]}]},{\"@type\":\"ImageObject\",\"inLanguage\":\"pt-BR\",\"@id\":\"https:\/\/folhadems.com.br\/site\/2025\/02\/15\/na-presidencia-do-conselho-fiscal-ms-ganha-destaque-na-nova-diretoria-do-consed\/#primaryimage\",\"url\":\"https:\/\/folhadems.com.br\/site\/wp-content\/uploads\/2025\/02\/conselho-fiscal.jpg\",\"contentUrl\":\"https:\/\/folhadems.com.br\/site\/wp-content\/uploads\/2025\/02\/conselho-fiscal.jpg\",\"width\":800,\"height\":450},{\"@type\":\"BreadcrumbList\",\"@id\":\"https:\/\/folhadems.com.br\/site\/2025\/02\/15\/na-presidencia-do-conselho-fiscal-ms-ganha-destaque-na-nova-diretoria-do-consed\/#breadcrumb\",\"itemListElement\":[{\"@type\":\"ListItem\",\"position\":1,\"name\":\"In\u00edcio\",\"item\":\"https:\/\/folhadems.com.br\/site\/\"},{\"@type\":\"ListItem\",\"position\":2,\"name\":\"Na presid\u00eancia do Conselho Fiscal, MS ganha destaque na nova diretoria do Consed\"}]},{\"@type\":\"WebSite\",\"@id\":\"https:\/\/folhadems.com.br\/site\/#website\",\"url\":\"https:\/\/folhadems.com.br\/site\/\",\"name\":\"Folha de Mato Grosso do Sul\",\"description\":\"Jornal Online\",\"publisher\":{\"@id\":\"https:\/\/folhadems.com.br\/site\/#organization\"},\"potentialAction\":[{\"@type\":\"SearchAction\",\"target\":{\"@type\":\"EntryPoint\",\"urlTemplate\":\"https:\/\/folhadems.com.br\/site\/?s={search_term_string}\"},\"query-input\":{\"@type\":\"PropertyValueSpecification\",\"valueRequired\":true,\"valueName\":\"search_term_string\"}}],\"inLanguage\":\"pt-BR\"},{\"@type\":\"Organization\",\"@id\":\"https:\/\/folhadems.com.br\/site\/#organization\",\"name\":\"Folha de Mato Grosso do Sul\",\"url\":\"https:\/\/folhadems.com.br\/site\/\",\"logo\":{\"@type\":\"ImageObject\",\"inLanguage\":\"pt-BR\",\"@id\":\"https:\/\/folhadems.com.br\/site\/#\/schema\/logo\/image\/\",\"url\":\"https:\/\/folhadems.com.br\/site\/wp-content\/uploads\/2023\/01\/logo-folha-de-ms-380x90-1.jpg\",\"contentUrl\":\"https:\/\/folhadems.com.br\/site\/wp-content\/uploads\/2023\/01\/logo-folha-de-ms-380x90-1.jpg\",\"width\":380,\"height\":90,\"caption\":\"Folha de Mato Grosso do Sul\"},\"image\":{\"@id\":\"https:\/\/folhadems.com.br\/site\/#\/schema\/logo\/image\/\"}},{\"@type\":\"Person\",\"@id\":\"https:\/\/folhadems.com.br\/site\/#\/schema\/person\/e4a04038e5c2e7040e19ef252ae9d940\",\"name\":\"Elite Midia\",\"image\":{\"@type\":\"ImageObject\",\"inLanguage\":\"pt-BR\",\"@id\":\"https:\/\/folhadems.com.br\/site\/#\/schema\/person\/image\/\",\"url\":\"https:\/\/secure.gravatar.com\/avatar\/f76a80f01119f7fec6909ab9feea8819031f391155be021b685479d77496f055?s=96&d=mm&r=g\",\"contentUrl\":\"https:\/\/secure.gravatar.com\/avatar\/f76a80f01119f7fec6909ab9feea8819031f391155be021b685479d77496f055?s=96&d=mm&r=g\",\"caption\":\"Elite Midia\"},\"sameAs\":[\"https:\/\/folhadems.com.br\/site\"],\"url\":\"https:\/\/folhadems.com.br\/site\/author\/elite-midia\/\"}]}<\/script>\n<!-- \/ Yoast SEO plugin. -->","yoast_head_json":{"title":"Na presid\u00eancia do Conselho Fiscal, MS ganha destaque na nova diretoria do Consed - Folha de Mato Grosso do Sul","robots":{"index":"index","follow":"follow","max-snippet":"max-snippet:-1","max-image-preview":"max-image-preview:large","max-video-preview":"max-video-preview:-1"},"canonical":"https:\/\/folhadems.com.br\/site\/2025\/02\/15\/na-presidencia-do-conselho-fiscal-ms-ganha-destaque-na-nova-diretoria-do-consed\/","og_locale":"pt_BR","og_type":"article","og_title":"Na presid\u00eancia do Conselho Fiscal, MS ganha destaque na nova diretoria do Consed - Folha de Mato Grosso do Sul","og_description":"O Consed (Conselho Nacional de Secret\u00e1rios de Educa\u00e7\u00e3o) realizou sexta-feira (14) a elei\u00e7\u00e3o de sua nova diretoria para o bi\u00eanio","og_url":"https:\/\/folhadems.com.br\/site\/2025\/02\/15\/na-presidencia-do-conselho-fiscal-ms-ganha-destaque-na-nova-diretoria-do-consed\/","og_site_name":"Folha de Mato Grosso do Sul","article_published_time":"2025-02-15T19:17:37+00:00","article_modified_time":"2025-02-15T19:17:49+00:00","og_image":[{"width":800,"height":450,"url":"https:\/\/folhadems.com.br\/site\/wp-content\/uploads\/2025\/02\/conselho-fiscal.jpg","type":"image\/jpeg"}],"author":"Elite Midia","twitter_card":"summary_large_image","twitter_misc":{"Escrito por":"Elite Midia","Est. tempo de leitura":"2 minutos"},"schema":{"@context":"https:\/\/schema.org","@graph":[{"@type":"Article","@id":"https:\/\/folhadems.com.br\/site\/2025\/02\/15\/na-presidencia-do-conselho-fiscal-ms-ganha-destaque-na-nova-diretoria-do-consed\/#article","isPartOf":{"@id":"https:\/\/folhadems.com.br\/site\/2025\/02\/15\/na-presidencia-do-conselho-fiscal-ms-ganha-destaque-na-nova-diretoria-do-consed\/"},"author":{"name":"Elite Midia","@id":"https:\/\/folhadems.com.br\/site\/#\/schema\/person\/e4a04038e5c2e7040e19ef252ae9d940"},"headline":"Na presid\u00eancia do Conselho Fiscal, MS ganha destaque na nova diretoria do Consed","datePublished":"2025-02-15T19:17:37+00:00","dateModified":"2025-02-15T19:17:49+00:00","mainEntityOfPage":{"@id":"https:\/\/folhadems.com.br\/site\/2025\/02\/15\/na-presidencia-do-conselho-fiscal-ms-ganha-destaque-na-nova-diretoria-do-consed\/"},"wordCount":372,"commentCount":0,"publisher":{"@id":"https:\/\/folhadems.com.br\/site\/#organization"},"image":{"@id":"https:\/\/folhadems.com.br\/site\/2025\/02\/15\/na-presidencia-do-conselho-fiscal-ms-ganha-destaque-na-nova-diretoria-do-consed\/#primaryimage"},"thumbnailUrl":"https:\/\/folhadems.com.br\/site\/wp-content\/uploads\/2025\/02\/conselho-fiscal.jpg","articleSection":["Cotidiano"],"inLanguage":"pt-BR","potentialAction":[{"@type":"CommentAction","name":"Comment","target":["https:\/\/folhadems.com.br\/site\/2025\/02\/15\/na-presidencia-do-conselho-fiscal-ms-ganha-destaque-na-nova-diretoria-do-consed\/#respond"]}]},{"@type":"WebPage","@id":"https:\/\/folhadems.com.br\/site\/2025\/02\/15\/na-presidencia-do-conselho-fiscal-ms-ganha-destaque-na-nova-diretoria-do-consed\/","url":"https:\/\/folhadems.com.br\/site\/2025\/02\/15\/na-presidencia-do-conselho-fiscal-ms-ganha-destaque-na-nova-diretoria-do-consed\/","name":"Na presid\u00eancia do Conselho Fiscal, MS ganha destaque na nova diretoria do Consed - Folha de Mato Grosso do Sul","isPartOf":{"@id":"https:\/\/folhadems.com.br\/site\/#website"},"primaryImageOfPage":{"@id":"https:\/\/folhadems.com.br\/site\/2025\/02\/15\/na-presidencia-do-conselho-fiscal-ms-ganha-destaque-na-nova-diretoria-do-consed\/#primaryimage"},"image":{"@id":"https:\/\/folhadems.com.br\/site\/2025\/02\/15\/na-presidencia-do-conselho-fiscal-ms-ganha-destaque-na-nova-diretoria-do-consed\/#primaryimage"},"thumbnailUrl":"https:\/\/folhadems.com.br\/site\/wp-content\/uploads\/2025\/02\/conselho-fiscal.jpg","datePublished":"2025-02-15T19:17:37+00:00","dateModified":"2025-02-15T19:17:49+00:00","breadcrumb":{"@id":"https:\/\/folhadems.com.br\/site\/2025\/02\/15\/na-presidencia-do-conselho-fiscal-ms-ganha-destaque-na-nova-diretoria-do-consed\/#breadcrumb"},"inLanguage":"pt-BR","potentialAction":[{"@type":"ReadAction","target":["https:\/\/folhadems.com.br\/site\/2025\/02\/15\/na-presidencia-do-conselho-fiscal-ms-ganha-destaque-na-nova-diretoria-do-consed\/"]}]},{"@type":"ImageObject","inLanguage":"pt-BR","@id":"https:\/\/folhadems.com.br\/site\/2025\/02\/15\/na-presidencia-do-conselho-fiscal-ms-ganha-destaque-na-nova-diretoria-do-consed\/#primaryimage","url":"https:\/\/folhadems.com.br\/site\/wp-content\/uploads\/2025\/02\/conselho-fiscal.jpg","contentUrl":"https:\/\/folhadems.com.br\/site\/wp-content\/uploads\/2025\/02\/conselho-fiscal.jpg","width":800,"height":450},{"@type":"BreadcrumbList","@id":"https:\/\/folhadems.com.br\/site\/2025\/02\/15\/na-presidencia-do-conselho-fiscal-ms-ganha-destaque-na-nova-diretoria-do-consed\/#breadcrumb","itemListElement":[{"@type":"ListItem","position":1,"name":"In\u00edcio","item":"https:\/\/folhadems.com.br\/site\/"},{"@type":"ListItem","position":2,"name":"Na presid\u00eancia do Conselho Fiscal, MS ganha destaque na nova diretoria do Consed"}]},{"@type":"WebSite","@id":"https:\/\/folhadems.com.br\/site\/#website","url":"https:\/\/folhadems.com.br\/site\/","name":"Folha de Mato Grosso do Sul","description":"Jornal Online","publisher":{"@id":"https:\/\/folhadems.com.br\/site\/#organization"},"potentialAction":[{"@type":"SearchAction","target":{"@type":"EntryPoint","urlTemplate":"https:\/\/folhadems.com.br\/site\/?s={search_term_string}"},"query-input":{"@type":"PropertyValueSpecification","valueRequired":true,"valueName":"search_term_string"}}],"inLanguage":"pt-BR"},{"@type":"Organization","@id":"https:\/\/folhadems.com.br\/site\/#organization","name":"Folha de Mato Grosso do Sul","url":"https:\/\/folhadems.com.br\/site\/","logo":{"@type":"ImageObject","inLanguage":"pt-BR","@id":"https:\/\/folhadems.com.br\/site\/#\/schema\/logo\/image\/","url":"https:\/\/folhadems.com.br\/site\/wp-content\/uploads\/2023\/01\/logo-folha-de-ms-380x90-1.jpg","contentUrl":"https:\/\/folhadems.com.br\/site\/wp-content\/uploads\/2023\/01\/logo-folha-de-ms-380x90-1.jpg","width":380,"height":90,"caption":"Folha de Mato Grosso do Sul"},"image":{"@id":"https:\/\/folhadems.com.br\/site\/#\/schema\/logo\/image\/"}},{"@type":"Person","@id":"https:\/\/folhadems.com.br\/site\/#\/schema\/person\/e4a04038e5c2e7040e19ef252ae9d940","name":"Elite Midia","image":{"@type":"ImageObject","inLanguage":"pt-BR","@id":"https:\/\/folhadems.com.br\/site\/#\/schema\/person\/image\/","url":"https:\/\/secure.gravatar.com\/avatar\/f76a80f01119f7fec6909ab9feea8819031f391155be021b685479d77496f055?s=96&d=mm&r=g","contentUrl":"https:\/\/secure.gravatar.com\/avatar\/f76a80f01119f7fec6909ab9feea8819031f391155be021b685479d77496f055?s=96&d=mm&r=g","caption":"Elite Midia"},"sameAs":["https:\/\/folhadems.com.br\/site"],"url":"https:\/\/folhadems.com.br\/site\/author\/elite-midia\/"}]}},"publishpress_future_action":{"enabled":false,"date":"2026-05-04 15:46:13","action":"change-status","newStatus":"draft","terms":[],"taxonomy":"category","extraData":[]},"publishpress_future_workflow_manual_trigger":{"enabledWorkflows":[]},"_links":{"self":[{"href":"https:\/\/folhadems.com.br\/site\/wp-json\/wp\/v2\/posts\/9429","targetHints":{"allow":["GET"]}}],"collection":[{"href":"https:\/\/folhadems.com.br\/site\/wp-json\/wp\/v2\/posts"}],"about":[{"href":"https:\/\/folhadems.com.br\/site\/wp-json\/wp\/v2\/types\/post"}],"author":[{"embeddable":true,"href":"https:\/\/folhadems.com.br\/site\/wp-json\/wp\/v2\/users\/1"}],"replies":[{"embeddable":true,"href":"https:\/\/folhadems.com.br\/site\/wp-json\/wp\/v2\/comments?post=9429"}],"version-history":[{"count":1,"href":"https:\/\/folhadems.com.br\/site\/wp-json\/wp\/v2\/posts\/9429\/revisions"}],"predecessor-version":[{"id":9431,"href":"https:\/\/folhadems.com.br\/site\/wp-json\/wp\/v2\/posts\/9429\/revisions\/9431"}],"wp:featuredmedia":[{"embeddable":true,"href":"https:\/\/folhadems.com.br\/site\/wp-json\/wp\/v2\/media\/9430"}],"wp:attachment":[{"href":"https:\/\/folhadems.com.br\/site\/wp-json\/wp\/v2\/media?parent=9429"}],"wp:term":[{"taxonomy":"category","embeddable":true,"href":"https:\/\/folhadems.com.br\/site\/wp-json\/wp\/v2\/categories?post=9429"},{"taxonomy":"post_tag","embeddable":true,"href":"https:\/\/folhadems.com.br\/site\/wp-json\/wp\/v2\/tags?post=9429"}],"curies":[{"name":"wp","href":"https:\/\/api.w.org\/{rel}","templated":true}]}}