{"id":3672,"date":"2023-10-18T10:02:59","date_gmt":"2023-10-18T14:02:59","guid":{"rendered":"https:\/\/folhadems.com.br\/site\/?p=3672"},"modified":"2023-10-18T10:03:01","modified_gmt":"2023-10-18T14:03:01","slug":"com-86-mil-casos-estimados-em-ms-cancer-de-mama-e-tema-de-debate-entre-servidores-do-estado","status":"publish","type":"post","link":"https:\/\/folhadems.com.br\/site\/2023\/10\/18\/com-86-mil-casos-estimados-em-ms-cancer-de-mama-e-tema-de-debate-entre-servidores-do-estado\/","title":{"rendered":"Com 8,6 mil casos estimados em MS, c\u00e2ncer de mama \u00e9 tema de debate entre servidores do Estado"},"content":{"rendered":"\n<p><div id=\"single\"><div class=\"container\"><div class=\"row\"><div class=\"col-12  col-lg-8\"><div class=\"post-453912 post type-post status-publish format-standard has-post-thumbnail hentry category-saude tag-destaque1\" id=\"post-453912\"><div class=\"entry\"><p>Mato Grosso do Sul deve registrar mais de 8,6 mil  casos de c\u00e2ncer de mama em todo o ano de 2023, segundo estimativa do  Inca (Instituto Nacional de C\u00e2ncer). Esse tipo de tumor tamb\u00e9m \u00e9 o mais  frequente no Brasil, quando s\u00e3o exclu\u00eddos os casos de c\u00e2ncer de pele  induzido pelo sol.<\/p> <p>Com n\u00fameros alarmantes, a doen\u00e7a e suas formas de preven\u00e7\u00e3o foram  tema de palestra realizada nesta ter\u00e7a-feira (17) para servidores da  Infraestrutura e da Agricultura Familiar do Governo do Estado, dentro da  campanha Outubro Rosa.<\/p> <p>A m\u00e9dica mastologista Tha\u00eds Regina Dalto\u00e9 Inglez, presidente da  SBM-MS (Sociedade Brasileira de Mastologia, regional de Mato Grosso do  Sul), conversou com os servidores no audit\u00f3rio da Agraer (Ag\u00eancia de  Desenvolvimento Agr\u00e1rio e Extens\u00e3o Rural) e tirou d\u00favidas.<\/p> <p>\u201cO c\u00e2ncer de mama \u00e9 o mais frequente na nossa popula\u00e7\u00e3o entre as  mulheres e por isso quanto mais cedo diagnosticarmos melhor ser\u00e1 o  tratamento e as chances de cura. Se atentar, fazer os exames de rotina e  prevenir \u00e9 sempre o melhor rem\u00e9dio\u201d, destacou a m\u00e9dica mastologista.<\/p> <div id=\"gallery-1\" class=\"gallery galleryid-453912 gallery-columns-2 gallery-size-large\"><figure class=\"gallery-item\"> <div class=\"gallery-icon landscape\"> <a href=\"https:\/\/agenciadenoticias.ms.gov.br\/wp-content\/uploads\/2023\/10\/Palestra-Outubro-Rosa-Fto-Chico-Ribeiro-77-scaled.jpg\" target=\"_blank\" rel=\"noopener\"><img loading=\"lazy\" decoding=\"async\" width=\"1024\" height=\"601\" class=\"attachment-large size-large\" src=\"https:\/\/agenciadenoticias.ms.gov.br\/wp-content\/uploads\/2023\/10\/Palestra-Outubro-Rosa-Fto-Chico-Ribeiro-77-1024x601.jpg\" alt=\"\"><\/a> <\/div><\/figure><figure class=\"gallery-item\"> <div class=\"gallery-icon landscape\"> <a href=\"https:\/\/agenciadenoticias.ms.gov.br\/wp-content\/uploads\/2023\/10\/Palestra-Outubro-Rosa-Fto-Chico-Ribeiro-48-scaled-1-scaled.jpg\" target=\"_blank\" rel=\"noopener\"><img loading=\"lazy\" decoding=\"async\" width=\"1024\" height=\"601\" class=\"attachment-large size-large\" src=\"https:\/\/agenciadenoticias.ms.gov.br\/wp-content\/uploads\/2023\/10\/Palestra-Outubro-Rosa-Fto-Chico-Ribeiro-48-scaled-1-1024x601.jpg\" alt=\"\"><\/a> <\/div><\/figure> <\/div> <p>Realizada atrav\u00e9s de parceria da Seilog (Secretaria Estadual de  Infraestrutura e Log\u00edstica) com a Agesul (Ag\u00eancia Estadual de Gest\u00e3o de  Empreendimentos) e a Agraer, a palestra reuniu dezenas de servidores  estaduais. A abertura da a\u00e7\u00e3o ficou a cargo do diretor-presidente da  Agraer, Washington Willeman.<\/p> <p>\u201c\u00c9 de extrema import\u00e2ncia esse movimento que \u00e9 feito para  conscientizar as mulheres a procurarem atendimento m\u00e9dico e ter h\u00e1bitos  que possam prevenir a doen\u00e7a. N\u00f3s prezamos pela sa\u00fade dos nossos  servidores e estamos atentos a essa campanha\u201d, afirmou.<\/p> <p>Servidora da Agesul presente na palestra, a advogada Meire Figueira  pontuou as vantagens da a\u00e7\u00e3o para os funcion\u00e1rios do Estado. \u201cA palavra  c\u00e2ncer choca. Ent\u00e3o, voc\u00ea ter a oportunidade de um bate-papo leve e com  informa\u00e7\u00f5es sobre a sa\u00fade da mulher e a import\u00e2ncia do diagn\u00f3stico  precoce \u00e9 extremamente relevante\u201d, ressaltou.\u00a0<\/p> <p>Gestora s\u00f3cio organizacional da Agraer, Loretta Souza Pereira tamb\u00e9m  enalteceu a iniciativa. \u201cFaz tempo que trabalho na Agraer e nunca tinha  participado de uma palestra desse n\u00edvel, com informa\u00e7\u00f5es relevantes e  esclarecendo d\u00favidas sobre os anticoncepcionais e os horm\u00f4nios, por  exemplo. Acredito que isso nos motiva a procurar nossos m\u00e9dicos e tamb\u00e9m  um mastologista porque a incid\u00eancia do c\u00e2ncer de mama \u00e9 muito grande e o  tratamento com anteced\u00eancia aumenta a chance de cura\u201d, frisou.<\/p> <p><em>Bruno Chaves, Comunica\u00e7\u00e3o Seilog<\/em> <em>Adriana Queiroz, Comunica\u00e7\u00e3o Agraer<\/em> <em>Fotos: Chico Ribeiro<\/em><\/p> <\/div><\/div><\/div><\/div><\/div><\/div><\/p>\n","protected":false},"excerpt":{"rendered":"<p>Mato Grosso do Sul deve registrar mais de 8,6 mil casos de c\u00e2ncer de mama em todo o ano de<\/p>\n","protected":false},"author":1,"featured_media":3673,"comment_status":"open","ping_status":"open","sticky":false,"template":"","format":"standard","meta":{"footnotes":""},"categories":[9],"tags":[],"class_list":["post-3672","post","type-post","status-publish","format-standard","has-post-thumbnail","hentry","category-ciencia-e-saude"],"yoast_head":"<!-- This site is optimized with the Yoast SEO plugin v27.1.1 - https:\/\/yoast.com\/product\/yoast-seo-wordpress\/ -->\n<title>Com 8,6 mil casos estimados em MS, c\u00e2ncer de mama \u00e9 tema de debate entre servidores do Estado - Folha de Mato Grosso do Sul<\/title>\n<meta name=\"robots\" content=\"index, follow, max-snippet:-1, max-image-preview:large, max-video-preview:-1\" \/>\n<link rel=\"canonical\" href=\"https:\/\/folhadems.com.br\/site\/2023\/10\/18\/com-86-mil-casos-estimados-em-ms-cancer-de-mama-e-tema-de-debate-entre-servidores-do-estado\/\" \/>\n<meta property=\"og:locale\" content=\"pt_BR\" \/>\n<meta property=\"og:type\" content=\"article\" \/>\n<meta property=\"og:title\" content=\"Com 8,6 mil casos estimados em MS, c\u00e2ncer de mama \u00e9 tema de debate entre servidores do Estado - Folha de Mato Grosso do Sul\" \/>\n<meta property=\"og:description\" content=\"Mato Grosso do Sul deve registrar mais de 8,6 mil casos de c\u00e2ncer de mama em todo o ano de\" \/>\n<meta property=\"og:url\" content=\"https:\/\/folhadems.com.br\/site\/2023\/10\/18\/com-86-mil-casos-estimados-em-ms-cancer-de-mama-e-tema-de-debate-entre-servidores-do-estado\/\" \/>\n<meta property=\"og:site_name\" content=\"Folha de Mato Grosso do Sul\" \/>\n<meta property=\"article:published_time\" content=\"2023-10-18T14:02:59+00:00\" \/>\n<meta property=\"article:modified_time\" content=\"2023-10-18T14:03:01+00:00\" \/>\n<meta property=\"og:image\" content=\"https:\/\/folhadems.com.br\/site\/wp-content\/uploads\/2023\/10\/outubro-rosa.jpg\" \/>\n\t<meta property=\"og:image:width\" content=\"730\" \/>\n\t<meta property=\"og:image:height\" content=\"480\" \/>\n\t<meta property=\"og:image:type\" content=\"image\/jpeg\" \/>\n<meta name=\"author\" content=\"Elite Midia\" \/>\n<meta name=\"twitter:card\" content=\"summary_large_image\" \/>\n<meta name=\"twitter:label1\" content=\"Escrito por\" \/>\n\t<meta name=\"twitter:data1\" content=\"Elite Midia\" \/>\n\t<meta name=\"twitter:label2\" content=\"Est. tempo de leitura\" \/>\n\t<meta name=\"twitter:data2\" content=\"2 minutos\" \/>\n<script type=\"application\/ld+json\" class=\"yoast-schema-graph\">{\"@context\":\"https:\/\/schema.org\",\"@graph\":[{\"@type\":\"Article\",\"@id\":\"https:\/\/folhadems.com.br\/site\/2023\/10\/18\/com-86-mil-casos-estimados-em-ms-cancer-de-mama-e-tema-de-debate-entre-servidores-do-estado\/#article\",\"isPartOf\":{\"@id\":\"https:\/\/folhadems.com.br\/site\/2023\/10\/18\/com-86-mil-casos-estimados-em-ms-cancer-de-mama-e-tema-de-debate-entre-servidores-do-estado\/\"},\"author\":{\"name\":\"Elite Midia\",\"@id\":\"https:\/\/folhadems.com.br\/site\/#\/schema\/person\/e4a04038e5c2e7040e19ef252ae9d940\"},\"headline\":\"Com 8,6 mil casos estimados em MS, c\u00e2ncer de mama \u00e9 tema de debate entre servidores do Estado\",\"datePublished\":\"2023-10-18T14:02:59+00:00\",\"dateModified\":\"2023-10-18T14:03:01+00:00\",\"mainEntityOfPage\":{\"@id\":\"https:\/\/folhadems.com.br\/site\/2023\/10\/18\/com-86-mil-casos-estimados-em-ms-cancer-de-mama-e-tema-de-debate-entre-servidores-do-estado\/\"},\"wordCount\":453,\"commentCount\":0,\"publisher\":{\"@id\":\"https:\/\/folhadems.com.br\/site\/#organization\"},\"image\":{\"@id\":\"https:\/\/folhadems.com.br\/site\/2023\/10\/18\/com-86-mil-casos-estimados-em-ms-cancer-de-mama-e-tema-de-debate-entre-servidores-do-estado\/#primaryimage\"},\"thumbnailUrl\":\"https:\/\/folhadems.com.br\/site\/wp-content\/uploads\/2023\/10\/outubro-rosa.jpg\",\"articleSection\":[\"Ci\u00eancia e Sa\u00fade\"],\"inLanguage\":\"pt-BR\",\"potentialAction\":[{\"@type\":\"CommentAction\",\"name\":\"Comment\",\"target\":[\"https:\/\/folhadems.com.br\/site\/2023\/10\/18\/com-86-mil-casos-estimados-em-ms-cancer-de-mama-e-tema-de-debate-entre-servidores-do-estado\/#respond\"]}]},{\"@type\":\"WebPage\",\"@id\":\"https:\/\/folhadems.com.br\/site\/2023\/10\/18\/com-86-mil-casos-estimados-em-ms-cancer-de-mama-e-tema-de-debate-entre-servidores-do-estado\/\",\"url\":\"https:\/\/folhadems.com.br\/site\/2023\/10\/18\/com-86-mil-casos-estimados-em-ms-cancer-de-mama-e-tema-de-debate-entre-servidores-do-estado\/\",\"name\":\"Com 8,6 mil casos estimados em MS, c\u00e2ncer de mama \u00e9 tema de debate entre servidores do Estado - Folha de Mato Grosso do Sul\",\"isPartOf\":{\"@id\":\"https:\/\/folhadems.com.br\/site\/#website\"},\"primaryImageOfPage\":{\"@id\":\"https:\/\/folhadems.com.br\/site\/2023\/10\/18\/com-86-mil-casos-estimados-em-ms-cancer-de-mama-e-tema-de-debate-entre-servidores-do-estado\/#primaryimage\"},\"image\":{\"@id\":\"https:\/\/folhadems.com.br\/site\/2023\/10\/18\/com-86-mil-casos-estimados-em-ms-cancer-de-mama-e-tema-de-debate-entre-servidores-do-estado\/#primaryimage\"},\"thumbnailUrl\":\"https:\/\/folhadems.com.br\/site\/wp-content\/uploads\/2023\/10\/outubro-rosa.jpg\",\"datePublished\":\"2023-10-18T14:02:59+00:00\",\"dateModified\":\"2023-10-18T14:03:01+00:00\",\"breadcrumb\":{\"@id\":\"https:\/\/folhadems.com.br\/site\/2023\/10\/18\/com-86-mil-casos-estimados-em-ms-cancer-de-mama-e-tema-de-debate-entre-servidores-do-estado\/#breadcrumb\"},\"inLanguage\":\"pt-BR\",\"potentialAction\":[{\"@type\":\"ReadAction\",\"target\":[\"https:\/\/folhadems.com.br\/site\/2023\/10\/18\/com-86-mil-casos-estimados-em-ms-cancer-de-mama-e-tema-de-debate-entre-servidores-do-estado\/\"]}]},{\"@type\":\"ImageObject\",\"inLanguage\":\"pt-BR\",\"@id\":\"https:\/\/folhadems.com.br\/site\/2023\/10\/18\/com-86-mil-casos-estimados-em-ms-cancer-de-mama-e-tema-de-debate-entre-servidores-do-estado\/#primaryimage\",\"url\":\"https:\/\/folhadems.com.br\/site\/wp-content\/uploads\/2023\/10\/outubro-rosa.jpg\",\"contentUrl\":\"https:\/\/folhadems.com.br\/site\/wp-content\/uploads\/2023\/10\/outubro-rosa.jpg\",\"width\":730,\"height\":480},{\"@type\":\"BreadcrumbList\",\"@id\":\"https:\/\/folhadems.com.br\/site\/2023\/10\/18\/com-86-mil-casos-estimados-em-ms-cancer-de-mama-e-tema-de-debate-entre-servidores-do-estado\/#breadcrumb\",\"itemListElement\":[{\"@type\":\"ListItem\",\"position\":1,\"name\":\"In\u00edcio\",\"item\":\"https:\/\/folhadems.com.br\/site\/\"},{\"@type\":\"ListItem\",\"position\":2,\"name\":\"Com 8,6 mil casos estimados em MS, c\u00e2ncer de mama \u00e9 tema de debate entre servidores do Estado\"}]},{\"@type\":\"WebSite\",\"@id\":\"https:\/\/folhadems.com.br\/site\/#website\",\"url\":\"https:\/\/folhadems.com.br\/site\/\",\"name\":\"Folha de Mato Grosso do Sul\",\"description\":\"Jornal Online\",\"publisher\":{\"@id\":\"https:\/\/folhadems.com.br\/site\/#organization\"},\"potentialAction\":[{\"@type\":\"SearchAction\",\"target\":{\"@type\":\"EntryPoint\",\"urlTemplate\":\"https:\/\/folhadems.com.br\/site\/?s={search_term_string}\"},\"query-input\":{\"@type\":\"PropertyValueSpecification\",\"valueRequired\":true,\"valueName\":\"search_term_string\"}}],\"inLanguage\":\"pt-BR\"},{\"@type\":\"Organization\",\"@id\":\"https:\/\/folhadems.com.br\/site\/#organization\",\"name\":\"Folha de Mato Grosso do Sul\",\"url\":\"https:\/\/folhadems.com.br\/site\/\",\"logo\":{\"@type\":\"ImageObject\",\"inLanguage\":\"pt-BR\",\"@id\":\"https:\/\/folhadems.com.br\/site\/#\/schema\/logo\/image\/\",\"url\":\"https:\/\/folhadems.com.br\/site\/wp-content\/uploads\/2023\/01\/logo-folha-de-ms-380x90-1.jpg\",\"contentUrl\":\"https:\/\/folhadems.com.br\/site\/wp-content\/uploads\/2023\/01\/logo-folha-de-ms-380x90-1.jpg\",\"width\":380,\"height\":90,\"caption\":\"Folha de Mato Grosso do Sul\"},\"image\":{\"@id\":\"https:\/\/folhadems.com.br\/site\/#\/schema\/logo\/image\/\"}},{\"@type\":\"Person\",\"@id\":\"https:\/\/folhadems.com.br\/site\/#\/schema\/person\/e4a04038e5c2e7040e19ef252ae9d940\",\"name\":\"Elite Midia\",\"image\":{\"@type\":\"ImageObject\",\"inLanguage\":\"pt-BR\",\"@id\":\"https:\/\/folhadems.com.br\/site\/#\/schema\/person\/image\/\",\"url\":\"https:\/\/secure.gravatar.com\/avatar\/f76a80f01119f7fec6909ab9feea8819031f391155be021b685479d77496f055?s=96&d=mm&r=g\",\"contentUrl\":\"https:\/\/secure.gravatar.com\/avatar\/f76a80f01119f7fec6909ab9feea8819031f391155be021b685479d77496f055?s=96&d=mm&r=g\",\"caption\":\"Elite Midia\"},\"sameAs\":[\"https:\/\/folhadems.com.br\/site\"],\"url\":\"https:\/\/folhadems.com.br\/site\/author\/elite-midia\/\"}]}<\/script>\n<!-- \/ Yoast SEO plugin. -->","yoast_head_json":{"title":"Com 8,6 mil casos estimados em MS, c\u00e2ncer de mama \u00e9 tema de debate entre servidores do Estado - Folha de Mato Grosso do Sul","robots":{"index":"index","follow":"follow","max-snippet":"max-snippet:-1","max-image-preview":"max-image-preview:large","max-video-preview":"max-video-preview:-1"},"canonical":"https:\/\/folhadems.com.br\/site\/2023\/10\/18\/com-86-mil-casos-estimados-em-ms-cancer-de-mama-e-tema-de-debate-entre-servidores-do-estado\/","og_locale":"pt_BR","og_type":"article","og_title":"Com 8,6 mil casos estimados em MS, c\u00e2ncer de mama \u00e9 tema de debate entre servidores do Estado - Folha de Mato Grosso do Sul","og_description":"Mato Grosso do Sul deve registrar mais de 8,6 mil casos de c\u00e2ncer de mama em todo o ano de","og_url":"https:\/\/folhadems.com.br\/site\/2023\/10\/18\/com-86-mil-casos-estimados-em-ms-cancer-de-mama-e-tema-de-debate-entre-servidores-do-estado\/","og_site_name":"Folha de Mato Grosso do Sul","article_published_time":"2023-10-18T14:02:59+00:00","article_modified_time":"2023-10-18T14:03:01+00:00","og_image":[{"width":730,"height":480,"url":"https:\/\/folhadems.com.br\/site\/wp-content\/uploads\/2023\/10\/outubro-rosa.jpg","type":"image\/jpeg"}],"author":"Elite Midia","twitter_card":"summary_large_image","twitter_misc":{"Escrito por":"Elite Midia","Est. tempo de leitura":"2 minutos"},"schema":{"@context":"https:\/\/schema.org","@graph":[{"@type":"Article","@id":"https:\/\/folhadems.com.br\/site\/2023\/10\/18\/com-86-mil-casos-estimados-em-ms-cancer-de-mama-e-tema-de-debate-entre-servidores-do-estado\/#article","isPartOf":{"@id":"https:\/\/folhadems.com.br\/site\/2023\/10\/18\/com-86-mil-casos-estimados-em-ms-cancer-de-mama-e-tema-de-debate-entre-servidores-do-estado\/"},"author":{"name":"Elite Midia","@id":"https:\/\/folhadems.com.br\/site\/#\/schema\/person\/e4a04038e5c2e7040e19ef252ae9d940"},"headline":"Com 8,6 mil casos estimados em MS, c\u00e2ncer de mama \u00e9 tema de debate entre servidores do Estado","datePublished":"2023-10-18T14:02:59+00:00","dateModified":"2023-10-18T14:03:01+00:00","mainEntityOfPage":{"@id":"https:\/\/folhadems.com.br\/site\/2023\/10\/18\/com-86-mil-casos-estimados-em-ms-cancer-de-mama-e-tema-de-debate-entre-servidores-do-estado\/"},"wordCount":453,"commentCount":0,"publisher":{"@id":"https:\/\/folhadems.com.br\/site\/#organization"},"image":{"@id":"https:\/\/folhadems.com.br\/site\/2023\/10\/18\/com-86-mil-casos-estimados-em-ms-cancer-de-mama-e-tema-de-debate-entre-servidores-do-estado\/#primaryimage"},"thumbnailUrl":"https:\/\/folhadems.com.br\/site\/wp-content\/uploads\/2023\/10\/outubro-rosa.jpg","articleSection":["Ci\u00eancia e Sa\u00fade"],"inLanguage":"pt-BR","potentialAction":[{"@type":"CommentAction","name":"Comment","target":["https:\/\/folhadems.com.br\/site\/2023\/10\/18\/com-86-mil-casos-estimados-em-ms-cancer-de-mama-e-tema-de-debate-entre-servidores-do-estado\/#respond"]}]},{"@type":"WebPage","@id":"https:\/\/folhadems.com.br\/site\/2023\/10\/18\/com-86-mil-casos-estimados-em-ms-cancer-de-mama-e-tema-de-debate-entre-servidores-do-estado\/","url":"https:\/\/folhadems.com.br\/site\/2023\/10\/18\/com-86-mil-casos-estimados-em-ms-cancer-de-mama-e-tema-de-debate-entre-servidores-do-estado\/","name":"Com 8,6 mil casos estimados em MS, c\u00e2ncer de mama \u00e9 tema de debate entre servidores do Estado - Folha de Mato Grosso do Sul","isPartOf":{"@id":"https:\/\/folhadems.com.br\/site\/#website"},"primaryImageOfPage":{"@id":"https:\/\/folhadems.com.br\/site\/2023\/10\/18\/com-86-mil-casos-estimados-em-ms-cancer-de-mama-e-tema-de-debate-entre-servidores-do-estado\/#primaryimage"},"image":{"@id":"https:\/\/folhadems.com.br\/site\/2023\/10\/18\/com-86-mil-casos-estimados-em-ms-cancer-de-mama-e-tema-de-debate-entre-servidores-do-estado\/#primaryimage"},"thumbnailUrl":"https:\/\/folhadems.com.br\/site\/wp-content\/uploads\/2023\/10\/outubro-rosa.jpg","datePublished":"2023-10-18T14:02:59+00:00","dateModified":"2023-10-18T14:03:01+00:00","breadcrumb":{"@id":"https:\/\/folhadems.com.br\/site\/2023\/10\/18\/com-86-mil-casos-estimados-em-ms-cancer-de-mama-e-tema-de-debate-entre-servidores-do-estado\/#breadcrumb"},"inLanguage":"pt-BR","potentialAction":[{"@type":"ReadAction","target":["https:\/\/folhadems.com.br\/site\/2023\/10\/18\/com-86-mil-casos-estimados-em-ms-cancer-de-mama-e-tema-de-debate-entre-servidores-do-estado\/"]}]},{"@type":"ImageObject","inLanguage":"pt-BR","@id":"https:\/\/folhadems.com.br\/site\/2023\/10\/18\/com-86-mil-casos-estimados-em-ms-cancer-de-mama-e-tema-de-debate-entre-servidores-do-estado\/#primaryimage","url":"https:\/\/folhadems.com.br\/site\/wp-content\/uploads\/2023\/10\/outubro-rosa.jpg","contentUrl":"https:\/\/folhadems.com.br\/site\/wp-content\/uploads\/2023\/10\/outubro-rosa.jpg","width":730,"height":480},{"@type":"BreadcrumbList","@id":"https:\/\/folhadems.com.br\/site\/2023\/10\/18\/com-86-mil-casos-estimados-em-ms-cancer-de-mama-e-tema-de-debate-entre-servidores-do-estado\/#breadcrumb","itemListElement":[{"@type":"ListItem","position":1,"name":"In\u00edcio","item":"https:\/\/folhadems.com.br\/site\/"},{"@type":"ListItem","position":2,"name":"Com 8,6 mil casos estimados em MS, c\u00e2ncer de mama \u00e9 tema de debate entre servidores do Estado"}]},{"@type":"WebSite","@id":"https:\/\/folhadems.com.br\/site\/#website","url":"https:\/\/folhadems.com.br\/site\/","name":"Folha de Mato Grosso do Sul","description":"Jornal Online","publisher":{"@id":"https:\/\/folhadems.com.br\/site\/#organization"},"potentialAction":[{"@type":"SearchAction","target":{"@type":"EntryPoint","urlTemplate":"https:\/\/folhadems.com.br\/site\/?s={search_term_string}"},"query-input":{"@type":"PropertyValueSpecification","valueRequired":true,"valueName":"search_term_string"}}],"inLanguage":"pt-BR"},{"@type":"Organization","@id":"https:\/\/folhadems.com.br\/site\/#organization","name":"Folha de Mato Grosso do Sul","url":"https:\/\/folhadems.com.br\/site\/","logo":{"@type":"ImageObject","inLanguage":"pt-BR","@id":"https:\/\/folhadems.com.br\/site\/#\/schema\/logo\/image\/","url":"https:\/\/folhadems.com.br\/site\/wp-content\/uploads\/2023\/01\/logo-folha-de-ms-380x90-1.jpg","contentUrl":"https:\/\/folhadems.com.br\/site\/wp-content\/uploads\/2023\/01\/logo-folha-de-ms-380x90-1.jpg","width":380,"height":90,"caption":"Folha de Mato Grosso do Sul"},"image":{"@id":"https:\/\/folhadems.com.br\/site\/#\/schema\/logo\/image\/"}},{"@type":"Person","@id":"https:\/\/folhadems.com.br\/site\/#\/schema\/person\/e4a04038e5c2e7040e19ef252ae9d940","name":"Elite Midia","image":{"@type":"ImageObject","inLanguage":"pt-BR","@id":"https:\/\/folhadems.com.br\/site\/#\/schema\/person\/image\/","url":"https:\/\/secure.gravatar.com\/avatar\/f76a80f01119f7fec6909ab9feea8819031f391155be021b685479d77496f055?s=96&d=mm&r=g","contentUrl":"https:\/\/secure.gravatar.com\/avatar\/f76a80f01119f7fec6909ab9feea8819031f391155be021b685479d77496f055?s=96&d=mm&r=g","caption":"Elite Midia"},"sameAs":["https:\/\/folhadems.com.br\/site"],"url":"https:\/\/folhadems.com.br\/site\/author\/elite-midia\/"}]}},"publishpress_future_action":{"enabled":false,"date":"2026-05-03 02:54:23","action":"change-status","newStatus":"draft","terms":[],"taxonomy":"category","extraData":[]},"publishpress_future_workflow_manual_trigger":{"enabledWorkflows":[]},"_links":{"self":[{"href":"https:\/\/folhadems.com.br\/site\/wp-json\/wp\/v2\/posts\/3672","targetHints":{"allow":["GET"]}}],"collection":[{"href":"https:\/\/folhadems.com.br\/site\/wp-json\/wp\/v2\/posts"}],"about":[{"href":"https:\/\/folhadems.com.br\/site\/wp-json\/wp\/v2\/types\/post"}],"author":[{"embeddable":true,"href":"https:\/\/folhadems.com.br\/site\/wp-json\/wp\/v2\/users\/1"}],"replies":[{"embeddable":true,"href":"https:\/\/folhadems.com.br\/site\/wp-json\/wp\/v2\/comments?post=3672"}],"version-history":[{"count":1,"href":"https:\/\/folhadems.com.br\/site\/wp-json\/wp\/v2\/posts\/3672\/revisions"}],"predecessor-version":[{"id":3674,"href":"https:\/\/folhadems.com.br\/site\/wp-json\/wp\/v2\/posts\/3672\/revisions\/3674"}],"wp:featuredmedia":[{"embeddable":true,"href":"https:\/\/folhadems.com.br\/site\/wp-json\/wp\/v2\/media\/3673"}],"wp:attachment":[{"href":"https:\/\/folhadems.com.br\/site\/wp-json\/wp\/v2\/media?parent=3672"}],"wp:term":[{"taxonomy":"category","embeddable":true,"href":"https:\/\/folhadems.com.br\/site\/wp-json\/wp\/v2\/categories?post=3672"},{"taxonomy":"post_tag","embeddable":true,"href":"https:\/\/folhadems.com.br\/site\/wp-json\/wp\/v2\/tags?post=3672"}],"curies":[{"name":"wp","href":"https:\/\/api.w.org\/{rel}","templated":true}]}}