{"id":3291,"date":"2023-09-11T08:26:26","date_gmt":"2023-09-11T12:26:26","guid":{"rendered":"https:\/\/folhadems.com.br\/site\/?p=3291"},"modified":"2023-09-11T08:26:28","modified_gmt":"2023-09-11T12:26:28","slug":"ms-da-inicio-a-campanha-de-multivacinacao-para-atualizacao-vacinal-em-criancas-e-adolescentes","status":"publish","type":"post","link":"https:\/\/folhadems.com.br\/site\/2023\/09\/11\/ms-da-inicio-a-campanha-de-multivacinacao-para-atualizacao-vacinal-em-criancas-e-adolescentes\/","title":{"rendered":"MS d\u00e1 in\u00edcio a Campanha de Multivacina\u00e7\u00e3o para atualiza\u00e7\u00e3o vacinal em crian\u00e7as e adolescentes"},"content":{"rendered":"\n<p>O cuidado com a sa\u00fade das crian\u00e7as e adolescentes deve come\u00e7ar na preven\u00e7\u00e3o. Por isso, a SES (Secretaria de Estado de Sa\u00fade) realiza at\u00e9 o dia 23 de setembro a Campanha de Multivacina\u00e7\u00e3o para todas as crian\u00e7as e adolescentes menores de 15 anos de idade.<\/p>\n\n\n\n<p>A campanha, que teve in\u00edcio no s\u00e1bado (9), acontece nos 79 munic\u00edpios de Mato Grosso do Sul e tem como objetivo atualizar a Caderneta de Vacina\u00e7\u00e3o desse grupo. A vacina\u00e7\u00e3o \u00e9 gratuita e disponibilizada pelo SUS (Sistema \u00danico de Sa\u00fade) em todas as unidades de sa\u00fade do Estado.<\/p>\n\n\n\n<p>Para a coordenadora de Imuniza\u00e7\u00e3o da SES, Ana Paula Rezende Goldfinger, \u00e9 importante que os pais, familiares e\/ou respons\u00e1veis levem as crian\u00e7as e adolescentes, menores de 15 anos, at\u00e9 uma Unidade de Sa\u00fade mais pr\u00f3xima para a atualiza\u00e7\u00e3o da Caderneta de Vacina\u00e7\u00e3o.<\/p>\n\n\n\n<p>\u201cEssa campanha vem com uma intensifica\u00e7\u00e3o para crian\u00e7as e adolescentes para realmente resgatarmos e atualizarmos a caderneta vacinal, especificamente desta popula\u00e7\u00e3o. Para isso, \u00e9 essencial que todos compare\u00e7am aos servi\u00e7os de sa\u00fade levando a caderneta de vacina\u00e7\u00e3o, para que os profissionais de sa\u00fade possam avaliar se h\u00e1 alguma vacina que ainda n\u00e3o foi aplicada ou se h\u00e1 doses em atraso\u201d, explica.<\/p>\n\n\n\n<p>Todos os munic\u00edpios do estado j\u00e1 est\u00e3o abastecidos com os imunizantes e a postos para dar in\u00edcio \u00e0 Campanha de Multivacina\u00e7\u00e3o. A campanha \u00e9 uma forma de garantir o controle e elimina\u00e7\u00e3o de doen\u00e7as como a poliomielite, sarampo, rub\u00e9ola, febre amarela e varicela (catapora), e que podem ser prevenidas com a atualiza\u00e7\u00e3o da caderneta de vacina\u00e7\u00e3o.<\/p>\n\n\n\n<p><strong>Dia D<\/strong><\/p>\n\n\n\n<p>No s\u00e1bado (16), acontece o Dia D da Campanha de Multivacina\u00e7\u00e3o nos 79 munic\u00edpios do estado. A mobiliza\u00e7\u00e3o social tem o objetivo de fazer com que a popula\u00e7\u00e3o atualize a caderneta de vacina\u00e7\u00e3o.<\/p>\n\n\n\n<p>Em Campo Grande, o Dia D \u00e9 uma realiza\u00e7\u00e3o da SES em parceria com a Sesau (Secretaria Municipal de Sa\u00fade de Campo Grande) e acontece na Pra\u00e7a Ary Coelho, regi\u00e3o central da Capital, das 8 horas \u00e0s 11 horas.<\/p>\n\n\n\n<p><strong>Confira as vacinas que ser\u00e3o disponibilizadas:<\/strong><\/p>\n\n\n\n<p>Para crian\u00e7as<br>BCG; Hepatite B; Rotav\u00edrus humano (VRH); DTP+Hib+HB (Penta); Pneumoc\u00f3cica 10 valentes; Meningoc\u00f3cica C (conjugada); Febre Amarela (Atenuada); Sarampo, Caxumba, Rub\u00e9ola (SCR); Sarampo, Caxumba, Rub\u00e9ola e Varicela (SCRV); Hepatite A (HA); Difteria, T\u00e9tano, Pertussis (DTP); Difteria, T\u00e9tano (dT); Papilomav\u00edrus humano (HPV); Varicela; Pneumoc\u00f3cica 23-valente (Pncc 23*), vacina indicada para popula\u00e7\u00e3o ind\u00edgena a partir dos cinco anos de idade.<\/p>\n\n\n\n<p>Para adolescentes menores de 15 anos<br>Hepatite B (HB recombinante); Difteria, T\u00e9tano (dT); Febre amarela (Atenuada); Sarampo, Caxumba e Rub\u00e9ola (SCR); Papilomav\u00edrus humano (HPV); Meningoc\u00f3cica ACWY (conjugada); Pneumoc\u00f3cica 23-valente (Pncc 23), vacina indicada para popula\u00e7\u00e3o ind\u00edgena.<\/p>\n\n\n\n<p><em>Kamilla Ratier, Comunica\u00e7\u00e3o SES<\/em><\/p>\n","protected":false},"excerpt":{"rendered":"<p>O cuidado com a sa\u00fade das crian\u00e7as e adolescentes deve come\u00e7ar na preven\u00e7\u00e3o. Por isso, a SES (Secretaria de Estado<\/p>\n","protected":false},"author":1,"featured_media":3292,"comment_status":"open","ping_status":"open","sticky":false,"template":"","format":"standard","meta":{"footnotes":""},"categories":[9],"tags":[],"class_list":["post-3291","post","type-post","status-publish","format-standard","has-post-thumbnail","hentry","category-ciencia-e-saude"],"yoast_head":"<!-- This site is optimized with the Yoast SEO plugin v27.1.1 - https:\/\/yoast.com\/product\/yoast-seo-wordpress\/ -->\n<title>MS d\u00e1 in\u00edcio a Campanha de Multivacina\u00e7\u00e3o para atualiza\u00e7\u00e3o vacinal em crian\u00e7as e adolescentes - Folha de Mato Grosso do Sul<\/title>\n<meta name=\"robots\" content=\"index, follow, max-snippet:-1, max-image-preview:large, max-video-preview:-1\" \/>\n<link rel=\"canonical\" href=\"https:\/\/folhadems.com.br\/site\/2023\/09\/11\/ms-da-inicio-a-campanha-de-multivacinacao-para-atualizacao-vacinal-em-criancas-e-adolescentes\/\" \/>\n<meta property=\"og:locale\" content=\"pt_BR\" \/>\n<meta property=\"og:type\" content=\"article\" \/>\n<meta property=\"og:title\" content=\"MS d\u00e1 in\u00edcio a Campanha de Multivacina\u00e7\u00e3o para atualiza\u00e7\u00e3o vacinal em crian\u00e7as e adolescentes - Folha de Mato Grosso do Sul\" \/>\n<meta property=\"og:description\" content=\"O cuidado com a sa\u00fade das crian\u00e7as e adolescentes deve come\u00e7ar na preven\u00e7\u00e3o. Por isso, a SES (Secretaria de Estado\" \/>\n<meta property=\"og:url\" content=\"https:\/\/folhadems.com.br\/site\/2023\/09\/11\/ms-da-inicio-a-campanha-de-multivacinacao-para-atualizacao-vacinal-em-criancas-e-adolescentes\/\" \/>\n<meta property=\"og:site_name\" content=\"Folha de Mato Grosso do Sul\" \/>\n<meta property=\"article:published_time\" content=\"2023-09-11T12:26:26+00:00\" \/>\n<meta property=\"article:modified_time\" content=\"2023-09-11T12:26:28+00:00\" \/>\n<meta property=\"og:image\" content=\"https:\/\/folhadems.com.br\/site\/wp-content\/uploads\/2023\/09\/vacinacao.jpg\" \/>\n\t<meta property=\"og:image:width\" content=\"800\" \/>\n\t<meta property=\"og:image:height\" content=\"450\" \/>\n\t<meta property=\"og:image:type\" content=\"image\/jpeg\" \/>\n<meta name=\"author\" content=\"Elite Midia\" \/>\n<meta name=\"twitter:card\" content=\"summary_large_image\" \/>\n<meta name=\"twitter:label1\" content=\"Escrito por\" \/>\n\t<meta name=\"twitter:data1\" content=\"Elite Midia\" \/>\n\t<meta name=\"twitter:label2\" content=\"Est. tempo de leitura\" \/>\n\t<meta name=\"twitter:data2\" content=\"2 minutos\" \/>\n<script type=\"application\/ld+json\" class=\"yoast-schema-graph\">{\"@context\":\"https:\/\/schema.org\",\"@graph\":[{\"@type\":\"Article\",\"@id\":\"https:\/\/folhadems.com.br\/site\/2023\/09\/11\/ms-da-inicio-a-campanha-de-multivacinacao-para-atualizacao-vacinal-em-criancas-e-adolescentes\/#article\",\"isPartOf\":{\"@id\":\"https:\/\/folhadems.com.br\/site\/2023\/09\/11\/ms-da-inicio-a-campanha-de-multivacinacao-para-atualizacao-vacinal-em-criancas-e-adolescentes\/\"},\"author\":{\"name\":\"Elite Midia\",\"@id\":\"https:\/\/folhadems.com.br\/site\/#\/schema\/person\/e4a04038e5c2e7040e19ef252ae9d940\"},\"headline\":\"MS d\u00e1 in\u00edcio a Campanha de Multivacina\u00e7\u00e3o para atualiza\u00e7\u00e3o vacinal em crian\u00e7as e adolescentes\",\"datePublished\":\"2023-09-11T12:26:26+00:00\",\"dateModified\":\"2023-09-11T12:26:28+00:00\",\"mainEntityOfPage\":{\"@id\":\"https:\/\/folhadems.com.br\/site\/2023\/09\/11\/ms-da-inicio-a-campanha-de-multivacinacao-para-atualizacao-vacinal-em-criancas-e-adolescentes\/\"},\"wordCount\":501,\"commentCount\":0,\"publisher\":{\"@id\":\"https:\/\/folhadems.com.br\/site\/#organization\"},\"image\":{\"@id\":\"https:\/\/folhadems.com.br\/site\/2023\/09\/11\/ms-da-inicio-a-campanha-de-multivacinacao-para-atualizacao-vacinal-em-criancas-e-adolescentes\/#primaryimage\"},\"thumbnailUrl\":\"https:\/\/folhadems.com.br\/site\/wp-content\/uploads\/2023\/09\/vacinacao.jpg\",\"articleSection\":[\"Ci\u00eancia e Sa\u00fade\"],\"inLanguage\":\"pt-BR\",\"potentialAction\":[{\"@type\":\"CommentAction\",\"name\":\"Comment\",\"target\":[\"https:\/\/folhadems.com.br\/site\/2023\/09\/11\/ms-da-inicio-a-campanha-de-multivacinacao-para-atualizacao-vacinal-em-criancas-e-adolescentes\/#respond\"]}]},{\"@type\":\"WebPage\",\"@id\":\"https:\/\/folhadems.com.br\/site\/2023\/09\/11\/ms-da-inicio-a-campanha-de-multivacinacao-para-atualizacao-vacinal-em-criancas-e-adolescentes\/\",\"url\":\"https:\/\/folhadems.com.br\/site\/2023\/09\/11\/ms-da-inicio-a-campanha-de-multivacinacao-para-atualizacao-vacinal-em-criancas-e-adolescentes\/\",\"name\":\"MS d\u00e1 in\u00edcio a Campanha de Multivacina\u00e7\u00e3o para atualiza\u00e7\u00e3o vacinal em crian\u00e7as e adolescentes - Folha de Mato Grosso do Sul\",\"isPartOf\":{\"@id\":\"https:\/\/folhadems.com.br\/site\/#website\"},\"primaryImageOfPage\":{\"@id\":\"https:\/\/folhadems.com.br\/site\/2023\/09\/11\/ms-da-inicio-a-campanha-de-multivacinacao-para-atualizacao-vacinal-em-criancas-e-adolescentes\/#primaryimage\"},\"image\":{\"@id\":\"https:\/\/folhadems.com.br\/site\/2023\/09\/11\/ms-da-inicio-a-campanha-de-multivacinacao-para-atualizacao-vacinal-em-criancas-e-adolescentes\/#primaryimage\"},\"thumbnailUrl\":\"https:\/\/folhadems.com.br\/site\/wp-content\/uploads\/2023\/09\/vacinacao.jpg\",\"datePublished\":\"2023-09-11T12:26:26+00:00\",\"dateModified\":\"2023-09-11T12:26:28+00:00\",\"breadcrumb\":{\"@id\":\"https:\/\/folhadems.com.br\/site\/2023\/09\/11\/ms-da-inicio-a-campanha-de-multivacinacao-para-atualizacao-vacinal-em-criancas-e-adolescentes\/#breadcrumb\"},\"inLanguage\":\"pt-BR\",\"potentialAction\":[{\"@type\":\"ReadAction\",\"target\":[\"https:\/\/folhadems.com.br\/site\/2023\/09\/11\/ms-da-inicio-a-campanha-de-multivacinacao-para-atualizacao-vacinal-em-criancas-e-adolescentes\/\"]}]},{\"@type\":\"ImageObject\",\"inLanguage\":\"pt-BR\",\"@id\":\"https:\/\/folhadems.com.br\/site\/2023\/09\/11\/ms-da-inicio-a-campanha-de-multivacinacao-para-atualizacao-vacinal-em-criancas-e-adolescentes\/#primaryimage\",\"url\":\"https:\/\/folhadems.com.br\/site\/wp-content\/uploads\/2023\/09\/vacinacao.jpg\",\"contentUrl\":\"https:\/\/folhadems.com.br\/site\/wp-content\/uploads\/2023\/09\/vacinacao.jpg\",\"width\":800,\"height\":450},{\"@type\":\"BreadcrumbList\",\"@id\":\"https:\/\/folhadems.com.br\/site\/2023\/09\/11\/ms-da-inicio-a-campanha-de-multivacinacao-para-atualizacao-vacinal-em-criancas-e-adolescentes\/#breadcrumb\",\"itemListElement\":[{\"@type\":\"ListItem\",\"position\":1,\"name\":\"In\u00edcio\",\"item\":\"https:\/\/folhadems.com.br\/site\/\"},{\"@type\":\"ListItem\",\"position\":2,\"name\":\"MS d\u00e1 in\u00edcio a Campanha de Multivacina\u00e7\u00e3o para atualiza\u00e7\u00e3o vacinal em crian\u00e7as e adolescentes\"}]},{\"@type\":\"WebSite\",\"@id\":\"https:\/\/folhadems.com.br\/site\/#website\",\"url\":\"https:\/\/folhadems.com.br\/site\/\",\"name\":\"Folha de Mato Grosso do Sul\",\"description\":\"Jornal Online\",\"publisher\":{\"@id\":\"https:\/\/folhadems.com.br\/site\/#organization\"},\"potentialAction\":[{\"@type\":\"SearchAction\",\"target\":{\"@type\":\"EntryPoint\",\"urlTemplate\":\"https:\/\/folhadems.com.br\/site\/?s={search_term_string}\"},\"query-input\":{\"@type\":\"PropertyValueSpecification\",\"valueRequired\":true,\"valueName\":\"search_term_string\"}}],\"inLanguage\":\"pt-BR\"},{\"@type\":\"Organization\",\"@id\":\"https:\/\/folhadems.com.br\/site\/#organization\",\"name\":\"Folha de Mato Grosso do Sul\",\"url\":\"https:\/\/folhadems.com.br\/site\/\",\"logo\":{\"@type\":\"ImageObject\",\"inLanguage\":\"pt-BR\",\"@id\":\"https:\/\/folhadems.com.br\/site\/#\/schema\/logo\/image\/\",\"url\":\"https:\/\/folhadems.com.br\/site\/wp-content\/uploads\/2023\/01\/logo-folha-de-ms-380x90-1.jpg\",\"contentUrl\":\"https:\/\/folhadems.com.br\/site\/wp-content\/uploads\/2023\/01\/logo-folha-de-ms-380x90-1.jpg\",\"width\":380,\"height\":90,\"caption\":\"Folha de Mato Grosso do Sul\"},\"image\":{\"@id\":\"https:\/\/folhadems.com.br\/site\/#\/schema\/logo\/image\/\"}},{\"@type\":\"Person\",\"@id\":\"https:\/\/folhadems.com.br\/site\/#\/schema\/person\/e4a04038e5c2e7040e19ef252ae9d940\",\"name\":\"Elite Midia\",\"image\":{\"@type\":\"ImageObject\",\"inLanguage\":\"pt-BR\",\"@id\":\"https:\/\/folhadems.com.br\/site\/#\/schema\/person\/image\/\",\"url\":\"https:\/\/secure.gravatar.com\/avatar\/f76a80f01119f7fec6909ab9feea8819031f391155be021b685479d77496f055?s=96&d=mm&r=g\",\"contentUrl\":\"https:\/\/secure.gravatar.com\/avatar\/f76a80f01119f7fec6909ab9feea8819031f391155be021b685479d77496f055?s=96&d=mm&r=g\",\"caption\":\"Elite Midia\"},\"sameAs\":[\"https:\/\/folhadems.com.br\/site\"],\"url\":\"https:\/\/folhadems.com.br\/site\/author\/elite-midia\/\"}]}<\/script>\n<!-- \/ Yoast SEO plugin. -->","yoast_head_json":{"title":"MS d\u00e1 in\u00edcio a Campanha de Multivacina\u00e7\u00e3o para atualiza\u00e7\u00e3o vacinal em crian\u00e7as e adolescentes - Folha de Mato Grosso do Sul","robots":{"index":"index","follow":"follow","max-snippet":"max-snippet:-1","max-image-preview":"max-image-preview:large","max-video-preview":"max-video-preview:-1"},"canonical":"https:\/\/folhadems.com.br\/site\/2023\/09\/11\/ms-da-inicio-a-campanha-de-multivacinacao-para-atualizacao-vacinal-em-criancas-e-adolescentes\/","og_locale":"pt_BR","og_type":"article","og_title":"MS d\u00e1 in\u00edcio a Campanha de Multivacina\u00e7\u00e3o para atualiza\u00e7\u00e3o vacinal em crian\u00e7as e adolescentes - Folha de Mato Grosso do Sul","og_description":"O cuidado com a sa\u00fade das crian\u00e7as e adolescentes deve come\u00e7ar na preven\u00e7\u00e3o. Por isso, a SES (Secretaria de Estado","og_url":"https:\/\/folhadems.com.br\/site\/2023\/09\/11\/ms-da-inicio-a-campanha-de-multivacinacao-para-atualizacao-vacinal-em-criancas-e-adolescentes\/","og_site_name":"Folha de Mato Grosso do Sul","article_published_time":"2023-09-11T12:26:26+00:00","article_modified_time":"2023-09-11T12:26:28+00:00","og_image":[{"width":800,"height":450,"url":"https:\/\/folhadems.com.br\/site\/wp-content\/uploads\/2023\/09\/vacinacao.jpg","type":"image\/jpeg"}],"author":"Elite Midia","twitter_card":"summary_large_image","twitter_misc":{"Escrito por":"Elite Midia","Est. tempo de leitura":"2 minutos"},"schema":{"@context":"https:\/\/schema.org","@graph":[{"@type":"Article","@id":"https:\/\/folhadems.com.br\/site\/2023\/09\/11\/ms-da-inicio-a-campanha-de-multivacinacao-para-atualizacao-vacinal-em-criancas-e-adolescentes\/#article","isPartOf":{"@id":"https:\/\/folhadems.com.br\/site\/2023\/09\/11\/ms-da-inicio-a-campanha-de-multivacinacao-para-atualizacao-vacinal-em-criancas-e-adolescentes\/"},"author":{"name":"Elite Midia","@id":"https:\/\/folhadems.com.br\/site\/#\/schema\/person\/e4a04038e5c2e7040e19ef252ae9d940"},"headline":"MS d\u00e1 in\u00edcio a Campanha de Multivacina\u00e7\u00e3o para atualiza\u00e7\u00e3o vacinal em crian\u00e7as e adolescentes","datePublished":"2023-09-11T12:26:26+00:00","dateModified":"2023-09-11T12:26:28+00:00","mainEntityOfPage":{"@id":"https:\/\/folhadems.com.br\/site\/2023\/09\/11\/ms-da-inicio-a-campanha-de-multivacinacao-para-atualizacao-vacinal-em-criancas-e-adolescentes\/"},"wordCount":501,"commentCount":0,"publisher":{"@id":"https:\/\/folhadems.com.br\/site\/#organization"},"image":{"@id":"https:\/\/folhadems.com.br\/site\/2023\/09\/11\/ms-da-inicio-a-campanha-de-multivacinacao-para-atualizacao-vacinal-em-criancas-e-adolescentes\/#primaryimage"},"thumbnailUrl":"https:\/\/folhadems.com.br\/site\/wp-content\/uploads\/2023\/09\/vacinacao.jpg","articleSection":["Ci\u00eancia e Sa\u00fade"],"inLanguage":"pt-BR","potentialAction":[{"@type":"CommentAction","name":"Comment","target":["https:\/\/folhadems.com.br\/site\/2023\/09\/11\/ms-da-inicio-a-campanha-de-multivacinacao-para-atualizacao-vacinal-em-criancas-e-adolescentes\/#respond"]}]},{"@type":"WebPage","@id":"https:\/\/folhadems.com.br\/site\/2023\/09\/11\/ms-da-inicio-a-campanha-de-multivacinacao-para-atualizacao-vacinal-em-criancas-e-adolescentes\/","url":"https:\/\/folhadems.com.br\/site\/2023\/09\/11\/ms-da-inicio-a-campanha-de-multivacinacao-para-atualizacao-vacinal-em-criancas-e-adolescentes\/","name":"MS d\u00e1 in\u00edcio a Campanha de Multivacina\u00e7\u00e3o para atualiza\u00e7\u00e3o vacinal em crian\u00e7as e adolescentes - Folha de Mato Grosso do Sul","isPartOf":{"@id":"https:\/\/folhadems.com.br\/site\/#website"},"primaryImageOfPage":{"@id":"https:\/\/folhadems.com.br\/site\/2023\/09\/11\/ms-da-inicio-a-campanha-de-multivacinacao-para-atualizacao-vacinal-em-criancas-e-adolescentes\/#primaryimage"},"image":{"@id":"https:\/\/folhadems.com.br\/site\/2023\/09\/11\/ms-da-inicio-a-campanha-de-multivacinacao-para-atualizacao-vacinal-em-criancas-e-adolescentes\/#primaryimage"},"thumbnailUrl":"https:\/\/folhadems.com.br\/site\/wp-content\/uploads\/2023\/09\/vacinacao.jpg","datePublished":"2023-09-11T12:26:26+00:00","dateModified":"2023-09-11T12:26:28+00:00","breadcrumb":{"@id":"https:\/\/folhadems.com.br\/site\/2023\/09\/11\/ms-da-inicio-a-campanha-de-multivacinacao-para-atualizacao-vacinal-em-criancas-e-adolescentes\/#breadcrumb"},"inLanguage":"pt-BR","potentialAction":[{"@type":"ReadAction","target":["https:\/\/folhadems.com.br\/site\/2023\/09\/11\/ms-da-inicio-a-campanha-de-multivacinacao-para-atualizacao-vacinal-em-criancas-e-adolescentes\/"]}]},{"@type":"ImageObject","inLanguage":"pt-BR","@id":"https:\/\/folhadems.com.br\/site\/2023\/09\/11\/ms-da-inicio-a-campanha-de-multivacinacao-para-atualizacao-vacinal-em-criancas-e-adolescentes\/#primaryimage","url":"https:\/\/folhadems.com.br\/site\/wp-content\/uploads\/2023\/09\/vacinacao.jpg","contentUrl":"https:\/\/folhadems.com.br\/site\/wp-content\/uploads\/2023\/09\/vacinacao.jpg","width":800,"height":450},{"@type":"BreadcrumbList","@id":"https:\/\/folhadems.com.br\/site\/2023\/09\/11\/ms-da-inicio-a-campanha-de-multivacinacao-para-atualizacao-vacinal-em-criancas-e-adolescentes\/#breadcrumb","itemListElement":[{"@type":"ListItem","position":1,"name":"In\u00edcio","item":"https:\/\/folhadems.com.br\/site\/"},{"@type":"ListItem","position":2,"name":"MS d\u00e1 in\u00edcio a Campanha de Multivacina\u00e7\u00e3o para atualiza\u00e7\u00e3o vacinal em crian\u00e7as e adolescentes"}]},{"@type":"WebSite","@id":"https:\/\/folhadems.com.br\/site\/#website","url":"https:\/\/folhadems.com.br\/site\/","name":"Folha de Mato Grosso do Sul","description":"Jornal Online","publisher":{"@id":"https:\/\/folhadems.com.br\/site\/#organization"},"potentialAction":[{"@type":"SearchAction","target":{"@type":"EntryPoint","urlTemplate":"https:\/\/folhadems.com.br\/site\/?s={search_term_string}"},"query-input":{"@type":"PropertyValueSpecification","valueRequired":true,"valueName":"search_term_string"}}],"inLanguage":"pt-BR"},{"@type":"Organization","@id":"https:\/\/folhadems.com.br\/site\/#organization","name":"Folha de Mato Grosso do Sul","url":"https:\/\/folhadems.com.br\/site\/","logo":{"@type":"ImageObject","inLanguage":"pt-BR","@id":"https:\/\/folhadems.com.br\/site\/#\/schema\/logo\/image\/","url":"https:\/\/folhadems.com.br\/site\/wp-content\/uploads\/2023\/01\/logo-folha-de-ms-380x90-1.jpg","contentUrl":"https:\/\/folhadems.com.br\/site\/wp-content\/uploads\/2023\/01\/logo-folha-de-ms-380x90-1.jpg","width":380,"height":90,"caption":"Folha de Mato Grosso do Sul"},"image":{"@id":"https:\/\/folhadems.com.br\/site\/#\/schema\/logo\/image\/"}},{"@type":"Person","@id":"https:\/\/folhadems.com.br\/site\/#\/schema\/person\/e4a04038e5c2e7040e19ef252ae9d940","name":"Elite Midia","image":{"@type":"ImageObject","inLanguage":"pt-BR","@id":"https:\/\/folhadems.com.br\/site\/#\/schema\/person\/image\/","url":"https:\/\/secure.gravatar.com\/avatar\/f76a80f01119f7fec6909ab9feea8819031f391155be021b685479d77496f055?s=96&d=mm&r=g","contentUrl":"https:\/\/secure.gravatar.com\/avatar\/f76a80f01119f7fec6909ab9feea8819031f391155be021b685479d77496f055?s=96&d=mm&r=g","caption":"Elite Midia"},"sameAs":["https:\/\/folhadems.com.br\/site"],"url":"https:\/\/folhadems.com.br\/site\/author\/elite-midia\/"}]}},"publishpress_future_action":{"enabled":false,"date":"2026-05-03 04:36:33","action":"change-status","newStatus":"draft","terms":[],"taxonomy":"category","extraData":[]},"publishpress_future_workflow_manual_trigger":{"enabledWorkflows":[]},"_links":{"self":[{"href":"https:\/\/folhadems.com.br\/site\/wp-json\/wp\/v2\/posts\/3291","targetHints":{"allow":["GET"]}}],"collection":[{"href":"https:\/\/folhadems.com.br\/site\/wp-json\/wp\/v2\/posts"}],"about":[{"href":"https:\/\/folhadems.com.br\/site\/wp-json\/wp\/v2\/types\/post"}],"author":[{"embeddable":true,"href":"https:\/\/folhadems.com.br\/site\/wp-json\/wp\/v2\/users\/1"}],"replies":[{"embeddable":true,"href":"https:\/\/folhadems.com.br\/site\/wp-json\/wp\/v2\/comments?post=3291"}],"version-history":[{"count":1,"href":"https:\/\/folhadems.com.br\/site\/wp-json\/wp\/v2\/posts\/3291\/revisions"}],"predecessor-version":[{"id":3293,"href":"https:\/\/folhadems.com.br\/site\/wp-json\/wp\/v2\/posts\/3291\/revisions\/3293"}],"wp:featuredmedia":[{"embeddable":true,"href":"https:\/\/folhadems.com.br\/site\/wp-json\/wp\/v2\/media\/3292"}],"wp:attachment":[{"href":"https:\/\/folhadems.com.br\/site\/wp-json\/wp\/v2\/media?parent=3291"}],"wp:term":[{"taxonomy":"category","embeddable":true,"href":"https:\/\/folhadems.com.br\/site\/wp-json\/wp\/v2\/categories?post=3291"},{"taxonomy":"post_tag","embeddable":true,"href":"https:\/\/folhadems.com.br\/site\/wp-json\/wp\/v2\/tags?post=3291"}],"curies":[{"name":"wp","href":"https:\/\/api.w.org\/{rel}","templated":true}]}}