{"id":3130,"date":"2023-08-24T16:59:25","date_gmt":"2023-08-24T20:59:25","guid":{"rendered":"https:\/\/folhadems.com.br\/site\/?p=3130"},"modified":"2023-08-24T16:59:27","modified_gmt":"2023-08-24T20:59:27","slug":"senado-aprova-mp-que-aumenta-salario-minimo-e-amplia-isencao-do-ir","status":"publish","type":"post","link":"https:\/\/folhadems.com.br\/site\/2023\/08\/24\/senado-aprova-mp-que-aumenta-salario-minimo-e-amplia-isencao-do-ir\/","title":{"rendered":"Senado aprova MP que aumenta sal\u00e1rio m\u00ednimo e amplia isen\u00e7\u00e3o do IR"},"content":{"rendered":"\n<p><div class=\"container\" dir=\"ltr\" lang=\"pt-br\"><div class=\"content\">         <div class=\"moz-reader-content reader-show-element\"><div id=\"readability-page-1\" class=\"page\"><div>                                                               <p>O  plen\u00e1rio do Senado aprovou nesta quinta-feira (24), em vota\u00e7\u00e3o  simb\u00f3lica, a Medida Provis\u00f3ria (MP) 1.172\/23 que aumenta o sal\u00e1rio  m\u00ednimo de R$ 1.302 para R$ 1.320 e amplia a isen\u00e7\u00e3o da tabela do Imposto  sobre a Renda das Pessoas F\u00edsicas (IRPF). Agora, o texto segue para  san\u00e7\u00e3o presidencial.<img decoding=\"async\" src=\"https:\/\/agenciabrasil.ebc.com.br\/ebc.png?id=1550879&amp;o=node\"><img decoding=\"async\" src=\"https:\/\/agenciabrasil.ebc.com.br\/ebc.gif?id=1550879&amp;o=node\"><\/p> <p>O reajuste do sal\u00e1rio m\u00ednimo j\u00e1 estava valendo desde o dia 1\u00ba de  maio, quando o presidente Luiz\u00a0In\u00e1cio Lula da Silva assinou a MP. Foi  inclu\u00edda ainda nesse texto a amplia\u00e7\u00e3o da isen\u00e7\u00e3o do IRPF. Quem ganha  at\u00e9 R$ 2.640 ao m\u00eas n\u00e3o ter\u00e1 que pagar imposto de renda.\u00a0 At\u00e9 ent\u00e3o, a  isen\u00e7\u00e3o era para quem recebe at\u00e9 R$ 1.903,98 mensais.\u00a0<\/p> <p>Um destaque do l\u00edder da oposi\u00e7\u00e3o senador Rog\u00e9rio Marinho (PL-RN)  queria retirar do texto o artigo que define que a pol\u00edtica de  valoriza\u00e7\u00e3o real do sal\u00e1rio m\u00ednimo seja permanente.<\/p> <p>O relator da mat\u00e9ria senador Jaques Wagner (PT-BA) rebateu que \u201ctodos  os anos com ganho real implica um volume maior de dinheiro no bolso do  trabalhador e, portanto, movimenta mais o com\u00e9rcio, movimenta mais a  economia brasileira, trazendo prosperidade para todas as fam\u00edlias\u201d.<\/p> <p>Ap\u00f3s o debate, o senador Marinho retirou o destaque da pauta reconhecendo que n\u00e3o haveria maioria para mudar o texto.<\/p> <p>Segundo a MP aprovada, a valoriza\u00e7\u00e3o do sal\u00e1rio m\u00ednimo ser\u00e1 a soma do  \u00edndice da infla\u00e7\u00e3o do ano anterior com o \u00edndice do crescimento real do  Produto Interno Bruto (PIB &#8211; soma de todos os bens e servi\u00e7os finais  produzidos numa determinada regi\u00e3o) de dois anos anteriores.<\/p>         <\/div><\/div><\/div><em> Fonte: Ag\u00eancia Brasil      <\/em><\/div><\/div><\/p>\n","protected":false},"excerpt":{"rendered":"<p>O plen\u00e1rio do Senado aprovou nesta quinta-feira (24), em vota\u00e7\u00e3o simb\u00f3lica, a Medida Provis\u00f3ria (MP) 1.172\/23 que aumenta o sal\u00e1rio<\/p>\n","protected":false},"author":1,"featured_media":3131,"comment_status":"open","ping_status":"open","sticky":false,"template":"","format":"standard","meta":{"footnotes":""},"categories":[4],"tags":[],"class_list":["post-3130","post","type-post","status-publish","format-standard","has-post-thumbnail","hentry","category-politica"],"yoast_head":"<!-- This site is optimized with the Yoast SEO plugin v27.1.1 - https:\/\/yoast.com\/product\/yoast-seo-wordpress\/ -->\n<title>Senado aprova MP que aumenta sal\u00e1rio m\u00ednimo e amplia isen\u00e7\u00e3o do IR - Folha de Mato Grosso do Sul<\/title>\n<meta name=\"robots\" content=\"index, follow, max-snippet:-1, max-image-preview:large, max-video-preview:-1\" \/>\n<link rel=\"canonical\" href=\"https:\/\/folhadems.com.br\/site\/2023\/08\/24\/senado-aprova-mp-que-aumenta-salario-minimo-e-amplia-isencao-do-ir\/\" \/>\n<meta property=\"og:locale\" content=\"pt_BR\" \/>\n<meta property=\"og:type\" content=\"article\" \/>\n<meta property=\"og:title\" content=\"Senado aprova MP que aumenta sal\u00e1rio m\u00ednimo e amplia isen\u00e7\u00e3o do IR - Folha de Mato Grosso do Sul\" \/>\n<meta property=\"og:description\" content=\"O plen\u00e1rio do Senado aprovou nesta quinta-feira (24), em vota\u00e7\u00e3o simb\u00f3lica, a Medida Provis\u00f3ria (MP) 1.172\/23 que aumenta o sal\u00e1rio\" \/>\n<meta property=\"og:url\" content=\"https:\/\/folhadems.com.br\/site\/2023\/08\/24\/senado-aprova-mp-que-aumenta-salario-minimo-e-amplia-isencao-do-ir\/\" \/>\n<meta property=\"og:site_name\" content=\"Folha de Mato Grosso do Sul\" \/>\n<meta property=\"article:published_time\" content=\"2023-08-24T20:59:25+00:00\" \/>\n<meta property=\"article:modified_time\" content=\"2023-08-24T20:59:27+00:00\" \/>\n<meta property=\"og:image\" content=\"https:\/\/folhadems.com.br\/site\/wp-content\/uploads\/2023\/08\/senado.jpg\" \/>\n\t<meta property=\"og:image:width\" content=\"1170\" \/>\n\t<meta property=\"og:image:height\" content=\"700\" \/>\n\t<meta property=\"og:image:type\" content=\"image\/jpeg\" \/>\n<meta name=\"author\" content=\"Elite Midia\" \/>\n<meta name=\"twitter:card\" content=\"summary_large_image\" \/>\n<meta name=\"twitter:label1\" content=\"Escrito por\" \/>\n\t<meta name=\"twitter:data1\" content=\"Elite Midia\" \/>\n\t<meta name=\"twitter:label2\" content=\"Est. tempo de leitura\" \/>\n\t<meta name=\"twitter:data2\" content=\"1 minuto\" \/>\n<script type=\"application\/ld+json\" class=\"yoast-schema-graph\">{\"@context\":\"https:\/\/schema.org\",\"@graph\":[{\"@type\":\"Article\",\"@id\":\"https:\/\/folhadems.com.br\/site\/2023\/08\/24\/senado-aprova-mp-que-aumenta-salario-minimo-e-amplia-isencao-do-ir\/#article\",\"isPartOf\":{\"@id\":\"https:\/\/folhadems.com.br\/site\/2023\/08\/24\/senado-aprova-mp-que-aumenta-salario-minimo-e-amplia-isencao-do-ir\/\"},\"author\":{\"name\":\"Elite Midia\",\"@id\":\"https:\/\/folhadems.com.br\/site\/#\/schema\/person\/e4a04038e5c2e7040e19ef252ae9d940\"},\"headline\":\"Senado aprova MP que aumenta sal\u00e1rio m\u00ednimo e amplia isen\u00e7\u00e3o do IR\",\"datePublished\":\"2023-08-24T20:59:25+00:00\",\"dateModified\":\"2023-08-24T20:59:27+00:00\",\"mainEntityOfPage\":{\"@id\":\"https:\/\/folhadems.com.br\/site\/2023\/08\/24\/senado-aprova-mp-que-aumenta-salario-minimo-e-amplia-isencao-do-ir\/\"},\"wordCount\":299,\"commentCount\":0,\"publisher\":{\"@id\":\"https:\/\/folhadems.com.br\/site\/#organization\"},\"image\":{\"@id\":\"https:\/\/folhadems.com.br\/site\/2023\/08\/24\/senado-aprova-mp-que-aumenta-salario-minimo-e-amplia-isencao-do-ir\/#primaryimage\"},\"thumbnailUrl\":\"https:\/\/folhadems.com.br\/site\/wp-content\/uploads\/2023\/08\/senado.jpg\",\"articleSection\":[\"Pol\u00edtica\"],\"inLanguage\":\"pt-BR\",\"potentialAction\":[{\"@type\":\"CommentAction\",\"name\":\"Comment\",\"target\":[\"https:\/\/folhadems.com.br\/site\/2023\/08\/24\/senado-aprova-mp-que-aumenta-salario-minimo-e-amplia-isencao-do-ir\/#respond\"]}]},{\"@type\":\"WebPage\",\"@id\":\"https:\/\/folhadems.com.br\/site\/2023\/08\/24\/senado-aprova-mp-que-aumenta-salario-minimo-e-amplia-isencao-do-ir\/\",\"url\":\"https:\/\/folhadems.com.br\/site\/2023\/08\/24\/senado-aprova-mp-que-aumenta-salario-minimo-e-amplia-isencao-do-ir\/\",\"name\":\"Senado aprova MP que aumenta sal\u00e1rio m\u00ednimo e amplia isen\u00e7\u00e3o do IR - Folha de Mato Grosso do Sul\",\"isPartOf\":{\"@id\":\"https:\/\/folhadems.com.br\/site\/#website\"},\"primaryImageOfPage\":{\"@id\":\"https:\/\/folhadems.com.br\/site\/2023\/08\/24\/senado-aprova-mp-que-aumenta-salario-minimo-e-amplia-isencao-do-ir\/#primaryimage\"},\"image\":{\"@id\":\"https:\/\/folhadems.com.br\/site\/2023\/08\/24\/senado-aprova-mp-que-aumenta-salario-minimo-e-amplia-isencao-do-ir\/#primaryimage\"},\"thumbnailUrl\":\"https:\/\/folhadems.com.br\/site\/wp-content\/uploads\/2023\/08\/senado.jpg\",\"datePublished\":\"2023-08-24T20:59:25+00:00\",\"dateModified\":\"2023-08-24T20:59:27+00:00\",\"breadcrumb\":{\"@id\":\"https:\/\/folhadems.com.br\/site\/2023\/08\/24\/senado-aprova-mp-que-aumenta-salario-minimo-e-amplia-isencao-do-ir\/#breadcrumb\"},\"inLanguage\":\"pt-BR\",\"potentialAction\":[{\"@type\":\"ReadAction\",\"target\":[\"https:\/\/folhadems.com.br\/site\/2023\/08\/24\/senado-aprova-mp-que-aumenta-salario-minimo-e-amplia-isencao-do-ir\/\"]}]},{\"@type\":\"ImageObject\",\"inLanguage\":\"pt-BR\",\"@id\":\"https:\/\/folhadems.com.br\/site\/2023\/08\/24\/senado-aprova-mp-que-aumenta-salario-minimo-e-amplia-isencao-do-ir\/#primaryimage\",\"url\":\"https:\/\/folhadems.com.br\/site\/wp-content\/uploads\/2023\/08\/senado.jpg\",\"contentUrl\":\"https:\/\/folhadems.com.br\/site\/wp-content\/uploads\/2023\/08\/senado.jpg\",\"width\":1170,\"height\":700},{\"@type\":\"BreadcrumbList\",\"@id\":\"https:\/\/folhadems.com.br\/site\/2023\/08\/24\/senado-aprova-mp-que-aumenta-salario-minimo-e-amplia-isencao-do-ir\/#breadcrumb\",\"itemListElement\":[{\"@type\":\"ListItem\",\"position\":1,\"name\":\"In\u00edcio\",\"item\":\"https:\/\/folhadems.com.br\/site\/\"},{\"@type\":\"ListItem\",\"position\":2,\"name\":\"Senado aprova MP que aumenta sal\u00e1rio m\u00ednimo e amplia isen\u00e7\u00e3o do IR\"}]},{\"@type\":\"WebSite\",\"@id\":\"https:\/\/folhadems.com.br\/site\/#website\",\"url\":\"https:\/\/folhadems.com.br\/site\/\",\"name\":\"Folha de Mato Grosso do Sul\",\"description\":\"Jornal Online\",\"publisher\":{\"@id\":\"https:\/\/folhadems.com.br\/site\/#organization\"},\"potentialAction\":[{\"@type\":\"SearchAction\",\"target\":{\"@type\":\"EntryPoint\",\"urlTemplate\":\"https:\/\/folhadems.com.br\/site\/?s={search_term_string}\"},\"query-input\":{\"@type\":\"PropertyValueSpecification\",\"valueRequired\":true,\"valueName\":\"search_term_string\"}}],\"inLanguage\":\"pt-BR\"},{\"@type\":\"Organization\",\"@id\":\"https:\/\/folhadems.com.br\/site\/#organization\",\"name\":\"Folha de Mato Grosso do Sul\",\"url\":\"https:\/\/folhadems.com.br\/site\/\",\"logo\":{\"@type\":\"ImageObject\",\"inLanguage\":\"pt-BR\",\"@id\":\"https:\/\/folhadems.com.br\/site\/#\/schema\/logo\/image\/\",\"url\":\"https:\/\/folhadems.com.br\/site\/wp-content\/uploads\/2023\/01\/logo-folha-de-ms-380x90-1.jpg\",\"contentUrl\":\"https:\/\/folhadems.com.br\/site\/wp-content\/uploads\/2023\/01\/logo-folha-de-ms-380x90-1.jpg\",\"width\":380,\"height\":90,\"caption\":\"Folha de Mato Grosso do Sul\"},\"image\":{\"@id\":\"https:\/\/folhadems.com.br\/site\/#\/schema\/logo\/image\/\"}},{\"@type\":\"Person\",\"@id\":\"https:\/\/folhadems.com.br\/site\/#\/schema\/person\/e4a04038e5c2e7040e19ef252ae9d940\",\"name\":\"Elite Midia\",\"image\":{\"@type\":\"ImageObject\",\"inLanguage\":\"pt-BR\",\"@id\":\"https:\/\/folhadems.com.br\/site\/#\/schema\/person\/image\/\",\"url\":\"https:\/\/secure.gravatar.com\/avatar\/f76a80f01119f7fec6909ab9feea8819031f391155be021b685479d77496f055?s=96&d=mm&r=g\",\"contentUrl\":\"https:\/\/secure.gravatar.com\/avatar\/f76a80f01119f7fec6909ab9feea8819031f391155be021b685479d77496f055?s=96&d=mm&r=g\",\"caption\":\"Elite Midia\"},\"sameAs\":[\"https:\/\/folhadems.com.br\/site\"],\"url\":\"https:\/\/folhadems.com.br\/site\/author\/elite-midia\/\"}]}<\/script>\n<!-- \/ Yoast SEO plugin. -->","yoast_head_json":{"title":"Senado aprova MP que aumenta sal\u00e1rio m\u00ednimo e amplia isen\u00e7\u00e3o do IR - Folha de Mato Grosso do Sul","robots":{"index":"index","follow":"follow","max-snippet":"max-snippet:-1","max-image-preview":"max-image-preview:large","max-video-preview":"max-video-preview:-1"},"canonical":"https:\/\/folhadems.com.br\/site\/2023\/08\/24\/senado-aprova-mp-que-aumenta-salario-minimo-e-amplia-isencao-do-ir\/","og_locale":"pt_BR","og_type":"article","og_title":"Senado aprova MP que aumenta sal\u00e1rio m\u00ednimo e amplia isen\u00e7\u00e3o do IR - Folha de Mato Grosso do Sul","og_description":"O plen\u00e1rio do Senado aprovou nesta quinta-feira (24), em vota\u00e7\u00e3o simb\u00f3lica, a Medida Provis\u00f3ria (MP) 1.172\/23 que aumenta o sal\u00e1rio","og_url":"https:\/\/folhadems.com.br\/site\/2023\/08\/24\/senado-aprova-mp-que-aumenta-salario-minimo-e-amplia-isencao-do-ir\/","og_site_name":"Folha de Mato Grosso do Sul","article_published_time":"2023-08-24T20:59:25+00:00","article_modified_time":"2023-08-24T20:59:27+00:00","og_image":[{"width":1170,"height":700,"url":"https:\/\/folhadems.com.br\/site\/wp-content\/uploads\/2023\/08\/senado.jpg","type":"image\/jpeg"}],"author":"Elite Midia","twitter_card":"summary_large_image","twitter_misc":{"Escrito por":"Elite Midia","Est. tempo de leitura":"1 minuto"},"schema":{"@context":"https:\/\/schema.org","@graph":[{"@type":"Article","@id":"https:\/\/folhadems.com.br\/site\/2023\/08\/24\/senado-aprova-mp-que-aumenta-salario-minimo-e-amplia-isencao-do-ir\/#article","isPartOf":{"@id":"https:\/\/folhadems.com.br\/site\/2023\/08\/24\/senado-aprova-mp-que-aumenta-salario-minimo-e-amplia-isencao-do-ir\/"},"author":{"name":"Elite Midia","@id":"https:\/\/folhadems.com.br\/site\/#\/schema\/person\/e4a04038e5c2e7040e19ef252ae9d940"},"headline":"Senado aprova MP que aumenta sal\u00e1rio m\u00ednimo e amplia isen\u00e7\u00e3o do IR","datePublished":"2023-08-24T20:59:25+00:00","dateModified":"2023-08-24T20:59:27+00:00","mainEntityOfPage":{"@id":"https:\/\/folhadems.com.br\/site\/2023\/08\/24\/senado-aprova-mp-que-aumenta-salario-minimo-e-amplia-isencao-do-ir\/"},"wordCount":299,"commentCount":0,"publisher":{"@id":"https:\/\/folhadems.com.br\/site\/#organization"},"image":{"@id":"https:\/\/folhadems.com.br\/site\/2023\/08\/24\/senado-aprova-mp-que-aumenta-salario-minimo-e-amplia-isencao-do-ir\/#primaryimage"},"thumbnailUrl":"https:\/\/folhadems.com.br\/site\/wp-content\/uploads\/2023\/08\/senado.jpg","articleSection":["Pol\u00edtica"],"inLanguage":"pt-BR","potentialAction":[{"@type":"CommentAction","name":"Comment","target":["https:\/\/folhadems.com.br\/site\/2023\/08\/24\/senado-aprova-mp-que-aumenta-salario-minimo-e-amplia-isencao-do-ir\/#respond"]}]},{"@type":"WebPage","@id":"https:\/\/folhadems.com.br\/site\/2023\/08\/24\/senado-aprova-mp-que-aumenta-salario-minimo-e-amplia-isencao-do-ir\/","url":"https:\/\/folhadems.com.br\/site\/2023\/08\/24\/senado-aprova-mp-que-aumenta-salario-minimo-e-amplia-isencao-do-ir\/","name":"Senado aprova MP que aumenta sal\u00e1rio m\u00ednimo e amplia isen\u00e7\u00e3o do IR - Folha de Mato Grosso do Sul","isPartOf":{"@id":"https:\/\/folhadems.com.br\/site\/#website"},"primaryImageOfPage":{"@id":"https:\/\/folhadems.com.br\/site\/2023\/08\/24\/senado-aprova-mp-que-aumenta-salario-minimo-e-amplia-isencao-do-ir\/#primaryimage"},"image":{"@id":"https:\/\/folhadems.com.br\/site\/2023\/08\/24\/senado-aprova-mp-que-aumenta-salario-minimo-e-amplia-isencao-do-ir\/#primaryimage"},"thumbnailUrl":"https:\/\/folhadems.com.br\/site\/wp-content\/uploads\/2023\/08\/senado.jpg","datePublished":"2023-08-24T20:59:25+00:00","dateModified":"2023-08-24T20:59:27+00:00","breadcrumb":{"@id":"https:\/\/folhadems.com.br\/site\/2023\/08\/24\/senado-aprova-mp-que-aumenta-salario-minimo-e-amplia-isencao-do-ir\/#breadcrumb"},"inLanguage":"pt-BR","potentialAction":[{"@type":"ReadAction","target":["https:\/\/folhadems.com.br\/site\/2023\/08\/24\/senado-aprova-mp-que-aumenta-salario-minimo-e-amplia-isencao-do-ir\/"]}]},{"@type":"ImageObject","inLanguage":"pt-BR","@id":"https:\/\/folhadems.com.br\/site\/2023\/08\/24\/senado-aprova-mp-que-aumenta-salario-minimo-e-amplia-isencao-do-ir\/#primaryimage","url":"https:\/\/folhadems.com.br\/site\/wp-content\/uploads\/2023\/08\/senado.jpg","contentUrl":"https:\/\/folhadems.com.br\/site\/wp-content\/uploads\/2023\/08\/senado.jpg","width":1170,"height":700},{"@type":"BreadcrumbList","@id":"https:\/\/folhadems.com.br\/site\/2023\/08\/24\/senado-aprova-mp-que-aumenta-salario-minimo-e-amplia-isencao-do-ir\/#breadcrumb","itemListElement":[{"@type":"ListItem","position":1,"name":"In\u00edcio","item":"https:\/\/folhadems.com.br\/site\/"},{"@type":"ListItem","position":2,"name":"Senado aprova MP que aumenta sal\u00e1rio m\u00ednimo e amplia isen\u00e7\u00e3o do IR"}]},{"@type":"WebSite","@id":"https:\/\/folhadems.com.br\/site\/#website","url":"https:\/\/folhadems.com.br\/site\/","name":"Folha de Mato Grosso do Sul","description":"Jornal Online","publisher":{"@id":"https:\/\/folhadems.com.br\/site\/#organization"},"potentialAction":[{"@type":"SearchAction","target":{"@type":"EntryPoint","urlTemplate":"https:\/\/folhadems.com.br\/site\/?s={search_term_string}"},"query-input":{"@type":"PropertyValueSpecification","valueRequired":true,"valueName":"search_term_string"}}],"inLanguage":"pt-BR"},{"@type":"Organization","@id":"https:\/\/folhadems.com.br\/site\/#organization","name":"Folha de Mato Grosso do Sul","url":"https:\/\/folhadems.com.br\/site\/","logo":{"@type":"ImageObject","inLanguage":"pt-BR","@id":"https:\/\/folhadems.com.br\/site\/#\/schema\/logo\/image\/","url":"https:\/\/folhadems.com.br\/site\/wp-content\/uploads\/2023\/01\/logo-folha-de-ms-380x90-1.jpg","contentUrl":"https:\/\/folhadems.com.br\/site\/wp-content\/uploads\/2023\/01\/logo-folha-de-ms-380x90-1.jpg","width":380,"height":90,"caption":"Folha de Mato Grosso do Sul"},"image":{"@id":"https:\/\/folhadems.com.br\/site\/#\/schema\/logo\/image\/"}},{"@type":"Person","@id":"https:\/\/folhadems.com.br\/site\/#\/schema\/person\/e4a04038e5c2e7040e19ef252ae9d940","name":"Elite Midia","image":{"@type":"ImageObject","inLanguage":"pt-BR","@id":"https:\/\/folhadems.com.br\/site\/#\/schema\/person\/image\/","url":"https:\/\/secure.gravatar.com\/avatar\/f76a80f01119f7fec6909ab9feea8819031f391155be021b685479d77496f055?s=96&d=mm&r=g","contentUrl":"https:\/\/secure.gravatar.com\/avatar\/f76a80f01119f7fec6909ab9feea8819031f391155be021b685479d77496f055?s=96&d=mm&r=g","caption":"Elite Midia"},"sameAs":["https:\/\/folhadems.com.br\/site"],"url":"https:\/\/folhadems.com.br\/site\/author\/elite-midia\/"}]}},"publishpress_future_action":{"enabled":false,"date":"2026-05-02 04:25:09","action":"change-status","newStatus":"draft","terms":[],"taxonomy":"category","extraData":[]},"publishpress_future_workflow_manual_trigger":{"enabledWorkflows":[]},"_links":{"self":[{"href":"https:\/\/folhadems.com.br\/site\/wp-json\/wp\/v2\/posts\/3130","targetHints":{"allow":["GET"]}}],"collection":[{"href":"https:\/\/folhadems.com.br\/site\/wp-json\/wp\/v2\/posts"}],"about":[{"href":"https:\/\/folhadems.com.br\/site\/wp-json\/wp\/v2\/types\/post"}],"author":[{"embeddable":true,"href":"https:\/\/folhadems.com.br\/site\/wp-json\/wp\/v2\/users\/1"}],"replies":[{"embeddable":true,"href":"https:\/\/folhadems.com.br\/site\/wp-json\/wp\/v2\/comments?post=3130"}],"version-history":[{"count":1,"href":"https:\/\/folhadems.com.br\/site\/wp-json\/wp\/v2\/posts\/3130\/revisions"}],"predecessor-version":[{"id":3132,"href":"https:\/\/folhadems.com.br\/site\/wp-json\/wp\/v2\/posts\/3130\/revisions\/3132"}],"wp:featuredmedia":[{"embeddable":true,"href":"https:\/\/folhadems.com.br\/site\/wp-json\/wp\/v2\/media\/3131"}],"wp:attachment":[{"href":"https:\/\/folhadems.com.br\/site\/wp-json\/wp\/v2\/media?parent=3130"}],"wp:term":[{"taxonomy":"category","embeddable":true,"href":"https:\/\/folhadems.com.br\/site\/wp-json\/wp\/v2\/categories?post=3130"},{"taxonomy":"post_tag","embeddable":true,"href":"https:\/\/folhadems.com.br\/site\/wp-json\/wp\/v2\/tags?post=3130"}],"curies":[{"name":"wp","href":"https:\/\/api.w.org\/{rel}","templated":true}]}}