{"id":2245,"date":"2023-06-15T15:32:25","date_gmt":"2023-06-15T19:32:25","guid":{"rendered":"https:\/\/folhadems.com.br\/site\/?p=2245"},"modified":"2023-06-15T15:32:27","modified_gmt":"2023-06-15T19:32:27","slug":"prefeitura-alerta-para-cuidado-extra-com-pets-devido-ao-frio","status":"publish","type":"post","link":"https:\/\/folhadems.com.br\/site\/2023\/06\/15\/prefeitura-alerta-para-cuidado-extra-com-pets-devido-ao-frio\/","title":{"rendered":"Prefeitura alerta para cuidado extra com pets devido ao frio"},"content":{"rendered":"\n<p>A Prefeitura de Campo Grande alerta para a necessidade de cuidados extras com os animais de estima\u00e7\u00e3o devido \u00e0 previs\u00e3o de frio intenso nos pr\u00f3ximos dias. A aten\u00e7\u00e3o aos pets dom\u00e9sticos envolve alimenta\u00e7\u00e3o, cuidados de sa\u00fade, higiene e uso de roupas especiais.<\/p>\n\n\n\n<p>Para dar suporte \u00e0 comunidade, a Subsecretaria do Bem-Estar Animal (Subea) conta com tr\u00eas consult\u00f3rios veterin\u00e1rios gratuitos, com capacidade de atendimento para 30 animais, sendo 15 no per\u00edodo da manh\u00e3 (8h \u00e0s 10h30) e 15 no per\u00edodo da tarde (13h30 \u00e0s 16h30). Os atendimentos ocorrem \u00e0s segundas, ter\u00e7as, quintas e sextas-feiras. \u00c0s quartas, a equipe realiza visitas in loco a ONGs e protetores independentes.<\/p>\n\n\n\n<figure class=\"wp-block-image\"><img decoding=\"async\" src=\"https:\/\/prefcg-repositorio.campogrande.ms.gov.br\/wp-cdn\/uploads\/sites\/3\/2023\/06\/230524_CASTRACAO-SUBEA_DG-2-scaled.jpg\" alt=\"\" class=\"wp-image-98371\"\/><\/figure>\n\n\n\n<p>\u201cA secret\u00e1ria tamb\u00e9m conta com a Campanha do Agasalho Pet, que arrecada mantas, toalhas ou roupas pet\u00b4s para doar para ONGs, protetores independentes e pessoas em vulnerabilidade social que possui animais\u201d, aponta Ana Luiza Louren\u00e7o de Oliveira Lima, subsecret\u00e1ria da Subea.<\/p>\n\n\n\n<p>Ainda segundo Ana Luiza, a ado\u00e7\u00e3o \u00e9 a melhor forma de diminuir a quantidade de animais abandonados. Al\u00e9m de ganhar um fiel companheiro que te retribuir\u00e1 com muito amor. \u201cCaso voc\u00ea n\u00e3o possa adotar um animal, ofere\u00e7a seu lar pelo menos como tempor\u00e1rio at\u00e9 encontrar um dono para ele. As redes sociais ajudam muito nesse quesito, principalmente em grupos voltados para ado\u00e7\u00e3o. Animais mais novos e idosos, dificilmente sobrevivem no frio, logo, um lar quentinho \u00e9 a melhor op\u00e7\u00e3o para eles\u201d, explica.<\/p>\n\n\n\n<p>Em Campo Grande, h\u00e1 ONGs e protetores independentes que auxiliam alguns desses animais. Nessa \u00e9poca do ano, os custos com esses animais aumentam e a grande maioria vive com doa\u00e7\u00f5es e trabalho volunt\u00e1rio. Se puder ajudar com tempo, mantimentos ou cobertores, os animais agradecem.<\/p>\n\n\n\n<p>Animais de pelo m\u00e9dio ou longo, resistem mais ao frio e n\u00e3o necessitam de vestimentas pesadas. Mas se o tutor achar importante, deve estar atento ao embolamento dos pelos que podem provocar les\u00f5es de pele e prurido. Mas as ra\u00e7as de pelo curto, como pinscher, chihuahua e dachshund, sentem mais frio. Os gatos, geralmente, n\u00e3o se adaptam bem com roupinhas. Al\u00e9m disso, c\u00e3es e gatos, mesmo aqueles habituados ao uso de vestimentas de algod\u00e3o, podem ser al\u00e9rgicos \u00e0 l\u00e3 ou tecidos sint\u00e9ticos.<\/p>\n\n\n\n<p>Doen\u00e7as de inverno \u2013 Animais tamb\u00e9m podem enfrentar problemas de gripe. Em caso de temperatura corp\u00f3rea do c\u00e3o ou gato mais elevada, esta deve ser aferida com o uso de term\u00f4metros locais adequados e n\u00e3o pelo nariz como muitos tentam. O animal com febre fica abatido, diminui a alimenta\u00e7\u00e3o e deve ser encaminhado para consulta.<\/p>\n\n\n\n<p>Medica\u00e7\u00e3o \u2013 Nunca utilizar qualquer tipo de subst\u00e2ncias anti-inflamat\u00f3rias que podem provocar o \u00f3bito da mascote, v\u00edtima de perfura\u00e7\u00e3o g\u00e1strica. Os felinos, por exemplo, s\u00e3o intolerantes a medica\u00e7\u00f5es como o paracetamol. A baixa nutri\u00e7\u00e3o e imunidade tamb\u00e9m contribuem para o aumento do \u00edndice de infec\u00e7\u00f5es. Ent\u00e3o, qualquer tratamento deve ser indicado ap\u00f3s avalia\u00e7\u00e3o de um m\u00e9dico veterin\u00e1rio.<\/p>\n\n\n\n<figure class=\"wp-block-image\"><img decoding=\"async\" src=\"https:\/\/prefcg-repositorio.campogrande.ms.gov.br\/wp-cdn\/uploads\/sites\/3\/2023\/06\/230524_CASTRACAO-SUBEA_DG-22-scaled.jpg\" alt=\"\" class=\"wp-image-98372\"\/><\/figure>\n\n\n\n<p>Alimenta\u00e7\u00e3o \u2013 A quantidade e o tipo de ra\u00e7\u00e3o oferecida aos animais deve ser a mesma nas quatro esta\u00e7\u00f5es do ano e os passeios di\u00e1rios, preferencialmente, em hor\u00e1rios de sol, com os devidos cuidados impostos pelo distanciamento em fun\u00e7\u00e3o do novo coronav\u00edrus.<\/p>\n\n\n\n<p>Higiene \u2013 Quando for necess\u00e1rio um banho, secar bem o animal, ap\u00f3s uma ducha que deve ser de \u00e1gua morna, afastando a possibilidade de fungos na pele e doen\u00e7as como otite. E durante a lavagem, o indicado \u00e9 a utiliza\u00e7\u00e3o de produtos leves como o sab\u00e3o de coco ou glicerina.<\/p>\n\n\n\n<p>Mais informa\u00e7\u00f5es, ligue 2020-1397.<\/p>\n\n\n\n<p><em><strong>Fonte: CG Not\u00edcias<\/strong><\/em><\/p>\n","protected":false},"excerpt":{"rendered":"<p>A Prefeitura de Campo Grande alerta para a necessidade de cuidados extras com os animais de estima\u00e7\u00e3o devido \u00e0 previs\u00e3o<\/p>\n","protected":false},"author":1,"featured_media":2246,"comment_status":"open","ping_status":"open","sticky":false,"template":"","format":"standard","meta":{"footnotes":""},"categories":[7],"tags":[],"class_list":["post-2245","post","type-post","status-publish","format-standard","has-post-thumbnail","hentry","category-geral-brasil"],"yoast_head":"<!-- This site is optimized with the Yoast SEO plugin v27.1.1 - https:\/\/yoast.com\/product\/yoast-seo-wordpress\/ -->\n<title>Prefeitura alerta para cuidado extra com pets devido ao frio - Folha de Mato Grosso do Sul<\/title>\n<meta name=\"robots\" content=\"index, follow, max-snippet:-1, max-image-preview:large, max-video-preview:-1\" \/>\n<link rel=\"canonical\" href=\"https:\/\/folhadems.com.br\/site\/2023\/06\/15\/prefeitura-alerta-para-cuidado-extra-com-pets-devido-ao-frio\/\" \/>\n<meta property=\"og:locale\" content=\"pt_BR\" \/>\n<meta property=\"og:type\" content=\"article\" \/>\n<meta property=\"og:title\" content=\"Prefeitura alerta para cuidado extra com pets devido ao frio - Folha de Mato Grosso do Sul\" \/>\n<meta property=\"og:description\" content=\"A Prefeitura de Campo Grande alerta para a necessidade de cuidados extras com os animais de estima\u00e7\u00e3o devido \u00e0 previs\u00e3o\" \/>\n<meta property=\"og:url\" content=\"https:\/\/folhadems.com.br\/site\/2023\/06\/15\/prefeitura-alerta-para-cuidado-extra-com-pets-devido-ao-frio\/\" \/>\n<meta property=\"og:site_name\" content=\"Folha de Mato Grosso do Sul\" \/>\n<meta property=\"article:published_time\" content=\"2023-06-15T19:32:25+00:00\" \/>\n<meta property=\"article:modified_time\" content=\"2023-06-15T19:32:27+00:00\" \/>\n<meta property=\"og:image\" content=\"https:\/\/folhadems.com.br\/site\/wp-content\/uploads\/2023\/06\/dog.jpg\" \/>\n\t<meta property=\"og:image:width\" content=\"800\" \/>\n\t<meta property=\"og:image:height\" content=\"450\" \/>\n\t<meta property=\"og:image:type\" content=\"image\/jpeg\" \/>\n<meta name=\"author\" content=\"Elite Midia\" \/>\n<meta name=\"twitter:card\" content=\"summary_large_image\" \/>\n<meta name=\"twitter:label1\" content=\"Escrito por\" \/>\n\t<meta name=\"twitter:data1\" content=\"Elite Midia\" \/>\n\t<meta name=\"twitter:label2\" content=\"Est. tempo de leitura\" \/>\n\t<meta name=\"twitter:data2\" content=\"3 minutos\" \/>\n<script type=\"application\/ld+json\" class=\"yoast-schema-graph\">{\"@context\":\"https:\/\/schema.org\",\"@graph\":[{\"@type\":\"Article\",\"@id\":\"https:\/\/folhadems.com.br\/site\/2023\/06\/15\/prefeitura-alerta-para-cuidado-extra-com-pets-devido-ao-frio\/#article\",\"isPartOf\":{\"@id\":\"https:\/\/folhadems.com.br\/site\/2023\/06\/15\/prefeitura-alerta-para-cuidado-extra-com-pets-devido-ao-frio\/\"},\"author\":{\"name\":\"Elite Midia\",\"@id\":\"https:\/\/folhadems.com.br\/site\/#\/schema\/person\/e4a04038e5c2e7040e19ef252ae9d940\"},\"headline\":\"Prefeitura alerta para cuidado extra com pets devido ao frio\",\"datePublished\":\"2023-06-15T19:32:25+00:00\",\"dateModified\":\"2023-06-15T19:32:27+00:00\",\"mainEntityOfPage\":{\"@id\":\"https:\/\/folhadems.com.br\/site\/2023\/06\/15\/prefeitura-alerta-para-cuidado-extra-com-pets-devido-ao-frio\/\"},\"wordCount\":637,\"commentCount\":0,\"publisher\":{\"@id\":\"https:\/\/folhadems.com.br\/site\/#organization\"},\"image\":{\"@id\":\"https:\/\/folhadems.com.br\/site\/2023\/06\/15\/prefeitura-alerta-para-cuidado-extra-com-pets-devido-ao-frio\/#primaryimage\"},\"thumbnailUrl\":\"https:\/\/folhadems.com.br\/site\/wp-content\/uploads\/2023\/06\/dog.jpg\",\"articleSection\":[\"Geral \/ Brasil\"],\"inLanguage\":\"pt-BR\",\"potentialAction\":[{\"@type\":\"CommentAction\",\"name\":\"Comment\",\"target\":[\"https:\/\/folhadems.com.br\/site\/2023\/06\/15\/prefeitura-alerta-para-cuidado-extra-com-pets-devido-ao-frio\/#respond\"]}]},{\"@type\":\"WebPage\",\"@id\":\"https:\/\/folhadems.com.br\/site\/2023\/06\/15\/prefeitura-alerta-para-cuidado-extra-com-pets-devido-ao-frio\/\",\"url\":\"https:\/\/folhadems.com.br\/site\/2023\/06\/15\/prefeitura-alerta-para-cuidado-extra-com-pets-devido-ao-frio\/\",\"name\":\"Prefeitura alerta para cuidado extra com pets devido ao frio - Folha de Mato Grosso do Sul\",\"isPartOf\":{\"@id\":\"https:\/\/folhadems.com.br\/site\/#website\"},\"primaryImageOfPage\":{\"@id\":\"https:\/\/folhadems.com.br\/site\/2023\/06\/15\/prefeitura-alerta-para-cuidado-extra-com-pets-devido-ao-frio\/#primaryimage\"},\"image\":{\"@id\":\"https:\/\/folhadems.com.br\/site\/2023\/06\/15\/prefeitura-alerta-para-cuidado-extra-com-pets-devido-ao-frio\/#primaryimage\"},\"thumbnailUrl\":\"https:\/\/folhadems.com.br\/site\/wp-content\/uploads\/2023\/06\/dog.jpg\",\"datePublished\":\"2023-06-15T19:32:25+00:00\",\"dateModified\":\"2023-06-15T19:32:27+00:00\",\"breadcrumb\":{\"@id\":\"https:\/\/folhadems.com.br\/site\/2023\/06\/15\/prefeitura-alerta-para-cuidado-extra-com-pets-devido-ao-frio\/#breadcrumb\"},\"inLanguage\":\"pt-BR\",\"potentialAction\":[{\"@type\":\"ReadAction\",\"target\":[\"https:\/\/folhadems.com.br\/site\/2023\/06\/15\/prefeitura-alerta-para-cuidado-extra-com-pets-devido-ao-frio\/\"]}]},{\"@type\":\"ImageObject\",\"inLanguage\":\"pt-BR\",\"@id\":\"https:\/\/folhadems.com.br\/site\/2023\/06\/15\/prefeitura-alerta-para-cuidado-extra-com-pets-devido-ao-frio\/#primaryimage\",\"url\":\"https:\/\/folhadems.com.br\/site\/wp-content\/uploads\/2023\/06\/dog.jpg\",\"contentUrl\":\"https:\/\/folhadems.com.br\/site\/wp-content\/uploads\/2023\/06\/dog.jpg\",\"width\":800,\"height\":450},{\"@type\":\"BreadcrumbList\",\"@id\":\"https:\/\/folhadems.com.br\/site\/2023\/06\/15\/prefeitura-alerta-para-cuidado-extra-com-pets-devido-ao-frio\/#breadcrumb\",\"itemListElement\":[{\"@type\":\"ListItem\",\"position\":1,\"name\":\"In\u00edcio\",\"item\":\"https:\/\/folhadems.com.br\/site\/\"},{\"@type\":\"ListItem\",\"position\":2,\"name\":\"Prefeitura alerta para cuidado extra com pets devido ao frio\"}]},{\"@type\":\"WebSite\",\"@id\":\"https:\/\/folhadems.com.br\/site\/#website\",\"url\":\"https:\/\/folhadems.com.br\/site\/\",\"name\":\"Folha de Mato Grosso do Sul\",\"description\":\"Jornal Online\",\"publisher\":{\"@id\":\"https:\/\/folhadems.com.br\/site\/#organization\"},\"potentialAction\":[{\"@type\":\"SearchAction\",\"target\":{\"@type\":\"EntryPoint\",\"urlTemplate\":\"https:\/\/folhadems.com.br\/site\/?s={search_term_string}\"},\"query-input\":{\"@type\":\"PropertyValueSpecification\",\"valueRequired\":true,\"valueName\":\"search_term_string\"}}],\"inLanguage\":\"pt-BR\"},{\"@type\":\"Organization\",\"@id\":\"https:\/\/folhadems.com.br\/site\/#organization\",\"name\":\"Folha de Mato Grosso do Sul\",\"url\":\"https:\/\/folhadems.com.br\/site\/\",\"logo\":{\"@type\":\"ImageObject\",\"inLanguage\":\"pt-BR\",\"@id\":\"https:\/\/folhadems.com.br\/site\/#\/schema\/logo\/image\/\",\"url\":\"https:\/\/folhadems.com.br\/site\/wp-content\/uploads\/2023\/01\/logo-folha-de-ms-380x90-1.jpg\",\"contentUrl\":\"https:\/\/folhadems.com.br\/site\/wp-content\/uploads\/2023\/01\/logo-folha-de-ms-380x90-1.jpg\",\"width\":380,\"height\":90,\"caption\":\"Folha de Mato Grosso do Sul\"},\"image\":{\"@id\":\"https:\/\/folhadems.com.br\/site\/#\/schema\/logo\/image\/\"}},{\"@type\":\"Person\",\"@id\":\"https:\/\/folhadems.com.br\/site\/#\/schema\/person\/e4a04038e5c2e7040e19ef252ae9d940\",\"name\":\"Elite Midia\",\"image\":{\"@type\":\"ImageObject\",\"inLanguage\":\"pt-BR\",\"@id\":\"https:\/\/folhadems.com.br\/site\/#\/schema\/person\/image\/\",\"url\":\"https:\/\/secure.gravatar.com\/avatar\/f76a80f01119f7fec6909ab9feea8819031f391155be021b685479d77496f055?s=96&d=mm&r=g\",\"contentUrl\":\"https:\/\/secure.gravatar.com\/avatar\/f76a80f01119f7fec6909ab9feea8819031f391155be021b685479d77496f055?s=96&d=mm&r=g\",\"caption\":\"Elite Midia\"},\"sameAs\":[\"https:\/\/folhadems.com.br\/site\"],\"url\":\"https:\/\/folhadems.com.br\/site\/author\/elite-midia\/\"}]}<\/script>\n<!-- \/ Yoast SEO plugin. -->","yoast_head_json":{"title":"Prefeitura alerta para cuidado extra com pets devido ao frio - Folha de Mato Grosso do Sul","robots":{"index":"index","follow":"follow","max-snippet":"max-snippet:-1","max-image-preview":"max-image-preview:large","max-video-preview":"max-video-preview:-1"},"canonical":"https:\/\/folhadems.com.br\/site\/2023\/06\/15\/prefeitura-alerta-para-cuidado-extra-com-pets-devido-ao-frio\/","og_locale":"pt_BR","og_type":"article","og_title":"Prefeitura alerta para cuidado extra com pets devido ao frio - Folha de Mato Grosso do Sul","og_description":"A Prefeitura de Campo Grande alerta para a necessidade de cuidados extras com os animais de estima\u00e7\u00e3o devido \u00e0 previs\u00e3o","og_url":"https:\/\/folhadems.com.br\/site\/2023\/06\/15\/prefeitura-alerta-para-cuidado-extra-com-pets-devido-ao-frio\/","og_site_name":"Folha de Mato Grosso do Sul","article_published_time":"2023-06-15T19:32:25+00:00","article_modified_time":"2023-06-15T19:32:27+00:00","og_image":[{"width":800,"height":450,"url":"https:\/\/folhadems.com.br\/site\/wp-content\/uploads\/2023\/06\/dog.jpg","type":"image\/jpeg"}],"author":"Elite Midia","twitter_card":"summary_large_image","twitter_misc":{"Escrito por":"Elite Midia","Est. tempo de leitura":"3 minutos"},"schema":{"@context":"https:\/\/schema.org","@graph":[{"@type":"Article","@id":"https:\/\/folhadems.com.br\/site\/2023\/06\/15\/prefeitura-alerta-para-cuidado-extra-com-pets-devido-ao-frio\/#article","isPartOf":{"@id":"https:\/\/folhadems.com.br\/site\/2023\/06\/15\/prefeitura-alerta-para-cuidado-extra-com-pets-devido-ao-frio\/"},"author":{"name":"Elite Midia","@id":"https:\/\/folhadems.com.br\/site\/#\/schema\/person\/e4a04038e5c2e7040e19ef252ae9d940"},"headline":"Prefeitura alerta para cuidado extra com pets devido ao frio","datePublished":"2023-06-15T19:32:25+00:00","dateModified":"2023-06-15T19:32:27+00:00","mainEntityOfPage":{"@id":"https:\/\/folhadems.com.br\/site\/2023\/06\/15\/prefeitura-alerta-para-cuidado-extra-com-pets-devido-ao-frio\/"},"wordCount":637,"commentCount":0,"publisher":{"@id":"https:\/\/folhadems.com.br\/site\/#organization"},"image":{"@id":"https:\/\/folhadems.com.br\/site\/2023\/06\/15\/prefeitura-alerta-para-cuidado-extra-com-pets-devido-ao-frio\/#primaryimage"},"thumbnailUrl":"https:\/\/folhadems.com.br\/site\/wp-content\/uploads\/2023\/06\/dog.jpg","articleSection":["Geral \/ Brasil"],"inLanguage":"pt-BR","potentialAction":[{"@type":"CommentAction","name":"Comment","target":["https:\/\/folhadems.com.br\/site\/2023\/06\/15\/prefeitura-alerta-para-cuidado-extra-com-pets-devido-ao-frio\/#respond"]}]},{"@type":"WebPage","@id":"https:\/\/folhadems.com.br\/site\/2023\/06\/15\/prefeitura-alerta-para-cuidado-extra-com-pets-devido-ao-frio\/","url":"https:\/\/folhadems.com.br\/site\/2023\/06\/15\/prefeitura-alerta-para-cuidado-extra-com-pets-devido-ao-frio\/","name":"Prefeitura alerta para cuidado extra com pets devido ao frio - Folha de Mato Grosso do Sul","isPartOf":{"@id":"https:\/\/folhadems.com.br\/site\/#website"},"primaryImageOfPage":{"@id":"https:\/\/folhadems.com.br\/site\/2023\/06\/15\/prefeitura-alerta-para-cuidado-extra-com-pets-devido-ao-frio\/#primaryimage"},"image":{"@id":"https:\/\/folhadems.com.br\/site\/2023\/06\/15\/prefeitura-alerta-para-cuidado-extra-com-pets-devido-ao-frio\/#primaryimage"},"thumbnailUrl":"https:\/\/folhadems.com.br\/site\/wp-content\/uploads\/2023\/06\/dog.jpg","datePublished":"2023-06-15T19:32:25+00:00","dateModified":"2023-06-15T19:32:27+00:00","breadcrumb":{"@id":"https:\/\/folhadems.com.br\/site\/2023\/06\/15\/prefeitura-alerta-para-cuidado-extra-com-pets-devido-ao-frio\/#breadcrumb"},"inLanguage":"pt-BR","potentialAction":[{"@type":"ReadAction","target":["https:\/\/folhadems.com.br\/site\/2023\/06\/15\/prefeitura-alerta-para-cuidado-extra-com-pets-devido-ao-frio\/"]}]},{"@type":"ImageObject","inLanguage":"pt-BR","@id":"https:\/\/folhadems.com.br\/site\/2023\/06\/15\/prefeitura-alerta-para-cuidado-extra-com-pets-devido-ao-frio\/#primaryimage","url":"https:\/\/folhadems.com.br\/site\/wp-content\/uploads\/2023\/06\/dog.jpg","contentUrl":"https:\/\/folhadems.com.br\/site\/wp-content\/uploads\/2023\/06\/dog.jpg","width":800,"height":450},{"@type":"BreadcrumbList","@id":"https:\/\/folhadems.com.br\/site\/2023\/06\/15\/prefeitura-alerta-para-cuidado-extra-com-pets-devido-ao-frio\/#breadcrumb","itemListElement":[{"@type":"ListItem","position":1,"name":"In\u00edcio","item":"https:\/\/folhadems.com.br\/site\/"},{"@type":"ListItem","position":2,"name":"Prefeitura alerta para cuidado extra com pets devido ao frio"}]},{"@type":"WebSite","@id":"https:\/\/folhadems.com.br\/site\/#website","url":"https:\/\/folhadems.com.br\/site\/","name":"Folha de Mato Grosso do Sul","description":"Jornal Online","publisher":{"@id":"https:\/\/folhadems.com.br\/site\/#organization"},"potentialAction":[{"@type":"SearchAction","target":{"@type":"EntryPoint","urlTemplate":"https:\/\/folhadems.com.br\/site\/?s={search_term_string}"},"query-input":{"@type":"PropertyValueSpecification","valueRequired":true,"valueName":"search_term_string"}}],"inLanguage":"pt-BR"},{"@type":"Organization","@id":"https:\/\/folhadems.com.br\/site\/#organization","name":"Folha de Mato Grosso do Sul","url":"https:\/\/folhadems.com.br\/site\/","logo":{"@type":"ImageObject","inLanguage":"pt-BR","@id":"https:\/\/folhadems.com.br\/site\/#\/schema\/logo\/image\/","url":"https:\/\/folhadems.com.br\/site\/wp-content\/uploads\/2023\/01\/logo-folha-de-ms-380x90-1.jpg","contentUrl":"https:\/\/folhadems.com.br\/site\/wp-content\/uploads\/2023\/01\/logo-folha-de-ms-380x90-1.jpg","width":380,"height":90,"caption":"Folha de Mato Grosso do Sul"},"image":{"@id":"https:\/\/folhadems.com.br\/site\/#\/schema\/logo\/image\/"}},{"@type":"Person","@id":"https:\/\/folhadems.com.br\/site\/#\/schema\/person\/e4a04038e5c2e7040e19ef252ae9d940","name":"Elite Midia","image":{"@type":"ImageObject","inLanguage":"pt-BR","@id":"https:\/\/folhadems.com.br\/site\/#\/schema\/person\/image\/","url":"https:\/\/secure.gravatar.com\/avatar\/f76a80f01119f7fec6909ab9feea8819031f391155be021b685479d77496f055?s=96&d=mm&r=g","contentUrl":"https:\/\/secure.gravatar.com\/avatar\/f76a80f01119f7fec6909ab9feea8819031f391155be021b685479d77496f055?s=96&d=mm&r=g","caption":"Elite Midia"},"sameAs":["https:\/\/folhadems.com.br\/site"],"url":"https:\/\/folhadems.com.br\/site\/author\/elite-midia\/"}]}},"publishpress_future_action":{"enabled":false,"date":"2026-05-05 11:56:13","action":"change-status","newStatus":"draft","terms":[],"taxonomy":"category","extraData":[]},"publishpress_future_workflow_manual_trigger":{"enabledWorkflows":[]},"_links":{"self":[{"href":"https:\/\/folhadems.com.br\/site\/wp-json\/wp\/v2\/posts\/2245","targetHints":{"allow":["GET"]}}],"collection":[{"href":"https:\/\/folhadems.com.br\/site\/wp-json\/wp\/v2\/posts"}],"about":[{"href":"https:\/\/folhadems.com.br\/site\/wp-json\/wp\/v2\/types\/post"}],"author":[{"embeddable":true,"href":"https:\/\/folhadems.com.br\/site\/wp-json\/wp\/v2\/users\/1"}],"replies":[{"embeddable":true,"href":"https:\/\/folhadems.com.br\/site\/wp-json\/wp\/v2\/comments?post=2245"}],"version-history":[{"count":1,"href":"https:\/\/folhadems.com.br\/site\/wp-json\/wp\/v2\/posts\/2245\/revisions"}],"predecessor-version":[{"id":2247,"href":"https:\/\/folhadems.com.br\/site\/wp-json\/wp\/v2\/posts\/2245\/revisions\/2247"}],"wp:featuredmedia":[{"embeddable":true,"href":"https:\/\/folhadems.com.br\/site\/wp-json\/wp\/v2\/media\/2246"}],"wp:attachment":[{"href":"https:\/\/folhadems.com.br\/site\/wp-json\/wp\/v2\/media?parent=2245"}],"wp:term":[{"taxonomy":"category","embeddable":true,"href":"https:\/\/folhadems.com.br\/site\/wp-json\/wp\/v2\/categories?post=2245"},{"taxonomy":"post_tag","embeddable":true,"href":"https:\/\/folhadems.com.br\/site\/wp-json\/wp\/v2\/tags?post=2245"}],"curies":[{"name":"wp","href":"https:\/\/api.w.org\/{rel}","templated":true}]}}