{"id":18862,"date":"2026-08-30T18:47:45","date_gmt":"2026-08-30T22:47:45","guid":{"rendered":"https:\/\/folhadems.com.br\/site\/?p=18862"},"modified":"2026-08-30T18:47:48","modified_gmt":"2026-08-30T22:47:48","slug":"consultorio-movel-leva-atendimento-ao-jardim-aero-porto","status":"publish","type":"post","link":"https:\/\/folhadems.com.br\/site\/2026\/08\/30\/consultorio-movel-leva-atendimento-ao-jardim-aero-porto\/","title":{"rendered":"Consult\u00f3rio M\u00f3vel leva atendimento ao Jardim Aero Porto"},"content":{"rendered":"\n<p class=\"wp-block-paragraph\">Moradores do Jardim Aero Porto e regi\u00e3o poder\u00e3o buscar atendimento veterin\u00e1rio gratuito para c\u00e3es e gatos a partir desta segunda-feira (31). O Consult\u00f3rio M\u00f3vel da Superintend\u00eancia de Bem-Estar Animal (SUBEA) estar\u00e1 no Forte Cafezais, na Avenida dos Cafezais, n\u00ba 470, at\u00e9 sexta-feira (4).<\/p>\n\n\n\n<p class=\"wp-block-paragraph\">A unidade itinerante oferece consultas veterin\u00e1rias e avalia\u00e7\u00e3o para castra\u00e7\u00e3o, facilitando o acesso aos servi\u00e7os de sa\u00fade animal para fam\u00edlias da regi\u00e3o.<\/p>\n\n\n\n<p class=\"wp-block-paragraph\">Durante os cinco dias de atendimento, ser\u00e3o disponibilizadas diariamente 15 senhas para consultas veterin\u00e1rias e 15 para avalia\u00e7\u00e3o de castra\u00e7\u00e3o, distribu\u00eddas por ordem de chegada. Os atendimentos ser\u00e3o realizados das 8h \u00e0s 13h.<\/p>\n\n\n\n<h5 class=\"wp-block-heading\">Documentos obrigat\u00f3rios<\/h5>\n\n\n\n<p class=\"wp-block-paragraph\">Para ser atendido, o tutor deve ser maior de 18 anos e apresentar Cad\u00danico, documento oficial com foto e comprovante de resid\u00eancia.<\/p>\n\n\n\n<p class=\"wp-block-paragraph\">A SUBEA orienta que os c\u00e3es sejam conduzidos com guia e coleira. Para os gatos, \u00e9 necess\u00e1rio utilizar caixas apropriadas de transporte, garantindo a seguran\u00e7a dos animais e das pessoas durante o atendimento.<\/p>\n\n\n\n<h5 class=\"wp-block-heading\">Servi\u00e7o ao Cidad\u00e3o<\/h5>\n\n\n\n<ul class=\"wp-block-list\">\n<li>Per\u00edodo: 31 de agosto a 4 de setembro<\/li>\n\n\n\n<li>Hor\u00e1rio: das 8h \u00e0s 13h<\/li>\n\n\n\n<li>Local: Forte Cafezais \u2013 Avenida dos Cafezais, n\u00ba 470, Jardim Aero Porto<\/li>\n\n\n\n<li>Servi\u00e7os: consultas veterin\u00e1rias e avalia\u00e7\u00e3o para castra\u00e7\u00e3o<\/li>\n\n\n\n<li>Senhas: 15 para consultas e 15 para avalia\u00e7\u00e3o de castra\u00e7\u00e3o por dia<\/li>\n\n\n\n<li>Distribui\u00e7\u00e3o: por ordem de chegada<\/li>\n\n\n\n<li>Documentos: Cad\u00danico, documento oficial com foto e comprovante de resid\u00eancia<\/li>\n\n\n\n<li>Importante: c\u00e3es devem estar com guia e coleira; gatos, em caixa apropriada.<\/li>\n<\/ul>\n\n\n\n<p class=\"wp-block-paragraph\"><em>Fonte: PrefCG<\/em><\/p>\n","protected":false},"excerpt":{"rendered":"<p>Moradores do Jardim Aero Porto e regi\u00e3o poder\u00e3o buscar atendimento veterin\u00e1rio gratuito para c\u00e3es e gatos a partir desta segunda-feira<\/p>\n","protected":false},"author":1,"featured_media":18863,"comment_status":"open","ping_status":"open","sticky":false,"template":"","format":"standard","meta":{"footnotes":""},"categories":[18],"tags":[],"class_list":["post-18862","post","type-post","status-publish","format-standard","has-post-thumbnail","hentry","category-pets"],"yoast_head":"<!-- This site is optimized with the Yoast SEO plugin v28.2 - https:\/\/yoast.com\/product\/yoast-seo-wordpress\/ -->\n<title>Consult\u00f3rio M\u00f3vel leva atendimento ao Jardim Aero Porto - Folha de Mato Grosso do Sul<\/title>\n<meta name=\"robots\" content=\"index, follow, max-snippet:-1, max-image-preview:large, max-video-preview:-1\" \/>\n<link rel=\"canonical\" href=\"https:\/\/folhadems.com.br\/site\/2026\/08\/30\/consultorio-movel-leva-atendimento-ao-jardim-aero-porto\/\" \/>\n<meta property=\"og:locale\" content=\"pt_BR\" \/>\n<meta property=\"og:type\" content=\"article\" \/>\n<meta property=\"og:title\" content=\"Consult\u00f3rio M\u00f3vel leva atendimento ao Jardim Aero Porto - Folha de Mato Grosso do Sul\" \/>\n<meta property=\"og:description\" content=\"Moradores do Jardim Aero Porto e regi\u00e3o poder\u00e3o buscar atendimento veterin\u00e1rio gratuito para c\u00e3es e gatos a partir desta segunda-feira\" \/>\n<meta property=\"og:url\" content=\"https:\/\/folhadems.com.br\/site\/2026\/08\/30\/consultorio-movel-leva-atendimento-ao-jardim-aero-porto\/\" \/>\n<meta property=\"og:site_name\" content=\"Folha de Mato Grosso do Sul\" \/>\n<meta property=\"article:published_time\" content=\"2026-08-30T22:47:45+00:00\" \/>\n<meta property=\"article:modified_time\" content=\"2026-08-30T22:47:48+00:00\" \/>\n<meta property=\"og:image\" content=\"https:\/\/folhadems.com.br\/site\/wp-content\/uploads\/2026\/08\/pets-5.jpg\" \/>\n\t<meta property=\"og:image:width\" content=\"900\" \/>\n\t<meta property=\"og:image:height\" content=\"506\" \/>\n\t<meta property=\"og:image:type\" content=\"image\/jpeg\" \/>\n<meta name=\"author\" content=\"Elite Midia\" \/>\n<meta name=\"twitter:card\" content=\"summary_large_image\" \/>\n<meta name=\"twitter:label1\" content=\"Escrito por\" \/>\n\t<meta name=\"twitter:data1\" content=\"Elite Midia\" \/>\n\t<meta name=\"twitter:label2\" content=\"Est. tempo de leitura\" \/>\n\t<meta name=\"twitter:data2\" content=\"2 minutos\" \/>\n<script type=\"application\/ld+json\" class=\"yoast-schema-graph\">{\"@context\":\"https:\\\/\\\/schema.org\",\"@graph\":[{\"@type\":\"Article\",\"@id\":\"https:\\\/\\\/folhadems.com.br\\\/site\\\/2026\\\/08\\\/30\\\/consultorio-movel-leva-atendimento-ao-jardim-aero-porto\\\/#article\",\"isPartOf\":{\"@id\":\"https:\\\/\\\/folhadems.com.br\\\/site\\\/2026\\\/08\\\/30\\\/consultorio-movel-leva-atendimento-ao-jardim-aero-porto\\\/\"},\"author\":{\"name\":\"Elite Midia\",\"@id\":\"https:\\\/\\\/folhadems.com.br\\\/site\\\/#\\\/schema\\\/person\\\/e4a04038e5c2e7040e19ef252ae9d940\"},\"headline\":\"Consult\u00f3rio M\u00f3vel leva atendimento ao Jardim Aero Porto\",\"datePublished\":\"2026-08-30T22:47:45+00:00\",\"dateModified\":\"2026-08-30T22:47:48+00:00\",\"mainEntityOfPage\":{\"@id\":\"https:\\\/\\\/folhadems.com.br\\\/site\\\/2026\\\/08\\\/30\\\/consultorio-movel-leva-atendimento-ao-jardim-aero-porto\\\/\"},\"wordCount\":268,\"commentCount\":0,\"publisher\":{\"@id\":\"https:\\\/\\\/folhadems.com.br\\\/site\\\/#organization\"},\"image\":{\"@id\":\"https:\\\/\\\/folhadems.com.br\\\/site\\\/2026\\\/08\\\/30\\\/consultorio-movel-leva-atendimento-ao-jardim-aero-porto\\\/#primaryimage\"},\"thumbnailUrl\":\"https:\\\/\\\/folhadems.com.br\\\/site\\\/wp-content\\\/uploads\\\/2026\\\/08\\\/pets-5.jpg\",\"articleSection\":[\"Pets\"],\"inLanguage\":\"pt-BR\",\"potentialAction\":[{\"@type\":\"CommentAction\",\"name\":\"Comment\",\"target\":[\"https:\\\/\\\/folhadems.com.br\\\/site\\\/2026\\\/08\\\/30\\\/consultorio-movel-leva-atendimento-ao-jardim-aero-porto\\\/#respond\"]}]},{\"@type\":\"WebPage\",\"@id\":\"https:\\\/\\\/folhadems.com.br\\\/site\\\/2026\\\/08\\\/30\\\/consultorio-movel-leva-atendimento-ao-jardim-aero-porto\\\/\",\"url\":\"https:\\\/\\\/folhadems.com.br\\\/site\\\/2026\\\/08\\\/30\\\/consultorio-movel-leva-atendimento-ao-jardim-aero-porto\\\/\",\"name\":\"Consult\u00f3rio M\u00f3vel leva atendimento ao Jardim Aero Porto - Folha de Mato Grosso do Sul\",\"isPartOf\":{\"@id\":\"https:\\\/\\\/folhadems.com.br\\\/site\\\/#website\"},\"primaryImageOfPage\":{\"@id\":\"https:\\\/\\\/folhadems.com.br\\\/site\\\/2026\\\/08\\\/30\\\/consultorio-movel-leva-atendimento-ao-jardim-aero-porto\\\/#primaryimage\"},\"image\":{\"@id\":\"https:\\\/\\\/folhadems.com.br\\\/site\\\/2026\\\/08\\\/30\\\/consultorio-movel-leva-atendimento-ao-jardim-aero-porto\\\/#primaryimage\"},\"thumbnailUrl\":\"https:\\\/\\\/folhadems.com.br\\\/site\\\/wp-content\\\/uploads\\\/2026\\\/08\\\/pets-5.jpg\",\"datePublished\":\"2026-08-30T22:47:45+00:00\",\"dateModified\":\"2026-08-30T22:47:48+00:00\",\"breadcrumb\":{\"@id\":\"https:\\\/\\\/folhadems.com.br\\\/site\\\/2026\\\/08\\\/30\\\/consultorio-movel-leva-atendimento-ao-jardim-aero-porto\\\/#breadcrumb\"},\"inLanguage\":\"pt-BR\",\"potentialAction\":[{\"@type\":\"ReadAction\",\"target\":[\"https:\\\/\\\/folhadems.com.br\\\/site\\\/2026\\\/08\\\/30\\\/consultorio-movel-leva-atendimento-ao-jardim-aero-porto\\\/\"]}]},{\"@type\":\"ImageObject\",\"inLanguage\":\"pt-BR\",\"@id\":\"https:\\\/\\\/folhadems.com.br\\\/site\\\/2026\\\/08\\\/30\\\/consultorio-movel-leva-atendimento-ao-jardim-aero-porto\\\/#primaryimage\",\"url\":\"https:\\\/\\\/folhadems.com.br\\\/site\\\/wp-content\\\/uploads\\\/2026\\\/08\\\/pets-5.jpg\",\"contentUrl\":\"https:\\\/\\\/folhadems.com.br\\\/site\\\/wp-content\\\/uploads\\\/2026\\\/08\\\/pets-5.jpg\",\"width\":900,\"height\":506},{\"@type\":\"BreadcrumbList\",\"@id\":\"https:\\\/\\\/folhadems.com.br\\\/site\\\/2026\\\/08\\\/30\\\/consultorio-movel-leva-atendimento-ao-jardim-aero-porto\\\/#breadcrumb\",\"itemListElement\":[{\"@type\":\"ListItem\",\"position\":1,\"name\":\"In\u00edcio\",\"item\":\"https:\\\/\\\/folhadems.com.br\\\/site\\\/\"},{\"@type\":\"ListItem\",\"position\":2,\"name\":\"Consult\u00f3rio M\u00f3vel leva atendimento ao Jardim Aero Porto\"}]},{\"@type\":\"WebSite\",\"@id\":\"https:\\\/\\\/folhadems.com.br\\\/site\\\/#website\",\"url\":\"https:\\\/\\\/folhadems.com.br\\\/site\\\/\",\"name\":\"Folha de Mato Grosso do Sul\",\"description\":\"Jornal Online\",\"publisher\":{\"@id\":\"https:\\\/\\\/folhadems.com.br\\\/site\\\/#organization\"},\"potentialAction\":[{\"@type\":\"SearchAction\",\"target\":{\"@type\":\"EntryPoint\",\"urlTemplate\":\"https:\\\/\\\/folhadems.com.br\\\/site\\\/?s={search_term_string}\"},\"query-input\":{\"@type\":\"PropertyValueSpecification\",\"valueRequired\":true,\"valueName\":\"search_term_string\"}}],\"inLanguage\":\"pt-BR\"},{\"@type\":\"Organization\",\"@id\":\"https:\\\/\\\/folhadems.com.br\\\/site\\\/#organization\",\"name\":\"Folha de Mato Grosso do Sul\",\"url\":\"https:\\\/\\\/folhadems.com.br\\\/site\\\/\",\"logo\":{\"@type\":\"ImageObject\",\"inLanguage\":\"pt-BR\",\"@id\":\"https:\\\/\\\/folhadems.com.br\\\/site\\\/#\\\/schema\\\/logo\\\/image\\\/\",\"url\":\"https:\\\/\\\/folhadems.com.br\\\/site\\\/wp-content\\\/uploads\\\/2023\\\/01\\\/logo-folha-de-ms-380x90-1.jpg\",\"contentUrl\":\"https:\\\/\\\/folhadems.com.br\\\/site\\\/wp-content\\\/uploads\\\/2023\\\/01\\\/logo-folha-de-ms-380x90-1.jpg\",\"width\":380,\"height\":90,\"caption\":\"Folha de Mato Grosso do Sul\"},\"image\":{\"@id\":\"https:\\\/\\\/folhadems.com.br\\\/site\\\/#\\\/schema\\\/logo\\\/image\\\/\"}},{\"@type\":\"Person\",\"@id\":\"https:\\\/\\\/folhadems.com.br\\\/site\\\/#\\\/schema\\\/person\\\/e4a04038e5c2e7040e19ef252ae9d940\",\"name\":\"Elite Midia\",\"image\":{\"@type\":\"ImageObject\",\"inLanguage\":\"pt-BR\",\"@id\":\"https:\\\/\\\/secure.gravatar.com\\\/avatar\\\/f76a80f01119f7fec6909ab9feea8819031f391155be021b685479d77496f055?s=96&d=mm&r=g\",\"url\":\"https:\\\/\\\/secure.gravatar.com\\\/avatar\\\/f76a80f01119f7fec6909ab9feea8819031f391155be021b685479d77496f055?s=96&d=mm&r=g\",\"contentUrl\":\"https:\\\/\\\/secure.gravatar.com\\\/avatar\\\/f76a80f01119f7fec6909ab9feea8819031f391155be021b685479d77496f055?s=96&d=mm&r=g\",\"caption\":\"Elite Midia\"},\"sameAs\":[\"https:\\\/\\\/folhadems.com.br\\\/site\"],\"url\":\"https:\\\/\\\/folhadems.com.br\\\/site\\\/author\\\/elite-midia\\\/\"}]}<\/script>\n<!-- \/ Yoast SEO plugin. -->","yoast_head_json":{"title":"Consult\u00f3rio M\u00f3vel leva atendimento ao Jardim Aero Porto - Folha de Mato Grosso do Sul","robots":{"index":"index","follow":"follow","max-snippet":"max-snippet:-1","max-image-preview":"max-image-preview:large","max-video-preview":"max-video-preview:-1"},"canonical":"https:\/\/folhadems.com.br\/site\/2026\/08\/30\/consultorio-movel-leva-atendimento-ao-jardim-aero-porto\/","og_locale":"pt_BR","og_type":"article","og_title":"Consult\u00f3rio M\u00f3vel leva atendimento ao Jardim Aero Porto - Folha de Mato Grosso do Sul","og_description":"Moradores do Jardim Aero Porto e regi\u00e3o poder\u00e3o buscar atendimento veterin\u00e1rio gratuito para c\u00e3es e gatos a partir desta segunda-feira","og_url":"https:\/\/folhadems.com.br\/site\/2026\/08\/30\/consultorio-movel-leva-atendimento-ao-jardim-aero-porto\/","og_site_name":"Folha de Mato Grosso do Sul","article_published_time":"2026-08-30T22:47:45+00:00","article_modified_time":"2026-08-30T22:47:48+00:00","og_image":[{"width":900,"height":506,"url":"https:\/\/folhadems.com.br\/site\/wp-content\/uploads\/2026\/08\/pets-5.jpg","type":"image\/jpeg"}],"author":"Elite Midia","twitter_card":"summary_large_image","twitter_misc":{"Escrito por":"Elite Midia","Est. tempo de leitura":"2 minutos"},"schema":{"@context":"https:\/\/schema.org","@graph":[{"@type":"Article","@id":"https:\/\/folhadems.com.br\/site\/2026\/08\/30\/consultorio-movel-leva-atendimento-ao-jardim-aero-porto\/#article","isPartOf":{"@id":"https:\/\/folhadems.com.br\/site\/2026\/08\/30\/consultorio-movel-leva-atendimento-ao-jardim-aero-porto\/"},"author":{"name":"Elite Midia","@id":"https:\/\/folhadems.com.br\/site\/#\/schema\/person\/e4a04038e5c2e7040e19ef252ae9d940"},"headline":"Consult\u00f3rio M\u00f3vel leva atendimento ao Jardim Aero Porto","datePublished":"2026-08-30T22:47:45+00:00","dateModified":"2026-08-30T22:47:48+00:00","mainEntityOfPage":{"@id":"https:\/\/folhadems.com.br\/site\/2026\/08\/30\/consultorio-movel-leva-atendimento-ao-jardim-aero-porto\/"},"wordCount":268,"commentCount":0,"publisher":{"@id":"https:\/\/folhadems.com.br\/site\/#organization"},"image":{"@id":"https:\/\/folhadems.com.br\/site\/2026\/08\/30\/consultorio-movel-leva-atendimento-ao-jardim-aero-porto\/#primaryimage"},"thumbnailUrl":"https:\/\/folhadems.com.br\/site\/wp-content\/uploads\/2026\/08\/pets-5.jpg","articleSection":["Pets"],"inLanguage":"pt-BR","potentialAction":[{"@type":"CommentAction","name":"Comment","target":["https:\/\/folhadems.com.br\/site\/2026\/08\/30\/consultorio-movel-leva-atendimento-ao-jardim-aero-porto\/#respond"]}]},{"@type":"WebPage","@id":"https:\/\/folhadems.com.br\/site\/2026\/08\/30\/consultorio-movel-leva-atendimento-ao-jardim-aero-porto\/","url":"https:\/\/folhadems.com.br\/site\/2026\/08\/30\/consultorio-movel-leva-atendimento-ao-jardim-aero-porto\/","name":"Consult\u00f3rio M\u00f3vel leva atendimento ao Jardim Aero Porto - Folha de Mato Grosso do Sul","isPartOf":{"@id":"https:\/\/folhadems.com.br\/site\/#website"},"primaryImageOfPage":{"@id":"https:\/\/folhadems.com.br\/site\/2026\/08\/30\/consultorio-movel-leva-atendimento-ao-jardim-aero-porto\/#primaryimage"},"image":{"@id":"https:\/\/folhadems.com.br\/site\/2026\/08\/30\/consultorio-movel-leva-atendimento-ao-jardim-aero-porto\/#primaryimage"},"thumbnailUrl":"https:\/\/folhadems.com.br\/site\/wp-content\/uploads\/2026\/08\/pets-5.jpg","datePublished":"2026-08-30T22:47:45+00:00","dateModified":"2026-08-30T22:47:48+00:00","breadcrumb":{"@id":"https:\/\/folhadems.com.br\/site\/2026\/08\/30\/consultorio-movel-leva-atendimento-ao-jardim-aero-porto\/#breadcrumb"},"inLanguage":"pt-BR","potentialAction":[{"@type":"ReadAction","target":["https:\/\/folhadems.com.br\/site\/2026\/08\/30\/consultorio-movel-leva-atendimento-ao-jardim-aero-porto\/"]}]},{"@type":"ImageObject","inLanguage":"pt-BR","@id":"https:\/\/folhadems.com.br\/site\/2026\/08\/30\/consultorio-movel-leva-atendimento-ao-jardim-aero-porto\/#primaryimage","url":"https:\/\/folhadems.com.br\/site\/wp-content\/uploads\/2026\/08\/pets-5.jpg","contentUrl":"https:\/\/folhadems.com.br\/site\/wp-content\/uploads\/2026\/08\/pets-5.jpg","width":900,"height":506},{"@type":"BreadcrumbList","@id":"https:\/\/folhadems.com.br\/site\/2026\/08\/30\/consultorio-movel-leva-atendimento-ao-jardim-aero-porto\/#breadcrumb","itemListElement":[{"@type":"ListItem","position":1,"name":"In\u00edcio","item":"https:\/\/folhadems.com.br\/site\/"},{"@type":"ListItem","position":2,"name":"Consult\u00f3rio M\u00f3vel leva atendimento ao Jardim Aero Porto"}]},{"@type":"WebSite","@id":"https:\/\/folhadems.com.br\/site\/#website","url":"https:\/\/folhadems.com.br\/site\/","name":"Folha de Mato Grosso do Sul","description":"Jornal Online","publisher":{"@id":"https:\/\/folhadems.com.br\/site\/#organization"},"potentialAction":[{"@type":"SearchAction","target":{"@type":"EntryPoint","urlTemplate":"https:\/\/folhadems.com.br\/site\/?s={search_term_string}"},"query-input":{"@type":"PropertyValueSpecification","valueRequired":true,"valueName":"search_term_string"}}],"inLanguage":"pt-BR"},{"@type":"Organization","@id":"https:\/\/folhadems.com.br\/site\/#organization","name":"Folha de Mato Grosso do Sul","url":"https:\/\/folhadems.com.br\/site\/","logo":{"@type":"ImageObject","inLanguage":"pt-BR","@id":"https:\/\/folhadems.com.br\/site\/#\/schema\/logo\/image\/","url":"https:\/\/folhadems.com.br\/site\/wp-content\/uploads\/2023\/01\/logo-folha-de-ms-380x90-1.jpg","contentUrl":"https:\/\/folhadems.com.br\/site\/wp-content\/uploads\/2023\/01\/logo-folha-de-ms-380x90-1.jpg","width":380,"height":90,"caption":"Folha de Mato Grosso do Sul"},"image":{"@id":"https:\/\/folhadems.com.br\/site\/#\/schema\/logo\/image\/"}},{"@type":"Person","@id":"https:\/\/folhadems.com.br\/site\/#\/schema\/person\/e4a04038e5c2e7040e19ef252ae9d940","name":"Elite Midia","image":{"@type":"ImageObject","inLanguage":"pt-BR","@id":"https:\/\/secure.gravatar.com\/avatar\/f76a80f01119f7fec6909ab9feea8819031f391155be021b685479d77496f055?s=96&d=mm&r=g","url":"https:\/\/secure.gravatar.com\/avatar\/f76a80f01119f7fec6909ab9feea8819031f391155be021b685479d77496f055?s=96&d=mm&r=g","contentUrl":"https:\/\/secure.gravatar.com\/avatar\/f76a80f01119f7fec6909ab9feea8819031f391155be021b685479d77496f055?s=96&d=mm&r=g","caption":"Elite Midia"},"sameAs":["https:\/\/folhadems.com.br\/site"],"url":"https:\/\/folhadems.com.br\/site\/author\/elite-midia\/"}]}},"publishpress_future_action":{"enabled":false,"date":"2026-09-07 03:02:55","action":"change-status","newStatus":"draft","terms":[],"taxonomy":"category","extraData":[]},"publishpress_future_workflow_manual_trigger":{"enabledWorkflows":[]},"_links":{"self":[{"href":"https:\/\/folhadems.com.br\/site\/wp-json\/wp\/v2\/posts\/18862","targetHints":{"allow":["GET"]}}],"collection":[{"href":"https:\/\/folhadems.com.br\/site\/wp-json\/wp\/v2\/posts"}],"about":[{"href":"https:\/\/folhadems.com.br\/site\/wp-json\/wp\/v2\/types\/post"}],"author":[{"embeddable":true,"href":"https:\/\/folhadems.com.br\/site\/wp-json\/wp\/v2\/users\/1"}],"replies":[{"embeddable":true,"href":"https:\/\/folhadems.com.br\/site\/wp-json\/wp\/v2\/comments?post=18862"}],"version-history":[{"count":1,"href":"https:\/\/folhadems.com.br\/site\/wp-json\/wp\/v2\/posts\/18862\/revisions"}],"predecessor-version":[{"id":18864,"href":"https:\/\/folhadems.com.br\/site\/wp-json\/wp\/v2\/posts\/18862\/revisions\/18864"}],"wp:featuredmedia":[{"embeddable":true,"href":"https:\/\/folhadems.com.br\/site\/wp-json\/wp\/v2\/media\/18863"}],"wp:attachment":[{"href":"https:\/\/folhadems.com.br\/site\/wp-json\/wp\/v2\/media?parent=18862"}],"wp:term":[{"taxonomy":"category","embeddable":true,"href":"https:\/\/folhadems.com.br\/site\/wp-json\/wp\/v2\/categories?post=18862"},{"taxonomy":"post_tag","embeddable":true,"href":"https:\/\/folhadems.com.br\/site\/wp-json\/wp\/v2\/tags?post=18862"}],"curies":[{"name":"wp","href":"https:\/\/api.w.org\/{rel}","templated":true}]}}