{"id":17700,"date":"2026-07-10T18:14:30","date_gmt":"2026-07-10T22:14:30","guid":{"rendered":"https:\/\/folhadems.com.br\/site\/?p=17700"},"modified":"2026-07-10T18:15:20","modified_gmt":"2026-07-10T22:15:20","slug":"inscricoes-para-cursinho-da-sejuv-comecaram-nesta-sexta-feira","status":"publish","type":"post","link":"https:\/\/folhadems.com.br\/site\/2026\/07\/10\/inscricoes-para-cursinho-da-sejuv-comecaram-nesta-sexta-feira\/","title":{"rendered":"Inscri\u00e7\u00f5es para cursinho da Sejuv come\u00e7aram nesta sexta-feira"},"content":{"rendered":"\n<p class=\"wp-block-paragraph\">A Prefeitura de Campo Grande abriu, nesta sexta-feira (10), as inscri\u00e7\u00f5es para o cursinho preparat\u00f3rio gratuito da Secretaria Executiva da Juventude (Sejuv), voltado a jovens de 15 a 19 anos inscritos no Exame Nacional do Ensino M\u00e9dio (Enem). Ao todo, ser\u00e3o ofertadas 300 vagas em parceria com a Universidade Federal de Mato Grosso do Sul (UFMS).<\/p>\n\n\n\n<p class=\"wp-block-paragraph\">As vagas ser\u00e3o distribu\u00eddas em tr\u00eas lotes de 100 vagas cada. O primeiro foi aberto nesta sexta-feira (10), o segundo ser\u00e1 disponibilizado no dia 14 de julho e o terceiro no dia 16, ampliando as oportunidades para os estudantes interessados em se preparar para o Enem e vestibulares.<\/p>\n\n\n\n<p class=\"wp-block-paragraph\">O cursinho \u00e9 destinado a estudantes da rede p\u00fablica e tamb\u00e9m da rede particular que sejam bolsistas. As aulas ser\u00e3o realizadas aos s\u00e1bados, entre os dias 25 de julho e 5 de dezembro, com turmas no per\u00edodo da manh\u00e3 na sede da Sejuv e, \u00e0 tarde, na pr\u00f3pria secretaria e tamb\u00e9m na UFMS.<\/p>\n\n\n\n<p class=\"wp-block-paragraph\">Ao longo do curso, os participantes ter\u00e3o acesso a conte\u00fados das principais \u00e1reas do conhecimento, em uma prepara\u00e7\u00e3o voltada tanto para o Enem quanto para os principais vestibulares.<\/p>\n\n\n\n<p class=\"wp-block-paragraph\">As inscri\u00e7\u00f5es devem ser feitas pelo site da Sejuv, clicando <a href=\"https:\/\/sejuvcg.campogrande.ms.gov.br\/home\" target=\"_blank\" rel=\"noopener\">aqui<\/a>. No momento do cadastro, \u00e9 necess\u00e1rio informar um n\u00famero de telefone para que a equipe da secretaria entre em contato com os candidatos selecionados neste primeiro lote e realize a pr\u00e9-inscri\u00e7\u00e3o.<\/p>\n\n\n\n<p class=\"wp-block-paragraph\">A confirma\u00e7\u00e3o da matr\u00edcula ser\u00e1 feita na pr\u00f3xima segunda-feira, \u00e0s 8h30, no Teatro do Pa\u00e7o Municipal, quando os estudantes dever\u00e3o apresentar a documenta\u00e7\u00e3o exigida para concluir a inscri\u00e7\u00e3o. Na ocasi\u00e3o, tamb\u00e9m ser\u00e3o repassadas orienta\u00e7\u00f5es sobre o funcionamento do curso e os locais das aulas.<\/p>\n\n\n\n<p class=\"wp-block-paragraph\"><strong><em>Fonte: PrefCG<\/em><\/strong><\/p>\n","protected":false},"excerpt":{"rendered":"<p>A Prefeitura de Campo Grande abriu, nesta sexta-feira (10), as inscri\u00e7\u00f5es para o cursinho preparat\u00f3rio gratuito da Secretaria Executiva da<\/p>\n","protected":false},"author":1,"featured_media":17701,"comment_status":"open","ping_status":"open","sticky":false,"template":"","format":"standard","meta":{"footnotes":""},"categories":[14],"tags":[],"class_list":["post-17700","post","type-post","status-publish","format-standard","has-post-thumbnail","hentry","category-educacao"],"yoast_head":"<!-- This site is optimized with the Yoast SEO plugin v28.2 - https:\/\/yoast.com\/product\/yoast-seo-wordpress\/ -->\n<title>Inscri\u00e7\u00f5es para cursinho da Sejuv come\u00e7aram nesta sexta-feira - Folha de Mato Grosso do Sul<\/title>\n<meta name=\"robots\" content=\"index, follow, max-snippet:-1, max-image-preview:large, max-video-preview:-1\" \/>\n<link rel=\"canonical\" href=\"https:\/\/folhadems.com.br\/site\/2026\/07\/10\/inscricoes-para-cursinho-da-sejuv-comecaram-nesta-sexta-feira\/\" \/>\n<meta property=\"og:locale\" content=\"pt_BR\" \/>\n<meta property=\"og:type\" content=\"article\" \/>\n<meta property=\"og:title\" content=\"Inscri\u00e7\u00f5es para cursinho da Sejuv come\u00e7aram nesta sexta-feira - Folha de Mato Grosso do Sul\" \/>\n<meta property=\"og:description\" content=\"A Prefeitura de Campo Grande abriu, nesta sexta-feira (10), as inscri\u00e7\u00f5es para o cursinho preparat\u00f3rio gratuito da Secretaria Executiva da\" \/>\n<meta property=\"og:url\" content=\"https:\/\/folhadems.com.br\/site\/2026\/07\/10\/inscricoes-para-cursinho-da-sejuv-comecaram-nesta-sexta-feira\/\" \/>\n<meta property=\"og:site_name\" content=\"Folha de Mato Grosso do Sul\" \/>\n<meta property=\"article:published_time\" content=\"2026-07-10T22:14:30+00:00\" \/>\n<meta property=\"article:modified_time\" content=\"2026-07-10T22:15:20+00:00\" \/>\n<meta property=\"og:image\" content=\"https:\/\/folhadems.com.br\/site\/wp-content\/uploads\/2026\/07\/cursinho.jpg\" \/>\n\t<meta property=\"og:image:width\" content=\"900\" \/>\n\t<meta property=\"og:image:height\" content=\"506\" \/>\n\t<meta property=\"og:image:type\" content=\"image\/jpeg\" \/>\n<meta name=\"author\" content=\"Elite Midia\" \/>\n<meta name=\"twitter:card\" content=\"summary_large_image\" \/>\n<meta name=\"twitter:label1\" content=\"Escrito por\" \/>\n\t<meta name=\"twitter:data1\" content=\"Elite Midia\" \/>\n\t<meta name=\"twitter:label2\" content=\"Est. tempo de leitura\" \/>\n\t<meta name=\"twitter:data2\" content=\"2 minutos\" \/>\n<script type=\"application\/ld+json\" class=\"yoast-schema-graph\">{\"@context\":\"https:\\\/\\\/schema.org\",\"@graph\":[{\"@type\":\"Article\",\"@id\":\"https:\\\/\\\/folhadems.com.br\\\/site\\\/2026\\\/07\\\/10\\\/inscricoes-para-cursinho-da-sejuv-comecaram-nesta-sexta-feira\\\/#article\",\"isPartOf\":{\"@id\":\"https:\\\/\\\/folhadems.com.br\\\/site\\\/2026\\\/07\\\/10\\\/inscricoes-para-cursinho-da-sejuv-comecaram-nesta-sexta-feira\\\/\"},\"author\":{\"name\":\"Elite Midia\",\"@id\":\"https:\\\/\\\/folhadems.com.br\\\/site\\\/#\\\/schema\\\/person\\\/e4a04038e5c2e7040e19ef252ae9d940\"},\"headline\":\"Inscri\u00e7\u00f5es para cursinho da Sejuv come\u00e7aram nesta sexta-feira\",\"datePublished\":\"2026-07-10T22:14:30+00:00\",\"dateModified\":\"2026-07-10T22:15:20+00:00\",\"mainEntityOfPage\":{\"@id\":\"https:\\\/\\\/folhadems.com.br\\\/site\\\/2026\\\/07\\\/10\\\/inscricoes-para-cursinho-da-sejuv-comecaram-nesta-sexta-feira\\\/\"},\"wordCount\":303,\"commentCount\":0,\"publisher\":{\"@id\":\"https:\\\/\\\/folhadems.com.br\\\/site\\\/#organization\"},\"image\":{\"@id\":\"https:\\\/\\\/folhadems.com.br\\\/site\\\/2026\\\/07\\\/10\\\/inscricoes-para-cursinho-da-sejuv-comecaram-nesta-sexta-feira\\\/#primaryimage\"},\"thumbnailUrl\":\"https:\\\/\\\/folhadems.com.br\\\/site\\\/wp-content\\\/uploads\\\/2026\\\/07\\\/cursinho.jpg\",\"articleSection\":[\"Educa\u00e7\u00e3o\"],\"inLanguage\":\"pt-BR\",\"potentialAction\":[{\"@type\":\"CommentAction\",\"name\":\"Comment\",\"target\":[\"https:\\\/\\\/folhadems.com.br\\\/site\\\/2026\\\/07\\\/10\\\/inscricoes-para-cursinho-da-sejuv-comecaram-nesta-sexta-feira\\\/#respond\"]}]},{\"@type\":\"WebPage\",\"@id\":\"https:\\\/\\\/folhadems.com.br\\\/site\\\/2026\\\/07\\\/10\\\/inscricoes-para-cursinho-da-sejuv-comecaram-nesta-sexta-feira\\\/\",\"url\":\"https:\\\/\\\/folhadems.com.br\\\/site\\\/2026\\\/07\\\/10\\\/inscricoes-para-cursinho-da-sejuv-comecaram-nesta-sexta-feira\\\/\",\"name\":\"Inscri\u00e7\u00f5es para cursinho da Sejuv come\u00e7aram nesta sexta-feira - Folha de Mato Grosso do Sul\",\"isPartOf\":{\"@id\":\"https:\\\/\\\/folhadems.com.br\\\/site\\\/#website\"},\"primaryImageOfPage\":{\"@id\":\"https:\\\/\\\/folhadems.com.br\\\/site\\\/2026\\\/07\\\/10\\\/inscricoes-para-cursinho-da-sejuv-comecaram-nesta-sexta-feira\\\/#primaryimage\"},\"image\":{\"@id\":\"https:\\\/\\\/folhadems.com.br\\\/site\\\/2026\\\/07\\\/10\\\/inscricoes-para-cursinho-da-sejuv-comecaram-nesta-sexta-feira\\\/#primaryimage\"},\"thumbnailUrl\":\"https:\\\/\\\/folhadems.com.br\\\/site\\\/wp-content\\\/uploads\\\/2026\\\/07\\\/cursinho.jpg\",\"datePublished\":\"2026-07-10T22:14:30+00:00\",\"dateModified\":\"2026-07-10T22:15:20+00:00\",\"breadcrumb\":{\"@id\":\"https:\\\/\\\/folhadems.com.br\\\/site\\\/2026\\\/07\\\/10\\\/inscricoes-para-cursinho-da-sejuv-comecaram-nesta-sexta-feira\\\/#breadcrumb\"},\"inLanguage\":\"pt-BR\",\"potentialAction\":[{\"@type\":\"ReadAction\",\"target\":[\"https:\\\/\\\/folhadems.com.br\\\/site\\\/2026\\\/07\\\/10\\\/inscricoes-para-cursinho-da-sejuv-comecaram-nesta-sexta-feira\\\/\"]}]},{\"@type\":\"ImageObject\",\"inLanguage\":\"pt-BR\",\"@id\":\"https:\\\/\\\/folhadems.com.br\\\/site\\\/2026\\\/07\\\/10\\\/inscricoes-para-cursinho-da-sejuv-comecaram-nesta-sexta-feira\\\/#primaryimage\",\"url\":\"https:\\\/\\\/folhadems.com.br\\\/site\\\/wp-content\\\/uploads\\\/2026\\\/07\\\/cursinho.jpg\",\"contentUrl\":\"https:\\\/\\\/folhadems.com.br\\\/site\\\/wp-content\\\/uploads\\\/2026\\\/07\\\/cursinho.jpg\",\"width\":900,\"height\":506},{\"@type\":\"BreadcrumbList\",\"@id\":\"https:\\\/\\\/folhadems.com.br\\\/site\\\/2026\\\/07\\\/10\\\/inscricoes-para-cursinho-da-sejuv-comecaram-nesta-sexta-feira\\\/#breadcrumb\",\"itemListElement\":[{\"@type\":\"ListItem\",\"position\":1,\"name\":\"In\u00edcio\",\"item\":\"https:\\\/\\\/folhadems.com.br\\\/site\\\/\"},{\"@type\":\"ListItem\",\"position\":2,\"name\":\"Inscri\u00e7\u00f5es para cursinho da Sejuv come\u00e7aram nesta sexta-feira\"}]},{\"@type\":\"WebSite\",\"@id\":\"https:\\\/\\\/folhadems.com.br\\\/site\\\/#website\",\"url\":\"https:\\\/\\\/folhadems.com.br\\\/site\\\/\",\"name\":\"Folha de Mato Grosso do Sul\",\"description\":\"Jornal Online\",\"publisher\":{\"@id\":\"https:\\\/\\\/folhadems.com.br\\\/site\\\/#organization\"},\"potentialAction\":[{\"@type\":\"SearchAction\",\"target\":{\"@type\":\"EntryPoint\",\"urlTemplate\":\"https:\\\/\\\/folhadems.com.br\\\/site\\\/?s={search_term_string}\"},\"query-input\":{\"@type\":\"PropertyValueSpecification\",\"valueRequired\":true,\"valueName\":\"search_term_string\"}}],\"inLanguage\":\"pt-BR\"},{\"@type\":\"Organization\",\"@id\":\"https:\\\/\\\/folhadems.com.br\\\/site\\\/#organization\",\"name\":\"Folha de Mato Grosso do Sul\",\"url\":\"https:\\\/\\\/folhadems.com.br\\\/site\\\/\",\"logo\":{\"@type\":\"ImageObject\",\"inLanguage\":\"pt-BR\",\"@id\":\"https:\\\/\\\/folhadems.com.br\\\/site\\\/#\\\/schema\\\/logo\\\/image\\\/\",\"url\":\"https:\\\/\\\/folhadems.com.br\\\/site\\\/wp-content\\\/uploads\\\/2023\\\/01\\\/logo-folha-de-ms-380x90-1.jpg\",\"contentUrl\":\"https:\\\/\\\/folhadems.com.br\\\/site\\\/wp-content\\\/uploads\\\/2023\\\/01\\\/logo-folha-de-ms-380x90-1.jpg\",\"width\":380,\"height\":90,\"caption\":\"Folha de Mato Grosso do Sul\"},\"image\":{\"@id\":\"https:\\\/\\\/folhadems.com.br\\\/site\\\/#\\\/schema\\\/logo\\\/image\\\/\"}},{\"@type\":\"Person\",\"@id\":\"https:\\\/\\\/folhadems.com.br\\\/site\\\/#\\\/schema\\\/person\\\/e4a04038e5c2e7040e19ef252ae9d940\",\"name\":\"Elite Midia\",\"image\":{\"@type\":\"ImageObject\",\"inLanguage\":\"pt-BR\",\"@id\":\"https:\\\/\\\/secure.gravatar.com\\\/avatar\\\/f76a80f01119f7fec6909ab9feea8819031f391155be021b685479d77496f055?s=96&d=mm&r=g\",\"url\":\"https:\\\/\\\/secure.gravatar.com\\\/avatar\\\/f76a80f01119f7fec6909ab9feea8819031f391155be021b685479d77496f055?s=96&d=mm&r=g\",\"contentUrl\":\"https:\\\/\\\/secure.gravatar.com\\\/avatar\\\/f76a80f01119f7fec6909ab9feea8819031f391155be021b685479d77496f055?s=96&d=mm&r=g\",\"caption\":\"Elite Midia\"},\"sameAs\":[\"https:\\\/\\\/folhadems.com.br\\\/site\"],\"url\":\"https:\\\/\\\/folhadems.com.br\\\/site\\\/author\\\/elite-midia\\\/\"}]}<\/script>\n<!-- \/ Yoast SEO plugin. -->","yoast_head_json":{"title":"Inscri\u00e7\u00f5es para cursinho da Sejuv come\u00e7aram nesta sexta-feira - Folha de Mato Grosso do Sul","robots":{"index":"index","follow":"follow","max-snippet":"max-snippet:-1","max-image-preview":"max-image-preview:large","max-video-preview":"max-video-preview:-1"},"canonical":"https:\/\/folhadems.com.br\/site\/2026\/07\/10\/inscricoes-para-cursinho-da-sejuv-comecaram-nesta-sexta-feira\/","og_locale":"pt_BR","og_type":"article","og_title":"Inscri\u00e7\u00f5es para cursinho da Sejuv come\u00e7aram nesta sexta-feira - Folha de Mato Grosso do Sul","og_description":"A Prefeitura de Campo Grande abriu, nesta sexta-feira (10), as inscri\u00e7\u00f5es para o cursinho preparat\u00f3rio gratuito da Secretaria Executiva da","og_url":"https:\/\/folhadems.com.br\/site\/2026\/07\/10\/inscricoes-para-cursinho-da-sejuv-comecaram-nesta-sexta-feira\/","og_site_name":"Folha de Mato Grosso do Sul","article_published_time":"2026-07-10T22:14:30+00:00","article_modified_time":"2026-07-10T22:15:20+00:00","og_image":[{"width":900,"height":506,"url":"https:\/\/folhadems.com.br\/site\/wp-content\/uploads\/2026\/07\/cursinho.jpg","type":"image\/jpeg"}],"author":"Elite Midia","twitter_card":"summary_large_image","twitter_misc":{"Escrito por":"Elite Midia","Est. tempo de leitura":"2 minutos"},"schema":{"@context":"https:\/\/schema.org","@graph":[{"@type":"Article","@id":"https:\/\/folhadems.com.br\/site\/2026\/07\/10\/inscricoes-para-cursinho-da-sejuv-comecaram-nesta-sexta-feira\/#article","isPartOf":{"@id":"https:\/\/folhadems.com.br\/site\/2026\/07\/10\/inscricoes-para-cursinho-da-sejuv-comecaram-nesta-sexta-feira\/"},"author":{"name":"Elite Midia","@id":"https:\/\/folhadems.com.br\/site\/#\/schema\/person\/e4a04038e5c2e7040e19ef252ae9d940"},"headline":"Inscri\u00e7\u00f5es para cursinho da Sejuv come\u00e7aram nesta sexta-feira","datePublished":"2026-07-10T22:14:30+00:00","dateModified":"2026-07-10T22:15:20+00:00","mainEntityOfPage":{"@id":"https:\/\/folhadems.com.br\/site\/2026\/07\/10\/inscricoes-para-cursinho-da-sejuv-comecaram-nesta-sexta-feira\/"},"wordCount":303,"commentCount":0,"publisher":{"@id":"https:\/\/folhadems.com.br\/site\/#organization"},"image":{"@id":"https:\/\/folhadems.com.br\/site\/2026\/07\/10\/inscricoes-para-cursinho-da-sejuv-comecaram-nesta-sexta-feira\/#primaryimage"},"thumbnailUrl":"https:\/\/folhadems.com.br\/site\/wp-content\/uploads\/2026\/07\/cursinho.jpg","articleSection":["Educa\u00e7\u00e3o"],"inLanguage":"pt-BR","potentialAction":[{"@type":"CommentAction","name":"Comment","target":["https:\/\/folhadems.com.br\/site\/2026\/07\/10\/inscricoes-para-cursinho-da-sejuv-comecaram-nesta-sexta-feira\/#respond"]}]},{"@type":"WebPage","@id":"https:\/\/folhadems.com.br\/site\/2026\/07\/10\/inscricoes-para-cursinho-da-sejuv-comecaram-nesta-sexta-feira\/","url":"https:\/\/folhadems.com.br\/site\/2026\/07\/10\/inscricoes-para-cursinho-da-sejuv-comecaram-nesta-sexta-feira\/","name":"Inscri\u00e7\u00f5es para cursinho da Sejuv come\u00e7aram nesta sexta-feira - Folha de Mato Grosso do Sul","isPartOf":{"@id":"https:\/\/folhadems.com.br\/site\/#website"},"primaryImageOfPage":{"@id":"https:\/\/folhadems.com.br\/site\/2026\/07\/10\/inscricoes-para-cursinho-da-sejuv-comecaram-nesta-sexta-feira\/#primaryimage"},"image":{"@id":"https:\/\/folhadems.com.br\/site\/2026\/07\/10\/inscricoes-para-cursinho-da-sejuv-comecaram-nesta-sexta-feira\/#primaryimage"},"thumbnailUrl":"https:\/\/folhadems.com.br\/site\/wp-content\/uploads\/2026\/07\/cursinho.jpg","datePublished":"2026-07-10T22:14:30+00:00","dateModified":"2026-07-10T22:15:20+00:00","breadcrumb":{"@id":"https:\/\/folhadems.com.br\/site\/2026\/07\/10\/inscricoes-para-cursinho-da-sejuv-comecaram-nesta-sexta-feira\/#breadcrumb"},"inLanguage":"pt-BR","potentialAction":[{"@type":"ReadAction","target":["https:\/\/folhadems.com.br\/site\/2026\/07\/10\/inscricoes-para-cursinho-da-sejuv-comecaram-nesta-sexta-feira\/"]}]},{"@type":"ImageObject","inLanguage":"pt-BR","@id":"https:\/\/folhadems.com.br\/site\/2026\/07\/10\/inscricoes-para-cursinho-da-sejuv-comecaram-nesta-sexta-feira\/#primaryimage","url":"https:\/\/folhadems.com.br\/site\/wp-content\/uploads\/2026\/07\/cursinho.jpg","contentUrl":"https:\/\/folhadems.com.br\/site\/wp-content\/uploads\/2026\/07\/cursinho.jpg","width":900,"height":506},{"@type":"BreadcrumbList","@id":"https:\/\/folhadems.com.br\/site\/2026\/07\/10\/inscricoes-para-cursinho-da-sejuv-comecaram-nesta-sexta-feira\/#breadcrumb","itemListElement":[{"@type":"ListItem","position":1,"name":"In\u00edcio","item":"https:\/\/folhadems.com.br\/site\/"},{"@type":"ListItem","position":2,"name":"Inscri\u00e7\u00f5es para cursinho da Sejuv come\u00e7aram nesta sexta-feira"}]},{"@type":"WebSite","@id":"https:\/\/folhadems.com.br\/site\/#website","url":"https:\/\/folhadems.com.br\/site\/","name":"Folha de Mato Grosso do Sul","description":"Jornal Online","publisher":{"@id":"https:\/\/folhadems.com.br\/site\/#organization"},"potentialAction":[{"@type":"SearchAction","target":{"@type":"EntryPoint","urlTemplate":"https:\/\/folhadems.com.br\/site\/?s={search_term_string}"},"query-input":{"@type":"PropertyValueSpecification","valueRequired":true,"valueName":"search_term_string"}}],"inLanguage":"pt-BR"},{"@type":"Organization","@id":"https:\/\/folhadems.com.br\/site\/#organization","name":"Folha de Mato Grosso do Sul","url":"https:\/\/folhadems.com.br\/site\/","logo":{"@type":"ImageObject","inLanguage":"pt-BR","@id":"https:\/\/folhadems.com.br\/site\/#\/schema\/logo\/image\/","url":"https:\/\/folhadems.com.br\/site\/wp-content\/uploads\/2023\/01\/logo-folha-de-ms-380x90-1.jpg","contentUrl":"https:\/\/folhadems.com.br\/site\/wp-content\/uploads\/2023\/01\/logo-folha-de-ms-380x90-1.jpg","width":380,"height":90,"caption":"Folha de Mato Grosso do Sul"},"image":{"@id":"https:\/\/folhadems.com.br\/site\/#\/schema\/logo\/image\/"}},{"@type":"Person","@id":"https:\/\/folhadems.com.br\/site\/#\/schema\/person\/e4a04038e5c2e7040e19ef252ae9d940","name":"Elite Midia","image":{"@type":"ImageObject","inLanguage":"pt-BR","@id":"https:\/\/secure.gravatar.com\/avatar\/f76a80f01119f7fec6909ab9feea8819031f391155be021b685479d77496f055?s=96&d=mm&r=g","url":"https:\/\/secure.gravatar.com\/avatar\/f76a80f01119f7fec6909ab9feea8819031f391155be021b685479d77496f055?s=96&d=mm&r=g","contentUrl":"https:\/\/secure.gravatar.com\/avatar\/f76a80f01119f7fec6909ab9feea8819031f391155be021b685479d77496f055?s=96&d=mm&r=g","caption":"Elite Midia"},"sameAs":["https:\/\/folhadems.com.br\/site"],"url":"https:\/\/folhadems.com.br\/site\/author\/elite-midia\/"}]}},"publishpress_future_action":{"enabled":false,"date":"2026-09-07 07:40:25","action":"change-status","newStatus":"draft","terms":[],"taxonomy":"category","extraData":[]},"publishpress_future_workflow_manual_trigger":{"enabledWorkflows":[]},"_links":{"self":[{"href":"https:\/\/folhadems.com.br\/site\/wp-json\/wp\/v2\/posts\/17700","targetHints":{"allow":["GET"]}}],"collection":[{"href":"https:\/\/folhadems.com.br\/site\/wp-json\/wp\/v2\/posts"}],"about":[{"href":"https:\/\/folhadems.com.br\/site\/wp-json\/wp\/v2\/types\/post"}],"author":[{"embeddable":true,"href":"https:\/\/folhadems.com.br\/site\/wp-json\/wp\/v2\/users\/1"}],"replies":[{"embeddable":true,"href":"https:\/\/folhadems.com.br\/site\/wp-json\/wp\/v2\/comments?post=17700"}],"version-history":[{"count":1,"href":"https:\/\/folhadems.com.br\/site\/wp-json\/wp\/v2\/posts\/17700\/revisions"}],"predecessor-version":[{"id":17702,"href":"https:\/\/folhadems.com.br\/site\/wp-json\/wp\/v2\/posts\/17700\/revisions\/17702"}],"wp:featuredmedia":[{"embeddable":true,"href":"https:\/\/folhadems.com.br\/site\/wp-json\/wp\/v2\/media\/17701"}],"wp:attachment":[{"href":"https:\/\/folhadems.com.br\/site\/wp-json\/wp\/v2\/media?parent=17700"}],"wp:term":[{"taxonomy":"category","embeddable":true,"href":"https:\/\/folhadems.com.br\/site\/wp-json\/wp\/v2\/categories?post=17700"},{"taxonomy":"post_tag","embeddable":true,"href":"https:\/\/folhadems.com.br\/site\/wp-json\/wp\/v2\/tags?post=17700"}],"curies":[{"name":"wp","href":"https:\/\/api.w.org\/{rel}","templated":true}]}}