{"id":15923,"date":"2026-04-29T08:01:00","date_gmt":"2026-04-29T12:01:00","guid":{"rendered":"https:\/\/folhadems.com.br\/site\/?p=15923"},"modified":"2026-04-29T03:19:28","modified_gmt":"2026-04-29T07:19:28","slug":"prefeitura-libera-auxilio-atleta-para-esportistas-da-capital","status":"publish","type":"post","link":"https:\/\/folhadems.com.br\/site\/2026\/04\/29\/prefeitura-libera-auxilio-atleta-para-esportistas-da-capital\/","title":{"rendered":"Prefeitura libera Aux\u00edlio-Atleta para esportistas da Capital"},"content":{"rendered":"\n<p>A PrefCG realizou ontem (28), no Teatro do Pa\u00e7o Municipal, a assinatura do termo do Aux\u00edlio-Atleta para 33 esportistas contemplados no primeiro trimestre de 2026. O investimento nesta etapa ultrapassa R$ 80 mil.<\/p>\n\n\n\n<p>Criado pela Lei n\u00ba 6.754\/2021, o programa incentiva a participa\u00e7\u00e3o em competi\u00e7\u00f5es oficiais e fortalece o esporte no munic\u00edpio. Os valores variam conforme a competi\u00e7\u00e3o: at\u00e9 R$ 5 mil para eventos internacionais, R$ 3 mil para competi\u00e7\u00f5es nacionais fora de Mato Grosso do Sul e R$ 2 mil para eventos dentro do Estado.<\/p>\n\n\n\n<p>Na cerim\u00f4nia, tamb\u00e9m foram entregues camisetas oficiais que ser\u00e3o utilizadas pelos atletas em competi\u00e7\u00f5es representando Campo Grande.<br><br>A vice-prefeita Camilla Nascimento destacou o impacto social do esporte. \u201cSer atleta n\u00e3o \u00e9 um crescimento apenas individual, mas coletivo. Essa oportunidade afasta caminhos negativos e abre portas para conquistas que transformam vidas. O talento precisa de oportunidade e o esfor\u00e7o precisa de apoio. Esse aux\u00edlio \u00e9 mais do que um benef\u00edcio \u00e9 investimento em sa\u00fade, educa\u00e7\u00e3o, cidadania e futuro. Voc\u00eas s\u00e3o o nosso futuro e estamos aqui para aplaudir cada um\u201d, afirmou.<\/p>\n\n\n\n<figure class=\"wp-block-image\"><img decoding=\"async\" src=\"https:\/\/cdn.campogrande.ms.gov.br\/portal\/prod\/uploads\/sites\/3\/2026\/04\/IMG_6425-1024x768.jpeg\" alt=\"\" class=\"wp-image-160849\"\/><\/figure>\n\n\n\n<p>Entre os beneficiados est\u00e1 o atleta paral\u00edmpico de t\u00eanis de mesa, Gabriel Yure, 29 anos, que compete no dia 13 de maio, no Centro Paral\u00edmpico de S\u00e3o Paulo. \u201c\u00c9 sempre bom representar o munic\u00edpio e o Estado \u00e9 poder fomentar o esporte paral\u00edmpico. A Funesp auxiliou com transporte e estadia, e isso faz diferen\u00e7a, porque temos custos de treinamento e outras demandas para manter o alto rendimento. Sem esse aux\u00edlio, provavelmente eu n\u00e3o conseguiria participar\u201d, destacou.<\/p>\n\n\n\n<figure class=\"wp-block-image\"><img decoding=\"async\" src=\"https:\/\/cdn.campogrande.ms.gov.br\/portal\/prod\/uploads\/sites\/3\/2026\/04\/IMG_6405-1-1024x768.jpeg\" alt=\"\" class=\"wp-image-160848\"\/><\/figure>\n\n\n\n<p>O diretor-presidente da Funesp, Maicon Mommad, refor\u00e7ou o apoio ao esporte. \u201c\u00c9 uma alegria estarmos com nossos futuros campe\u00f5es representando Campo Grande no cen\u00e1rio estadual e nacional. Agrade\u00e7o tamb\u00e9m aos pais que acreditam no trabalho da Prefeitura. Esse modelo de lei tem chamado aten\u00e7\u00e3o de outros estados. Desejo boa sorte e que tragam muitos t\u00edtulos para o nosso munic\u00edpio\u201d, afirmou.<\/p>\n\n\n\n<p>O Aux\u00edlio-Atleta \u00e9 destinado a esportistas e equipes que representam o munic\u00edpio em competi\u00e7\u00f5es oficiais no Brasil e no exterior, podendo custear transporte, hospedagem, alimenta\u00e7\u00e3o e inscri\u00e7\u00f5es. O processo conta com participa\u00e7\u00e3o do Conselho Municipal de Esportes.<\/p>\n\n\n\n<p>A treinadora de basquetebol, Karen Muller, destacou o impacto do programa. \u201cTrabalhamos com esses meninos desde a base da Prefeitura, muitos come\u00e7aram com 8 ou 9 anos e hoje, com 16, v\u00e3o disputar o primeiro campeonato brasileiro. \u00c9 a primeira vez que uma equipe de basquete da nossa Capital recebe esse aux\u00edlio. Antes, cont\u00e1vamos com rifas e ajuda dos pais. Agora, conseguimos esse apoio da Prefeitura e somos muito gratos\u201d, disse.<\/p>\n\n\n\n<p>O vereador Ot\u00e1vio Trad, relator da lei, ressaltou a regulamenta\u00e7\u00e3o do programa. \u201cHoje h\u00e1 uma mudan\u00e7a de mentalidade em Campo Grande quando se fala em esporte. Antes, os aux\u00edlios aconteciam de forma informal, sem regras claras. Agora, tudo est\u00e1 regulamentado por lei. Desejo boa sorte aos atletas. Que honrem o nome que carregam na camisa e representem com orgulho a nossa cidade\u201d, pontuou.<\/p>\n\n\n\n<p><strong><em>Fonte: PrefCG<\/em><\/strong><\/p>\n","protected":false},"excerpt":{"rendered":"<p>A PrefCG realizou ontem (28), no Teatro do Pa\u00e7o Municipal, a assinatura do termo do Aux\u00edlio-Atleta para 33 esportistas contemplados<\/p>\n","protected":false},"author":1,"featured_media":15924,"comment_status":"open","ping_status":"open","sticky":false,"template":"","format":"standard","meta":{"footnotes":""},"categories":[6],"tags":[],"class_list":["post-15923","post","type-post","status-publish","format-standard","has-post-thumbnail","hentry","category-esportes"],"yoast_head":"<!-- This site is optimized with the Yoast SEO plugin v27.1.1 - https:\/\/yoast.com\/product\/yoast-seo-wordpress\/ -->\n<title>Prefeitura libera Aux\u00edlio-Atleta para esportistas da Capital - Folha de Mato Grosso do Sul<\/title>\n<meta name=\"robots\" content=\"index, follow, max-snippet:-1, max-image-preview:large, max-video-preview:-1\" \/>\n<link rel=\"canonical\" href=\"https:\/\/folhadems.com.br\/site\/2026\/04\/29\/prefeitura-libera-auxilio-atleta-para-esportistas-da-capital\/\" \/>\n<meta property=\"og:locale\" content=\"pt_BR\" \/>\n<meta property=\"og:type\" content=\"article\" \/>\n<meta property=\"og:title\" content=\"Prefeitura libera Aux\u00edlio-Atleta para esportistas da Capital - Folha de Mato Grosso do Sul\" \/>\n<meta property=\"og:description\" content=\"A PrefCG realizou ontem (28), no Teatro do Pa\u00e7o Municipal, a assinatura do termo do Aux\u00edlio-Atleta para 33 esportistas contemplados\" \/>\n<meta property=\"og:url\" content=\"https:\/\/folhadems.com.br\/site\/2026\/04\/29\/prefeitura-libera-auxilio-atleta-para-esportistas-da-capital\/\" \/>\n<meta property=\"og:site_name\" content=\"Folha de Mato Grosso do Sul\" \/>\n<meta property=\"article:published_time\" content=\"2026-04-29T12:01:00+00:00\" \/>\n<meta property=\"og:image\" content=\"https:\/\/folhadems.com.br\/site\/wp-content\/uploads\/2026\/04\/funes.jpg\" \/>\n\t<meta property=\"og:image:width\" content=\"800\" \/>\n\t<meta property=\"og:image:height\" content=\"450\" \/>\n\t<meta property=\"og:image:type\" content=\"image\/jpeg\" \/>\n<meta name=\"author\" content=\"Elite Midia\" \/>\n<meta name=\"twitter:card\" content=\"summary_large_image\" \/>\n<meta name=\"twitter:label1\" content=\"Escrito por\" \/>\n\t<meta name=\"twitter:data1\" content=\"Elite Midia\" \/>\n\t<meta name=\"twitter:label2\" content=\"Est. tempo de leitura\" \/>\n\t<meta name=\"twitter:data2\" content=\"4 minutos\" \/>\n<script type=\"application\/ld+json\" class=\"yoast-schema-graph\">{\"@context\":\"https:\/\/schema.org\",\"@graph\":[{\"@type\":\"Article\",\"@id\":\"https:\/\/folhadems.com.br\/site\/2026\/04\/29\/prefeitura-libera-auxilio-atleta-para-esportistas-da-capital\/#article\",\"isPartOf\":{\"@id\":\"https:\/\/folhadems.com.br\/site\/2026\/04\/29\/prefeitura-libera-auxilio-atleta-para-esportistas-da-capital\/\"},\"author\":{\"name\":\"Elite Midia\",\"@id\":\"https:\/\/folhadems.com.br\/site\/#\/schema\/person\/e4a04038e5c2e7040e19ef252ae9d940\"},\"headline\":\"Prefeitura libera Aux\u00edlio-Atleta para esportistas da Capital\",\"datePublished\":\"2026-04-29T12:01:00+00:00\",\"mainEntityOfPage\":{\"@id\":\"https:\/\/folhadems.com.br\/site\/2026\/04\/29\/prefeitura-libera-auxilio-atleta-para-esportistas-da-capital\/\"},\"wordCount\":522,\"commentCount\":0,\"publisher\":{\"@id\":\"https:\/\/folhadems.com.br\/site\/#organization\"},\"image\":{\"@id\":\"https:\/\/folhadems.com.br\/site\/2026\/04\/29\/prefeitura-libera-auxilio-atleta-para-esportistas-da-capital\/#primaryimage\"},\"thumbnailUrl\":\"https:\/\/folhadems.com.br\/site\/wp-content\/uploads\/2026\/04\/funes.jpg\",\"articleSection\":[\"Esportes\"],\"inLanguage\":\"pt-BR\",\"potentialAction\":[{\"@type\":\"CommentAction\",\"name\":\"Comment\",\"target\":[\"https:\/\/folhadems.com.br\/site\/2026\/04\/29\/prefeitura-libera-auxilio-atleta-para-esportistas-da-capital\/#respond\"]}]},{\"@type\":\"WebPage\",\"@id\":\"https:\/\/folhadems.com.br\/site\/2026\/04\/29\/prefeitura-libera-auxilio-atleta-para-esportistas-da-capital\/\",\"url\":\"https:\/\/folhadems.com.br\/site\/2026\/04\/29\/prefeitura-libera-auxilio-atleta-para-esportistas-da-capital\/\",\"name\":\"Prefeitura libera Aux\u00edlio-Atleta para esportistas da Capital - Folha de Mato Grosso do Sul\",\"isPartOf\":{\"@id\":\"https:\/\/folhadems.com.br\/site\/#website\"},\"primaryImageOfPage\":{\"@id\":\"https:\/\/folhadems.com.br\/site\/2026\/04\/29\/prefeitura-libera-auxilio-atleta-para-esportistas-da-capital\/#primaryimage\"},\"image\":{\"@id\":\"https:\/\/folhadems.com.br\/site\/2026\/04\/29\/prefeitura-libera-auxilio-atleta-para-esportistas-da-capital\/#primaryimage\"},\"thumbnailUrl\":\"https:\/\/folhadems.com.br\/site\/wp-content\/uploads\/2026\/04\/funes.jpg\",\"datePublished\":\"2026-04-29T12:01:00+00:00\",\"breadcrumb\":{\"@id\":\"https:\/\/folhadems.com.br\/site\/2026\/04\/29\/prefeitura-libera-auxilio-atleta-para-esportistas-da-capital\/#breadcrumb\"},\"inLanguage\":\"pt-BR\",\"potentialAction\":[{\"@type\":\"ReadAction\",\"target\":[\"https:\/\/folhadems.com.br\/site\/2026\/04\/29\/prefeitura-libera-auxilio-atleta-para-esportistas-da-capital\/\"]}]},{\"@type\":\"ImageObject\",\"inLanguage\":\"pt-BR\",\"@id\":\"https:\/\/folhadems.com.br\/site\/2026\/04\/29\/prefeitura-libera-auxilio-atleta-para-esportistas-da-capital\/#primaryimage\",\"url\":\"https:\/\/folhadems.com.br\/site\/wp-content\/uploads\/2026\/04\/funes.jpg\",\"contentUrl\":\"https:\/\/folhadems.com.br\/site\/wp-content\/uploads\/2026\/04\/funes.jpg\",\"width\":800,\"height\":450},{\"@type\":\"BreadcrumbList\",\"@id\":\"https:\/\/folhadems.com.br\/site\/2026\/04\/29\/prefeitura-libera-auxilio-atleta-para-esportistas-da-capital\/#breadcrumb\",\"itemListElement\":[{\"@type\":\"ListItem\",\"position\":1,\"name\":\"In\u00edcio\",\"item\":\"https:\/\/folhadems.com.br\/site\/\"},{\"@type\":\"ListItem\",\"position\":2,\"name\":\"Prefeitura libera Aux\u00edlio-Atleta para esportistas da Capital\"}]},{\"@type\":\"WebSite\",\"@id\":\"https:\/\/folhadems.com.br\/site\/#website\",\"url\":\"https:\/\/folhadems.com.br\/site\/\",\"name\":\"Folha de Mato Grosso do Sul\",\"description\":\"Jornal Online\",\"publisher\":{\"@id\":\"https:\/\/folhadems.com.br\/site\/#organization\"},\"potentialAction\":[{\"@type\":\"SearchAction\",\"target\":{\"@type\":\"EntryPoint\",\"urlTemplate\":\"https:\/\/folhadems.com.br\/site\/?s={search_term_string}\"},\"query-input\":{\"@type\":\"PropertyValueSpecification\",\"valueRequired\":true,\"valueName\":\"search_term_string\"}}],\"inLanguage\":\"pt-BR\"},{\"@type\":\"Organization\",\"@id\":\"https:\/\/folhadems.com.br\/site\/#organization\",\"name\":\"Folha de Mato Grosso do Sul\",\"url\":\"https:\/\/folhadems.com.br\/site\/\",\"logo\":{\"@type\":\"ImageObject\",\"inLanguage\":\"pt-BR\",\"@id\":\"https:\/\/folhadems.com.br\/site\/#\/schema\/logo\/image\/\",\"url\":\"https:\/\/folhadems.com.br\/site\/wp-content\/uploads\/2023\/01\/logo-folha-de-ms-380x90-1.jpg\",\"contentUrl\":\"https:\/\/folhadems.com.br\/site\/wp-content\/uploads\/2023\/01\/logo-folha-de-ms-380x90-1.jpg\",\"width\":380,\"height\":90,\"caption\":\"Folha de Mato Grosso do Sul\"},\"image\":{\"@id\":\"https:\/\/folhadems.com.br\/site\/#\/schema\/logo\/image\/\"}},{\"@type\":\"Person\",\"@id\":\"https:\/\/folhadems.com.br\/site\/#\/schema\/person\/e4a04038e5c2e7040e19ef252ae9d940\",\"name\":\"Elite Midia\",\"image\":{\"@type\":\"ImageObject\",\"inLanguage\":\"pt-BR\",\"@id\":\"https:\/\/folhadems.com.br\/site\/#\/schema\/person\/image\/\",\"url\":\"https:\/\/secure.gravatar.com\/avatar\/f76a80f01119f7fec6909ab9feea8819031f391155be021b685479d77496f055?s=96&d=mm&r=g\",\"contentUrl\":\"https:\/\/secure.gravatar.com\/avatar\/f76a80f01119f7fec6909ab9feea8819031f391155be021b685479d77496f055?s=96&d=mm&r=g\",\"caption\":\"Elite Midia\"},\"sameAs\":[\"https:\/\/folhadems.com.br\/site\"],\"url\":\"https:\/\/folhadems.com.br\/site\/author\/elite-midia\/\"}]}<\/script>\n<!-- \/ Yoast SEO plugin. -->","yoast_head_json":{"title":"Prefeitura libera Aux\u00edlio-Atleta para esportistas da Capital - Folha de Mato Grosso do Sul","robots":{"index":"index","follow":"follow","max-snippet":"max-snippet:-1","max-image-preview":"max-image-preview:large","max-video-preview":"max-video-preview:-1"},"canonical":"https:\/\/folhadems.com.br\/site\/2026\/04\/29\/prefeitura-libera-auxilio-atleta-para-esportistas-da-capital\/","og_locale":"pt_BR","og_type":"article","og_title":"Prefeitura libera Aux\u00edlio-Atleta para esportistas da Capital - Folha de Mato Grosso do Sul","og_description":"A PrefCG realizou ontem (28), no Teatro do Pa\u00e7o Municipal, a assinatura do termo do Aux\u00edlio-Atleta para 33 esportistas contemplados","og_url":"https:\/\/folhadems.com.br\/site\/2026\/04\/29\/prefeitura-libera-auxilio-atleta-para-esportistas-da-capital\/","og_site_name":"Folha de Mato Grosso do Sul","article_published_time":"2026-04-29T12:01:00+00:00","og_image":[{"width":800,"height":450,"url":"https:\/\/folhadems.com.br\/site\/wp-content\/uploads\/2026\/04\/funes.jpg","type":"image\/jpeg"}],"author":"Elite Midia","twitter_card":"summary_large_image","twitter_misc":{"Escrito por":"Elite Midia","Est. tempo de leitura":"4 minutos"},"schema":{"@context":"https:\/\/schema.org","@graph":[{"@type":"Article","@id":"https:\/\/folhadems.com.br\/site\/2026\/04\/29\/prefeitura-libera-auxilio-atleta-para-esportistas-da-capital\/#article","isPartOf":{"@id":"https:\/\/folhadems.com.br\/site\/2026\/04\/29\/prefeitura-libera-auxilio-atleta-para-esportistas-da-capital\/"},"author":{"name":"Elite Midia","@id":"https:\/\/folhadems.com.br\/site\/#\/schema\/person\/e4a04038e5c2e7040e19ef252ae9d940"},"headline":"Prefeitura libera Aux\u00edlio-Atleta para esportistas da Capital","datePublished":"2026-04-29T12:01:00+00:00","mainEntityOfPage":{"@id":"https:\/\/folhadems.com.br\/site\/2026\/04\/29\/prefeitura-libera-auxilio-atleta-para-esportistas-da-capital\/"},"wordCount":522,"commentCount":0,"publisher":{"@id":"https:\/\/folhadems.com.br\/site\/#organization"},"image":{"@id":"https:\/\/folhadems.com.br\/site\/2026\/04\/29\/prefeitura-libera-auxilio-atleta-para-esportistas-da-capital\/#primaryimage"},"thumbnailUrl":"https:\/\/folhadems.com.br\/site\/wp-content\/uploads\/2026\/04\/funes.jpg","articleSection":["Esportes"],"inLanguage":"pt-BR","potentialAction":[{"@type":"CommentAction","name":"Comment","target":["https:\/\/folhadems.com.br\/site\/2026\/04\/29\/prefeitura-libera-auxilio-atleta-para-esportistas-da-capital\/#respond"]}]},{"@type":"WebPage","@id":"https:\/\/folhadems.com.br\/site\/2026\/04\/29\/prefeitura-libera-auxilio-atleta-para-esportistas-da-capital\/","url":"https:\/\/folhadems.com.br\/site\/2026\/04\/29\/prefeitura-libera-auxilio-atleta-para-esportistas-da-capital\/","name":"Prefeitura libera Aux\u00edlio-Atleta para esportistas da Capital - Folha de Mato Grosso do Sul","isPartOf":{"@id":"https:\/\/folhadems.com.br\/site\/#website"},"primaryImageOfPage":{"@id":"https:\/\/folhadems.com.br\/site\/2026\/04\/29\/prefeitura-libera-auxilio-atleta-para-esportistas-da-capital\/#primaryimage"},"image":{"@id":"https:\/\/folhadems.com.br\/site\/2026\/04\/29\/prefeitura-libera-auxilio-atleta-para-esportistas-da-capital\/#primaryimage"},"thumbnailUrl":"https:\/\/folhadems.com.br\/site\/wp-content\/uploads\/2026\/04\/funes.jpg","datePublished":"2026-04-29T12:01:00+00:00","breadcrumb":{"@id":"https:\/\/folhadems.com.br\/site\/2026\/04\/29\/prefeitura-libera-auxilio-atleta-para-esportistas-da-capital\/#breadcrumb"},"inLanguage":"pt-BR","potentialAction":[{"@type":"ReadAction","target":["https:\/\/folhadems.com.br\/site\/2026\/04\/29\/prefeitura-libera-auxilio-atleta-para-esportistas-da-capital\/"]}]},{"@type":"ImageObject","inLanguage":"pt-BR","@id":"https:\/\/folhadems.com.br\/site\/2026\/04\/29\/prefeitura-libera-auxilio-atleta-para-esportistas-da-capital\/#primaryimage","url":"https:\/\/folhadems.com.br\/site\/wp-content\/uploads\/2026\/04\/funes.jpg","contentUrl":"https:\/\/folhadems.com.br\/site\/wp-content\/uploads\/2026\/04\/funes.jpg","width":800,"height":450},{"@type":"BreadcrumbList","@id":"https:\/\/folhadems.com.br\/site\/2026\/04\/29\/prefeitura-libera-auxilio-atleta-para-esportistas-da-capital\/#breadcrumb","itemListElement":[{"@type":"ListItem","position":1,"name":"In\u00edcio","item":"https:\/\/folhadems.com.br\/site\/"},{"@type":"ListItem","position":2,"name":"Prefeitura libera Aux\u00edlio-Atleta para esportistas da Capital"}]},{"@type":"WebSite","@id":"https:\/\/folhadems.com.br\/site\/#website","url":"https:\/\/folhadems.com.br\/site\/","name":"Folha de Mato Grosso do Sul","description":"Jornal Online","publisher":{"@id":"https:\/\/folhadems.com.br\/site\/#organization"},"potentialAction":[{"@type":"SearchAction","target":{"@type":"EntryPoint","urlTemplate":"https:\/\/folhadems.com.br\/site\/?s={search_term_string}"},"query-input":{"@type":"PropertyValueSpecification","valueRequired":true,"valueName":"search_term_string"}}],"inLanguage":"pt-BR"},{"@type":"Organization","@id":"https:\/\/folhadems.com.br\/site\/#organization","name":"Folha de Mato Grosso do Sul","url":"https:\/\/folhadems.com.br\/site\/","logo":{"@type":"ImageObject","inLanguage":"pt-BR","@id":"https:\/\/folhadems.com.br\/site\/#\/schema\/logo\/image\/","url":"https:\/\/folhadems.com.br\/site\/wp-content\/uploads\/2023\/01\/logo-folha-de-ms-380x90-1.jpg","contentUrl":"https:\/\/folhadems.com.br\/site\/wp-content\/uploads\/2023\/01\/logo-folha-de-ms-380x90-1.jpg","width":380,"height":90,"caption":"Folha de Mato Grosso do Sul"},"image":{"@id":"https:\/\/folhadems.com.br\/site\/#\/schema\/logo\/image\/"}},{"@type":"Person","@id":"https:\/\/folhadems.com.br\/site\/#\/schema\/person\/e4a04038e5c2e7040e19ef252ae9d940","name":"Elite Midia","image":{"@type":"ImageObject","inLanguage":"pt-BR","@id":"https:\/\/folhadems.com.br\/site\/#\/schema\/person\/image\/","url":"https:\/\/secure.gravatar.com\/avatar\/f76a80f01119f7fec6909ab9feea8819031f391155be021b685479d77496f055?s=96&d=mm&r=g","contentUrl":"https:\/\/secure.gravatar.com\/avatar\/f76a80f01119f7fec6909ab9feea8819031f391155be021b685479d77496f055?s=96&d=mm&r=g","caption":"Elite Midia"},"sameAs":["https:\/\/folhadems.com.br\/site"],"url":"https:\/\/folhadems.com.br\/site\/author\/elite-midia\/"}]}},"publishpress_future_action":{"enabled":false,"date":"2026-05-06 11:16:02","action":"change-status","newStatus":"draft","terms":[],"taxonomy":"category","extraData":[]},"publishpress_future_workflow_manual_trigger":{"enabledWorkflows":[]},"_links":{"self":[{"href":"https:\/\/folhadems.com.br\/site\/wp-json\/wp\/v2\/posts\/15923","targetHints":{"allow":["GET"]}}],"collection":[{"href":"https:\/\/folhadems.com.br\/site\/wp-json\/wp\/v2\/posts"}],"about":[{"href":"https:\/\/folhadems.com.br\/site\/wp-json\/wp\/v2\/types\/post"}],"author":[{"embeddable":true,"href":"https:\/\/folhadems.com.br\/site\/wp-json\/wp\/v2\/users\/1"}],"replies":[{"embeddable":true,"href":"https:\/\/folhadems.com.br\/site\/wp-json\/wp\/v2\/comments?post=15923"}],"version-history":[{"count":1,"href":"https:\/\/folhadems.com.br\/site\/wp-json\/wp\/v2\/posts\/15923\/revisions"}],"predecessor-version":[{"id":15925,"href":"https:\/\/folhadems.com.br\/site\/wp-json\/wp\/v2\/posts\/15923\/revisions\/15925"}],"wp:featuredmedia":[{"embeddable":true,"href":"https:\/\/folhadems.com.br\/site\/wp-json\/wp\/v2\/media\/15924"}],"wp:attachment":[{"href":"https:\/\/folhadems.com.br\/site\/wp-json\/wp\/v2\/media?parent=15923"}],"wp:term":[{"taxonomy":"category","embeddable":true,"href":"https:\/\/folhadems.com.br\/site\/wp-json\/wp\/v2\/categories?post=15923"},{"taxonomy":"post_tag","embeddable":true,"href":"https:\/\/folhadems.com.br\/site\/wp-json\/wp\/v2\/tags?post=15923"}],"curies":[{"name":"wp","href":"https:\/\/api.w.org\/{rel}","templated":true}]}}