{"id":15918,"date":"2026-04-28T13:47:35","date_gmt":"2026-04-28T17:47:35","guid":{"rendered":"https:\/\/folhadems.com.br\/site\/?p=15918"},"modified":"2026-04-28T13:47:39","modified_gmt":"2026-04-28T17:47:39","slug":"pesquisa-aponta-reducao-no-preco-do-diesel-no-anel-viario-de-campo-grande","status":"publish","type":"post","link":"https:\/\/folhadems.com.br\/site\/2026\/04\/28\/pesquisa-aponta-reducao-no-preco-do-diesel-no-anel-viario-de-campo-grande\/","title":{"rendered":"Pesquisa aponta redu\u00e7\u00e3o no pre\u00e7o do diesel no anel vi\u00e1rio de Campo Grande"},"content":{"rendered":"\n<p>Monitoramento de pre\u00e7os realizado pelo Procon Mato Grosso do Sul, institui\u00e7\u00e3o vinculada \u00e0 Sead (Secretaria de Estado de Assist\u00eancia Social e dos Direitos Humanos), identificou redu\u00e7\u00e3o no valor do diesel comercializado em postos nas sa\u00eddas de Campo Grande. A an\u00e1lise compara dados coletados nos dias 10 e 23 de abril de 2026.<\/p>\n\n\n\n<p>Considerando os maiores valores praticados no per\u00edodo, o litro do Diesel S10 caiu 5,93% nas bombas de abastecimento, independentemente da forma de pagamento. J\u00e1 o Diesel S500 teve uma redu\u00e7\u00e3o de 5,38% no cr\u00e9dito e 4,80% no dinheiro ou d\u00e9bito.<\/p>\n\n\n\n<p>A an\u00e1lise considera os pre\u00e7os de seis postos situados em regi\u00f5es estrat\u00e9gicas do anel vi\u00e1rio, incluindo as sa\u00eddas para Sidrol\u00e2ndia, Tr\u00eas Lagoas, Corumb\u00e1 e Coxim. Ela ainda avalia os efeitos de medidas anunciadas pelo governo para conter a alta dos pre\u00e7os dos combust\u00edveis no Brasil, impulsionada pelo aumento dos custos internacionais do petr\u00f3leo.<\/p>\n\n\n\n<p>Medidas provis\u00f3rias v\u00eam sendo editadas para conter a alta de valores decorrente de conflitos no Oriente M\u00e9dio, ofertando subs\u00eddios de at\u00e9 R$ 1,20\/litro na importa\u00e7\u00e3o e R$ 0,80\/litro para a produ\u00e7\u00e3o nacional. Houve, ainda, isen\u00e7\u00e3o de PIS\/Cofins aplicada ao biodiesel. Os valores, no entanto, diluem-se nas etapas de importa\u00e7\u00e3o, distribui\u00e7\u00e3o e revenda at\u00e9 o consumidor final.<\/p>\n\n\n\n<p>No per\u00edodo, n\u00e3o houve varia\u00e7\u00e3o nos pre\u00e7os aplicados na venda de etanol e gasolina comum nos postos monitorados. O levantamento, realizado de forma peri\u00f3dica, seguir\u00e1 sendo executado a fim de orientar os consumidores e subsidiar eventuais a\u00e7\u00f5es de fiscaliza\u00e7\u00e3o no setor.<\/p>\n\n\n\n<p><strong>Servi\u00e7o<\/strong><\/p>\n\n\n\n<p><em>Pesquisa Combust\u00edveis Anel Vi\u00e1rio (Campo Grande)<\/em><\/p>\n\n\n\n<ul class=\"wp-block-list\">\n<li><strong>10 de Abril:<\/strong> <a href=\"https:\/\/tinyurl.com\/bdzf3mxx\" target=\"_blank\" rel=\"noopener\">https:\/\/tinyurl.com\/bdzf3mxx<\/a><\/li>\n\n\n\n<li><strong>23 de Abril:<\/strong> <a href=\"https:\/\/tinyurl.com\/2d5jdpdm\" target=\"_blank\" rel=\"noopener\">https:\/\/tinyurl.com\/2d5jdpdm<\/a><\/li>\n\n\n\n<li><strong>Comparativo:<\/strong> <a href=\"https:\/\/tinyurl.com\/3aetjtta\" target=\"_blank\" rel=\"noopener\">https:\/\/tinyurl.com\/3aetjtta<\/a><\/li>\n<\/ul>\n\n\n\n<p><em><strong>Kleber Clajus, Comunica\u00e7\u00e3o Procon\/MS<\/strong><br><strong>Foto: Kleber Clajus\/ProconMS\/Arquivo<\/strong><\/em><\/p>\n","protected":false},"excerpt":{"rendered":"<p>Monitoramento de pre\u00e7os realizado pelo Procon Mato Grosso do Sul, institui\u00e7\u00e3o vinculada \u00e0 Sead (Secretaria de Estado de Assist\u00eancia Social<\/p>\n","protected":false},"author":1,"featured_media":15919,"comment_status":"open","ping_status":"open","sticky":false,"template":"","format":"standard","meta":{"footnotes":""},"categories":[5],"tags":[],"class_list":["post-15918","post","type-post","status-publish","format-standard","has-post-thumbnail","hentry","category-economia"],"yoast_head":"<!-- This site is optimized with the Yoast SEO plugin v27.1.1 - https:\/\/yoast.com\/product\/yoast-seo-wordpress\/ -->\n<title>Pesquisa aponta redu\u00e7\u00e3o no pre\u00e7o do diesel no anel vi\u00e1rio de Campo Grande - Folha de Mato Grosso do Sul<\/title>\n<meta name=\"robots\" content=\"index, follow, max-snippet:-1, max-image-preview:large, max-video-preview:-1\" \/>\n<link rel=\"canonical\" href=\"https:\/\/folhadems.com.br\/site\/2026\/04\/28\/pesquisa-aponta-reducao-no-preco-do-diesel-no-anel-viario-de-campo-grande\/\" \/>\n<meta property=\"og:locale\" content=\"pt_BR\" \/>\n<meta property=\"og:type\" content=\"article\" \/>\n<meta property=\"og:title\" content=\"Pesquisa aponta redu\u00e7\u00e3o no pre\u00e7o do diesel no anel vi\u00e1rio de Campo Grande - Folha de Mato Grosso do Sul\" \/>\n<meta property=\"og:description\" content=\"Monitoramento de pre\u00e7os realizado pelo Procon Mato Grosso do Sul, institui\u00e7\u00e3o vinculada \u00e0 Sead (Secretaria de Estado de Assist\u00eancia Social\" \/>\n<meta property=\"og:url\" content=\"https:\/\/folhadems.com.br\/site\/2026\/04\/28\/pesquisa-aponta-reducao-no-preco-do-diesel-no-anel-viario-de-campo-grande\/\" \/>\n<meta property=\"og:site_name\" content=\"Folha de Mato Grosso do Sul\" \/>\n<meta property=\"article:published_time\" content=\"2026-04-28T17:47:35+00:00\" \/>\n<meta property=\"article:modified_time\" content=\"2026-04-28T17:47:39+00:00\" \/>\n<meta property=\"og:image\" content=\"https:\/\/folhadems.com.br\/site\/wp-content\/uploads\/2026\/04\/combustivel.jpg\" \/>\n\t<meta property=\"og:image:width\" content=\"800\" \/>\n\t<meta property=\"og:image:height\" content=\"450\" \/>\n\t<meta property=\"og:image:type\" content=\"image\/jpeg\" \/>\n<meta name=\"author\" content=\"Elite Midia\" \/>\n<meta name=\"twitter:card\" content=\"summary_large_image\" \/>\n<meta name=\"twitter:label1\" content=\"Escrito por\" \/>\n\t<meta name=\"twitter:data1\" content=\"Elite Midia\" \/>\n\t<meta name=\"twitter:label2\" content=\"Est. tempo de leitura\" \/>\n\t<meta name=\"twitter:data2\" content=\"2 minutos\" \/>\n<script type=\"application\/ld+json\" class=\"yoast-schema-graph\">{\"@context\":\"https:\/\/schema.org\",\"@graph\":[{\"@type\":\"Article\",\"@id\":\"https:\/\/folhadems.com.br\/site\/2026\/04\/28\/pesquisa-aponta-reducao-no-preco-do-diesel-no-anel-viario-de-campo-grande\/#article\",\"isPartOf\":{\"@id\":\"https:\/\/folhadems.com.br\/site\/2026\/04\/28\/pesquisa-aponta-reducao-no-preco-do-diesel-no-anel-viario-de-campo-grande\/\"},\"author\":{\"name\":\"Elite Midia\",\"@id\":\"https:\/\/folhadems.com.br\/site\/#\/schema\/person\/e4a04038e5c2e7040e19ef252ae9d940\"},\"headline\":\"Pesquisa aponta redu\u00e7\u00e3o no pre\u00e7o do diesel no anel vi\u00e1rio de Campo Grande\",\"datePublished\":\"2026-04-28T17:47:35+00:00\",\"dateModified\":\"2026-04-28T17:47:39+00:00\",\"mainEntityOfPage\":{\"@id\":\"https:\/\/folhadems.com.br\/site\/2026\/04\/28\/pesquisa-aponta-reducao-no-preco-do-diesel-no-anel-viario-de-campo-grande\/\"},\"wordCount\":329,\"commentCount\":0,\"publisher\":{\"@id\":\"https:\/\/folhadems.com.br\/site\/#organization\"},\"image\":{\"@id\":\"https:\/\/folhadems.com.br\/site\/2026\/04\/28\/pesquisa-aponta-reducao-no-preco-do-diesel-no-anel-viario-de-campo-grande\/#primaryimage\"},\"thumbnailUrl\":\"https:\/\/folhadems.com.br\/site\/wp-content\/uploads\/2026\/04\/combustivel.jpg\",\"articleSection\":[\"Economia\"],\"inLanguage\":\"pt-BR\",\"potentialAction\":[{\"@type\":\"CommentAction\",\"name\":\"Comment\",\"target\":[\"https:\/\/folhadems.com.br\/site\/2026\/04\/28\/pesquisa-aponta-reducao-no-preco-do-diesel-no-anel-viario-de-campo-grande\/#respond\"]}]},{\"@type\":\"WebPage\",\"@id\":\"https:\/\/folhadems.com.br\/site\/2026\/04\/28\/pesquisa-aponta-reducao-no-preco-do-diesel-no-anel-viario-de-campo-grande\/\",\"url\":\"https:\/\/folhadems.com.br\/site\/2026\/04\/28\/pesquisa-aponta-reducao-no-preco-do-diesel-no-anel-viario-de-campo-grande\/\",\"name\":\"Pesquisa aponta redu\u00e7\u00e3o no pre\u00e7o do diesel no anel vi\u00e1rio de Campo Grande - Folha de Mato Grosso do Sul\",\"isPartOf\":{\"@id\":\"https:\/\/folhadems.com.br\/site\/#website\"},\"primaryImageOfPage\":{\"@id\":\"https:\/\/folhadems.com.br\/site\/2026\/04\/28\/pesquisa-aponta-reducao-no-preco-do-diesel-no-anel-viario-de-campo-grande\/#primaryimage\"},\"image\":{\"@id\":\"https:\/\/folhadems.com.br\/site\/2026\/04\/28\/pesquisa-aponta-reducao-no-preco-do-diesel-no-anel-viario-de-campo-grande\/#primaryimage\"},\"thumbnailUrl\":\"https:\/\/folhadems.com.br\/site\/wp-content\/uploads\/2026\/04\/combustivel.jpg\",\"datePublished\":\"2026-04-28T17:47:35+00:00\",\"dateModified\":\"2026-04-28T17:47:39+00:00\",\"breadcrumb\":{\"@id\":\"https:\/\/folhadems.com.br\/site\/2026\/04\/28\/pesquisa-aponta-reducao-no-preco-do-diesel-no-anel-viario-de-campo-grande\/#breadcrumb\"},\"inLanguage\":\"pt-BR\",\"potentialAction\":[{\"@type\":\"ReadAction\",\"target\":[\"https:\/\/folhadems.com.br\/site\/2026\/04\/28\/pesquisa-aponta-reducao-no-preco-do-diesel-no-anel-viario-de-campo-grande\/\"]}]},{\"@type\":\"ImageObject\",\"inLanguage\":\"pt-BR\",\"@id\":\"https:\/\/folhadems.com.br\/site\/2026\/04\/28\/pesquisa-aponta-reducao-no-preco-do-diesel-no-anel-viario-de-campo-grande\/#primaryimage\",\"url\":\"https:\/\/folhadems.com.br\/site\/wp-content\/uploads\/2026\/04\/combustivel.jpg\",\"contentUrl\":\"https:\/\/folhadems.com.br\/site\/wp-content\/uploads\/2026\/04\/combustivel.jpg\",\"width\":800,\"height\":450},{\"@type\":\"BreadcrumbList\",\"@id\":\"https:\/\/folhadems.com.br\/site\/2026\/04\/28\/pesquisa-aponta-reducao-no-preco-do-diesel-no-anel-viario-de-campo-grande\/#breadcrumb\",\"itemListElement\":[{\"@type\":\"ListItem\",\"position\":1,\"name\":\"In\u00edcio\",\"item\":\"https:\/\/folhadems.com.br\/site\/\"},{\"@type\":\"ListItem\",\"position\":2,\"name\":\"Pesquisa aponta redu\u00e7\u00e3o no pre\u00e7o do diesel no anel vi\u00e1rio de Campo Grande\"}]},{\"@type\":\"WebSite\",\"@id\":\"https:\/\/folhadems.com.br\/site\/#website\",\"url\":\"https:\/\/folhadems.com.br\/site\/\",\"name\":\"Folha de Mato Grosso do Sul\",\"description\":\"Jornal Online\",\"publisher\":{\"@id\":\"https:\/\/folhadems.com.br\/site\/#organization\"},\"potentialAction\":[{\"@type\":\"SearchAction\",\"target\":{\"@type\":\"EntryPoint\",\"urlTemplate\":\"https:\/\/folhadems.com.br\/site\/?s={search_term_string}\"},\"query-input\":{\"@type\":\"PropertyValueSpecification\",\"valueRequired\":true,\"valueName\":\"search_term_string\"}}],\"inLanguage\":\"pt-BR\"},{\"@type\":\"Organization\",\"@id\":\"https:\/\/folhadems.com.br\/site\/#organization\",\"name\":\"Folha de Mato Grosso do Sul\",\"url\":\"https:\/\/folhadems.com.br\/site\/\",\"logo\":{\"@type\":\"ImageObject\",\"inLanguage\":\"pt-BR\",\"@id\":\"https:\/\/folhadems.com.br\/site\/#\/schema\/logo\/image\/\",\"url\":\"https:\/\/folhadems.com.br\/site\/wp-content\/uploads\/2023\/01\/logo-folha-de-ms-380x90-1.jpg\",\"contentUrl\":\"https:\/\/folhadems.com.br\/site\/wp-content\/uploads\/2023\/01\/logo-folha-de-ms-380x90-1.jpg\",\"width\":380,\"height\":90,\"caption\":\"Folha de Mato Grosso do Sul\"},\"image\":{\"@id\":\"https:\/\/folhadems.com.br\/site\/#\/schema\/logo\/image\/\"}},{\"@type\":\"Person\",\"@id\":\"https:\/\/folhadems.com.br\/site\/#\/schema\/person\/e4a04038e5c2e7040e19ef252ae9d940\",\"name\":\"Elite Midia\",\"image\":{\"@type\":\"ImageObject\",\"inLanguage\":\"pt-BR\",\"@id\":\"https:\/\/folhadems.com.br\/site\/#\/schema\/person\/image\/\",\"url\":\"https:\/\/secure.gravatar.com\/avatar\/f76a80f01119f7fec6909ab9feea8819031f391155be021b685479d77496f055?s=96&d=mm&r=g\",\"contentUrl\":\"https:\/\/secure.gravatar.com\/avatar\/f76a80f01119f7fec6909ab9feea8819031f391155be021b685479d77496f055?s=96&d=mm&r=g\",\"caption\":\"Elite Midia\"},\"sameAs\":[\"https:\/\/folhadems.com.br\/site\"],\"url\":\"https:\/\/folhadems.com.br\/site\/author\/elite-midia\/\"}]}<\/script>\n<!-- \/ Yoast SEO plugin. -->","yoast_head_json":{"title":"Pesquisa aponta redu\u00e7\u00e3o no pre\u00e7o do diesel no anel vi\u00e1rio de Campo Grande - Folha de Mato Grosso do Sul","robots":{"index":"index","follow":"follow","max-snippet":"max-snippet:-1","max-image-preview":"max-image-preview:large","max-video-preview":"max-video-preview:-1"},"canonical":"https:\/\/folhadems.com.br\/site\/2026\/04\/28\/pesquisa-aponta-reducao-no-preco-do-diesel-no-anel-viario-de-campo-grande\/","og_locale":"pt_BR","og_type":"article","og_title":"Pesquisa aponta redu\u00e7\u00e3o no pre\u00e7o do diesel no anel vi\u00e1rio de Campo Grande - Folha de Mato Grosso do Sul","og_description":"Monitoramento de pre\u00e7os realizado pelo Procon Mato Grosso do Sul, institui\u00e7\u00e3o vinculada \u00e0 Sead (Secretaria de Estado de Assist\u00eancia Social","og_url":"https:\/\/folhadems.com.br\/site\/2026\/04\/28\/pesquisa-aponta-reducao-no-preco-do-diesel-no-anel-viario-de-campo-grande\/","og_site_name":"Folha de Mato Grosso do Sul","article_published_time":"2026-04-28T17:47:35+00:00","article_modified_time":"2026-04-28T17:47:39+00:00","og_image":[{"width":800,"height":450,"url":"https:\/\/folhadems.com.br\/site\/wp-content\/uploads\/2026\/04\/combustivel.jpg","type":"image\/jpeg"}],"author":"Elite Midia","twitter_card":"summary_large_image","twitter_misc":{"Escrito por":"Elite Midia","Est. tempo de leitura":"2 minutos"},"schema":{"@context":"https:\/\/schema.org","@graph":[{"@type":"Article","@id":"https:\/\/folhadems.com.br\/site\/2026\/04\/28\/pesquisa-aponta-reducao-no-preco-do-diesel-no-anel-viario-de-campo-grande\/#article","isPartOf":{"@id":"https:\/\/folhadems.com.br\/site\/2026\/04\/28\/pesquisa-aponta-reducao-no-preco-do-diesel-no-anel-viario-de-campo-grande\/"},"author":{"name":"Elite Midia","@id":"https:\/\/folhadems.com.br\/site\/#\/schema\/person\/e4a04038e5c2e7040e19ef252ae9d940"},"headline":"Pesquisa aponta redu\u00e7\u00e3o no pre\u00e7o do diesel no anel vi\u00e1rio de Campo Grande","datePublished":"2026-04-28T17:47:35+00:00","dateModified":"2026-04-28T17:47:39+00:00","mainEntityOfPage":{"@id":"https:\/\/folhadems.com.br\/site\/2026\/04\/28\/pesquisa-aponta-reducao-no-preco-do-diesel-no-anel-viario-de-campo-grande\/"},"wordCount":329,"commentCount":0,"publisher":{"@id":"https:\/\/folhadems.com.br\/site\/#organization"},"image":{"@id":"https:\/\/folhadems.com.br\/site\/2026\/04\/28\/pesquisa-aponta-reducao-no-preco-do-diesel-no-anel-viario-de-campo-grande\/#primaryimage"},"thumbnailUrl":"https:\/\/folhadems.com.br\/site\/wp-content\/uploads\/2026\/04\/combustivel.jpg","articleSection":["Economia"],"inLanguage":"pt-BR","potentialAction":[{"@type":"CommentAction","name":"Comment","target":["https:\/\/folhadems.com.br\/site\/2026\/04\/28\/pesquisa-aponta-reducao-no-preco-do-diesel-no-anel-viario-de-campo-grande\/#respond"]}]},{"@type":"WebPage","@id":"https:\/\/folhadems.com.br\/site\/2026\/04\/28\/pesquisa-aponta-reducao-no-preco-do-diesel-no-anel-viario-de-campo-grande\/","url":"https:\/\/folhadems.com.br\/site\/2026\/04\/28\/pesquisa-aponta-reducao-no-preco-do-diesel-no-anel-viario-de-campo-grande\/","name":"Pesquisa aponta redu\u00e7\u00e3o no pre\u00e7o do diesel no anel vi\u00e1rio de Campo Grande - Folha de Mato Grosso do Sul","isPartOf":{"@id":"https:\/\/folhadems.com.br\/site\/#website"},"primaryImageOfPage":{"@id":"https:\/\/folhadems.com.br\/site\/2026\/04\/28\/pesquisa-aponta-reducao-no-preco-do-diesel-no-anel-viario-de-campo-grande\/#primaryimage"},"image":{"@id":"https:\/\/folhadems.com.br\/site\/2026\/04\/28\/pesquisa-aponta-reducao-no-preco-do-diesel-no-anel-viario-de-campo-grande\/#primaryimage"},"thumbnailUrl":"https:\/\/folhadems.com.br\/site\/wp-content\/uploads\/2026\/04\/combustivel.jpg","datePublished":"2026-04-28T17:47:35+00:00","dateModified":"2026-04-28T17:47:39+00:00","breadcrumb":{"@id":"https:\/\/folhadems.com.br\/site\/2026\/04\/28\/pesquisa-aponta-reducao-no-preco-do-diesel-no-anel-viario-de-campo-grande\/#breadcrumb"},"inLanguage":"pt-BR","potentialAction":[{"@type":"ReadAction","target":["https:\/\/folhadems.com.br\/site\/2026\/04\/28\/pesquisa-aponta-reducao-no-preco-do-diesel-no-anel-viario-de-campo-grande\/"]}]},{"@type":"ImageObject","inLanguage":"pt-BR","@id":"https:\/\/folhadems.com.br\/site\/2026\/04\/28\/pesquisa-aponta-reducao-no-preco-do-diesel-no-anel-viario-de-campo-grande\/#primaryimage","url":"https:\/\/folhadems.com.br\/site\/wp-content\/uploads\/2026\/04\/combustivel.jpg","contentUrl":"https:\/\/folhadems.com.br\/site\/wp-content\/uploads\/2026\/04\/combustivel.jpg","width":800,"height":450},{"@type":"BreadcrumbList","@id":"https:\/\/folhadems.com.br\/site\/2026\/04\/28\/pesquisa-aponta-reducao-no-preco-do-diesel-no-anel-viario-de-campo-grande\/#breadcrumb","itemListElement":[{"@type":"ListItem","position":1,"name":"In\u00edcio","item":"https:\/\/folhadems.com.br\/site\/"},{"@type":"ListItem","position":2,"name":"Pesquisa aponta redu\u00e7\u00e3o no pre\u00e7o do diesel no anel vi\u00e1rio de Campo Grande"}]},{"@type":"WebSite","@id":"https:\/\/folhadems.com.br\/site\/#website","url":"https:\/\/folhadems.com.br\/site\/","name":"Folha de Mato Grosso do Sul","description":"Jornal Online","publisher":{"@id":"https:\/\/folhadems.com.br\/site\/#organization"},"potentialAction":[{"@type":"SearchAction","target":{"@type":"EntryPoint","urlTemplate":"https:\/\/folhadems.com.br\/site\/?s={search_term_string}"},"query-input":{"@type":"PropertyValueSpecification","valueRequired":true,"valueName":"search_term_string"}}],"inLanguage":"pt-BR"},{"@type":"Organization","@id":"https:\/\/folhadems.com.br\/site\/#organization","name":"Folha de Mato Grosso do Sul","url":"https:\/\/folhadems.com.br\/site\/","logo":{"@type":"ImageObject","inLanguage":"pt-BR","@id":"https:\/\/folhadems.com.br\/site\/#\/schema\/logo\/image\/","url":"https:\/\/folhadems.com.br\/site\/wp-content\/uploads\/2023\/01\/logo-folha-de-ms-380x90-1.jpg","contentUrl":"https:\/\/folhadems.com.br\/site\/wp-content\/uploads\/2023\/01\/logo-folha-de-ms-380x90-1.jpg","width":380,"height":90,"caption":"Folha de Mato Grosso do Sul"},"image":{"@id":"https:\/\/folhadems.com.br\/site\/#\/schema\/logo\/image\/"}},{"@type":"Person","@id":"https:\/\/folhadems.com.br\/site\/#\/schema\/person\/e4a04038e5c2e7040e19ef252ae9d940","name":"Elite Midia","image":{"@type":"ImageObject","inLanguage":"pt-BR","@id":"https:\/\/folhadems.com.br\/site\/#\/schema\/person\/image\/","url":"https:\/\/secure.gravatar.com\/avatar\/f76a80f01119f7fec6909ab9feea8819031f391155be021b685479d77496f055?s=96&d=mm&r=g","contentUrl":"https:\/\/secure.gravatar.com\/avatar\/f76a80f01119f7fec6909ab9feea8819031f391155be021b685479d77496f055?s=96&d=mm&r=g","caption":"Elite Midia"},"sameAs":["https:\/\/folhadems.com.br\/site"],"url":"https:\/\/folhadems.com.br\/site\/author\/elite-midia\/"}]}},"publishpress_future_action":{"enabled":false,"date":"2026-05-05 17:47:21","action":"change-status","newStatus":"draft","terms":[],"taxonomy":"category","extraData":[]},"publishpress_future_workflow_manual_trigger":{"enabledWorkflows":[]},"_links":{"self":[{"href":"https:\/\/folhadems.com.br\/site\/wp-json\/wp\/v2\/posts\/15918","targetHints":{"allow":["GET"]}}],"collection":[{"href":"https:\/\/folhadems.com.br\/site\/wp-json\/wp\/v2\/posts"}],"about":[{"href":"https:\/\/folhadems.com.br\/site\/wp-json\/wp\/v2\/types\/post"}],"author":[{"embeddable":true,"href":"https:\/\/folhadems.com.br\/site\/wp-json\/wp\/v2\/users\/1"}],"replies":[{"embeddable":true,"href":"https:\/\/folhadems.com.br\/site\/wp-json\/wp\/v2\/comments?post=15918"}],"version-history":[{"count":1,"href":"https:\/\/folhadems.com.br\/site\/wp-json\/wp\/v2\/posts\/15918\/revisions"}],"predecessor-version":[{"id":15920,"href":"https:\/\/folhadems.com.br\/site\/wp-json\/wp\/v2\/posts\/15918\/revisions\/15920"}],"wp:featuredmedia":[{"embeddable":true,"href":"https:\/\/folhadems.com.br\/site\/wp-json\/wp\/v2\/media\/15919"}],"wp:attachment":[{"href":"https:\/\/folhadems.com.br\/site\/wp-json\/wp\/v2\/media?parent=15918"}],"wp:term":[{"taxonomy":"category","embeddable":true,"href":"https:\/\/folhadems.com.br\/site\/wp-json\/wp\/v2\/categories?post=15918"},{"taxonomy":"post_tag","embeddable":true,"href":"https:\/\/folhadems.com.br\/site\/wp-json\/wp\/v2\/tags?post=15918"}],"curies":[{"name":"wp","href":"https:\/\/api.w.org\/{rel}","templated":true}]}}