{"id":15912,"date":"2026-04-28T09:45:00","date_gmt":"2026-04-28T13:45:00","guid":{"rendered":"https:\/\/folhadems.com.br\/site\/?p=15912"},"modified":"2026-04-28T08:25:27","modified_gmt":"2026-04-28T12:25:27","slug":"campo-grande-celebra-tres-anos-como-capital-do-birdwatching","status":"publish","type":"post","link":"https:\/\/folhadems.com.br\/site\/2026\/04\/28\/campo-grande-celebra-tres-anos-como-capital-do-birdwatching\/","title":{"rendered":"Campo Grande celebra tr\u00eas anos como Capital do Birdwatching"},"content":{"rendered":"\n<p>Campo Grande celebra, neste 28 de abril, tr\u00eas anos da Lei n. 7.023, que declara o munic\u00edpio como a Capital do Turismo de Observa\u00e7\u00e3o de Aves e o Dia Municipal de Observa\u00e7\u00e3o de Aves, consolidando uma atividade que une conserva\u00e7\u00e3o ambiental, educa\u00e7\u00e3o e desenvolvimento sustent\u00e1vel.<\/p>\n\n\n\n<p>Desde a institui\u00e7\u00e3o da legisla\u00e7\u00e3o municipal, a pr\u00e1tica do birdwatching vem ganhando cada vez mais espa\u00e7o na cidade, impulsionada pela rica biodiversidade presente em \u00e1reas urbanas e periurbanas, consolidando a Capital como refer\u00eancia nacional no segmento.<\/p>\n\n\n\n<p>Levantamentos apontam que a capital sul-mato-grossense abriga cerca de 400 esp\u00e9cies de aves nas \u00e1reas urbana e periurbana, sendo aproximadamente 20% delas migrat\u00f3rias, um indicativo da relev\u00e2ncia ecol\u00f3gica do munic\u00edpio e do seu potencial para o turismo voltado \u00e0 natureza.<\/p>\n\n\n\n<figure class=\"wp-block-image\"><img decoding=\"async\" src=\"https:\/\/cdn.campogrande.ms.gov.br\/portal\/prod\/uploads\/sites\/3\/2026\/04\/1001037956-1024x682.jpg\" alt=\"\" class=\"wp-image-160791\"\/><\/figure>\n\n\n\n<p>Ao destacar a import\u00e2ncia desse cen\u00e1rio, o secret\u00e1rio municipal de Meio Ambiente, Gest\u00e3o Urbana e Desenvolvimento Econ\u00f4mico, Tur\u00edstico e Sustent\u00e1vel, Ademar Silva Junior, refor\u00e7a o papel estrat\u00e9gico da iniciativa \u201cCampo Grande tem uma voca\u00e7\u00e3o natural para o turismo de observa\u00e7\u00e3o de aves, e esse reconhecimento fortalece o trabalho que vem sendo desenvolvido de forma integrada entre meio ambiente e turismo. \u00c9 uma atividade que gera desenvolvimento sustent\u00e1vel, valoriza a biodiversidade e aproxima a popula\u00e7\u00e3o da conserva\u00e7\u00e3o ambiental\u201d.<\/p>\n\n\n\n<p>Para o gerente de Turismo da Semades, Wantuyr Tartati, celebrar essa data \u00e9 reafirmar o compromisso de Campo Grande com um modelo de desenvolvimento que respeita e valoriza a nossa biodiversidade \u201cO birdwatching n\u00e3o \u00e9 apenas uma atividade tur\u00edstica, mas uma ferramenta de educa\u00e7\u00e3o ambiental, de gera\u00e7\u00e3o de renda e de fortalecimento da nossa identidade como cidade sustent\u00e1vel\u201d.<\/p>\n\n\n\n<p>Al\u00e9m de fomentar o turismo sustent\u00e1vel, a observa\u00e7\u00e3o de aves tamb\u00e9m contribui diretamente para a valoriza\u00e7\u00e3o dos recursos naturais e para a conscientiza\u00e7\u00e3o ambiental, promovendo uma rela\u00e7\u00e3o mais pr\u00f3xima entre a popula\u00e7\u00e3o e a natureza.<\/p>\n\n\n\n<figure class=\"wp-block-image\"><img decoding=\"async\" src=\"https:\/\/cdn.campogrande.ms.gov.br\/portal\/prod\/uploads\/sites\/3\/2026\/04\/1001037958-1024x682.jpg\" alt=\"\" class=\"wp-image-160792\"\/><\/figure>\n\n\n\n<p>Como parte desse avan\u00e7o, o roteiro de observa\u00e7\u00e3o de aves de Campo Grande foi recentemente atualizado e est\u00e1 dispon\u00edvel ao p\u00fablico na plataforma oficial de turismo, ampliando o acesso \u00e0s informa\u00e7\u00f5es e incentivando moradores e visitantes a explorarem os diversos pontos da cidade ideais para a pr\u00e1tica.<\/p>\n\n\n\n<p>A iniciativa refor\u00e7a o compromisso do munic\u00edpio com o desenvolvimento sustent\u00e1vel, integrando pol\u00edticas p\u00fablicas de meio ambiente e turismo e fortalecendo a identidade de Campo Grande como um destino voltado \u00e0 natureza.<\/p>\n\n\n\n<p><strong><em>Fonte: PrefCG<\/em><\/strong><\/p>\n","protected":false},"excerpt":{"rendered":"<p>Campo Grande celebra, neste 28 de abril, tr\u00eas anos da Lei n. 7.023, que declara o munic\u00edpio como a Capital<\/p>\n","protected":false},"author":1,"featured_media":15913,"comment_status":"open","ping_status":"open","sticky":false,"template":"","format":"standard","meta":{"footnotes":""},"categories":[20],"tags":[],"class_list":["post-15912","post","type-post","status-publish","format-standard","has-post-thumbnail","hentry","category-meio-ambiente"],"yoast_head":"<!-- This site is optimized with the Yoast SEO plugin v27.1.1 - https:\/\/yoast.com\/product\/yoast-seo-wordpress\/ -->\n<title>Campo Grande celebra tr\u00eas anos como Capital do Birdwatching - Folha de Mato Grosso do Sul<\/title>\n<meta name=\"robots\" content=\"index, follow, max-snippet:-1, max-image-preview:large, max-video-preview:-1\" \/>\n<link rel=\"canonical\" href=\"https:\/\/folhadems.com.br\/site\/2026\/04\/28\/campo-grande-celebra-tres-anos-como-capital-do-birdwatching\/\" \/>\n<meta property=\"og:locale\" content=\"pt_BR\" \/>\n<meta property=\"og:type\" content=\"article\" \/>\n<meta property=\"og:title\" content=\"Campo Grande celebra tr\u00eas anos como Capital do Birdwatching - Folha de Mato Grosso do Sul\" \/>\n<meta property=\"og:description\" content=\"Campo Grande celebra, neste 28 de abril, tr\u00eas anos da Lei n. 7.023, que declara o munic\u00edpio como a Capital\" \/>\n<meta property=\"og:url\" content=\"https:\/\/folhadems.com.br\/site\/2026\/04\/28\/campo-grande-celebra-tres-anos-como-capital-do-birdwatching\/\" \/>\n<meta property=\"og:site_name\" content=\"Folha de Mato Grosso do Sul\" \/>\n<meta property=\"article:published_time\" content=\"2026-04-28T13:45:00+00:00\" \/>\n<meta property=\"og:image\" content=\"https:\/\/folhadems.com.br\/site\/wp-content\/uploads\/2026\/04\/1001037957-768x512-1.jpg\" \/>\n\t<meta property=\"og:image:width\" content=\"768\" \/>\n\t<meta property=\"og:image:height\" content=\"512\" \/>\n\t<meta property=\"og:image:type\" content=\"image\/jpeg\" \/>\n<meta name=\"author\" content=\"Elite Midia\" \/>\n<meta name=\"twitter:card\" content=\"summary_large_image\" \/>\n<meta name=\"twitter:label1\" content=\"Escrito por\" \/>\n\t<meta name=\"twitter:data1\" content=\"Elite Midia\" \/>\n\t<meta name=\"twitter:label2\" content=\"Est. tempo de leitura\" \/>\n\t<meta name=\"twitter:data2\" content=\"3 minutos\" \/>\n<script type=\"application\/ld+json\" class=\"yoast-schema-graph\">{\"@context\":\"https:\/\/schema.org\",\"@graph\":[{\"@type\":\"Article\",\"@id\":\"https:\/\/folhadems.com.br\/site\/2026\/04\/28\/campo-grande-celebra-tres-anos-como-capital-do-birdwatching\/#article\",\"isPartOf\":{\"@id\":\"https:\/\/folhadems.com.br\/site\/2026\/04\/28\/campo-grande-celebra-tres-anos-como-capital-do-birdwatching\/\"},\"author\":{\"name\":\"Elite Midia\",\"@id\":\"https:\/\/folhadems.com.br\/site\/#\/schema\/person\/e4a04038e5c2e7040e19ef252ae9d940\"},\"headline\":\"Campo Grande celebra tr\u00eas anos como Capital do Birdwatching\",\"datePublished\":\"2026-04-28T13:45:00+00:00\",\"mainEntityOfPage\":{\"@id\":\"https:\/\/folhadems.com.br\/site\/2026\/04\/28\/campo-grande-celebra-tres-anos-como-capital-do-birdwatching\/\"},\"wordCount\":429,\"commentCount\":0,\"publisher\":{\"@id\":\"https:\/\/folhadems.com.br\/site\/#organization\"},\"image\":{\"@id\":\"https:\/\/folhadems.com.br\/site\/2026\/04\/28\/campo-grande-celebra-tres-anos-como-capital-do-birdwatching\/#primaryimage\"},\"thumbnailUrl\":\"https:\/\/folhadems.com.br\/site\/wp-content\/uploads\/2026\/04\/1001037957-768x512-1.jpg\",\"articleSection\":[\"Meio Ambiente\"],\"inLanguage\":\"pt-BR\",\"potentialAction\":[{\"@type\":\"CommentAction\",\"name\":\"Comment\",\"target\":[\"https:\/\/folhadems.com.br\/site\/2026\/04\/28\/campo-grande-celebra-tres-anos-como-capital-do-birdwatching\/#respond\"]}]},{\"@type\":\"WebPage\",\"@id\":\"https:\/\/folhadems.com.br\/site\/2026\/04\/28\/campo-grande-celebra-tres-anos-como-capital-do-birdwatching\/\",\"url\":\"https:\/\/folhadems.com.br\/site\/2026\/04\/28\/campo-grande-celebra-tres-anos-como-capital-do-birdwatching\/\",\"name\":\"Campo Grande celebra tr\u00eas anos como Capital do Birdwatching - Folha de Mato Grosso do Sul\",\"isPartOf\":{\"@id\":\"https:\/\/folhadems.com.br\/site\/#website\"},\"primaryImageOfPage\":{\"@id\":\"https:\/\/folhadems.com.br\/site\/2026\/04\/28\/campo-grande-celebra-tres-anos-como-capital-do-birdwatching\/#primaryimage\"},\"image\":{\"@id\":\"https:\/\/folhadems.com.br\/site\/2026\/04\/28\/campo-grande-celebra-tres-anos-como-capital-do-birdwatching\/#primaryimage\"},\"thumbnailUrl\":\"https:\/\/folhadems.com.br\/site\/wp-content\/uploads\/2026\/04\/1001037957-768x512-1.jpg\",\"datePublished\":\"2026-04-28T13:45:00+00:00\",\"breadcrumb\":{\"@id\":\"https:\/\/folhadems.com.br\/site\/2026\/04\/28\/campo-grande-celebra-tres-anos-como-capital-do-birdwatching\/#breadcrumb\"},\"inLanguage\":\"pt-BR\",\"potentialAction\":[{\"@type\":\"ReadAction\",\"target\":[\"https:\/\/folhadems.com.br\/site\/2026\/04\/28\/campo-grande-celebra-tres-anos-como-capital-do-birdwatching\/\"]}]},{\"@type\":\"ImageObject\",\"inLanguage\":\"pt-BR\",\"@id\":\"https:\/\/folhadems.com.br\/site\/2026\/04\/28\/campo-grande-celebra-tres-anos-como-capital-do-birdwatching\/#primaryimage\",\"url\":\"https:\/\/folhadems.com.br\/site\/wp-content\/uploads\/2026\/04\/1001037957-768x512-1.jpg\",\"contentUrl\":\"https:\/\/folhadems.com.br\/site\/wp-content\/uploads\/2026\/04\/1001037957-768x512-1.jpg\",\"width\":768,\"height\":512},{\"@type\":\"BreadcrumbList\",\"@id\":\"https:\/\/folhadems.com.br\/site\/2026\/04\/28\/campo-grande-celebra-tres-anos-como-capital-do-birdwatching\/#breadcrumb\",\"itemListElement\":[{\"@type\":\"ListItem\",\"position\":1,\"name\":\"In\u00edcio\",\"item\":\"https:\/\/folhadems.com.br\/site\/\"},{\"@type\":\"ListItem\",\"position\":2,\"name\":\"Campo Grande celebra tr\u00eas anos como Capital do Birdwatching\"}]},{\"@type\":\"WebSite\",\"@id\":\"https:\/\/folhadems.com.br\/site\/#website\",\"url\":\"https:\/\/folhadems.com.br\/site\/\",\"name\":\"Folha de Mato Grosso do Sul\",\"description\":\"Jornal Online\",\"publisher\":{\"@id\":\"https:\/\/folhadems.com.br\/site\/#organization\"},\"potentialAction\":[{\"@type\":\"SearchAction\",\"target\":{\"@type\":\"EntryPoint\",\"urlTemplate\":\"https:\/\/folhadems.com.br\/site\/?s={search_term_string}\"},\"query-input\":{\"@type\":\"PropertyValueSpecification\",\"valueRequired\":true,\"valueName\":\"search_term_string\"}}],\"inLanguage\":\"pt-BR\"},{\"@type\":\"Organization\",\"@id\":\"https:\/\/folhadems.com.br\/site\/#organization\",\"name\":\"Folha de Mato Grosso do Sul\",\"url\":\"https:\/\/folhadems.com.br\/site\/\",\"logo\":{\"@type\":\"ImageObject\",\"inLanguage\":\"pt-BR\",\"@id\":\"https:\/\/folhadems.com.br\/site\/#\/schema\/logo\/image\/\",\"url\":\"https:\/\/folhadems.com.br\/site\/wp-content\/uploads\/2023\/01\/logo-folha-de-ms-380x90-1.jpg\",\"contentUrl\":\"https:\/\/folhadems.com.br\/site\/wp-content\/uploads\/2023\/01\/logo-folha-de-ms-380x90-1.jpg\",\"width\":380,\"height\":90,\"caption\":\"Folha de Mato Grosso do Sul\"},\"image\":{\"@id\":\"https:\/\/folhadems.com.br\/site\/#\/schema\/logo\/image\/\"}},{\"@type\":\"Person\",\"@id\":\"https:\/\/folhadems.com.br\/site\/#\/schema\/person\/e4a04038e5c2e7040e19ef252ae9d940\",\"name\":\"Elite Midia\",\"image\":{\"@type\":\"ImageObject\",\"inLanguage\":\"pt-BR\",\"@id\":\"https:\/\/folhadems.com.br\/site\/#\/schema\/person\/image\/\",\"url\":\"https:\/\/secure.gravatar.com\/avatar\/f76a80f01119f7fec6909ab9feea8819031f391155be021b685479d77496f055?s=96&d=mm&r=g\",\"contentUrl\":\"https:\/\/secure.gravatar.com\/avatar\/f76a80f01119f7fec6909ab9feea8819031f391155be021b685479d77496f055?s=96&d=mm&r=g\",\"caption\":\"Elite Midia\"},\"sameAs\":[\"https:\/\/folhadems.com.br\/site\"],\"url\":\"https:\/\/folhadems.com.br\/site\/author\/elite-midia\/\"}]}<\/script>\n<!-- \/ Yoast SEO plugin. -->","yoast_head_json":{"title":"Campo Grande celebra tr\u00eas anos como Capital do Birdwatching - Folha de Mato Grosso do Sul","robots":{"index":"index","follow":"follow","max-snippet":"max-snippet:-1","max-image-preview":"max-image-preview:large","max-video-preview":"max-video-preview:-1"},"canonical":"https:\/\/folhadems.com.br\/site\/2026\/04\/28\/campo-grande-celebra-tres-anos-como-capital-do-birdwatching\/","og_locale":"pt_BR","og_type":"article","og_title":"Campo Grande celebra tr\u00eas anos como Capital do Birdwatching - Folha de Mato Grosso do Sul","og_description":"Campo Grande celebra, neste 28 de abril, tr\u00eas anos da Lei n. 7.023, que declara o munic\u00edpio como a Capital","og_url":"https:\/\/folhadems.com.br\/site\/2026\/04\/28\/campo-grande-celebra-tres-anos-como-capital-do-birdwatching\/","og_site_name":"Folha de Mato Grosso do Sul","article_published_time":"2026-04-28T13:45:00+00:00","og_image":[{"width":768,"height":512,"url":"https:\/\/folhadems.com.br\/site\/wp-content\/uploads\/2026\/04\/1001037957-768x512-1.jpg","type":"image\/jpeg"}],"author":"Elite Midia","twitter_card":"summary_large_image","twitter_misc":{"Escrito por":"Elite Midia","Est. tempo de leitura":"3 minutos"},"schema":{"@context":"https:\/\/schema.org","@graph":[{"@type":"Article","@id":"https:\/\/folhadems.com.br\/site\/2026\/04\/28\/campo-grande-celebra-tres-anos-como-capital-do-birdwatching\/#article","isPartOf":{"@id":"https:\/\/folhadems.com.br\/site\/2026\/04\/28\/campo-grande-celebra-tres-anos-como-capital-do-birdwatching\/"},"author":{"name":"Elite Midia","@id":"https:\/\/folhadems.com.br\/site\/#\/schema\/person\/e4a04038e5c2e7040e19ef252ae9d940"},"headline":"Campo Grande celebra tr\u00eas anos como Capital do Birdwatching","datePublished":"2026-04-28T13:45:00+00:00","mainEntityOfPage":{"@id":"https:\/\/folhadems.com.br\/site\/2026\/04\/28\/campo-grande-celebra-tres-anos-como-capital-do-birdwatching\/"},"wordCount":429,"commentCount":0,"publisher":{"@id":"https:\/\/folhadems.com.br\/site\/#organization"},"image":{"@id":"https:\/\/folhadems.com.br\/site\/2026\/04\/28\/campo-grande-celebra-tres-anos-como-capital-do-birdwatching\/#primaryimage"},"thumbnailUrl":"https:\/\/folhadems.com.br\/site\/wp-content\/uploads\/2026\/04\/1001037957-768x512-1.jpg","articleSection":["Meio Ambiente"],"inLanguage":"pt-BR","potentialAction":[{"@type":"CommentAction","name":"Comment","target":["https:\/\/folhadems.com.br\/site\/2026\/04\/28\/campo-grande-celebra-tres-anos-como-capital-do-birdwatching\/#respond"]}]},{"@type":"WebPage","@id":"https:\/\/folhadems.com.br\/site\/2026\/04\/28\/campo-grande-celebra-tres-anos-como-capital-do-birdwatching\/","url":"https:\/\/folhadems.com.br\/site\/2026\/04\/28\/campo-grande-celebra-tres-anos-como-capital-do-birdwatching\/","name":"Campo Grande celebra tr\u00eas anos como Capital do Birdwatching - Folha de Mato Grosso do Sul","isPartOf":{"@id":"https:\/\/folhadems.com.br\/site\/#website"},"primaryImageOfPage":{"@id":"https:\/\/folhadems.com.br\/site\/2026\/04\/28\/campo-grande-celebra-tres-anos-como-capital-do-birdwatching\/#primaryimage"},"image":{"@id":"https:\/\/folhadems.com.br\/site\/2026\/04\/28\/campo-grande-celebra-tres-anos-como-capital-do-birdwatching\/#primaryimage"},"thumbnailUrl":"https:\/\/folhadems.com.br\/site\/wp-content\/uploads\/2026\/04\/1001037957-768x512-1.jpg","datePublished":"2026-04-28T13:45:00+00:00","breadcrumb":{"@id":"https:\/\/folhadems.com.br\/site\/2026\/04\/28\/campo-grande-celebra-tres-anos-como-capital-do-birdwatching\/#breadcrumb"},"inLanguage":"pt-BR","potentialAction":[{"@type":"ReadAction","target":["https:\/\/folhadems.com.br\/site\/2026\/04\/28\/campo-grande-celebra-tres-anos-como-capital-do-birdwatching\/"]}]},{"@type":"ImageObject","inLanguage":"pt-BR","@id":"https:\/\/folhadems.com.br\/site\/2026\/04\/28\/campo-grande-celebra-tres-anos-como-capital-do-birdwatching\/#primaryimage","url":"https:\/\/folhadems.com.br\/site\/wp-content\/uploads\/2026\/04\/1001037957-768x512-1.jpg","contentUrl":"https:\/\/folhadems.com.br\/site\/wp-content\/uploads\/2026\/04\/1001037957-768x512-1.jpg","width":768,"height":512},{"@type":"BreadcrumbList","@id":"https:\/\/folhadems.com.br\/site\/2026\/04\/28\/campo-grande-celebra-tres-anos-como-capital-do-birdwatching\/#breadcrumb","itemListElement":[{"@type":"ListItem","position":1,"name":"In\u00edcio","item":"https:\/\/folhadems.com.br\/site\/"},{"@type":"ListItem","position":2,"name":"Campo Grande celebra tr\u00eas anos como Capital do Birdwatching"}]},{"@type":"WebSite","@id":"https:\/\/folhadems.com.br\/site\/#website","url":"https:\/\/folhadems.com.br\/site\/","name":"Folha de Mato Grosso do Sul","description":"Jornal Online","publisher":{"@id":"https:\/\/folhadems.com.br\/site\/#organization"},"potentialAction":[{"@type":"SearchAction","target":{"@type":"EntryPoint","urlTemplate":"https:\/\/folhadems.com.br\/site\/?s={search_term_string}"},"query-input":{"@type":"PropertyValueSpecification","valueRequired":true,"valueName":"search_term_string"}}],"inLanguage":"pt-BR"},{"@type":"Organization","@id":"https:\/\/folhadems.com.br\/site\/#organization","name":"Folha de Mato Grosso do Sul","url":"https:\/\/folhadems.com.br\/site\/","logo":{"@type":"ImageObject","inLanguage":"pt-BR","@id":"https:\/\/folhadems.com.br\/site\/#\/schema\/logo\/image\/","url":"https:\/\/folhadems.com.br\/site\/wp-content\/uploads\/2023\/01\/logo-folha-de-ms-380x90-1.jpg","contentUrl":"https:\/\/folhadems.com.br\/site\/wp-content\/uploads\/2023\/01\/logo-folha-de-ms-380x90-1.jpg","width":380,"height":90,"caption":"Folha de Mato Grosso do Sul"},"image":{"@id":"https:\/\/folhadems.com.br\/site\/#\/schema\/logo\/image\/"}},{"@type":"Person","@id":"https:\/\/folhadems.com.br\/site\/#\/schema\/person\/e4a04038e5c2e7040e19ef252ae9d940","name":"Elite Midia","image":{"@type":"ImageObject","inLanguage":"pt-BR","@id":"https:\/\/folhadems.com.br\/site\/#\/schema\/person\/image\/","url":"https:\/\/secure.gravatar.com\/avatar\/f76a80f01119f7fec6909ab9feea8819031f391155be021b685479d77496f055?s=96&d=mm&r=g","contentUrl":"https:\/\/secure.gravatar.com\/avatar\/f76a80f01119f7fec6909ab9feea8819031f391155be021b685479d77496f055?s=96&d=mm&r=g","caption":"Elite Midia"},"sameAs":["https:\/\/folhadems.com.br\/site"],"url":"https:\/\/folhadems.com.br\/site\/author\/elite-midia\/"}]}},"publishpress_future_action":{"enabled":false,"date":"2026-05-05 13:49:44","action":"change-status","newStatus":"draft","terms":[],"taxonomy":"category","extraData":[]},"publishpress_future_workflow_manual_trigger":{"enabledWorkflows":[]},"_links":{"self":[{"href":"https:\/\/folhadems.com.br\/site\/wp-json\/wp\/v2\/posts\/15912","targetHints":{"allow":["GET"]}}],"collection":[{"href":"https:\/\/folhadems.com.br\/site\/wp-json\/wp\/v2\/posts"}],"about":[{"href":"https:\/\/folhadems.com.br\/site\/wp-json\/wp\/v2\/types\/post"}],"author":[{"embeddable":true,"href":"https:\/\/folhadems.com.br\/site\/wp-json\/wp\/v2\/users\/1"}],"replies":[{"embeddable":true,"href":"https:\/\/folhadems.com.br\/site\/wp-json\/wp\/v2\/comments?post=15912"}],"version-history":[{"count":1,"href":"https:\/\/folhadems.com.br\/site\/wp-json\/wp\/v2\/posts\/15912\/revisions"}],"predecessor-version":[{"id":15914,"href":"https:\/\/folhadems.com.br\/site\/wp-json\/wp\/v2\/posts\/15912\/revisions\/15914"}],"wp:featuredmedia":[{"embeddable":true,"href":"https:\/\/folhadems.com.br\/site\/wp-json\/wp\/v2\/media\/15913"}],"wp:attachment":[{"href":"https:\/\/folhadems.com.br\/site\/wp-json\/wp\/v2\/media?parent=15912"}],"wp:term":[{"taxonomy":"category","embeddable":true,"href":"https:\/\/folhadems.com.br\/site\/wp-json\/wp\/v2\/categories?post=15912"},{"taxonomy":"post_tag","embeddable":true,"href":"https:\/\/folhadems.com.br\/site\/wp-json\/wp\/v2\/tags?post=15912"}],"curies":[{"name":"wp","href":"https:\/\/api.w.org\/{rel}","templated":true}]}}