{"id":15906,"date":"2026-04-28T08:17:20","date_gmt":"2026-04-28T12:17:20","guid":{"rendered":"https:\/\/folhadems.com.br\/site\/?p=15906"},"modified":"2026-04-28T08:17:25","modified_gmt":"2026-04-28T12:17:25","slug":"prefeitura-da-capital-prorroga-validade-de-concurso-por-mais-dois-anos","status":"publish","type":"post","link":"https:\/\/folhadems.com.br\/site\/2026\/04\/28\/prefeitura-da-capital-prorroga-validade-de-concurso-por-mais-dois-anos\/","title":{"rendered":"Prefeitura da Capital prorroga validade de concurso por mais dois anos"},"content":{"rendered":"\n<p>A Prefeitura de Campo Grande oficializou, na tarde desta segunda-feira (27), a prorroga\u00e7\u00e3o por mais dois anos da validade do Concurso P\u00fablico de Provas e T\u00edtulos para professores da Rede Municipal de Ensino (Reme), realizado em 2023. A medida foi formalizada por meio do Decreto n\u00ba 16.608, garantindo a continuidade das convoca\u00e7\u00f5es de profissionais aprovados.<\/p>\n\n\n\n<p>O concurso, publicado anteriormente no Diogrande n\u00ba 7.488, de 3 de maio de 2023, teria sua validade encerrada neste m\u00eas. Com a prorroga\u00e7\u00e3o, a administra\u00e7\u00e3o municipal amplia o prazo para chamar novos professores, conforme a necessidade da rede.<\/p>\n\n\n\n<p>Durante o ato, a prefeita Adriane Lopes destacou que a iniciativa acompanha o crescimento da rede municipal e a amplia\u00e7\u00e3o do n\u00famero de alunos. \u201cA prorroga\u00e7\u00e3o do concurso acompanha o crescimento da nossa rede municipal de ensino. Com o aumento do n\u00famero de alunos, tamb\u00e9m cresce a necessidade de mais professores em sala de aula. Essa medida garante que possamos continuar realizando convoca\u00e7\u00f5es conforme a demanda, especialmente diante da entrega de novas unidades escolares\u201d, disse.<\/p>\n\n\n\n<figure class=\"wp-block-image\"><img decoding=\"async\" src=\"https:\/\/cdn.campogrande.ms.gov.br\/portal\/prod\/uploads\/sites\/3\/2026\/04\/WhatsApp-Image-2026-04-27-at-17.00.21-1-1-1024x683.jpeg\" alt=\"\" class=\"wp-image-160776\"\/><\/figure>\n\n\n\n<p>Ainda segundo a Chefe do Executivo Municipal, a medida permite dar continuidade ao planejamento educacional do munic\u00edpio, garantindo a reposi\u00e7\u00e3o de profissionais e o atendimento \u00e0 expans\u00e3o das unidades escolares. A prefeita tamb\u00e9m ressaltou que novas escolas est\u00e3o em fase de conclus\u00e3o, o que pode demandar a contrata\u00e7\u00e3o de mais professores ao longo do per\u00edodo de vig\u00eancia prorrogado.<\/p>\n\n\n\n<p>A decis\u00e3o tamb\u00e9m foi comentada pelo presidente Associa\u00e7\u00e3o Comercial dos Proferssores (ACP), Gilvano Bronzoni, que contextualizou o cen\u00e1rio da educa\u00e7\u00e3o no munic\u00edpio em rela\u00e7\u00e3o ao restante do pa\u00eds.<\/p>\n\n\n\n<p>\u201cCampo Grande j\u00e1 supera a m\u00e9dia nacional no n\u00famero de professores efetivos, refor\u00e7ando o compromisso com a valoriza\u00e7\u00e3o da educa\u00e7\u00e3o e o ingresso por concurso p\u00fablico. Com a prorroga\u00e7\u00e3o, o munic\u00edpio avan\u00e7a no planejamento de novas convoca\u00e7\u00f5es para os pr\u00f3ximos dois anos, ampliando o quadro da rede municipal de ensino\u201d.<\/p>\n\n\n\n<figure class=\"wp-block-image\"><img decoding=\"async\" src=\"https:\/\/cdn.campogrande.ms.gov.br\/portal\/prod\/uploads\/sites\/3\/2026\/04\/WhatsApp-Image-2026-04-27-at-17.00.19-1024x683.jpeg\" alt=\"\" class=\"wp-image-160777\"\/><\/figure>\n\n\n\n<p>Representando o Legislativo, o vereador Professor Juari, presidente da Comiss\u00e3o de Educa\u00e7\u00e3o e Desporto, enfatizou o impacto da medida para os profissionais aprovados. \u201c A aprova\u00e7\u00e3o em concurso exige esfor\u00e7o, e a prorroga\u00e7\u00e3o garante mais seguran\u00e7a e esperan\u00e7a aos profissionais que aguardam convoca\u00e7\u00e3o. \u00c9 uma conquista do magist\u00e9rio, resultado de di\u00e1logo e compromisso com a educa\u00e7\u00e3o p\u00fablica\u201d.<\/p>\n\n\n\n<figure class=\"wp-block-image\"><img decoding=\"async\" src=\"https:\/\/cdn.campogrande.ms.gov.br\/portal\/prod\/uploads\/sites\/3\/2026\/04\/WhatsApp-Image-2026-04-27-at-17.00.22-1-1024x683.jpeg\" alt=\"\" class=\"wp-image-160778\"\/><\/figure>\n\n\n\n<p>Com a publica\u00e7\u00e3o do decreto, a medida j\u00e1 est\u00e1 em vigor e passa a produzir efeitos imediatos, assegurando mais tempo para o chamamento de professores e fortalecendo a estrutura da educa\u00e7\u00e3o p\u00fablica municipal.<\/p>\n\n\n\n<p><strong><em>Fonte: PrefCG<\/em><\/strong><\/p>\n","protected":false},"excerpt":{"rendered":"<p>A Prefeitura de Campo Grande oficializou, na tarde desta segunda-feira (27), a prorroga\u00e7\u00e3o por mais dois anos da validade do<\/p>\n","protected":false},"author":1,"featured_media":15907,"comment_status":"open","ping_status":"open","sticky":false,"template":"","format":"standard","meta":{"footnotes":""},"categories":[26],"tags":[],"class_list":["post-15906","post","type-post","status-publish","format-standard","has-post-thumbnail","hentry","category-cotidiano"],"yoast_head":"<!-- This site is optimized with the Yoast SEO plugin v27.1.1 - https:\/\/yoast.com\/product\/yoast-seo-wordpress\/ -->\n<title>Prefeitura da Capital prorroga validade de concurso por mais dois anos - Folha de Mato Grosso do Sul<\/title>\n<meta name=\"robots\" content=\"index, follow, max-snippet:-1, max-image-preview:large, max-video-preview:-1\" \/>\n<link rel=\"canonical\" href=\"https:\/\/folhadems.com.br\/site\/2026\/04\/28\/prefeitura-da-capital-prorroga-validade-de-concurso-por-mais-dois-anos\/\" \/>\n<meta property=\"og:locale\" content=\"pt_BR\" \/>\n<meta property=\"og:type\" content=\"article\" \/>\n<meta property=\"og:title\" content=\"Prefeitura da Capital prorroga validade de concurso por mais dois anos - Folha de Mato Grosso do Sul\" \/>\n<meta property=\"og:description\" content=\"A Prefeitura de Campo Grande oficializou, na tarde desta segunda-feira (27), a prorroga\u00e7\u00e3o por mais dois anos da validade do\" \/>\n<meta property=\"og:url\" content=\"https:\/\/folhadems.com.br\/site\/2026\/04\/28\/prefeitura-da-capital-prorroga-validade-de-concurso-por-mais-dois-anos\/\" \/>\n<meta property=\"og:site_name\" content=\"Folha de Mato Grosso do Sul\" \/>\n<meta property=\"article:published_time\" content=\"2026-04-28T12:17:20+00:00\" \/>\n<meta property=\"article:modified_time\" content=\"2026-04-28T12:17:25+00:00\" \/>\n<meta property=\"og:image\" content=\"https:\/\/folhadems.com.br\/site\/wp-content\/uploads\/2026\/04\/WhatsApp-Image-2026-04-27-at-17.00.21-768x479-1.jpeg\" \/>\n\t<meta property=\"og:image:width\" content=\"768\" \/>\n\t<meta property=\"og:image:height\" content=\"479\" \/>\n\t<meta property=\"og:image:type\" content=\"image\/jpeg\" \/>\n<meta name=\"author\" content=\"Elite Midia\" \/>\n<meta name=\"twitter:card\" content=\"summary_large_image\" \/>\n<meta name=\"twitter:label1\" content=\"Escrito por\" \/>\n\t<meta name=\"twitter:data1\" content=\"Elite Midia\" \/>\n\t<meta name=\"twitter:label2\" content=\"Est. tempo de leitura\" \/>\n\t<meta name=\"twitter:data2\" content=\"3 minutos\" \/>\n<script type=\"application\/ld+json\" class=\"yoast-schema-graph\">{\"@context\":\"https:\/\/schema.org\",\"@graph\":[{\"@type\":\"Article\",\"@id\":\"https:\/\/folhadems.com.br\/site\/2026\/04\/28\/prefeitura-da-capital-prorroga-validade-de-concurso-por-mais-dois-anos\/#article\",\"isPartOf\":{\"@id\":\"https:\/\/folhadems.com.br\/site\/2026\/04\/28\/prefeitura-da-capital-prorroga-validade-de-concurso-por-mais-dois-anos\/\"},\"author\":{\"name\":\"Elite Midia\",\"@id\":\"https:\/\/folhadems.com.br\/site\/#\/schema\/person\/e4a04038e5c2e7040e19ef252ae9d940\"},\"headline\":\"Prefeitura da Capital prorroga validade de concurso por mais dois anos\",\"datePublished\":\"2026-04-28T12:17:20+00:00\",\"dateModified\":\"2026-04-28T12:17:25+00:00\",\"mainEntityOfPage\":{\"@id\":\"https:\/\/folhadems.com.br\/site\/2026\/04\/28\/prefeitura-da-capital-prorroga-validade-de-concurso-por-mais-dois-anos\/\"},\"wordCount\":454,\"commentCount\":0,\"publisher\":{\"@id\":\"https:\/\/folhadems.com.br\/site\/#organization\"},\"image\":{\"@id\":\"https:\/\/folhadems.com.br\/site\/2026\/04\/28\/prefeitura-da-capital-prorroga-validade-de-concurso-por-mais-dois-anos\/#primaryimage\"},\"thumbnailUrl\":\"https:\/\/folhadems.com.br\/site\/wp-content\/uploads\/2026\/04\/WhatsApp-Image-2026-04-27-at-17.00.21-768x479-1.jpeg\",\"articleSection\":[\"Cotidiano\"],\"inLanguage\":\"pt-BR\",\"potentialAction\":[{\"@type\":\"CommentAction\",\"name\":\"Comment\",\"target\":[\"https:\/\/folhadems.com.br\/site\/2026\/04\/28\/prefeitura-da-capital-prorroga-validade-de-concurso-por-mais-dois-anos\/#respond\"]}]},{\"@type\":\"WebPage\",\"@id\":\"https:\/\/folhadems.com.br\/site\/2026\/04\/28\/prefeitura-da-capital-prorroga-validade-de-concurso-por-mais-dois-anos\/\",\"url\":\"https:\/\/folhadems.com.br\/site\/2026\/04\/28\/prefeitura-da-capital-prorroga-validade-de-concurso-por-mais-dois-anos\/\",\"name\":\"Prefeitura da Capital prorroga validade de concurso por mais dois anos - Folha de Mato Grosso do Sul\",\"isPartOf\":{\"@id\":\"https:\/\/folhadems.com.br\/site\/#website\"},\"primaryImageOfPage\":{\"@id\":\"https:\/\/folhadems.com.br\/site\/2026\/04\/28\/prefeitura-da-capital-prorroga-validade-de-concurso-por-mais-dois-anos\/#primaryimage\"},\"image\":{\"@id\":\"https:\/\/folhadems.com.br\/site\/2026\/04\/28\/prefeitura-da-capital-prorroga-validade-de-concurso-por-mais-dois-anos\/#primaryimage\"},\"thumbnailUrl\":\"https:\/\/folhadems.com.br\/site\/wp-content\/uploads\/2026\/04\/WhatsApp-Image-2026-04-27-at-17.00.21-768x479-1.jpeg\",\"datePublished\":\"2026-04-28T12:17:20+00:00\",\"dateModified\":\"2026-04-28T12:17:25+00:00\",\"breadcrumb\":{\"@id\":\"https:\/\/folhadems.com.br\/site\/2026\/04\/28\/prefeitura-da-capital-prorroga-validade-de-concurso-por-mais-dois-anos\/#breadcrumb\"},\"inLanguage\":\"pt-BR\",\"potentialAction\":[{\"@type\":\"ReadAction\",\"target\":[\"https:\/\/folhadems.com.br\/site\/2026\/04\/28\/prefeitura-da-capital-prorroga-validade-de-concurso-por-mais-dois-anos\/\"]}]},{\"@type\":\"ImageObject\",\"inLanguage\":\"pt-BR\",\"@id\":\"https:\/\/folhadems.com.br\/site\/2026\/04\/28\/prefeitura-da-capital-prorroga-validade-de-concurso-por-mais-dois-anos\/#primaryimage\",\"url\":\"https:\/\/folhadems.com.br\/site\/wp-content\/uploads\/2026\/04\/WhatsApp-Image-2026-04-27-at-17.00.21-768x479-1.jpeg\",\"contentUrl\":\"https:\/\/folhadems.com.br\/site\/wp-content\/uploads\/2026\/04\/WhatsApp-Image-2026-04-27-at-17.00.21-768x479-1.jpeg\",\"width\":768,\"height\":479},{\"@type\":\"BreadcrumbList\",\"@id\":\"https:\/\/folhadems.com.br\/site\/2026\/04\/28\/prefeitura-da-capital-prorroga-validade-de-concurso-por-mais-dois-anos\/#breadcrumb\",\"itemListElement\":[{\"@type\":\"ListItem\",\"position\":1,\"name\":\"In\u00edcio\",\"item\":\"https:\/\/folhadems.com.br\/site\/\"},{\"@type\":\"ListItem\",\"position\":2,\"name\":\"Prefeitura da Capital prorroga validade de concurso por mais dois anos\"}]},{\"@type\":\"WebSite\",\"@id\":\"https:\/\/folhadems.com.br\/site\/#website\",\"url\":\"https:\/\/folhadems.com.br\/site\/\",\"name\":\"Folha de Mato Grosso do Sul\",\"description\":\"Jornal Online\",\"publisher\":{\"@id\":\"https:\/\/folhadems.com.br\/site\/#organization\"},\"potentialAction\":[{\"@type\":\"SearchAction\",\"target\":{\"@type\":\"EntryPoint\",\"urlTemplate\":\"https:\/\/folhadems.com.br\/site\/?s={search_term_string}\"},\"query-input\":{\"@type\":\"PropertyValueSpecification\",\"valueRequired\":true,\"valueName\":\"search_term_string\"}}],\"inLanguage\":\"pt-BR\"},{\"@type\":\"Organization\",\"@id\":\"https:\/\/folhadems.com.br\/site\/#organization\",\"name\":\"Folha de Mato Grosso do Sul\",\"url\":\"https:\/\/folhadems.com.br\/site\/\",\"logo\":{\"@type\":\"ImageObject\",\"inLanguage\":\"pt-BR\",\"@id\":\"https:\/\/folhadems.com.br\/site\/#\/schema\/logo\/image\/\",\"url\":\"https:\/\/folhadems.com.br\/site\/wp-content\/uploads\/2023\/01\/logo-folha-de-ms-380x90-1.jpg\",\"contentUrl\":\"https:\/\/folhadems.com.br\/site\/wp-content\/uploads\/2023\/01\/logo-folha-de-ms-380x90-1.jpg\",\"width\":380,\"height\":90,\"caption\":\"Folha de Mato Grosso do Sul\"},\"image\":{\"@id\":\"https:\/\/folhadems.com.br\/site\/#\/schema\/logo\/image\/\"}},{\"@type\":\"Person\",\"@id\":\"https:\/\/folhadems.com.br\/site\/#\/schema\/person\/e4a04038e5c2e7040e19ef252ae9d940\",\"name\":\"Elite Midia\",\"image\":{\"@type\":\"ImageObject\",\"inLanguage\":\"pt-BR\",\"@id\":\"https:\/\/folhadems.com.br\/site\/#\/schema\/person\/image\/\",\"url\":\"https:\/\/secure.gravatar.com\/avatar\/f76a80f01119f7fec6909ab9feea8819031f391155be021b685479d77496f055?s=96&d=mm&r=g\",\"contentUrl\":\"https:\/\/secure.gravatar.com\/avatar\/f76a80f01119f7fec6909ab9feea8819031f391155be021b685479d77496f055?s=96&d=mm&r=g\",\"caption\":\"Elite Midia\"},\"sameAs\":[\"https:\/\/folhadems.com.br\/site\"],\"url\":\"https:\/\/folhadems.com.br\/site\/author\/elite-midia\/\"}]}<\/script>\n<!-- \/ Yoast SEO plugin. -->","yoast_head_json":{"title":"Prefeitura da Capital prorroga validade de concurso por mais dois anos - Folha de Mato Grosso do Sul","robots":{"index":"index","follow":"follow","max-snippet":"max-snippet:-1","max-image-preview":"max-image-preview:large","max-video-preview":"max-video-preview:-1"},"canonical":"https:\/\/folhadems.com.br\/site\/2026\/04\/28\/prefeitura-da-capital-prorroga-validade-de-concurso-por-mais-dois-anos\/","og_locale":"pt_BR","og_type":"article","og_title":"Prefeitura da Capital prorroga validade de concurso por mais dois anos - Folha de Mato Grosso do Sul","og_description":"A Prefeitura de Campo Grande oficializou, na tarde desta segunda-feira (27), a prorroga\u00e7\u00e3o por mais dois anos da validade do","og_url":"https:\/\/folhadems.com.br\/site\/2026\/04\/28\/prefeitura-da-capital-prorroga-validade-de-concurso-por-mais-dois-anos\/","og_site_name":"Folha de Mato Grosso do Sul","article_published_time":"2026-04-28T12:17:20+00:00","article_modified_time":"2026-04-28T12:17:25+00:00","og_image":[{"width":768,"height":479,"url":"https:\/\/folhadems.com.br\/site\/wp-content\/uploads\/2026\/04\/WhatsApp-Image-2026-04-27-at-17.00.21-768x479-1.jpeg","type":"image\/jpeg"}],"author":"Elite Midia","twitter_card":"summary_large_image","twitter_misc":{"Escrito por":"Elite Midia","Est. tempo de leitura":"3 minutos"},"schema":{"@context":"https:\/\/schema.org","@graph":[{"@type":"Article","@id":"https:\/\/folhadems.com.br\/site\/2026\/04\/28\/prefeitura-da-capital-prorroga-validade-de-concurso-por-mais-dois-anos\/#article","isPartOf":{"@id":"https:\/\/folhadems.com.br\/site\/2026\/04\/28\/prefeitura-da-capital-prorroga-validade-de-concurso-por-mais-dois-anos\/"},"author":{"name":"Elite Midia","@id":"https:\/\/folhadems.com.br\/site\/#\/schema\/person\/e4a04038e5c2e7040e19ef252ae9d940"},"headline":"Prefeitura da Capital prorroga validade de concurso por mais dois anos","datePublished":"2026-04-28T12:17:20+00:00","dateModified":"2026-04-28T12:17:25+00:00","mainEntityOfPage":{"@id":"https:\/\/folhadems.com.br\/site\/2026\/04\/28\/prefeitura-da-capital-prorroga-validade-de-concurso-por-mais-dois-anos\/"},"wordCount":454,"commentCount":0,"publisher":{"@id":"https:\/\/folhadems.com.br\/site\/#organization"},"image":{"@id":"https:\/\/folhadems.com.br\/site\/2026\/04\/28\/prefeitura-da-capital-prorroga-validade-de-concurso-por-mais-dois-anos\/#primaryimage"},"thumbnailUrl":"https:\/\/folhadems.com.br\/site\/wp-content\/uploads\/2026\/04\/WhatsApp-Image-2026-04-27-at-17.00.21-768x479-1.jpeg","articleSection":["Cotidiano"],"inLanguage":"pt-BR","potentialAction":[{"@type":"CommentAction","name":"Comment","target":["https:\/\/folhadems.com.br\/site\/2026\/04\/28\/prefeitura-da-capital-prorroga-validade-de-concurso-por-mais-dois-anos\/#respond"]}]},{"@type":"WebPage","@id":"https:\/\/folhadems.com.br\/site\/2026\/04\/28\/prefeitura-da-capital-prorroga-validade-de-concurso-por-mais-dois-anos\/","url":"https:\/\/folhadems.com.br\/site\/2026\/04\/28\/prefeitura-da-capital-prorroga-validade-de-concurso-por-mais-dois-anos\/","name":"Prefeitura da Capital prorroga validade de concurso por mais dois anos - Folha de Mato Grosso do Sul","isPartOf":{"@id":"https:\/\/folhadems.com.br\/site\/#website"},"primaryImageOfPage":{"@id":"https:\/\/folhadems.com.br\/site\/2026\/04\/28\/prefeitura-da-capital-prorroga-validade-de-concurso-por-mais-dois-anos\/#primaryimage"},"image":{"@id":"https:\/\/folhadems.com.br\/site\/2026\/04\/28\/prefeitura-da-capital-prorroga-validade-de-concurso-por-mais-dois-anos\/#primaryimage"},"thumbnailUrl":"https:\/\/folhadems.com.br\/site\/wp-content\/uploads\/2026\/04\/WhatsApp-Image-2026-04-27-at-17.00.21-768x479-1.jpeg","datePublished":"2026-04-28T12:17:20+00:00","dateModified":"2026-04-28T12:17:25+00:00","breadcrumb":{"@id":"https:\/\/folhadems.com.br\/site\/2026\/04\/28\/prefeitura-da-capital-prorroga-validade-de-concurso-por-mais-dois-anos\/#breadcrumb"},"inLanguage":"pt-BR","potentialAction":[{"@type":"ReadAction","target":["https:\/\/folhadems.com.br\/site\/2026\/04\/28\/prefeitura-da-capital-prorroga-validade-de-concurso-por-mais-dois-anos\/"]}]},{"@type":"ImageObject","inLanguage":"pt-BR","@id":"https:\/\/folhadems.com.br\/site\/2026\/04\/28\/prefeitura-da-capital-prorroga-validade-de-concurso-por-mais-dois-anos\/#primaryimage","url":"https:\/\/folhadems.com.br\/site\/wp-content\/uploads\/2026\/04\/WhatsApp-Image-2026-04-27-at-17.00.21-768x479-1.jpeg","contentUrl":"https:\/\/folhadems.com.br\/site\/wp-content\/uploads\/2026\/04\/WhatsApp-Image-2026-04-27-at-17.00.21-768x479-1.jpeg","width":768,"height":479},{"@type":"BreadcrumbList","@id":"https:\/\/folhadems.com.br\/site\/2026\/04\/28\/prefeitura-da-capital-prorroga-validade-de-concurso-por-mais-dois-anos\/#breadcrumb","itemListElement":[{"@type":"ListItem","position":1,"name":"In\u00edcio","item":"https:\/\/folhadems.com.br\/site\/"},{"@type":"ListItem","position":2,"name":"Prefeitura da Capital prorroga validade de concurso por mais dois anos"}]},{"@type":"WebSite","@id":"https:\/\/folhadems.com.br\/site\/#website","url":"https:\/\/folhadems.com.br\/site\/","name":"Folha de Mato Grosso do Sul","description":"Jornal Online","publisher":{"@id":"https:\/\/folhadems.com.br\/site\/#organization"},"potentialAction":[{"@type":"SearchAction","target":{"@type":"EntryPoint","urlTemplate":"https:\/\/folhadems.com.br\/site\/?s={search_term_string}"},"query-input":{"@type":"PropertyValueSpecification","valueRequired":true,"valueName":"search_term_string"}}],"inLanguage":"pt-BR"},{"@type":"Organization","@id":"https:\/\/folhadems.com.br\/site\/#organization","name":"Folha de Mato Grosso do Sul","url":"https:\/\/folhadems.com.br\/site\/","logo":{"@type":"ImageObject","inLanguage":"pt-BR","@id":"https:\/\/folhadems.com.br\/site\/#\/schema\/logo\/image\/","url":"https:\/\/folhadems.com.br\/site\/wp-content\/uploads\/2023\/01\/logo-folha-de-ms-380x90-1.jpg","contentUrl":"https:\/\/folhadems.com.br\/site\/wp-content\/uploads\/2023\/01\/logo-folha-de-ms-380x90-1.jpg","width":380,"height":90,"caption":"Folha de Mato Grosso do Sul"},"image":{"@id":"https:\/\/folhadems.com.br\/site\/#\/schema\/logo\/image\/"}},{"@type":"Person","@id":"https:\/\/folhadems.com.br\/site\/#\/schema\/person\/e4a04038e5c2e7040e19ef252ae9d940","name":"Elite Midia","image":{"@type":"ImageObject","inLanguage":"pt-BR","@id":"https:\/\/folhadems.com.br\/site\/#\/schema\/person\/image\/","url":"https:\/\/secure.gravatar.com\/avatar\/f76a80f01119f7fec6909ab9feea8819031f391155be021b685479d77496f055?s=96&d=mm&r=g","contentUrl":"https:\/\/secure.gravatar.com\/avatar\/f76a80f01119f7fec6909ab9feea8819031f391155be021b685479d77496f055?s=96&d=mm&r=g","caption":"Elite Midia"},"sameAs":["https:\/\/folhadems.com.br\/site"],"url":"https:\/\/folhadems.com.br\/site\/author\/elite-midia\/"}]}},"publishpress_future_action":{"enabled":false,"date":"2026-05-05 12:24:15","action":"change-status","newStatus":"draft","terms":[],"taxonomy":"category","extraData":[]},"publishpress_future_workflow_manual_trigger":{"enabledWorkflows":[]},"_links":{"self":[{"href":"https:\/\/folhadems.com.br\/site\/wp-json\/wp\/v2\/posts\/15906","targetHints":{"allow":["GET"]}}],"collection":[{"href":"https:\/\/folhadems.com.br\/site\/wp-json\/wp\/v2\/posts"}],"about":[{"href":"https:\/\/folhadems.com.br\/site\/wp-json\/wp\/v2\/types\/post"}],"author":[{"embeddable":true,"href":"https:\/\/folhadems.com.br\/site\/wp-json\/wp\/v2\/users\/1"}],"replies":[{"embeddable":true,"href":"https:\/\/folhadems.com.br\/site\/wp-json\/wp\/v2\/comments?post=15906"}],"version-history":[{"count":1,"href":"https:\/\/folhadems.com.br\/site\/wp-json\/wp\/v2\/posts\/15906\/revisions"}],"predecessor-version":[{"id":15908,"href":"https:\/\/folhadems.com.br\/site\/wp-json\/wp\/v2\/posts\/15906\/revisions\/15908"}],"wp:featuredmedia":[{"embeddable":true,"href":"https:\/\/folhadems.com.br\/site\/wp-json\/wp\/v2\/media\/15907"}],"wp:attachment":[{"href":"https:\/\/folhadems.com.br\/site\/wp-json\/wp\/v2\/media?parent=15906"}],"wp:term":[{"taxonomy":"category","embeddable":true,"href":"https:\/\/folhadems.com.br\/site\/wp-json\/wp\/v2\/categories?post=15906"},{"taxonomy":"post_tag","embeddable":true,"href":"https:\/\/folhadems.com.br\/site\/wp-json\/wp\/v2\/tags?post=15906"}],"curies":[{"name":"wp","href":"https:\/\/api.w.org\/{rel}","templated":true}]}}