{"id":15899,"date":"2026-04-27T17:01:00","date_gmt":"2026-04-27T21:01:00","guid":{"rendered":"https:\/\/folhadems.com.br\/site\/?p=15899"},"modified":"2026-04-27T16:04:16","modified_gmt":"2026-04-27T20:04:16","slug":"agetran-define-operacao-para-o-feriado-do-dia-do-trabalhador","status":"publish","type":"post","link":"https:\/\/folhadems.com.br\/site\/2026\/04\/27\/agetran-define-operacao-para-o-feriado-do-dia-do-trabalhador\/","title":{"rendered":"Agetran define opera\u00e7\u00e3o para o feriado do Dia do Trabalhador"},"content":{"rendered":"\n<p>A Ag\u00eancia Municipal de Transporte e Tr\u00e2nsito (Agetran) preparou um plano operacional especial para o sistema de transporte coletivo durante o feriado do Dia do Trabalhador, nos dias 1\u00ba e 2 de maio de 2026. A medida tem como objetivo garantir a continuidade do atendimento \u00e0 popula\u00e7\u00e3o com efici\u00eancia, seguran\u00e7a e adequa\u00e7\u00e3o \u00e0 demanda dos usu\u00e1rios.<\/p>\n\n\n\n<p><strong>01 de maio de 2026 (sexta-feira)<\/strong><br><br>No feriado do Dia do Trabalhador, o sistema de transporte p\u00fablico funcionar\u00e1 com ajustes operacionais espec\u00edficos:<\/p>\n\n\n\n<p>As linhas 244, 322, 410, 418, 419, 422 e 424 ter\u00e3o opera\u00e7\u00e3o adaptada para atendimento das demandas das \u00e1reas industriais;<\/p>\n\n\n\n<p>As linhas 515 e 522 seguir\u00e3o o plano funcional de s\u00e1bado;<\/p>\n\n\n\n<p>As demais linhas operar\u00e3o conforme o plano de domingos e feriados.<\/p>\n\n\n\n<p>Al\u00e9m disso, ser\u00e1 refor\u00e7ada a opera\u00e7\u00e3o com quatro ve\u00edculos reserva, sendo dois habituais e dois adicionais, com tripula\u00e7\u00e3o posicionada nos principais terminais da cidade: Guaicurus, Moren\u00e3o, Bandeirantes, Aero Rancho, J\u00falio de Castilho, General Os\u00f3rio, Nova Bahia e H\u00e9rcules Maymone.<\/p>\n\n\n\n<p>O Cons\u00f3rcio Guaicurus dever\u00e1 acompanhar continuamente a opera\u00e7\u00e3o das linhas, podendo realizar ajustes na frota, quando necess\u00e1rio ou por determina\u00e7\u00e3o da fiscaliza\u00e7\u00e3o da Agetran, especialmente ap\u00f3s os hor\u00e1rios de pico, que ocorrem das 5h30 \u00e0s 8h30, das 10h30 \u00e0s 13h30 e das 16h \u00e0s 18h30. As adequa\u00e7\u00f5es dever\u00e3o se limitar ao aumento da oferta de ve\u00edculos, conforme a demanda identificada.<\/p>\n\n\n\n<p><strong>02 de maio de 2026 (s\u00e1bado)<\/strong><\/p>\n\n\n\n<p>No s\u00e1bado, todo o sistema de transporte coletivo operar\u00e1 conforme o plano funcional regular de s\u00e1bados, sem altera\u00e7\u00f5es adicionais.<\/p>\n\n\n\n<p>Monitoramento e opera\u00e7\u00e3o<\/p>\n\n\n\n<p>A Agetran acompanhar\u00e1 toda a opera\u00e7\u00e3o em tempo real, promovendo ajustes sempre que necess\u00e1rio para garantir o bom funcionamento do sistema.<\/p>\n\n\n\n<p>O plano especial refor\u00e7a o compromisso da Prefeitura em assegurar um transporte p\u00fablico eficiente, acess\u00edvel e adequado \u00e0 mobilidade da popula\u00e7\u00e3o, especialmente em per\u00edodos de maior movimenta\u00e7\u00e3o como feriados prolongados.<\/p>\n\n\n\n<p><strong><em>Fonte: PrefCG<\/em><\/strong><\/p>\n","protected":false},"excerpt":{"rendered":"<p>A Ag\u00eancia Municipal de Transporte e Tr\u00e2nsito (Agetran) preparou um plano operacional especial para o sistema de transporte coletivo durante<\/p>\n","protected":false},"author":1,"featured_media":13254,"comment_status":"open","ping_status":"open","sticky":false,"template":"","format":"standard","meta":{"footnotes":""},"categories":[26],"tags":[],"class_list":["post-15899","post","type-post","status-publish","format-standard","has-post-thumbnail","hentry","category-cotidiano"],"yoast_head":"<!-- This site is optimized with the Yoast SEO plugin v27.1.1 - https:\/\/yoast.com\/product\/yoast-seo-wordpress\/ -->\n<title>Agetran define opera\u00e7\u00e3o para o feriado do Dia do Trabalhador - Folha de Mato Grosso do Sul<\/title>\n<meta name=\"robots\" content=\"index, follow, max-snippet:-1, max-image-preview:large, max-video-preview:-1\" \/>\n<link rel=\"canonical\" href=\"https:\/\/folhadems.com.br\/site\/2026\/04\/27\/agetran-define-operacao-para-o-feriado-do-dia-do-trabalhador\/\" \/>\n<meta property=\"og:locale\" content=\"pt_BR\" \/>\n<meta property=\"og:type\" content=\"article\" \/>\n<meta property=\"og:title\" content=\"Agetran define opera\u00e7\u00e3o para o feriado do Dia do Trabalhador - Folha de Mato Grosso do Sul\" \/>\n<meta property=\"og:description\" content=\"A Ag\u00eancia Municipal de Transporte e Tr\u00e2nsito (Agetran) preparou um plano operacional especial para o sistema de transporte coletivo durante\" \/>\n<meta property=\"og:url\" content=\"https:\/\/folhadems.com.br\/site\/2026\/04\/27\/agetran-define-operacao-para-o-feriado-do-dia-do-trabalhador\/\" \/>\n<meta property=\"og:site_name\" content=\"Folha de Mato Grosso do Sul\" \/>\n<meta property=\"article:published_time\" content=\"2026-04-27T21:01:00+00:00\" \/>\n<meta property=\"og:image\" content=\"https:\/\/folhadems.com.br\/site\/wp-content\/uploads\/2025\/12\/onibus.jpg\" \/>\n\t<meta property=\"og:image:width\" content=\"800\" \/>\n\t<meta property=\"og:image:height\" content=\"450\" \/>\n\t<meta property=\"og:image:type\" content=\"image\/jpeg\" \/>\n<meta name=\"author\" content=\"Elite Midia\" \/>\n<meta name=\"twitter:card\" content=\"summary_large_image\" \/>\n<meta name=\"twitter:label1\" content=\"Escrito por\" \/>\n\t<meta name=\"twitter:data1\" content=\"Elite Midia\" \/>\n\t<meta name=\"twitter:label2\" content=\"Est. tempo de leitura\" \/>\n\t<meta name=\"twitter:data2\" content=\"2 minutos\" \/>\n<script type=\"application\/ld+json\" class=\"yoast-schema-graph\">{\"@context\":\"https:\/\/schema.org\",\"@graph\":[{\"@type\":\"Article\",\"@id\":\"https:\/\/folhadems.com.br\/site\/2026\/04\/27\/agetran-define-operacao-para-o-feriado-do-dia-do-trabalhador\/#article\",\"isPartOf\":{\"@id\":\"https:\/\/folhadems.com.br\/site\/2026\/04\/27\/agetran-define-operacao-para-o-feriado-do-dia-do-trabalhador\/\"},\"author\":{\"name\":\"Elite Midia\",\"@id\":\"https:\/\/folhadems.com.br\/site\/#\/schema\/person\/e4a04038e5c2e7040e19ef252ae9d940\"},\"headline\":\"Agetran define opera\u00e7\u00e3o para o feriado do Dia do Trabalhador\",\"datePublished\":\"2026-04-27T21:01:00+00:00\",\"mainEntityOfPage\":{\"@id\":\"https:\/\/folhadems.com.br\/site\/2026\/04\/27\/agetran-define-operacao-para-o-feriado-do-dia-do-trabalhador\/\"},\"wordCount\":338,\"commentCount\":0,\"publisher\":{\"@id\":\"https:\/\/folhadems.com.br\/site\/#organization\"},\"image\":{\"@id\":\"https:\/\/folhadems.com.br\/site\/2026\/04\/27\/agetran-define-operacao-para-o-feriado-do-dia-do-trabalhador\/#primaryimage\"},\"thumbnailUrl\":\"https:\/\/folhadems.com.br\/site\/wp-content\/uploads\/2025\/12\/onibus.jpg\",\"articleSection\":[\"Cotidiano\"],\"inLanguage\":\"pt-BR\",\"potentialAction\":[{\"@type\":\"CommentAction\",\"name\":\"Comment\",\"target\":[\"https:\/\/folhadems.com.br\/site\/2026\/04\/27\/agetran-define-operacao-para-o-feriado-do-dia-do-trabalhador\/#respond\"]}]},{\"@type\":\"WebPage\",\"@id\":\"https:\/\/folhadems.com.br\/site\/2026\/04\/27\/agetran-define-operacao-para-o-feriado-do-dia-do-trabalhador\/\",\"url\":\"https:\/\/folhadems.com.br\/site\/2026\/04\/27\/agetran-define-operacao-para-o-feriado-do-dia-do-trabalhador\/\",\"name\":\"Agetran define opera\u00e7\u00e3o para o feriado do Dia do Trabalhador - Folha de Mato Grosso do Sul\",\"isPartOf\":{\"@id\":\"https:\/\/folhadems.com.br\/site\/#website\"},\"primaryImageOfPage\":{\"@id\":\"https:\/\/folhadems.com.br\/site\/2026\/04\/27\/agetran-define-operacao-para-o-feriado-do-dia-do-trabalhador\/#primaryimage\"},\"image\":{\"@id\":\"https:\/\/folhadems.com.br\/site\/2026\/04\/27\/agetran-define-operacao-para-o-feriado-do-dia-do-trabalhador\/#primaryimage\"},\"thumbnailUrl\":\"https:\/\/folhadems.com.br\/site\/wp-content\/uploads\/2025\/12\/onibus.jpg\",\"datePublished\":\"2026-04-27T21:01:00+00:00\",\"breadcrumb\":{\"@id\":\"https:\/\/folhadems.com.br\/site\/2026\/04\/27\/agetran-define-operacao-para-o-feriado-do-dia-do-trabalhador\/#breadcrumb\"},\"inLanguage\":\"pt-BR\",\"potentialAction\":[{\"@type\":\"ReadAction\",\"target\":[\"https:\/\/folhadems.com.br\/site\/2026\/04\/27\/agetran-define-operacao-para-o-feriado-do-dia-do-trabalhador\/\"]}]},{\"@type\":\"ImageObject\",\"inLanguage\":\"pt-BR\",\"@id\":\"https:\/\/folhadems.com.br\/site\/2026\/04\/27\/agetran-define-operacao-para-o-feriado-do-dia-do-trabalhador\/#primaryimage\",\"url\":\"https:\/\/folhadems.com.br\/site\/wp-content\/uploads\/2025\/12\/onibus.jpg\",\"contentUrl\":\"https:\/\/folhadems.com.br\/site\/wp-content\/uploads\/2025\/12\/onibus.jpg\",\"width\":800,\"height\":450},{\"@type\":\"BreadcrumbList\",\"@id\":\"https:\/\/folhadems.com.br\/site\/2026\/04\/27\/agetran-define-operacao-para-o-feriado-do-dia-do-trabalhador\/#breadcrumb\",\"itemListElement\":[{\"@type\":\"ListItem\",\"position\":1,\"name\":\"In\u00edcio\",\"item\":\"https:\/\/folhadems.com.br\/site\/\"},{\"@type\":\"ListItem\",\"position\":2,\"name\":\"Agetran define opera\u00e7\u00e3o para o feriado do Dia do Trabalhador\"}]},{\"@type\":\"WebSite\",\"@id\":\"https:\/\/folhadems.com.br\/site\/#website\",\"url\":\"https:\/\/folhadems.com.br\/site\/\",\"name\":\"Folha de Mato Grosso do Sul\",\"description\":\"Jornal Online\",\"publisher\":{\"@id\":\"https:\/\/folhadems.com.br\/site\/#organization\"},\"potentialAction\":[{\"@type\":\"SearchAction\",\"target\":{\"@type\":\"EntryPoint\",\"urlTemplate\":\"https:\/\/folhadems.com.br\/site\/?s={search_term_string}\"},\"query-input\":{\"@type\":\"PropertyValueSpecification\",\"valueRequired\":true,\"valueName\":\"search_term_string\"}}],\"inLanguage\":\"pt-BR\"},{\"@type\":\"Organization\",\"@id\":\"https:\/\/folhadems.com.br\/site\/#organization\",\"name\":\"Folha de Mato Grosso do Sul\",\"url\":\"https:\/\/folhadems.com.br\/site\/\",\"logo\":{\"@type\":\"ImageObject\",\"inLanguage\":\"pt-BR\",\"@id\":\"https:\/\/folhadems.com.br\/site\/#\/schema\/logo\/image\/\",\"url\":\"https:\/\/folhadems.com.br\/site\/wp-content\/uploads\/2023\/01\/logo-folha-de-ms-380x90-1.jpg\",\"contentUrl\":\"https:\/\/folhadems.com.br\/site\/wp-content\/uploads\/2023\/01\/logo-folha-de-ms-380x90-1.jpg\",\"width\":380,\"height\":90,\"caption\":\"Folha de Mato Grosso do Sul\"},\"image\":{\"@id\":\"https:\/\/folhadems.com.br\/site\/#\/schema\/logo\/image\/\"}},{\"@type\":\"Person\",\"@id\":\"https:\/\/folhadems.com.br\/site\/#\/schema\/person\/e4a04038e5c2e7040e19ef252ae9d940\",\"name\":\"Elite Midia\",\"image\":{\"@type\":\"ImageObject\",\"inLanguage\":\"pt-BR\",\"@id\":\"https:\/\/folhadems.com.br\/site\/#\/schema\/person\/image\/\",\"url\":\"https:\/\/secure.gravatar.com\/avatar\/f76a80f01119f7fec6909ab9feea8819031f391155be021b685479d77496f055?s=96&d=mm&r=g\",\"contentUrl\":\"https:\/\/secure.gravatar.com\/avatar\/f76a80f01119f7fec6909ab9feea8819031f391155be021b685479d77496f055?s=96&d=mm&r=g\",\"caption\":\"Elite Midia\"},\"sameAs\":[\"https:\/\/folhadems.com.br\/site\"],\"url\":\"https:\/\/folhadems.com.br\/site\/author\/elite-midia\/\"}]}<\/script>\n<!-- \/ Yoast SEO plugin. -->","yoast_head_json":{"title":"Agetran define opera\u00e7\u00e3o para o feriado do Dia do Trabalhador - Folha de Mato Grosso do Sul","robots":{"index":"index","follow":"follow","max-snippet":"max-snippet:-1","max-image-preview":"max-image-preview:large","max-video-preview":"max-video-preview:-1"},"canonical":"https:\/\/folhadems.com.br\/site\/2026\/04\/27\/agetran-define-operacao-para-o-feriado-do-dia-do-trabalhador\/","og_locale":"pt_BR","og_type":"article","og_title":"Agetran define opera\u00e7\u00e3o para o feriado do Dia do Trabalhador - Folha de Mato Grosso do Sul","og_description":"A Ag\u00eancia Municipal de Transporte e Tr\u00e2nsito (Agetran) preparou um plano operacional especial para o sistema de transporte coletivo durante","og_url":"https:\/\/folhadems.com.br\/site\/2026\/04\/27\/agetran-define-operacao-para-o-feriado-do-dia-do-trabalhador\/","og_site_name":"Folha de Mato Grosso do Sul","article_published_time":"2026-04-27T21:01:00+00:00","og_image":[{"width":800,"height":450,"url":"https:\/\/folhadems.com.br\/site\/wp-content\/uploads\/2025\/12\/onibus.jpg","type":"image\/jpeg"}],"author":"Elite Midia","twitter_card":"summary_large_image","twitter_misc":{"Escrito por":"Elite Midia","Est. tempo de leitura":"2 minutos"},"schema":{"@context":"https:\/\/schema.org","@graph":[{"@type":"Article","@id":"https:\/\/folhadems.com.br\/site\/2026\/04\/27\/agetran-define-operacao-para-o-feriado-do-dia-do-trabalhador\/#article","isPartOf":{"@id":"https:\/\/folhadems.com.br\/site\/2026\/04\/27\/agetran-define-operacao-para-o-feriado-do-dia-do-trabalhador\/"},"author":{"name":"Elite Midia","@id":"https:\/\/folhadems.com.br\/site\/#\/schema\/person\/e4a04038e5c2e7040e19ef252ae9d940"},"headline":"Agetran define opera\u00e7\u00e3o para o feriado do Dia do Trabalhador","datePublished":"2026-04-27T21:01:00+00:00","mainEntityOfPage":{"@id":"https:\/\/folhadems.com.br\/site\/2026\/04\/27\/agetran-define-operacao-para-o-feriado-do-dia-do-trabalhador\/"},"wordCount":338,"commentCount":0,"publisher":{"@id":"https:\/\/folhadems.com.br\/site\/#organization"},"image":{"@id":"https:\/\/folhadems.com.br\/site\/2026\/04\/27\/agetran-define-operacao-para-o-feriado-do-dia-do-trabalhador\/#primaryimage"},"thumbnailUrl":"https:\/\/folhadems.com.br\/site\/wp-content\/uploads\/2025\/12\/onibus.jpg","articleSection":["Cotidiano"],"inLanguage":"pt-BR","potentialAction":[{"@type":"CommentAction","name":"Comment","target":["https:\/\/folhadems.com.br\/site\/2026\/04\/27\/agetran-define-operacao-para-o-feriado-do-dia-do-trabalhador\/#respond"]}]},{"@type":"WebPage","@id":"https:\/\/folhadems.com.br\/site\/2026\/04\/27\/agetran-define-operacao-para-o-feriado-do-dia-do-trabalhador\/","url":"https:\/\/folhadems.com.br\/site\/2026\/04\/27\/agetran-define-operacao-para-o-feriado-do-dia-do-trabalhador\/","name":"Agetran define opera\u00e7\u00e3o para o feriado do Dia do Trabalhador - Folha de Mato Grosso do Sul","isPartOf":{"@id":"https:\/\/folhadems.com.br\/site\/#website"},"primaryImageOfPage":{"@id":"https:\/\/folhadems.com.br\/site\/2026\/04\/27\/agetran-define-operacao-para-o-feriado-do-dia-do-trabalhador\/#primaryimage"},"image":{"@id":"https:\/\/folhadems.com.br\/site\/2026\/04\/27\/agetran-define-operacao-para-o-feriado-do-dia-do-trabalhador\/#primaryimage"},"thumbnailUrl":"https:\/\/folhadems.com.br\/site\/wp-content\/uploads\/2025\/12\/onibus.jpg","datePublished":"2026-04-27T21:01:00+00:00","breadcrumb":{"@id":"https:\/\/folhadems.com.br\/site\/2026\/04\/27\/agetran-define-operacao-para-o-feriado-do-dia-do-trabalhador\/#breadcrumb"},"inLanguage":"pt-BR","potentialAction":[{"@type":"ReadAction","target":["https:\/\/folhadems.com.br\/site\/2026\/04\/27\/agetran-define-operacao-para-o-feriado-do-dia-do-trabalhador\/"]}]},{"@type":"ImageObject","inLanguage":"pt-BR","@id":"https:\/\/folhadems.com.br\/site\/2026\/04\/27\/agetran-define-operacao-para-o-feriado-do-dia-do-trabalhador\/#primaryimage","url":"https:\/\/folhadems.com.br\/site\/wp-content\/uploads\/2025\/12\/onibus.jpg","contentUrl":"https:\/\/folhadems.com.br\/site\/wp-content\/uploads\/2025\/12\/onibus.jpg","width":800,"height":450},{"@type":"BreadcrumbList","@id":"https:\/\/folhadems.com.br\/site\/2026\/04\/27\/agetran-define-operacao-para-o-feriado-do-dia-do-trabalhador\/#breadcrumb","itemListElement":[{"@type":"ListItem","position":1,"name":"In\u00edcio","item":"https:\/\/folhadems.com.br\/site\/"},{"@type":"ListItem","position":2,"name":"Agetran define opera\u00e7\u00e3o para o feriado do Dia do Trabalhador"}]},{"@type":"WebSite","@id":"https:\/\/folhadems.com.br\/site\/#website","url":"https:\/\/folhadems.com.br\/site\/","name":"Folha de Mato Grosso do Sul","description":"Jornal Online","publisher":{"@id":"https:\/\/folhadems.com.br\/site\/#organization"},"potentialAction":[{"@type":"SearchAction","target":{"@type":"EntryPoint","urlTemplate":"https:\/\/folhadems.com.br\/site\/?s={search_term_string}"},"query-input":{"@type":"PropertyValueSpecification","valueRequired":true,"valueName":"search_term_string"}}],"inLanguage":"pt-BR"},{"@type":"Organization","@id":"https:\/\/folhadems.com.br\/site\/#organization","name":"Folha de Mato Grosso do Sul","url":"https:\/\/folhadems.com.br\/site\/","logo":{"@type":"ImageObject","inLanguage":"pt-BR","@id":"https:\/\/folhadems.com.br\/site\/#\/schema\/logo\/image\/","url":"https:\/\/folhadems.com.br\/site\/wp-content\/uploads\/2023\/01\/logo-folha-de-ms-380x90-1.jpg","contentUrl":"https:\/\/folhadems.com.br\/site\/wp-content\/uploads\/2023\/01\/logo-folha-de-ms-380x90-1.jpg","width":380,"height":90,"caption":"Folha de Mato Grosso do Sul"},"image":{"@id":"https:\/\/folhadems.com.br\/site\/#\/schema\/logo\/image\/"}},{"@type":"Person","@id":"https:\/\/folhadems.com.br\/site\/#\/schema\/person\/e4a04038e5c2e7040e19ef252ae9d940","name":"Elite Midia","image":{"@type":"ImageObject","inLanguage":"pt-BR","@id":"https:\/\/folhadems.com.br\/site\/#\/schema\/person\/image\/","url":"https:\/\/secure.gravatar.com\/avatar\/f76a80f01119f7fec6909ab9feea8819031f391155be021b685479d77496f055?s=96&d=mm&r=g","contentUrl":"https:\/\/secure.gravatar.com\/avatar\/f76a80f01119f7fec6909ab9feea8819031f391155be021b685479d77496f055?s=96&d=mm&r=g","caption":"Elite Midia"},"sameAs":["https:\/\/folhadems.com.br\/site"],"url":"https:\/\/folhadems.com.br\/site\/author\/elite-midia\/"}]}},"publishpress_future_action":{"enabled":false,"date":"2026-05-04 20:17:56","action":"change-status","newStatus":"draft","terms":[],"taxonomy":"category","extraData":[]},"publishpress_future_workflow_manual_trigger":{"enabledWorkflows":[]},"_links":{"self":[{"href":"https:\/\/folhadems.com.br\/site\/wp-json\/wp\/v2\/posts\/15899","targetHints":{"allow":["GET"]}}],"collection":[{"href":"https:\/\/folhadems.com.br\/site\/wp-json\/wp\/v2\/posts"}],"about":[{"href":"https:\/\/folhadems.com.br\/site\/wp-json\/wp\/v2\/types\/post"}],"author":[{"embeddable":true,"href":"https:\/\/folhadems.com.br\/site\/wp-json\/wp\/v2\/users\/1"}],"replies":[{"embeddable":true,"href":"https:\/\/folhadems.com.br\/site\/wp-json\/wp\/v2\/comments?post=15899"}],"version-history":[{"count":1,"href":"https:\/\/folhadems.com.br\/site\/wp-json\/wp\/v2\/posts\/15899\/revisions"}],"predecessor-version":[{"id":15900,"href":"https:\/\/folhadems.com.br\/site\/wp-json\/wp\/v2\/posts\/15899\/revisions\/15900"}],"wp:featuredmedia":[{"embeddable":true,"href":"https:\/\/folhadems.com.br\/site\/wp-json\/wp\/v2\/media\/13254"}],"wp:attachment":[{"href":"https:\/\/folhadems.com.br\/site\/wp-json\/wp\/v2\/media?parent=15899"}],"wp:term":[{"taxonomy":"category","embeddable":true,"href":"https:\/\/folhadems.com.br\/site\/wp-json\/wp\/v2\/categories?post=15899"},{"taxonomy":"post_tag","embeddable":true,"href":"https:\/\/folhadems.com.br\/site\/wp-json\/wp\/v2\/tags?post=15899"}],"curies":[{"name":"wp","href":"https:\/\/api.w.org\/{rel}","templated":true}]}}