{"id":15893,"date":"2026-04-27T16:00:32","date_gmt":"2026-04-27T20:00:32","guid":{"rendered":"https:\/\/folhadems.com.br\/site\/?p=15893"},"modified":"2026-04-27T16:00:36","modified_gmt":"2026-04-27T20:00:36","slug":"em-campo-grande-hospital-do-cancer-alfredo-abrao-inaugura-32-leitos","status":"publish","type":"post","link":"https:\/\/folhadems.com.br\/site\/2026\/04\/27\/em-campo-grande-hospital-do-cancer-alfredo-abrao-inaugura-32-leitos\/","title":{"rendered":"Em Campo Grande, Hospital do C\u00e2ncer Alfredo Abr\u00e3o inaugura 32 leitos"},"content":{"rendered":"\n<p>A Prefeitura de Campo Grande participou, nesta segunda-feira (27), da inaugura\u00e7\u00e3o do 5\u00ba andar do Hospital de C\u00e2ncer Alfredo Abr\u00e3o (HCAA), denominado \u201cAla Fam\u00edlias do Agro\u201d. O novo pavimento conta com 32 leitos destinados ao atendimento de pacientes oncol\u00f3gicos e foi viabilizado integralmente por meio de doa\u00e7\u00f5es de 25 fam\u00edlias do agroneg\u00f3cio, que contribu\u00edram com R$ 50 mil cada, totalizando R$ 1,25 milh\u00e3o.<\/p>\n\n\n\n<p>A cerim\u00f4nia de entrega reuniu autoridades municipais e estaduais, entre elas a prefeita Adriane Lopes e o governador Eduardo Riedel, al\u00e9m de representantes das fam\u00edlias doadoras e da dire\u00e7\u00e3o da unidade hospitalar.<\/p>\n\n\n\n<p>Durante o evento, a prefeita Adriane Lopes destacou a relev\u00e2ncia das parcerias institucionais para o fortalecimento da rede de sa\u00fade e ressaltou o impacto regional do hospital. Segundo ela, o HCAA atende cerca de 73% da popula\u00e7\u00e3o de Mato Grosso do Sul e desempenha papel fundamental no tratamento oncol\u00f3gico em diversas especialidades.<\/p>\n\n\n\n<figure class=\"wp-block-image\"><img decoding=\"async\" src=\"https:\/\/cdn.campogrande.ms.gov.br\/portal\/prod\/uploads\/sites\/3\/2026\/04\/WhatsApp-Image-2026-04-27-at-12.30.31-1-1024x682.jpeg\" alt=\"\" class=\"wp-image-160740\"\/><\/figure>\n\n\n\n<p>A chefe do Executivo Municipal enfatizou ainda que a amplia\u00e7\u00e3o da estrutura representa um avan\u00e7o significativo para a assist\u00eancia \u00e0 sa\u00fade. \u201cUnir esfor\u00e7os e avan\u00e7ar com 32 leitos \u00e9 um passo muito importante para os pacientes oncol\u00f3gicos do nosso Estado. Agrade\u00e7o e parabenizo todas as fam\u00edlias que est\u00e3o contribuindo e investindo em um hospital que j\u00e1 \u00e9 refer\u00eancia para Campo Grande e para Mato Grosso do Sul\u201d, afirmou.<\/p>\n\n\n\n<p>A iniciativa, organizada pelo conselho curador do hospital, \u00e9 considerada in\u00e9dita no Estado. Representando os doadores, Ruy Fachini Filho destacou o car\u00e1ter coletivo da a\u00e7\u00e3o e o compromisso do setor com a sa\u00fade p\u00fablica.<\/p>\n\n\n\n<p>A presidente do HCAA, Sueli Lopes Telles, ressaltou que a amplia\u00e7\u00e3o impacta diretamente na capacidade de atendimento da unidade, contribuindo para a redu\u00e7\u00e3o da fila de interna\u00e7\u00f5es e fortalecendo o suporte a procedimentos como cirurgias, quimioterapia e radioterapia. Ela tamb\u00e9m destacou a import\u00e2ncia do apoio do poder p\u00fablico para a manuten\u00e7\u00e3o dos servi\u00e7os.<\/p>\n\n\n\n<p>\u201cA prefeitura \u00e9 a gestora e banca, junto com o Governo Federal e o Governo do Estado, toda a parte do tratamento. Se hoje o atendimento apresenta qualidade, \u00e9 porque h\u00e1 investimento cont\u00ednuo dessas esferas. Somos muito gratos por tudo que o munic\u00edpio de Campo Grande, por meio da prefeita Adriane Lopes e do secret\u00e1rio Marcelo Vilela, tem feito pelo Hospital do C\u00e2ncer, garantindo suporte para que possamos oferecer o melhor atendimento em oncologia. As parcerias privadas tamb\u00e9m t\u00eam papel fundamental no fortalecimento e no desenvolvimento das nossas atividades\u201d, afirmou.<\/p>\n\n\n\n<figure class=\"wp-block-image\"><img decoding=\"async\" src=\"https:\/\/cdn.campogrande.ms.gov.br\/portal\/prod\/uploads\/sites\/3\/2026\/04\/WhatsApp-Image-2026-04-27-at-12.32.42-1024x682.jpeg\" alt=\"\" class=\"wp-image-160739\"\/><\/figure>\n\n\n\n<p>Ela tamb\u00e9m informou sobre novas etapas de expans\u00e3o, incluindo a previs\u00e3o de inaugura\u00e7\u00e3o do segundo andar at\u00e9 o final de maio, com 20 leitos de UTI, viabilizados por meio de parceria p\u00fablico-privada. Outro avan\u00e7o previsto \u00e9 a instala\u00e7\u00e3o de um novo acelerador linear at\u00e9 o fim de junho, ampliando a oferta de tratamento de alta complexidade.<\/p>\n\n\n\n<p>O Hospital de C\u00e2ncer Alfredo Abr\u00e3o, cuja estrutura foi conclu\u00edda em 2012 e passou a operar parcialmente em 2016, segue em processo cont\u00ednuo de expans\u00e3o. A entrega do 5\u00ba andar refor\u00e7a o compromisso conjunto entre poder p\u00fablico, iniciativa privada e sociedade civil na amplia\u00e7\u00e3o e qualifica\u00e7\u00e3o do atendimento oncol\u00f3gico na Capital.<\/p>\n\n\n\n<figure class=\"wp-block-image\"><img decoding=\"async\" src=\"https:\/\/cdn.campogrande.ms.gov.br\/portal\/prod\/uploads\/sites\/3\/2026\/04\/WhatsApp-Image-2026-04-27-at-12.32.43-1024x682.jpeg\" alt=\"\" class=\"wp-image-160743\"\/><\/figure>\n\n\n\n<p><strong><em>Fonte: PrefCG<\/em><\/strong><\/p>\n","protected":false},"excerpt":{"rendered":"<p>A Prefeitura de Campo Grande participou, nesta segunda-feira (27), da inaugura\u00e7\u00e3o do 5\u00ba andar do Hospital de C\u00e2ncer Alfredo Abr\u00e3o<\/p>\n","protected":false},"author":1,"featured_media":15894,"comment_status":"open","ping_status":"open","sticky":false,"template":"","format":"standard","meta":{"footnotes":""},"categories":[9],"tags":[],"class_list":["post-15893","post","type-post","status-publish","format-standard","has-post-thumbnail","hentry","category-ciencia-e-saude"],"yoast_head":"<!-- This site is optimized with the Yoast SEO plugin v27.1.1 - https:\/\/yoast.com\/product\/yoast-seo-wordpress\/ -->\n<title>Em Campo Grande, Hospital do C\u00e2ncer Alfredo Abr\u00e3o inaugura 32 leitos - Folha de Mato Grosso do Sul<\/title>\n<meta name=\"robots\" content=\"index, follow, max-snippet:-1, max-image-preview:large, max-video-preview:-1\" \/>\n<link rel=\"canonical\" href=\"https:\/\/folhadems.com.br\/site\/2026\/04\/27\/em-campo-grande-hospital-do-cancer-alfredo-abrao-inaugura-32-leitos\/\" \/>\n<meta property=\"og:locale\" content=\"pt_BR\" \/>\n<meta property=\"og:type\" content=\"article\" \/>\n<meta property=\"og:title\" content=\"Em Campo Grande, Hospital do C\u00e2ncer Alfredo Abr\u00e3o inaugura 32 leitos - Folha de Mato Grosso do Sul\" \/>\n<meta property=\"og:description\" content=\"A Prefeitura de Campo Grande participou, nesta segunda-feira (27), da inaugura\u00e7\u00e3o do 5\u00ba andar do Hospital de C\u00e2ncer Alfredo Abr\u00e3o\" \/>\n<meta property=\"og:url\" content=\"https:\/\/folhadems.com.br\/site\/2026\/04\/27\/em-campo-grande-hospital-do-cancer-alfredo-abrao-inaugura-32-leitos\/\" \/>\n<meta property=\"og:site_name\" content=\"Folha de Mato Grosso do Sul\" \/>\n<meta property=\"article:published_time\" content=\"2026-04-27T20:00:32+00:00\" \/>\n<meta property=\"article:modified_time\" content=\"2026-04-27T20:00:36+00:00\" \/>\n<meta property=\"og:image\" content=\"https:\/\/folhadems.com.br\/site\/wp-content\/uploads\/2026\/04\/hospital-cancer.jpg\" \/>\n\t<meta property=\"og:image:width\" content=\"800\" \/>\n\t<meta property=\"og:image:height\" content=\"450\" \/>\n\t<meta property=\"og:image:type\" content=\"image\/jpeg\" \/>\n<meta name=\"author\" content=\"Elite Midia\" \/>\n<meta name=\"twitter:card\" content=\"summary_large_image\" \/>\n<meta name=\"twitter:label1\" content=\"Escrito por\" \/>\n\t<meta name=\"twitter:data1\" content=\"Elite Midia\" \/>\n\t<meta name=\"twitter:label2\" content=\"Est. tempo de leitura\" \/>\n\t<meta name=\"twitter:data2\" content=\"4 minutos\" \/>\n<script type=\"application\/ld+json\" class=\"yoast-schema-graph\">{\"@context\":\"https:\/\/schema.org\",\"@graph\":[{\"@type\":\"Article\",\"@id\":\"https:\/\/folhadems.com.br\/site\/2026\/04\/27\/em-campo-grande-hospital-do-cancer-alfredo-abrao-inaugura-32-leitos\/#article\",\"isPartOf\":{\"@id\":\"https:\/\/folhadems.com.br\/site\/2026\/04\/27\/em-campo-grande-hospital-do-cancer-alfredo-abrao-inaugura-32-leitos\/\"},\"author\":{\"name\":\"Elite Midia\",\"@id\":\"https:\/\/folhadems.com.br\/site\/#\/schema\/person\/e4a04038e5c2e7040e19ef252ae9d940\"},\"headline\":\"Em Campo Grande, Hospital do C\u00e2ncer Alfredo Abr\u00e3o inaugura 32 leitos\",\"datePublished\":\"2026-04-27T20:00:32+00:00\",\"dateModified\":\"2026-04-27T20:00:36+00:00\",\"mainEntityOfPage\":{\"@id\":\"https:\/\/folhadems.com.br\/site\/2026\/04\/27\/em-campo-grande-hospital-do-cancer-alfredo-abrao-inaugura-32-leitos\/\"},\"wordCount\":559,\"commentCount\":0,\"publisher\":{\"@id\":\"https:\/\/folhadems.com.br\/site\/#organization\"},\"image\":{\"@id\":\"https:\/\/folhadems.com.br\/site\/2026\/04\/27\/em-campo-grande-hospital-do-cancer-alfredo-abrao-inaugura-32-leitos\/#primaryimage\"},\"thumbnailUrl\":\"https:\/\/folhadems.com.br\/site\/wp-content\/uploads\/2026\/04\/hospital-cancer.jpg\",\"articleSection\":[\"Ci\u00eancia e Sa\u00fade\"],\"inLanguage\":\"pt-BR\",\"potentialAction\":[{\"@type\":\"CommentAction\",\"name\":\"Comment\",\"target\":[\"https:\/\/folhadems.com.br\/site\/2026\/04\/27\/em-campo-grande-hospital-do-cancer-alfredo-abrao-inaugura-32-leitos\/#respond\"]}]},{\"@type\":\"WebPage\",\"@id\":\"https:\/\/folhadems.com.br\/site\/2026\/04\/27\/em-campo-grande-hospital-do-cancer-alfredo-abrao-inaugura-32-leitos\/\",\"url\":\"https:\/\/folhadems.com.br\/site\/2026\/04\/27\/em-campo-grande-hospital-do-cancer-alfredo-abrao-inaugura-32-leitos\/\",\"name\":\"Em Campo Grande, Hospital do C\u00e2ncer Alfredo Abr\u00e3o inaugura 32 leitos - Folha de Mato Grosso do Sul\",\"isPartOf\":{\"@id\":\"https:\/\/folhadems.com.br\/site\/#website\"},\"primaryImageOfPage\":{\"@id\":\"https:\/\/folhadems.com.br\/site\/2026\/04\/27\/em-campo-grande-hospital-do-cancer-alfredo-abrao-inaugura-32-leitos\/#primaryimage\"},\"image\":{\"@id\":\"https:\/\/folhadems.com.br\/site\/2026\/04\/27\/em-campo-grande-hospital-do-cancer-alfredo-abrao-inaugura-32-leitos\/#primaryimage\"},\"thumbnailUrl\":\"https:\/\/folhadems.com.br\/site\/wp-content\/uploads\/2026\/04\/hospital-cancer.jpg\",\"datePublished\":\"2026-04-27T20:00:32+00:00\",\"dateModified\":\"2026-04-27T20:00:36+00:00\",\"breadcrumb\":{\"@id\":\"https:\/\/folhadems.com.br\/site\/2026\/04\/27\/em-campo-grande-hospital-do-cancer-alfredo-abrao-inaugura-32-leitos\/#breadcrumb\"},\"inLanguage\":\"pt-BR\",\"potentialAction\":[{\"@type\":\"ReadAction\",\"target\":[\"https:\/\/folhadems.com.br\/site\/2026\/04\/27\/em-campo-grande-hospital-do-cancer-alfredo-abrao-inaugura-32-leitos\/\"]}]},{\"@type\":\"ImageObject\",\"inLanguage\":\"pt-BR\",\"@id\":\"https:\/\/folhadems.com.br\/site\/2026\/04\/27\/em-campo-grande-hospital-do-cancer-alfredo-abrao-inaugura-32-leitos\/#primaryimage\",\"url\":\"https:\/\/folhadems.com.br\/site\/wp-content\/uploads\/2026\/04\/hospital-cancer.jpg\",\"contentUrl\":\"https:\/\/folhadems.com.br\/site\/wp-content\/uploads\/2026\/04\/hospital-cancer.jpg\",\"width\":800,\"height\":450},{\"@type\":\"BreadcrumbList\",\"@id\":\"https:\/\/folhadems.com.br\/site\/2026\/04\/27\/em-campo-grande-hospital-do-cancer-alfredo-abrao-inaugura-32-leitos\/#breadcrumb\",\"itemListElement\":[{\"@type\":\"ListItem\",\"position\":1,\"name\":\"In\u00edcio\",\"item\":\"https:\/\/folhadems.com.br\/site\/\"},{\"@type\":\"ListItem\",\"position\":2,\"name\":\"Em Campo Grande, Hospital do C\u00e2ncer Alfredo Abr\u00e3o inaugura 32 leitos\"}]},{\"@type\":\"WebSite\",\"@id\":\"https:\/\/folhadems.com.br\/site\/#website\",\"url\":\"https:\/\/folhadems.com.br\/site\/\",\"name\":\"Folha de Mato Grosso do Sul\",\"description\":\"Jornal Online\",\"publisher\":{\"@id\":\"https:\/\/folhadems.com.br\/site\/#organization\"},\"potentialAction\":[{\"@type\":\"SearchAction\",\"target\":{\"@type\":\"EntryPoint\",\"urlTemplate\":\"https:\/\/folhadems.com.br\/site\/?s={search_term_string}\"},\"query-input\":{\"@type\":\"PropertyValueSpecification\",\"valueRequired\":true,\"valueName\":\"search_term_string\"}}],\"inLanguage\":\"pt-BR\"},{\"@type\":\"Organization\",\"@id\":\"https:\/\/folhadems.com.br\/site\/#organization\",\"name\":\"Folha de Mato Grosso do Sul\",\"url\":\"https:\/\/folhadems.com.br\/site\/\",\"logo\":{\"@type\":\"ImageObject\",\"inLanguage\":\"pt-BR\",\"@id\":\"https:\/\/folhadems.com.br\/site\/#\/schema\/logo\/image\/\",\"url\":\"https:\/\/folhadems.com.br\/site\/wp-content\/uploads\/2023\/01\/logo-folha-de-ms-380x90-1.jpg\",\"contentUrl\":\"https:\/\/folhadems.com.br\/site\/wp-content\/uploads\/2023\/01\/logo-folha-de-ms-380x90-1.jpg\",\"width\":380,\"height\":90,\"caption\":\"Folha de Mato Grosso do Sul\"},\"image\":{\"@id\":\"https:\/\/folhadems.com.br\/site\/#\/schema\/logo\/image\/\"}},{\"@type\":\"Person\",\"@id\":\"https:\/\/folhadems.com.br\/site\/#\/schema\/person\/e4a04038e5c2e7040e19ef252ae9d940\",\"name\":\"Elite Midia\",\"image\":{\"@type\":\"ImageObject\",\"inLanguage\":\"pt-BR\",\"@id\":\"https:\/\/folhadems.com.br\/site\/#\/schema\/person\/image\/\",\"url\":\"https:\/\/secure.gravatar.com\/avatar\/f76a80f01119f7fec6909ab9feea8819031f391155be021b685479d77496f055?s=96&d=mm&r=g\",\"contentUrl\":\"https:\/\/secure.gravatar.com\/avatar\/f76a80f01119f7fec6909ab9feea8819031f391155be021b685479d77496f055?s=96&d=mm&r=g\",\"caption\":\"Elite Midia\"},\"sameAs\":[\"https:\/\/folhadems.com.br\/site\"],\"url\":\"https:\/\/folhadems.com.br\/site\/author\/elite-midia\/\"}]}<\/script>\n<!-- \/ Yoast SEO plugin. -->","yoast_head_json":{"title":"Em Campo Grande, Hospital do C\u00e2ncer Alfredo Abr\u00e3o inaugura 32 leitos - Folha de Mato Grosso do Sul","robots":{"index":"index","follow":"follow","max-snippet":"max-snippet:-1","max-image-preview":"max-image-preview:large","max-video-preview":"max-video-preview:-1"},"canonical":"https:\/\/folhadems.com.br\/site\/2026\/04\/27\/em-campo-grande-hospital-do-cancer-alfredo-abrao-inaugura-32-leitos\/","og_locale":"pt_BR","og_type":"article","og_title":"Em Campo Grande, Hospital do C\u00e2ncer Alfredo Abr\u00e3o inaugura 32 leitos - Folha de Mato Grosso do Sul","og_description":"A Prefeitura de Campo Grande participou, nesta segunda-feira (27), da inaugura\u00e7\u00e3o do 5\u00ba andar do Hospital de C\u00e2ncer Alfredo Abr\u00e3o","og_url":"https:\/\/folhadems.com.br\/site\/2026\/04\/27\/em-campo-grande-hospital-do-cancer-alfredo-abrao-inaugura-32-leitos\/","og_site_name":"Folha de Mato Grosso do Sul","article_published_time":"2026-04-27T20:00:32+00:00","article_modified_time":"2026-04-27T20:00:36+00:00","og_image":[{"width":800,"height":450,"url":"https:\/\/folhadems.com.br\/site\/wp-content\/uploads\/2026\/04\/hospital-cancer.jpg","type":"image\/jpeg"}],"author":"Elite Midia","twitter_card":"summary_large_image","twitter_misc":{"Escrito por":"Elite Midia","Est. tempo de leitura":"4 minutos"},"schema":{"@context":"https:\/\/schema.org","@graph":[{"@type":"Article","@id":"https:\/\/folhadems.com.br\/site\/2026\/04\/27\/em-campo-grande-hospital-do-cancer-alfredo-abrao-inaugura-32-leitos\/#article","isPartOf":{"@id":"https:\/\/folhadems.com.br\/site\/2026\/04\/27\/em-campo-grande-hospital-do-cancer-alfredo-abrao-inaugura-32-leitos\/"},"author":{"name":"Elite Midia","@id":"https:\/\/folhadems.com.br\/site\/#\/schema\/person\/e4a04038e5c2e7040e19ef252ae9d940"},"headline":"Em Campo Grande, Hospital do C\u00e2ncer Alfredo Abr\u00e3o inaugura 32 leitos","datePublished":"2026-04-27T20:00:32+00:00","dateModified":"2026-04-27T20:00:36+00:00","mainEntityOfPage":{"@id":"https:\/\/folhadems.com.br\/site\/2026\/04\/27\/em-campo-grande-hospital-do-cancer-alfredo-abrao-inaugura-32-leitos\/"},"wordCount":559,"commentCount":0,"publisher":{"@id":"https:\/\/folhadems.com.br\/site\/#organization"},"image":{"@id":"https:\/\/folhadems.com.br\/site\/2026\/04\/27\/em-campo-grande-hospital-do-cancer-alfredo-abrao-inaugura-32-leitos\/#primaryimage"},"thumbnailUrl":"https:\/\/folhadems.com.br\/site\/wp-content\/uploads\/2026\/04\/hospital-cancer.jpg","articleSection":["Ci\u00eancia e Sa\u00fade"],"inLanguage":"pt-BR","potentialAction":[{"@type":"CommentAction","name":"Comment","target":["https:\/\/folhadems.com.br\/site\/2026\/04\/27\/em-campo-grande-hospital-do-cancer-alfredo-abrao-inaugura-32-leitos\/#respond"]}]},{"@type":"WebPage","@id":"https:\/\/folhadems.com.br\/site\/2026\/04\/27\/em-campo-grande-hospital-do-cancer-alfredo-abrao-inaugura-32-leitos\/","url":"https:\/\/folhadems.com.br\/site\/2026\/04\/27\/em-campo-grande-hospital-do-cancer-alfredo-abrao-inaugura-32-leitos\/","name":"Em Campo Grande, Hospital do C\u00e2ncer Alfredo Abr\u00e3o inaugura 32 leitos - Folha de Mato Grosso do Sul","isPartOf":{"@id":"https:\/\/folhadems.com.br\/site\/#website"},"primaryImageOfPage":{"@id":"https:\/\/folhadems.com.br\/site\/2026\/04\/27\/em-campo-grande-hospital-do-cancer-alfredo-abrao-inaugura-32-leitos\/#primaryimage"},"image":{"@id":"https:\/\/folhadems.com.br\/site\/2026\/04\/27\/em-campo-grande-hospital-do-cancer-alfredo-abrao-inaugura-32-leitos\/#primaryimage"},"thumbnailUrl":"https:\/\/folhadems.com.br\/site\/wp-content\/uploads\/2026\/04\/hospital-cancer.jpg","datePublished":"2026-04-27T20:00:32+00:00","dateModified":"2026-04-27T20:00:36+00:00","breadcrumb":{"@id":"https:\/\/folhadems.com.br\/site\/2026\/04\/27\/em-campo-grande-hospital-do-cancer-alfredo-abrao-inaugura-32-leitos\/#breadcrumb"},"inLanguage":"pt-BR","potentialAction":[{"@type":"ReadAction","target":["https:\/\/folhadems.com.br\/site\/2026\/04\/27\/em-campo-grande-hospital-do-cancer-alfredo-abrao-inaugura-32-leitos\/"]}]},{"@type":"ImageObject","inLanguage":"pt-BR","@id":"https:\/\/folhadems.com.br\/site\/2026\/04\/27\/em-campo-grande-hospital-do-cancer-alfredo-abrao-inaugura-32-leitos\/#primaryimage","url":"https:\/\/folhadems.com.br\/site\/wp-content\/uploads\/2026\/04\/hospital-cancer.jpg","contentUrl":"https:\/\/folhadems.com.br\/site\/wp-content\/uploads\/2026\/04\/hospital-cancer.jpg","width":800,"height":450},{"@type":"BreadcrumbList","@id":"https:\/\/folhadems.com.br\/site\/2026\/04\/27\/em-campo-grande-hospital-do-cancer-alfredo-abrao-inaugura-32-leitos\/#breadcrumb","itemListElement":[{"@type":"ListItem","position":1,"name":"In\u00edcio","item":"https:\/\/folhadems.com.br\/site\/"},{"@type":"ListItem","position":2,"name":"Em Campo Grande, Hospital do C\u00e2ncer Alfredo Abr\u00e3o inaugura 32 leitos"}]},{"@type":"WebSite","@id":"https:\/\/folhadems.com.br\/site\/#website","url":"https:\/\/folhadems.com.br\/site\/","name":"Folha de Mato Grosso do Sul","description":"Jornal Online","publisher":{"@id":"https:\/\/folhadems.com.br\/site\/#organization"},"potentialAction":[{"@type":"SearchAction","target":{"@type":"EntryPoint","urlTemplate":"https:\/\/folhadems.com.br\/site\/?s={search_term_string}"},"query-input":{"@type":"PropertyValueSpecification","valueRequired":true,"valueName":"search_term_string"}}],"inLanguage":"pt-BR"},{"@type":"Organization","@id":"https:\/\/folhadems.com.br\/site\/#organization","name":"Folha de Mato Grosso do Sul","url":"https:\/\/folhadems.com.br\/site\/","logo":{"@type":"ImageObject","inLanguage":"pt-BR","@id":"https:\/\/folhadems.com.br\/site\/#\/schema\/logo\/image\/","url":"https:\/\/folhadems.com.br\/site\/wp-content\/uploads\/2023\/01\/logo-folha-de-ms-380x90-1.jpg","contentUrl":"https:\/\/folhadems.com.br\/site\/wp-content\/uploads\/2023\/01\/logo-folha-de-ms-380x90-1.jpg","width":380,"height":90,"caption":"Folha de Mato Grosso do Sul"},"image":{"@id":"https:\/\/folhadems.com.br\/site\/#\/schema\/logo\/image\/"}},{"@type":"Person","@id":"https:\/\/folhadems.com.br\/site\/#\/schema\/person\/e4a04038e5c2e7040e19ef252ae9d940","name":"Elite Midia","image":{"@type":"ImageObject","inLanguage":"pt-BR","@id":"https:\/\/folhadems.com.br\/site\/#\/schema\/person\/image\/","url":"https:\/\/secure.gravatar.com\/avatar\/f76a80f01119f7fec6909ab9feea8819031f391155be021b685479d77496f055?s=96&d=mm&r=g","contentUrl":"https:\/\/secure.gravatar.com\/avatar\/f76a80f01119f7fec6909ab9feea8819031f391155be021b685479d77496f055?s=96&d=mm&r=g","caption":"Elite Midia"},"sameAs":["https:\/\/folhadems.com.br\/site"],"url":"https:\/\/folhadems.com.br\/site\/author\/elite-midia\/"}]}},"publishpress_future_action":{"enabled":false,"date":"2026-05-04 20:19:25","action":"change-status","newStatus":"draft","terms":[],"taxonomy":"category","extraData":[]},"publishpress_future_workflow_manual_trigger":{"enabledWorkflows":[]},"_links":{"self":[{"href":"https:\/\/folhadems.com.br\/site\/wp-json\/wp\/v2\/posts\/15893","targetHints":{"allow":["GET"]}}],"collection":[{"href":"https:\/\/folhadems.com.br\/site\/wp-json\/wp\/v2\/posts"}],"about":[{"href":"https:\/\/folhadems.com.br\/site\/wp-json\/wp\/v2\/types\/post"}],"author":[{"embeddable":true,"href":"https:\/\/folhadems.com.br\/site\/wp-json\/wp\/v2\/users\/1"}],"replies":[{"embeddable":true,"href":"https:\/\/folhadems.com.br\/site\/wp-json\/wp\/v2\/comments?post=15893"}],"version-history":[{"count":1,"href":"https:\/\/folhadems.com.br\/site\/wp-json\/wp\/v2\/posts\/15893\/revisions"}],"predecessor-version":[{"id":15895,"href":"https:\/\/folhadems.com.br\/site\/wp-json\/wp\/v2\/posts\/15893\/revisions\/15895"}],"wp:featuredmedia":[{"embeddable":true,"href":"https:\/\/folhadems.com.br\/site\/wp-json\/wp\/v2\/media\/15894"}],"wp:attachment":[{"href":"https:\/\/folhadems.com.br\/site\/wp-json\/wp\/v2\/media?parent=15893"}],"wp:term":[{"taxonomy":"category","embeddable":true,"href":"https:\/\/folhadems.com.br\/site\/wp-json\/wp\/v2\/categories?post=15893"},{"taxonomy":"post_tag","embeddable":true,"href":"https:\/\/folhadems.com.br\/site\/wp-json\/wp\/v2\/tags?post=15893"}],"curies":[{"name":"wp","href":"https:\/\/api.w.org\/{rel}","templated":true}]}}