{"id":15882,"date":"2026-04-27T09:03:00","date_gmt":"2026-04-27T13:03:00","guid":{"rendered":"https:\/\/folhadems.com.br\/site\/?p=15882"},"modified":"2026-04-27T08:18:04","modified_gmt":"2026-04-27T12:18:04","slug":"valorizacao-forcas-de-ms-chegam-a-91-mil-promocoes-de-carreira-em-4-anos-e-consolidam-robustez-da-seguranca-publica","status":"publish","type":"post","link":"https:\/\/folhadems.com.br\/site\/2026\/04\/27\/valorizacao-forcas-de-ms-chegam-a-91-mil-promocoes-de-carreira-em-4-anos-e-consolidam-robustez-da-seguranca-publica\/","title":{"rendered":"Valoriza\u00e7\u00e3o: for\u00e7as de MS chegam a 9,1 mil promo\u00e7\u00f5es de carreira em 4 anos e consolidam robustez da seguran\u00e7a p\u00fablica"},"content":{"rendered":"\n<p>Valoriza\u00e7\u00e3o profissional como pilar de fortalecimento da seguran\u00e7a p\u00fablica, \u00e1rea cada vez mais eficaz em solo sul-mato-grossense. \u00c9 com essa premissa que o Governo de Mato Grosso do Sul realiza ao longo de 2026 um amplo avan\u00e7o nas carreiras da PM (Pol\u00edcia Militar), Corpo de Bombeiros, Pol\u00edcia Penal e Pol\u00edcia Civil. Ao todo, ser\u00e3o mais de 2,4 mil promo\u00e7\u00f5es funcionais concedidas a partir de maio, que somadas \u00e0s progress\u00f5es de carreira formalizadas desde 2023 totalizar\u00e3o 9,1 mil promo\u00e7\u00f5es para agentes estaduais de seguran\u00e7a p\u00fablica.<\/p>\n\n\n\n<p>A not\u00edcia de que ser\u00e3o concedidas as promo\u00e7\u00f5es para as for\u00e7as de seguran\u00e7a p\u00fablica do Estado foi anunciada na semana passada pelo governador Eduardo Riedel, durante a entrega da Medalha Tiradentes, na sede do Comando-Geral da PM. Os n\u00fameros acima foram obtidos a partir de dados da SAD (Secretaria de Administra\u00e7\u00e3o) e das coordenadorias de pessoal da Pol\u00edcia Militar, Corpo de Bombeiros e Agepen (Ag\u00eancia Estadual de Administra\u00e7\u00e3o do Sistema Penitenci\u00e1rio) &#8211; esta \u00faltima a qual est\u00e3o vinculados <a href=\"https:\/\/agenciadenoticias.ms.gov.br\/policia-penal-resultados-que-protegem-alem-dos-muros-e-impactam-a-seguranca-de-toda-a-sociedade\/\" target=\"_blank\" rel=\"noopener\">os policiais penais<\/a>.<\/p>\n\n\n\n<p>&#8220;Seguran\u00e7a p\u00fablica se faz com investimento [em equipamentos e tecnologia], intelig\u00eancia e valoriza\u00e7\u00e3o desses profissionais. E \u00e9 o que a gente tem buscado no dia a dia de trabalho. As demandas no cotidiano do Estado s\u00e3o m\u00faltiplas e complexas, e enfrentarmos uma equa\u00e7\u00e3o nada simples para garantir o equil\u00edbrio fiscal e o bem-estar das nossas pessoas, mas garantir tamb\u00e9m valoriza\u00e7\u00e3o a aqueles que doam o seu trabalho, o seu tempo e a sua pr\u00f3pria vida muitas vezes para a sociedade sul-mato-grossense&#8221;, destacou o governador.<\/p>\n\n\n\n<p>Levantamento da Sejusp (Secretaria de Justi\u00e7a e Seguran\u00e7a P\u00fablica) mostra que entre 2024 e 2025 <a href=\"https:\/\/agenciadenoticias.ms.gov.br\/balanco-mato-grosso-do-sul-registra-queda-nos-indices-de-roubo-e-furto-em-2025\/\" target=\"_blank\" rel=\"noopener\">em Mato Grosso do Sul houve consider\u00e1vel queda de 15,9% nos roubos<\/a>, que passaram de 3.130 casos no ano retrasado para 2.631 no ano seguinte, com destaque para redu\u00e7\u00f5es em roubo seguido de morte (-23,5%) e roubo ao com\u00e9rcio (-21,3%). Os furtos tamb\u00e9m recuaram 1,6% no per\u00edodo, com \u00eanfase na diminui\u00e7\u00e3o de furtos de ve\u00edculos (-17,2%).<\/p>\n\n\n\n<p>Em Campo Grande, a redu\u00e7\u00e3o foi ainda mais expressiva, com queda de 20,7% nos roubos. Destaque para o recuo no \u00edndice de roubos em via urbana, que foi de 23,1%. Apesar de leve aumento de 0,3% no total de furtos, o furto de ve\u00edculos caiu 22,1% na Capital.<\/p>\n\n\n\n<figure class=\"wp-block-image\" id=\"attachment_480775\"><a href=\"https:\/\/agenciadenoticias.ms.gov.br\/wp-content\/uploads\/2024\/06\/Combate-Noturno-Pantanal-Foto-Bruno-Rezende-18.jpeg\" target=\"_blank\" rel=\"noopener\"><img decoding=\"async\" src=\"https:\/\/agenciadenoticias.ms.gov.br\/wp-content\/uploads\/2024\/06\/Combate-Noturno-Pantanal-Foto-Bruno-Rezende-18-1024x683.jpeg\" alt=\"\" class=\"wp-image-480775\"\/><\/a><figcaption class=\"wp-element-caption\"><em>Os Bombeiros tamb\u00e9m integra as for\u00e7as de seguran\u00e7a p\u00fablica, sendo seu trabalho fundamental em diversas situa\u00e7\u00f5es &#8211; como na foto, nos combates aos inc\u00eandios florestais no Pantanal.<\/em><\/figcaption><\/figure>\n\n\n\n<p><strong>Investimentos cruciais<\/strong><\/p>\n\n\n\n<p>Para executar o trabalho da melhor forma, os profissionais da seguran\u00e7a p\u00fablica sul-mato-grossense contam com investimentos constantes do Governo do Estado em ferramentas que v\u00e3o desde a tecnologia at\u00e9 <a href=\"https:\/\/agenciadenoticias.ms.gov.br\/ferramenta-estrategica-observatorio-da-seguranca-publica-fortalece-inteligencia-e-integracao-de-forcas-em-ms\/\" target=\"_blank\" rel=\"noopener\">programas estrat\u00e9gicos que guiam as a\u00e7\u00f5es<\/a> das for\u00e7as estaduais. Contabilizando apenas os valores aplicados \u00e0 PM de Mato Grosso do Sul, entre 2023 e 2025 foram R$ 91 milh\u00f5es em viaturas, armamentos, equipamentos, infraestrutura e tecnologia.<\/p>\n\n\n\n<p>Em julho do ano passado o Estado celebrou a <a href=\"https:\/\/agenciadenoticias.ms.gov.br\/investimento-em-seguranca-governo-de-ms-entrega-427-novos-policiais-militares\/\" target=\"_blank\" rel=\"noopener\">formatura de 427 novos soldados, uma das maiores turmas da hist\u00f3ria da PMMS<\/a>, refor\u00e7ando significativamente o policiamento ostensivo. A corpora\u00e7\u00e3o tamb\u00e9m teve sua gama de equipamentos ampliada: em abril de 2025, a&nbsp;<a href=\"https:\/\/agenciadenoticias.ms.gov.br\/governo-de-ms-reforca-seguranca-publica-com-investimento-de-r-44-milhoes-em-equipamentos-e-veiculos-para-a-pm\/\" target=\"_blank\" rel=\"noopener\">PM de Mato Grosso do Sul recebeu 42 motocicletas e 89 fuzis, destinados a unidades de Campo Grande, Tr\u00eas Lagoas e Dourados, em um investimento superior a R$ 4,4 milh\u00f5es<\/a>.<\/p>\n\n\n\n<p>Outra conquista da seguran\u00e7a p\u00fablica do Estado &#8211; que se <a href=\"https:\/\/agenciadenoticias.ms.gov.br\/ms-defende-seguranca-publica-brasileira-com-olhar-regional-e-enfrentamento-com-integracao-de-forcas\/\" target=\"_blank\" rel=\"noopener\">destaca nacionalmente<\/a> &#8211; foi a expans\u00e3o do sistema de intelig\u00eancia, com a consolida\u00e7\u00e3o do videomonitoramento integrado, ferramenta que se tornou poss\u00edvel gra\u00e7as \u00e0 Infovia Digital, rede de fibra \u00f3ptica que conecta todos os 79 munic\u00edpios sul-mato-grossenses e mais de 1,5 mil pr\u00e9dios p\u00fablicos.<\/p>\n\n\n\n<p>O sistema conta hoje com&nbsp;<a href=\"https:\/\/agenciadenoticias.ms.gov.br\/investimento-de-ms-em-tecnologia-avanca-e-reforca-seguranca-publica-com-videomonitoramento-integrado\/\" target=\"_blank\" rel=\"noopener\">123 c\u00e2meras PTZ &#8211; com previs\u00e3o de expans\u00e3o para 129 &#8211; instaladas em pontos estrat\u00e9gicos, al\u00e9m de 28 c\u00e2meras OCR capazes de identificar automaticamente placas de ve\u00edculos. As imagens s\u00e3o monitoradas pelo Copom e pelo Batalh\u00e3o Rodovi\u00e1rio<\/a>, garantindo respostas mais r\u00e1pidas e precis\u00e3o nas a\u00e7\u00f5es preventivas e repressivas. Por fim, outra ferramente que auxilia a seguran\u00e7a estadual \u00e9 o <a href=\"https:\/\/agenciadenoticias.ms.gov.br\/novo-mapa-estrategico-projeta-a-seguranca-publica-de-mato-grosso-do-sul-ate-2030\/\" target=\"_blank\" rel=\"noopener\">mapa estrat\u00e9gico, com proje\u00e7\u00f5es at\u00e9 2030<\/a>.<\/p>\n\n\n\n<figure class=\"wp-block-image\"><a href=\"https:\/\/agenciadenoticias.ms.gov.br\/wp-content\/uploads\/2025\/04\/Medalha-Tiradentes-Foto-Bruno-Rezende-18-scaled.jpg\" target=\"_blank\" rel=\"noopener\"><img decoding=\"async\" src=\"https:\/\/agenciadenoticias.ms.gov.br\/wp-content\/uploads\/2025\/04\/Medalha-Tiradentes-Foto-Bruno-Rezende-18-1024x683.jpg\" alt=\"\"\/><\/a><\/figure>\n\n\n\n<figure class=\"wp-block-image\"><a href=\"https:\/\/agenciadenoticias.ms.gov.br\/wp-content\/uploads\/2024\/09\/IMG_0030-scaled.jpg\" target=\"_blank\" rel=\"noopener\"><img decoding=\"async\" src=\"https:\/\/agenciadenoticias.ms.gov.br\/wp-content\/uploads\/2024\/09\/IMG_0030-1024x683.jpg\" alt=\"\"\/><\/a><\/figure>\n\n\n\n<p><em>Viaturas e armamento, com treinamento constante, fortalecemda a seguran\u00e7a de MS.<\/em><\/p>\n\n\n\n<p>&#8220;Temos um trabalho desenvolvido no Estado, com \u00edndices [criminalidade] que est\u00e3o menores que m\u00e9dia nacional e est\u00e3o caindo cada vez mais. Nosso Estado tem fronteiras importantes com o Paraguai e Bol\u00edvia, em uma grande extens\u00e3o que \u00e9 seca, onde temos tamb\u00e9m um combate efetivo principalmente contra o tr\u00e1fico de drogas, que vai para outros estados e pa\u00edses&#8221;, frisa o secret\u00e1rio de Justi\u00e7a e Seguran\u00e7a P\u00fablica, Ant\u00f4nio Carlos Videira.<\/p>\n\n\n\n<p><strong>Capital humano \u00e9 fundamental<\/strong><\/p>\n\n\n\n<p>Fora os efeitos da amplia\u00e7\u00e3o estrutural, os resultados s\u00e3o atribu\u00eddos ao refor\u00e7o no efetivo, com forma\u00e7\u00e3o de novos policiais e bombeiros, al\u00e9m de concursos em andamento, e a estrat\u00e9gias integradas de seguran\u00e7a, como amplia\u00e7\u00e3o da setoriza\u00e7\u00e3o e combate ao crime organizado, al\u00e9m do empenho individual e coletivo das tropas e agentes.<\/p>\n\n\n\n<p>Entre as corpora\u00e7\u00f5es, a PM concentra o maior volume de promo\u00e7\u00f5es previstas para este ano, com 813 avan\u00e7os na carreira. Em seguida aparece a Pol\u00edcia Penal, com 722 promo\u00e7\u00f5es, a Pol\u00edcia Civil, com 479, e o Corpo de Bombeiros, com 396 &#8211; sendo 200 destas de militares que realizar\u00e3o o Curso de Forma\u00e7\u00e3o de Sargentos e 20 que realizar\u00e3o o Curso de Habilita\u00e7\u00e3o de Oficiais.<\/p>\n\n\n\n<figure class=\"wp-block-image\"><a href=\"https:\/\/agenciadenoticias.ms.gov.br\/wp-content\/uploads\/2024\/08\/Policiamento-no-centro-Foto-Bruno-Rezende-04-scaled.jpg\" target=\"_blank\" rel=\"noopener\"><img decoding=\"async\" src=\"https:\/\/agenciadenoticias.ms.gov.br\/wp-content\/uploads\/2024\/08\/Policiamento-no-centro-Foto-Bruno-Rezende-04-1024x683.jpg\" alt=\"\"\/><\/a><\/figure>\n\n\n\n<figure class=\"wp-block-image\"><a href=\"https:\/\/agenciadenoticias.ms.gov.br\/wp-content\/uploads\/2023\/12\/Comando-de-Policiamento-Metropolitano-Foto-Bruno-Rezende-03-scaled.jpg\" target=\"_blank\" rel=\"noopener\"><img decoding=\"async\" src=\"https:\/\/agenciadenoticias.ms.gov.br\/wp-content\/uploads\/2023\/12\/Comando-de-Policiamento-Metropolitano-Foto-Bruno-Rezende-03-1024x683.jpg\" alt=\"\"\/><\/a><\/figure>\n\n\n\n<p><em>Policiamento nas ruas, atendendo \u00e0 popula\u00e7\u00e3o, e nas centrais de monitoramento conjunto.<\/em><\/p>\n\n\n\n<p>Somadas \u00e0s promo\u00e7\u00f5es j\u00e1 efetivadas nos tr\u00eas primeiros anos do atual Governo, o total chega a 5.612 concess\u00f5es desse tipo no per\u00edodo. Al\u00e9m das promo\u00e7\u00f5es, a administra\u00e7\u00e3o estadual tamb\u00e9m assegura o avan\u00e7o por progress\u00e3o funcional, que soma 3.531 progress\u00f5es no per\u00edodo analisado. Nesse quesito, a Pol\u00edcia Militar lidera com 1.532 progress\u00f5es, seguida pela Pol\u00edcia Civil (1.026), Pol\u00edcia Penal (641) e Corpo de Bombeiros (332).<\/p>\n\n\n\n<p>Ao considerar promo\u00e7\u00f5es e progress\u00f5es funcionais, o volume total de avan\u00e7os nas carreiras da seguran\u00e7a p\u00fablica chega a 9.143 movimenta\u00e7\u00f5es entre 2023 e 2026, n\u00fameros que evidenciam uma pol\u00edtica cont\u00ednua de valoriza\u00e7\u00e3o profissional, que impacta diretamente na motiva\u00e7\u00e3o dos servidores e na qualidade dos servi\u00e7os prestados \u00e0 popula\u00e7\u00e3o.<\/p>\n\n\n\n<p><strong><em>Nyelder Rodrigues, Comunica\u00e7\u00e3o Governo de MS<\/em><br><em>Foto de capa: Saul Schramm\/Secom\/Arquivo<br>Internas: Bruno Rezende\/Secom\/Arquivo<\/em><\/strong><\/p>\n","protected":false},"excerpt":{"rendered":"<p>Valoriza\u00e7\u00e3o profissional como pilar de fortalecimento da seguran\u00e7a p\u00fablica, \u00e1rea cada vez mais eficaz em solo sul-mato-grossense. \u00c9 com essa<\/p>\n","protected":false},"author":1,"featured_media":15883,"comment_status":"open","ping_status":"open","sticky":false,"template":"","format":"standard","meta":{"footnotes":""},"categories":[30],"tags":[],"class_list":["post-15882","post","type-post","status-publish","format-standard","has-post-thumbnail","hentry","category-seguranca"],"yoast_head":"<!-- This site is optimized with the Yoast SEO plugin v27.1.1 - https:\/\/yoast.com\/product\/yoast-seo-wordpress\/ -->\n<title>Valoriza\u00e7\u00e3o: for\u00e7as de MS chegam a 9,1 mil promo\u00e7\u00f5es de carreira em 4 anos e consolidam robustez da seguran\u00e7a p\u00fablica - Folha de Mato Grosso do Sul<\/title>\n<meta name=\"robots\" content=\"index, follow, max-snippet:-1, max-image-preview:large, max-video-preview:-1\" \/>\n<link rel=\"canonical\" href=\"https:\/\/folhadems.com.br\/site\/2026\/04\/27\/valorizacao-forcas-de-ms-chegam-a-91-mil-promocoes-de-carreira-em-4-anos-e-consolidam-robustez-da-seguranca-publica\/\" \/>\n<meta property=\"og:locale\" content=\"pt_BR\" \/>\n<meta property=\"og:type\" content=\"article\" \/>\n<meta property=\"og:title\" content=\"Valoriza\u00e7\u00e3o: for\u00e7as de MS chegam a 9,1 mil promo\u00e7\u00f5es de carreira em 4 anos e consolidam robustez da seguran\u00e7a p\u00fablica - Folha de Mato Grosso do Sul\" \/>\n<meta property=\"og:description\" content=\"Valoriza\u00e7\u00e3o profissional como pilar de fortalecimento da seguran\u00e7a p\u00fablica, \u00e1rea cada vez mais eficaz em solo sul-mato-grossense. \u00c9 com essa\" \/>\n<meta property=\"og:url\" content=\"https:\/\/folhadems.com.br\/site\/2026\/04\/27\/valorizacao-forcas-de-ms-chegam-a-91-mil-promocoes-de-carreira-em-4-anos-e-consolidam-robustez-da-seguranca-publica\/\" \/>\n<meta property=\"og:site_name\" content=\"Folha de Mato Grosso do Sul\" \/>\n<meta property=\"article:published_time\" content=\"2026-04-27T13:03:00+00:00\" \/>\n<meta property=\"og:image\" content=\"https:\/\/folhadems.com.br\/site\/wp-content\/uploads\/2026\/04\/pms.jpg\" \/>\n\t<meta property=\"og:image:width\" content=\"800\" \/>\n\t<meta property=\"og:image:height\" content=\"450\" \/>\n\t<meta property=\"og:image:type\" content=\"image\/jpeg\" \/>\n<meta name=\"author\" content=\"Elite Midia\" \/>\n<meta name=\"twitter:card\" content=\"summary_large_image\" \/>\n<meta name=\"twitter:label1\" content=\"Escrito por\" \/>\n\t<meta name=\"twitter:data1\" content=\"Elite Midia\" \/>\n\t<meta name=\"twitter:label2\" content=\"Est. tempo de leitura\" \/>\n\t<meta name=\"twitter:data2\" content=\"7 minutos\" \/>\n<script type=\"application\/ld+json\" class=\"yoast-schema-graph\">{\"@context\":\"https:\/\/schema.org\",\"@graph\":[{\"@type\":\"Article\",\"@id\":\"https:\/\/folhadems.com.br\/site\/2026\/04\/27\/valorizacao-forcas-de-ms-chegam-a-91-mil-promocoes-de-carreira-em-4-anos-e-consolidam-robustez-da-seguranca-publica\/#article\",\"isPartOf\":{\"@id\":\"https:\/\/folhadems.com.br\/site\/2026\/04\/27\/valorizacao-forcas-de-ms-chegam-a-91-mil-promocoes-de-carreira-em-4-anos-e-consolidam-robustez-da-seguranca-publica\/\"},\"author\":{\"name\":\"Elite Midia\",\"@id\":\"https:\/\/folhadems.com.br\/site\/#\/schema\/person\/e4a04038e5c2e7040e19ef252ae9d940\"},\"headline\":\"Valoriza\u00e7\u00e3o: for\u00e7as de MS chegam a 9,1 mil promo\u00e7\u00f5es de carreira em 4 anos e consolidam robustez da seguran\u00e7a p\u00fablica\",\"datePublished\":\"2026-04-27T13:03:00+00:00\",\"mainEntityOfPage\":{\"@id\":\"https:\/\/folhadems.com.br\/site\/2026\/04\/27\/valorizacao-forcas-de-ms-chegam-a-91-mil-promocoes-de-carreira-em-4-anos-e-consolidam-robustez-da-seguranca-publica\/\"},\"wordCount\":1130,\"commentCount\":0,\"publisher\":{\"@id\":\"https:\/\/folhadems.com.br\/site\/#organization\"},\"image\":{\"@id\":\"https:\/\/folhadems.com.br\/site\/2026\/04\/27\/valorizacao-forcas-de-ms-chegam-a-91-mil-promocoes-de-carreira-em-4-anos-e-consolidam-robustez-da-seguranca-publica\/#primaryimage\"},\"thumbnailUrl\":\"https:\/\/folhadems.com.br\/site\/wp-content\/uploads\/2026\/04\/pms.jpg\",\"articleSection\":[\"Seguran\u00e7a\"],\"inLanguage\":\"pt-BR\",\"potentialAction\":[{\"@type\":\"CommentAction\",\"name\":\"Comment\",\"target\":[\"https:\/\/folhadems.com.br\/site\/2026\/04\/27\/valorizacao-forcas-de-ms-chegam-a-91-mil-promocoes-de-carreira-em-4-anos-e-consolidam-robustez-da-seguranca-publica\/#respond\"]}]},{\"@type\":\"WebPage\",\"@id\":\"https:\/\/folhadems.com.br\/site\/2026\/04\/27\/valorizacao-forcas-de-ms-chegam-a-91-mil-promocoes-de-carreira-em-4-anos-e-consolidam-robustez-da-seguranca-publica\/\",\"url\":\"https:\/\/folhadems.com.br\/site\/2026\/04\/27\/valorizacao-forcas-de-ms-chegam-a-91-mil-promocoes-de-carreira-em-4-anos-e-consolidam-robustez-da-seguranca-publica\/\",\"name\":\"Valoriza\u00e7\u00e3o: for\u00e7as de MS chegam a 9,1 mil promo\u00e7\u00f5es de carreira em 4 anos e consolidam robustez da seguran\u00e7a p\u00fablica - Folha de Mato Grosso do Sul\",\"isPartOf\":{\"@id\":\"https:\/\/folhadems.com.br\/site\/#website\"},\"primaryImageOfPage\":{\"@id\":\"https:\/\/folhadems.com.br\/site\/2026\/04\/27\/valorizacao-forcas-de-ms-chegam-a-91-mil-promocoes-de-carreira-em-4-anos-e-consolidam-robustez-da-seguranca-publica\/#primaryimage\"},\"image\":{\"@id\":\"https:\/\/folhadems.com.br\/site\/2026\/04\/27\/valorizacao-forcas-de-ms-chegam-a-91-mil-promocoes-de-carreira-em-4-anos-e-consolidam-robustez-da-seguranca-publica\/#primaryimage\"},\"thumbnailUrl\":\"https:\/\/folhadems.com.br\/site\/wp-content\/uploads\/2026\/04\/pms.jpg\",\"datePublished\":\"2026-04-27T13:03:00+00:00\",\"breadcrumb\":{\"@id\":\"https:\/\/folhadems.com.br\/site\/2026\/04\/27\/valorizacao-forcas-de-ms-chegam-a-91-mil-promocoes-de-carreira-em-4-anos-e-consolidam-robustez-da-seguranca-publica\/#breadcrumb\"},\"inLanguage\":\"pt-BR\",\"potentialAction\":[{\"@type\":\"ReadAction\",\"target\":[\"https:\/\/folhadems.com.br\/site\/2026\/04\/27\/valorizacao-forcas-de-ms-chegam-a-91-mil-promocoes-de-carreira-em-4-anos-e-consolidam-robustez-da-seguranca-publica\/\"]}]},{\"@type\":\"ImageObject\",\"inLanguage\":\"pt-BR\",\"@id\":\"https:\/\/folhadems.com.br\/site\/2026\/04\/27\/valorizacao-forcas-de-ms-chegam-a-91-mil-promocoes-de-carreira-em-4-anos-e-consolidam-robustez-da-seguranca-publica\/#primaryimage\",\"url\":\"https:\/\/folhadems.com.br\/site\/wp-content\/uploads\/2026\/04\/pms.jpg\",\"contentUrl\":\"https:\/\/folhadems.com.br\/site\/wp-content\/uploads\/2026\/04\/pms.jpg\",\"width\":800,\"height\":450},{\"@type\":\"BreadcrumbList\",\"@id\":\"https:\/\/folhadems.com.br\/site\/2026\/04\/27\/valorizacao-forcas-de-ms-chegam-a-91-mil-promocoes-de-carreira-em-4-anos-e-consolidam-robustez-da-seguranca-publica\/#breadcrumb\",\"itemListElement\":[{\"@type\":\"ListItem\",\"position\":1,\"name\":\"In\u00edcio\",\"item\":\"https:\/\/folhadems.com.br\/site\/\"},{\"@type\":\"ListItem\",\"position\":2,\"name\":\"Valoriza\u00e7\u00e3o: for\u00e7as de MS chegam a 9,1 mil promo\u00e7\u00f5es de carreira em 4 anos e consolidam robustez da seguran\u00e7a p\u00fablica\"}]},{\"@type\":\"WebSite\",\"@id\":\"https:\/\/folhadems.com.br\/site\/#website\",\"url\":\"https:\/\/folhadems.com.br\/site\/\",\"name\":\"Folha de Mato Grosso do Sul\",\"description\":\"Jornal Online\",\"publisher\":{\"@id\":\"https:\/\/folhadems.com.br\/site\/#organization\"},\"potentialAction\":[{\"@type\":\"SearchAction\",\"target\":{\"@type\":\"EntryPoint\",\"urlTemplate\":\"https:\/\/folhadems.com.br\/site\/?s={search_term_string}\"},\"query-input\":{\"@type\":\"PropertyValueSpecification\",\"valueRequired\":true,\"valueName\":\"search_term_string\"}}],\"inLanguage\":\"pt-BR\"},{\"@type\":\"Organization\",\"@id\":\"https:\/\/folhadems.com.br\/site\/#organization\",\"name\":\"Folha de Mato Grosso do Sul\",\"url\":\"https:\/\/folhadems.com.br\/site\/\",\"logo\":{\"@type\":\"ImageObject\",\"inLanguage\":\"pt-BR\",\"@id\":\"https:\/\/folhadems.com.br\/site\/#\/schema\/logo\/image\/\",\"url\":\"https:\/\/folhadems.com.br\/site\/wp-content\/uploads\/2023\/01\/logo-folha-de-ms-380x90-1.jpg\",\"contentUrl\":\"https:\/\/folhadems.com.br\/site\/wp-content\/uploads\/2023\/01\/logo-folha-de-ms-380x90-1.jpg\",\"width\":380,\"height\":90,\"caption\":\"Folha de Mato Grosso do Sul\"},\"image\":{\"@id\":\"https:\/\/folhadems.com.br\/site\/#\/schema\/logo\/image\/\"}},{\"@type\":\"Person\",\"@id\":\"https:\/\/folhadems.com.br\/site\/#\/schema\/person\/e4a04038e5c2e7040e19ef252ae9d940\",\"name\":\"Elite Midia\",\"image\":{\"@type\":\"ImageObject\",\"inLanguage\":\"pt-BR\",\"@id\":\"https:\/\/folhadems.com.br\/site\/#\/schema\/person\/image\/\",\"url\":\"https:\/\/secure.gravatar.com\/avatar\/f76a80f01119f7fec6909ab9feea8819031f391155be021b685479d77496f055?s=96&d=mm&r=g\",\"contentUrl\":\"https:\/\/secure.gravatar.com\/avatar\/f76a80f01119f7fec6909ab9feea8819031f391155be021b685479d77496f055?s=96&d=mm&r=g\",\"caption\":\"Elite Midia\"},\"sameAs\":[\"https:\/\/folhadems.com.br\/site\"],\"url\":\"https:\/\/folhadems.com.br\/site\/author\/elite-midia\/\"}]}<\/script>\n<!-- \/ Yoast SEO plugin. -->","yoast_head_json":{"title":"Valoriza\u00e7\u00e3o: for\u00e7as de MS chegam a 9,1 mil promo\u00e7\u00f5es de carreira em 4 anos e consolidam robustez da seguran\u00e7a p\u00fablica - Folha de Mato Grosso do Sul","robots":{"index":"index","follow":"follow","max-snippet":"max-snippet:-1","max-image-preview":"max-image-preview:large","max-video-preview":"max-video-preview:-1"},"canonical":"https:\/\/folhadems.com.br\/site\/2026\/04\/27\/valorizacao-forcas-de-ms-chegam-a-91-mil-promocoes-de-carreira-em-4-anos-e-consolidam-robustez-da-seguranca-publica\/","og_locale":"pt_BR","og_type":"article","og_title":"Valoriza\u00e7\u00e3o: for\u00e7as de MS chegam a 9,1 mil promo\u00e7\u00f5es de carreira em 4 anos e consolidam robustez da seguran\u00e7a p\u00fablica - Folha de Mato Grosso do Sul","og_description":"Valoriza\u00e7\u00e3o profissional como pilar de fortalecimento da seguran\u00e7a p\u00fablica, \u00e1rea cada vez mais eficaz em solo sul-mato-grossense. \u00c9 com essa","og_url":"https:\/\/folhadems.com.br\/site\/2026\/04\/27\/valorizacao-forcas-de-ms-chegam-a-91-mil-promocoes-de-carreira-em-4-anos-e-consolidam-robustez-da-seguranca-publica\/","og_site_name":"Folha de Mato Grosso do Sul","article_published_time":"2026-04-27T13:03:00+00:00","og_image":[{"width":800,"height":450,"url":"https:\/\/folhadems.com.br\/site\/wp-content\/uploads\/2026\/04\/pms.jpg","type":"image\/jpeg"}],"author":"Elite Midia","twitter_card":"summary_large_image","twitter_misc":{"Escrito por":"Elite Midia","Est. tempo de leitura":"7 minutos"},"schema":{"@context":"https:\/\/schema.org","@graph":[{"@type":"Article","@id":"https:\/\/folhadems.com.br\/site\/2026\/04\/27\/valorizacao-forcas-de-ms-chegam-a-91-mil-promocoes-de-carreira-em-4-anos-e-consolidam-robustez-da-seguranca-publica\/#article","isPartOf":{"@id":"https:\/\/folhadems.com.br\/site\/2026\/04\/27\/valorizacao-forcas-de-ms-chegam-a-91-mil-promocoes-de-carreira-em-4-anos-e-consolidam-robustez-da-seguranca-publica\/"},"author":{"name":"Elite Midia","@id":"https:\/\/folhadems.com.br\/site\/#\/schema\/person\/e4a04038e5c2e7040e19ef252ae9d940"},"headline":"Valoriza\u00e7\u00e3o: for\u00e7as de MS chegam a 9,1 mil promo\u00e7\u00f5es de carreira em 4 anos e consolidam robustez da seguran\u00e7a p\u00fablica","datePublished":"2026-04-27T13:03:00+00:00","mainEntityOfPage":{"@id":"https:\/\/folhadems.com.br\/site\/2026\/04\/27\/valorizacao-forcas-de-ms-chegam-a-91-mil-promocoes-de-carreira-em-4-anos-e-consolidam-robustez-da-seguranca-publica\/"},"wordCount":1130,"commentCount":0,"publisher":{"@id":"https:\/\/folhadems.com.br\/site\/#organization"},"image":{"@id":"https:\/\/folhadems.com.br\/site\/2026\/04\/27\/valorizacao-forcas-de-ms-chegam-a-91-mil-promocoes-de-carreira-em-4-anos-e-consolidam-robustez-da-seguranca-publica\/#primaryimage"},"thumbnailUrl":"https:\/\/folhadems.com.br\/site\/wp-content\/uploads\/2026\/04\/pms.jpg","articleSection":["Seguran\u00e7a"],"inLanguage":"pt-BR","potentialAction":[{"@type":"CommentAction","name":"Comment","target":["https:\/\/folhadems.com.br\/site\/2026\/04\/27\/valorizacao-forcas-de-ms-chegam-a-91-mil-promocoes-de-carreira-em-4-anos-e-consolidam-robustez-da-seguranca-publica\/#respond"]}]},{"@type":"WebPage","@id":"https:\/\/folhadems.com.br\/site\/2026\/04\/27\/valorizacao-forcas-de-ms-chegam-a-91-mil-promocoes-de-carreira-em-4-anos-e-consolidam-robustez-da-seguranca-publica\/","url":"https:\/\/folhadems.com.br\/site\/2026\/04\/27\/valorizacao-forcas-de-ms-chegam-a-91-mil-promocoes-de-carreira-em-4-anos-e-consolidam-robustez-da-seguranca-publica\/","name":"Valoriza\u00e7\u00e3o: for\u00e7as de MS chegam a 9,1 mil promo\u00e7\u00f5es de carreira em 4 anos e consolidam robustez da seguran\u00e7a p\u00fablica - Folha de Mato Grosso do Sul","isPartOf":{"@id":"https:\/\/folhadems.com.br\/site\/#website"},"primaryImageOfPage":{"@id":"https:\/\/folhadems.com.br\/site\/2026\/04\/27\/valorizacao-forcas-de-ms-chegam-a-91-mil-promocoes-de-carreira-em-4-anos-e-consolidam-robustez-da-seguranca-publica\/#primaryimage"},"image":{"@id":"https:\/\/folhadems.com.br\/site\/2026\/04\/27\/valorizacao-forcas-de-ms-chegam-a-91-mil-promocoes-de-carreira-em-4-anos-e-consolidam-robustez-da-seguranca-publica\/#primaryimage"},"thumbnailUrl":"https:\/\/folhadems.com.br\/site\/wp-content\/uploads\/2026\/04\/pms.jpg","datePublished":"2026-04-27T13:03:00+00:00","breadcrumb":{"@id":"https:\/\/folhadems.com.br\/site\/2026\/04\/27\/valorizacao-forcas-de-ms-chegam-a-91-mil-promocoes-de-carreira-em-4-anos-e-consolidam-robustez-da-seguranca-publica\/#breadcrumb"},"inLanguage":"pt-BR","potentialAction":[{"@type":"ReadAction","target":["https:\/\/folhadems.com.br\/site\/2026\/04\/27\/valorizacao-forcas-de-ms-chegam-a-91-mil-promocoes-de-carreira-em-4-anos-e-consolidam-robustez-da-seguranca-publica\/"]}]},{"@type":"ImageObject","inLanguage":"pt-BR","@id":"https:\/\/folhadems.com.br\/site\/2026\/04\/27\/valorizacao-forcas-de-ms-chegam-a-91-mil-promocoes-de-carreira-em-4-anos-e-consolidam-robustez-da-seguranca-publica\/#primaryimage","url":"https:\/\/folhadems.com.br\/site\/wp-content\/uploads\/2026\/04\/pms.jpg","contentUrl":"https:\/\/folhadems.com.br\/site\/wp-content\/uploads\/2026\/04\/pms.jpg","width":800,"height":450},{"@type":"BreadcrumbList","@id":"https:\/\/folhadems.com.br\/site\/2026\/04\/27\/valorizacao-forcas-de-ms-chegam-a-91-mil-promocoes-de-carreira-em-4-anos-e-consolidam-robustez-da-seguranca-publica\/#breadcrumb","itemListElement":[{"@type":"ListItem","position":1,"name":"In\u00edcio","item":"https:\/\/folhadems.com.br\/site\/"},{"@type":"ListItem","position":2,"name":"Valoriza\u00e7\u00e3o: for\u00e7as de MS chegam a 9,1 mil promo\u00e7\u00f5es de carreira em 4 anos e consolidam robustez da seguran\u00e7a p\u00fablica"}]},{"@type":"WebSite","@id":"https:\/\/folhadems.com.br\/site\/#website","url":"https:\/\/folhadems.com.br\/site\/","name":"Folha de Mato Grosso do Sul","description":"Jornal Online","publisher":{"@id":"https:\/\/folhadems.com.br\/site\/#organization"},"potentialAction":[{"@type":"SearchAction","target":{"@type":"EntryPoint","urlTemplate":"https:\/\/folhadems.com.br\/site\/?s={search_term_string}"},"query-input":{"@type":"PropertyValueSpecification","valueRequired":true,"valueName":"search_term_string"}}],"inLanguage":"pt-BR"},{"@type":"Organization","@id":"https:\/\/folhadems.com.br\/site\/#organization","name":"Folha de Mato Grosso do Sul","url":"https:\/\/folhadems.com.br\/site\/","logo":{"@type":"ImageObject","inLanguage":"pt-BR","@id":"https:\/\/folhadems.com.br\/site\/#\/schema\/logo\/image\/","url":"https:\/\/folhadems.com.br\/site\/wp-content\/uploads\/2023\/01\/logo-folha-de-ms-380x90-1.jpg","contentUrl":"https:\/\/folhadems.com.br\/site\/wp-content\/uploads\/2023\/01\/logo-folha-de-ms-380x90-1.jpg","width":380,"height":90,"caption":"Folha de Mato Grosso do Sul"},"image":{"@id":"https:\/\/folhadems.com.br\/site\/#\/schema\/logo\/image\/"}},{"@type":"Person","@id":"https:\/\/folhadems.com.br\/site\/#\/schema\/person\/e4a04038e5c2e7040e19ef252ae9d940","name":"Elite Midia","image":{"@type":"ImageObject","inLanguage":"pt-BR","@id":"https:\/\/folhadems.com.br\/site\/#\/schema\/person\/image\/","url":"https:\/\/secure.gravatar.com\/avatar\/f76a80f01119f7fec6909ab9feea8819031f391155be021b685479d77496f055?s=96&d=mm&r=g","contentUrl":"https:\/\/secure.gravatar.com\/avatar\/f76a80f01119f7fec6909ab9feea8819031f391155be021b685479d77496f055?s=96&d=mm&r=g","caption":"Elite Midia"},"sameAs":["https:\/\/folhadems.com.br\/site"],"url":"https:\/\/folhadems.com.br\/site\/author\/elite-midia\/"}]}},"publishpress_future_action":{"enabled":false,"date":"2026-05-04 13:18:18","action":"change-status","newStatus":"draft","terms":[],"taxonomy":"category","extraData":[]},"publishpress_future_workflow_manual_trigger":{"enabledWorkflows":[]},"_links":{"self":[{"href":"https:\/\/folhadems.com.br\/site\/wp-json\/wp\/v2\/posts\/15882","targetHints":{"allow":["GET"]}}],"collection":[{"href":"https:\/\/folhadems.com.br\/site\/wp-json\/wp\/v2\/posts"}],"about":[{"href":"https:\/\/folhadems.com.br\/site\/wp-json\/wp\/v2\/types\/post"}],"author":[{"embeddable":true,"href":"https:\/\/folhadems.com.br\/site\/wp-json\/wp\/v2\/users\/1"}],"replies":[{"embeddable":true,"href":"https:\/\/folhadems.com.br\/site\/wp-json\/wp\/v2\/comments?post=15882"}],"version-history":[{"count":1,"href":"https:\/\/folhadems.com.br\/site\/wp-json\/wp\/v2\/posts\/15882\/revisions"}],"predecessor-version":[{"id":15884,"href":"https:\/\/folhadems.com.br\/site\/wp-json\/wp\/v2\/posts\/15882\/revisions\/15884"}],"wp:featuredmedia":[{"embeddable":true,"href":"https:\/\/folhadems.com.br\/site\/wp-json\/wp\/v2\/media\/15883"}],"wp:attachment":[{"href":"https:\/\/folhadems.com.br\/site\/wp-json\/wp\/v2\/media?parent=15882"}],"wp:term":[{"taxonomy":"category","embeddable":true,"href":"https:\/\/folhadems.com.br\/site\/wp-json\/wp\/v2\/categories?post=15882"},{"taxonomy":"post_tag","embeddable":true,"href":"https:\/\/folhadems.com.br\/site\/wp-json\/wp\/v2\/tags?post=15882"}],"curies":[{"name":"wp","href":"https:\/\/api.w.org\/{rel}","templated":true}]}}