{"id":15879,"date":"2026-04-27T08:25:00","date_gmt":"2026-04-27T12:25:00","guid":{"rendered":"https:\/\/folhadems.com.br\/site\/?p=15879"},"modified":"2026-04-27T08:08:38","modified_gmt":"2026-04-27T12:08:38","slug":"pelo-2o-ano-consecutivo-mato-grosso-do-sul-conquista-nota-maxima-e-lidera-o-brasil-em-cobertura-vacinal","status":"publish","type":"post","link":"https:\/\/folhadems.com.br\/site\/2026\/04\/27\/pelo-2o-ano-consecutivo-mato-grosso-do-sul-conquista-nota-maxima-e-lidera-o-brasil-em-cobertura-vacinal\/","title":{"rendered":"Pelo 2\u00ba ano consecutivo, Mato Grosso do Sul conquista nota m\u00e1xima e lidera o Brasil em cobertura vacinal"},"content":{"rendered":"\n<p>Mato Grosso do Sul se mant\u00e9m como refer\u00eancia nacional em imuniza\u00e7\u00e3o e, pelo segundo ano consecutivo, alcan\u00e7ou nota m\u00e1xima (100 pontos) e o 1\u00ba lugar no indicador de cobertura vacinal do Ranking de Competitividade dos Estados 2025, elaborado pelo CLP (Centro de Lideran\u00e7a P\u00fablica).<\/p>\n\n\n\n<p>O resultado consolida o Estado na lideran\u00e7a nacional e reflete a efetividade das estrat\u00e9gias coordenadas pela SES (Secretaria de Estado de Sa\u00fade), em parceria com os munic\u00edpios, garantindo alta cobertura em diferentes p\u00fablicos e imunizantes.<\/p>\n\n\n<div class=\"wp-block-image\">\n<figure class=\"alignright\"><a href=\"https:\/\/www.saude.ms.gov.br\/wp-content\/uploads\/2026\/04\/CLP.jpg\" target=\"_blank\" rel=\"noopener\"><img decoding=\"async\" src=\"https:\/\/www.saude.ms.gov.br\/wp-content\/uploads\/2026\/04\/CLP.jpg\" alt=\"\" class=\"wp-image-46562\"\/><\/a><\/figure>\n<\/div>\n\n\n<p>A metodologia do ranking considera o n\u00famero de doses aplicadas \u2014 incluindo primeira, segunda, terceira ou dose \u00fanica \u2014 em rela\u00e7\u00e3o \u00e0 popula\u00e7\u00e3o-alvo, evidenciando a capacidade da rede p\u00fablica de alcan\u00e7ar n\u00edveis elevados de prote\u00e7\u00e3o coletiva.<\/p>\n\n\n\n<p>Ao longo de 2025, o Estado intensificou campanhas, ampliou o acesso \u00e0 vacina\u00e7\u00e3o e manteve indicadores acima das metas preconizadas pelo Minist\u00e9rio da Sa\u00fade, com destaque para a\u00e7\u00f5es extramuros, vacina\u00e7\u00e3o em escolas e estrat\u00e9gias voltadas \u00e0 busca ativa de n\u00e3o vacinados.<\/p>\n\n\n\n<p><strong>A\u00e7\u00f5es estrat\u00e9gicas ampliam alcance<\/strong><\/p>\n\n\n\n<p>O alto desempenho do Estado \u00e9 sustentado por um conjunto de a\u00e7\u00f5es articuladas dentro do programa MS Vacina Mais, principal estrat\u00e9gia estadual para amplia\u00e7\u00e3o das coberturas vacinais.<\/p>\n\n\n\n<p>A partir dele, s\u00e3o desenvolvidas iniciativas como o Aluno Imunizado, a exig\u00eancia de declara\u00e7\u00e3o de vacina\u00e7\u00e3o atualizada em parceria entre as \u00e1reas de sa\u00fade e educa\u00e7\u00e3o, e a estrat\u00e9gia Cuidar de Quem Cuida, voltada \u00e0 imuniza\u00e7\u00e3o de profissionais de sa\u00fade \u2014 medidas que ampliam o alcance da vacina\u00e7\u00e3o em p\u00fablicos estrat\u00e9gicos.<\/p>\n\n\n\n<p>Essas a\u00e7\u00f5es se integram \u00e0s campanhas nacionais, como vacina\u00e7\u00e3o em \u00e1reas de fronteira, campanhas contra a influenza e vacina\u00e7\u00e3o nas escolas, fortalecendo a cobertura vacinal e garantindo maior acesso da popula\u00e7\u00e3o aos imunizantes em todo o Estado.<\/p>\n\n\n\n<p><strong>Consolida\u00e7\u00e3o de resultados<\/strong><\/p>\n\n\n\n<p>Para a coordenadora estadual de Imuniza\u00e7\u00e3o da SES, Ana Paula Rezende Goldfinger, o desempenho cont\u00ednuo est\u00e1 diretamente relacionado \u00e0 qualifica\u00e7\u00e3o da gest\u00e3o e ao monitoramento permanente dos indicadores.<\/p>\n\n\n<div class=\"wp-block-image\">\n<figure class=\"alignleft\"><a href=\"https:\/\/www.saude.ms.gov.br\/wp-content\/uploads\/2026\/04\/WhatsApp-Image-2026-04-24-at-13.29.44.jpeg\" target=\"_blank\" rel=\"noopener\"><img decoding=\"async\" src=\"https:\/\/www.saude.ms.gov.br\/wp-content\/uploads\/2026\/04\/WhatsApp-Image-2026-04-24-at-13.29.44.jpeg\" alt=\"\" class=\"wp-image-46563\"\/><\/a><\/figure>\n<\/div>\n\n\n<p>\u201cTrata-se de um resultado sustentado por planejamento t\u00e9cnico, monitoramento sistem\u00e1tico das coberturas vacinais e ado\u00e7\u00e3o de estrat\u00e9gias baseadas em evid\u00eancias. A integra\u00e7\u00e3o entre Estado e munic\u00edpios tem sido determinante para ampliar o acesso, reduzir bols\u00f5es de n\u00e3o vacinados e garantir homogeneidade nas coberturas\u201d, destacou.<\/p>\n\n\n\n<p>Com mais de 2,5 milh\u00f5es de doses aplicadas em 2025, o secret\u00e1rio de Estado de Sa\u00fade, Maur\u00edcio Sim\u00f5es Corr\u00eaa, destaca que o volume expressivo de imuniza\u00e7\u00f5es reflete ainda a capacidade operacional da rede e o compromisso com a sa\u00fade p\u00fablica. \u201cAlcan\u00e7ar esse quantitativo de doses aplicadas demonstra a efici\u00eancia da nossa rede e o alinhamento com os munic\u00edpios. Esse resultado est\u00e1 inserido em um conjunto de medidas estruturantes voltadas \u00e0 qualifica\u00e7\u00e3o da assist\u00eancia e \u00e0 amplia\u00e7\u00e3o do acesso \u00e0 vacina\u00e7\u00e3o em todo o Estado\u201d, finaliza.<br><em><br>Dan\u00fabia Burema, Comunica\u00e7\u00e3o SES<br><\/em><em>Fotos: Andr\u00e9 Lima<\/em><\/p>\n","protected":false},"excerpt":{"rendered":"<p>Mato Grosso do Sul se mant\u00e9m como refer\u00eancia nacional em imuniza\u00e7\u00e3o e, pelo segundo ano consecutivo, alcan\u00e7ou nota m\u00e1xima (100<\/p>\n","protected":false},"author":1,"featured_media":15880,"comment_status":"open","ping_status":"open","sticky":false,"template":"","format":"standard","meta":{"footnotes":""},"categories":[9],"tags":[],"class_list":["post-15879","post","type-post","status-publish","format-standard","has-post-thumbnail","hentry","category-ciencia-e-saude"],"yoast_head":"<!-- This site is optimized with the Yoast SEO plugin v27.1.1 - https:\/\/yoast.com\/product\/yoast-seo-wordpress\/ -->\n<title>Pelo 2\u00ba ano consecutivo, Mato Grosso do Sul conquista nota m\u00e1xima e lidera o Brasil em cobertura vacinal - Folha de Mato Grosso do Sul<\/title>\n<meta name=\"robots\" content=\"index, follow, max-snippet:-1, max-image-preview:large, max-video-preview:-1\" \/>\n<link rel=\"canonical\" href=\"https:\/\/folhadems.com.br\/site\/2026\/04\/27\/pelo-2o-ano-consecutivo-mato-grosso-do-sul-conquista-nota-maxima-e-lidera-o-brasil-em-cobertura-vacinal\/\" \/>\n<meta property=\"og:locale\" content=\"pt_BR\" \/>\n<meta property=\"og:type\" content=\"article\" \/>\n<meta property=\"og:title\" content=\"Pelo 2\u00ba ano consecutivo, Mato Grosso do Sul conquista nota m\u00e1xima e lidera o Brasil em cobertura vacinal - Folha de Mato Grosso do Sul\" \/>\n<meta property=\"og:description\" content=\"Mato Grosso do Sul se mant\u00e9m como refer\u00eancia nacional em imuniza\u00e7\u00e3o e, pelo segundo ano consecutivo, alcan\u00e7ou nota m\u00e1xima (100\" \/>\n<meta property=\"og:url\" content=\"https:\/\/folhadems.com.br\/site\/2026\/04\/27\/pelo-2o-ano-consecutivo-mato-grosso-do-sul-conquista-nota-maxima-e-lidera-o-brasil-em-cobertura-vacinal\/\" \/>\n<meta property=\"og:site_name\" content=\"Folha de Mato Grosso do Sul\" \/>\n<meta property=\"article:published_time\" content=\"2026-04-27T12:25:00+00:00\" \/>\n<meta property=\"og:image\" content=\"https:\/\/folhadems.com.br\/site\/wp-content\/uploads\/2026\/04\/vacinaaa.jpg\" \/>\n\t<meta property=\"og:image:width\" content=\"800\" \/>\n\t<meta property=\"og:image:height\" content=\"450\" \/>\n\t<meta property=\"og:image:type\" content=\"image\/jpeg\" \/>\n<meta name=\"author\" content=\"Elite Midia\" \/>\n<meta name=\"twitter:card\" content=\"summary_large_image\" \/>\n<meta name=\"twitter:label1\" content=\"Escrito por\" \/>\n\t<meta name=\"twitter:data1\" content=\"Elite Midia\" \/>\n\t<meta name=\"twitter:label2\" content=\"Est. tempo de leitura\" \/>\n\t<meta name=\"twitter:data2\" content=\"4 minutos\" \/>\n<script type=\"application\/ld+json\" class=\"yoast-schema-graph\">{\"@context\":\"https:\/\/schema.org\",\"@graph\":[{\"@type\":\"Article\",\"@id\":\"https:\/\/folhadems.com.br\/site\/2026\/04\/27\/pelo-2o-ano-consecutivo-mato-grosso-do-sul-conquista-nota-maxima-e-lidera-o-brasil-em-cobertura-vacinal\/#article\",\"isPartOf\":{\"@id\":\"https:\/\/folhadems.com.br\/site\/2026\/04\/27\/pelo-2o-ano-consecutivo-mato-grosso-do-sul-conquista-nota-maxima-e-lidera-o-brasil-em-cobertura-vacinal\/\"},\"author\":{\"name\":\"Elite Midia\",\"@id\":\"https:\/\/folhadems.com.br\/site\/#\/schema\/person\/e4a04038e5c2e7040e19ef252ae9d940\"},\"headline\":\"Pelo 2\u00ba ano consecutivo, Mato Grosso do Sul conquista nota m\u00e1xima e lidera o Brasil em cobertura vacinal\",\"datePublished\":\"2026-04-27T12:25:00+00:00\",\"mainEntityOfPage\":{\"@id\":\"https:\/\/folhadems.com.br\/site\/2026\/04\/27\/pelo-2o-ano-consecutivo-mato-grosso-do-sul-conquista-nota-maxima-e-lidera-o-brasil-em-cobertura-vacinal\/\"},\"wordCount\":521,\"commentCount\":0,\"publisher\":{\"@id\":\"https:\/\/folhadems.com.br\/site\/#organization\"},\"image\":{\"@id\":\"https:\/\/folhadems.com.br\/site\/2026\/04\/27\/pelo-2o-ano-consecutivo-mato-grosso-do-sul-conquista-nota-maxima-e-lidera-o-brasil-em-cobertura-vacinal\/#primaryimage\"},\"thumbnailUrl\":\"https:\/\/folhadems.com.br\/site\/wp-content\/uploads\/2026\/04\/vacinaaa.jpg\",\"articleSection\":[\"Ci\u00eancia e Sa\u00fade\"],\"inLanguage\":\"pt-BR\",\"potentialAction\":[{\"@type\":\"CommentAction\",\"name\":\"Comment\",\"target\":[\"https:\/\/folhadems.com.br\/site\/2026\/04\/27\/pelo-2o-ano-consecutivo-mato-grosso-do-sul-conquista-nota-maxima-e-lidera-o-brasil-em-cobertura-vacinal\/#respond\"]}]},{\"@type\":\"WebPage\",\"@id\":\"https:\/\/folhadems.com.br\/site\/2026\/04\/27\/pelo-2o-ano-consecutivo-mato-grosso-do-sul-conquista-nota-maxima-e-lidera-o-brasil-em-cobertura-vacinal\/\",\"url\":\"https:\/\/folhadems.com.br\/site\/2026\/04\/27\/pelo-2o-ano-consecutivo-mato-grosso-do-sul-conquista-nota-maxima-e-lidera-o-brasil-em-cobertura-vacinal\/\",\"name\":\"Pelo 2\u00ba ano consecutivo, Mato Grosso do Sul conquista nota m\u00e1xima e lidera o Brasil em cobertura vacinal - Folha de Mato Grosso do Sul\",\"isPartOf\":{\"@id\":\"https:\/\/folhadems.com.br\/site\/#website\"},\"primaryImageOfPage\":{\"@id\":\"https:\/\/folhadems.com.br\/site\/2026\/04\/27\/pelo-2o-ano-consecutivo-mato-grosso-do-sul-conquista-nota-maxima-e-lidera-o-brasil-em-cobertura-vacinal\/#primaryimage\"},\"image\":{\"@id\":\"https:\/\/folhadems.com.br\/site\/2026\/04\/27\/pelo-2o-ano-consecutivo-mato-grosso-do-sul-conquista-nota-maxima-e-lidera-o-brasil-em-cobertura-vacinal\/#primaryimage\"},\"thumbnailUrl\":\"https:\/\/folhadems.com.br\/site\/wp-content\/uploads\/2026\/04\/vacinaaa.jpg\",\"datePublished\":\"2026-04-27T12:25:00+00:00\",\"breadcrumb\":{\"@id\":\"https:\/\/folhadems.com.br\/site\/2026\/04\/27\/pelo-2o-ano-consecutivo-mato-grosso-do-sul-conquista-nota-maxima-e-lidera-o-brasil-em-cobertura-vacinal\/#breadcrumb\"},\"inLanguage\":\"pt-BR\",\"potentialAction\":[{\"@type\":\"ReadAction\",\"target\":[\"https:\/\/folhadems.com.br\/site\/2026\/04\/27\/pelo-2o-ano-consecutivo-mato-grosso-do-sul-conquista-nota-maxima-e-lidera-o-brasil-em-cobertura-vacinal\/\"]}]},{\"@type\":\"ImageObject\",\"inLanguage\":\"pt-BR\",\"@id\":\"https:\/\/folhadems.com.br\/site\/2026\/04\/27\/pelo-2o-ano-consecutivo-mato-grosso-do-sul-conquista-nota-maxima-e-lidera-o-brasil-em-cobertura-vacinal\/#primaryimage\",\"url\":\"https:\/\/folhadems.com.br\/site\/wp-content\/uploads\/2026\/04\/vacinaaa.jpg\",\"contentUrl\":\"https:\/\/folhadems.com.br\/site\/wp-content\/uploads\/2026\/04\/vacinaaa.jpg\",\"width\":800,\"height\":450},{\"@type\":\"BreadcrumbList\",\"@id\":\"https:\/\/folhadems.com.br\/site\/2026\/04\/27\/pelo-2o-ano-consecutivo-mato-grosso-do-sul-conquista-nota-maxima-e-lidera-o-brasil-em-cobertura-vacinal\/#breadcrumb\",\"itemListElement\":[{\"@type\":\"ListItem\",\"position\":1,\"name\":\"In\u00edcio\",\"item\":\"https:\/\/folhadems.com.br\/site\/\"},{\"@type\":\"ListItem\",\"position\":2,\"name\":\"Pelo 2\u00ba ano consecutivo, Mato Grosso do Sul conquista nota m\u00e1xima e lidera o Brasil em cobertura vacinal\"}]},{\"@type\":\"WebSite\",\"@id\":\"https:\/\/folhadems.com.br\/site\/#website\",\"url\":\"https:\/\/folhadems.com.br\/site\/\",\"name\":\"Folha de Mato Grosso do Sul\",\"description\":\"Jornal Online\",\"publisher\":{\"@id\":\"https:\/\/folhadems.com.br\/site\/#organization\"},\"potentialAction\":[{\"@type\":\"SearchAction\",\"target\":{\"@type\":\"EntryPoint\",\"urlTemplate\":\"https:\/\/folhadems.com.br\/site\/?s={search_term_string}\"},\"query-input\":{\"@type\":\"PropertyValueSpecification\",\"valueRequired\":true,\"valueName\":\"search_term_string\"}}],\"inLanguage\":\"pt-BR\"},{\"@type\":\"Organization\",\"@id\":\"https:\/\/folhadems.com.br\/site\/#organization\",\"name\":\"Folha de Mato Grosso do Sul\",\"url\":\"https:\/\/folhadems.com.br\/site\/\",\"logo\":{\"@type\":\"ImageObject\",\"inLanguage\":\"pt-BR\",\"@id\":\"https:\/\/folhadems.com.br\/site\/#\/schema\/logo\/image\/\",\"url\":\"https:\/\/folhadems.com.br\/site\/wp-content\/uploads\/2023\/01\/logo-folha-de-ms-380x90-1.jpg\",\"contentUrl\":\"https:\/\/folhadems.com.br\/site\/wp-content\/uploads\/2023\/01\/logo-folha-de-ms-380x90-1.jpg\",\"width\":380,\"height\":90,\"caption\":\"Folha de Mato Grosso do Sul\"},\"image\":{\"@id\":\"https:\/\/folhadems.com.br\/site\/#\/schema\/logo\/image\/\"}},{\"@type\":\"Person\",\"@id\":\"https:\/\/folhadems.com.br\/site\/#\/schema\/person\/e4a04038e5c2e7040e19ef252ae9d940\",\"name\":\"Elite Midia\",\"image\":{\"@type\":\"ImageObject\",\"inLanguage\":\"pt-BR\",\"@id\":\"https:\/\/folhadems.com.br\/site\/#\/schema\/person\/image\/\",\"url\":\"https:\/\/secure.gravatar.com\/avatar\/f76a80f01119f7fec6909ab9feea8819031f391155be021b685479d77496f055?s=96&d=mm&r=g\",\"contentUrl\":\"https:\/\/secure.gravatar.com\/avatar\/f76a80f01119f7fec6909ab9feea8819031f391155be021b685479d77496f055?s=96&d=mm&r=g\",\"caption\":\"Elite Midia\"},\"sameAs\":[\"https:\/\/folhadems.com.br\/site\"],\"url\":\"https:\/\/folhadems.com.br\/site\/author\/elite-midia\/\"}]}<\/script>\n<!-- \/ Yoast SEO plugin. -->","yoast_head_json":{"title":"Pelo 2\u00ba ano consecutivo, Mato Grosso do Sul conquista nota m\u00e1xima e lidera o Brasil em cobertura vacinal - Folha de Mato Grosso do Sul","robots":{"index":"index","follow":"follow","max-snippet":"max-snippet:-1","max-image-preview":"max-image-preview:large","max-video-preview":"max-video-preview:-1"},"canonical":"https:\/\/folhadems.com.br\/site\/2026\/04\/27\/pelo-2o-ano-consecutivo-mato-grosso-do-sul-conquista-nota-maxima-e-lidera-o-brasil-em-cobertura-vacinal\/","og_locale":"pt_BR","og_type":"article","og_title":"Pelo 2\u00ba ano consecutivo, Mato Grosso do Sul conquista nota m\u00e1xima e lidera o Brasil em cobertura vacinal - Folha de Mato Grosso do Sul","og_description":"Mato Grosso do Sul se mant\u00e9m como refer\u00eancia nacional em imuniza\u00e7\u00e3o e, pelo segundo ano consecutivo, alcan\u00e7ou nota m\u00e1xima (100","og_url":"https:\/\/folhadems.com.br\/site\/2026\/04\/27\/pelo-2o-ano-consecutivo-mato-grosso-do-sul-conquista-nota-maxima-e-lidera-o-brasil-em-cobertura-vacinal\/","og_site_name":"Folha de Mato Grosso do Sul","article_published_time":"2026-04-27T12:25:00+00:00","og_image":[{"width":800,"height":450,"url":"https:\/\/folhadems.com.br\/site\/wp-content\/uploads\/2026\/04\/vacinaaa.jpg","type":"image\/jpeg"}],"author":"Elite Midia","twitter_card":"summary_large_image","twitter_misc":{"Escrito por":"Elite Midia","Est. tempo de leitura":"4 minutos"},"schema":{"@context":"https:\/\/schema.org","@graph":[{"@type":"Article","@id":"https:\/\/folhadems.com.br\/site\/2026\/04\/27\/pelo-2o-ano-consecutivo-mato-grosso-do-sul-conquista-nota-maxima-e-lidera-o-brasil-em-cobertura-vacinal\/#article","isPartOf":{"@id":"https:\/\/folhadems.com.br\/site\/2026\/04\/27\/pelo-2o-ano-consecutivo-mato-grosso-do-sul-conquista-nota-maxima-e-lidera-o-brasil-em-cobertura-vacinal\/"},"author":{"name":"Elite Midia","@id":"https:\/\/folhadems.com.br\/site\/#\/schema\/person\/e4a04038e5c2e7040e19ef252ae9d940"},"headline":"Pelo 2\u00ba ano consecutivo, Mato Grosso do Sul conquista nota m\u00e1xima e lidera o Brasil em cobertura vacinal","datePublished":"2026-04-27T12:25:00+00:00","mainEntityOfPage":{"@id":"https:\/\/folhadems.com.br\/site\/2026\/04\/27\/pelo-2o-ano-consecutivo-mato-grosso-do-sul-conquista-nota-maxima-e-lidera-o-brasil-em-cobertura-vacinal\/"},"wordCount":521,"commentCount":0,"publisher":{"@id":"https:\/\/folhadems.com.br\/site\/#organization"},"image":{"@id":"https:\/\/folhadems.com.br\/site\/2026\/04\/27\/pelo-2o-ano-consecutivo-mato-grosso-do-sul-conquista-nota-maxima-e-lidera-o-brasil-em-cobertura-vacinal\/#primaryimage"},"thumbnailUrl":"https:\/\/folhadems.com.br\/site\/wp-content\/uploads\/2026\/04\/vacinaaa.jpg","articleSection":["Ci\u00eancia e Sa\u00fade"],"inLanguage":"pt-BR","potentialAction":[{"@type":"CommentAction","name":"Comment","target":["https:\/\/folhadems.com.br\/site\/2026\/04\/27\/pelo-2o-ano-consecutivo-mato-grosso-do-sul-conquista-nota-maxima-e-lidera-o-brasil-em-cobertura-vacinal\/#respond"]}]},{"@type":"WebPage","@id":"https:\/\/folhadems.com.br\/site\/2026\/04\/27\/pelo-2o-ano-consecutivo-mato-grosso-do-sul-conquista-nota-maxima-e-lidera-o-brasil-em-cobertura-vacinal\/","url":"https:\/\/folhadems.com.br\/site\/2026\/04\/27\/pelo-2o-ano-consecutivo-mato-grosso-do-sul-conquista-nota-maxima-e-lidera-o-brasil-em-cobertura-vacinal\/","name":"Pelo 2\u00ba ano consecutivo, Mato Grosso do Sul conquista nota m\u00e1xima e lidera o Brasil em cobertura vacinal - Folha de Mato Grosso do Sul","isPartOf":{"@id":"https:\/\/folhadems.com.br\/site\/#website"},"primaryImageOfPage":{"@id":"https:\/\/folhadems.com.br\/site\/2026\/04\/27\/pelo-2o-ano-consecutivo-mato-grosso-do-sul-conquista-nota-maxima-e-lidera-o-brasil-em-cobertura-vacinal\/#primaryimage"},"image":{"@id":"https:\/\/folhadems.com.br\/site\/2026\/04\/27\/pelo-2o-ano-consecutivo-mato-grosso-do-sul-conquista-nota-maxima-e-lidera-o-brasil-em-cobertura-vacinal\/#primaryimage"},"thumbnailUrl":"https:\/\/folhadems.com.br\/site\/wp-content\/uploads\/2026\/04\/vacinaaa.jpg","datePublished":"2026-04-27T12:25:00+00:00","breadcrumb":{"@id":"https:\/\/folhadems.com.br\/site\/2026\/04\/27\/pelo-2o-ano-consecutivo-mato-grosso-do-sul-conquista-nota-maxima-e-lidera-o-brasil-em-cobertura-vacinal\/#breadcrumb"},"inLanguage":"pt-BR","potentialAction":[{"@type":"ReadAction","target":["https:\/\/folhadems.com.br\/site\/2026\/04\/27\/pelo-2o-ano-consecutivo-mato-grosso-do-sul-conquista-nota-maxima-e-lidera-o-brasil-em-cobertura-vacinal\/"]}]},{"@type":"ImageObject","inLanguage":"pt-BR","@id":"https:\/\/folhadems.com.br\/site\/2026\/04\/27\/pelo-2o-ano-consecutivo-mato-grosso-do-sul-conquista-nota-maxima-e-lidera-o-brasil-em-cobertura-vacinal\/#primaryimage","url":"https:\/\/folhadems.com.br\/site\/wp-content\/uploads\/2026\/04\/vacinaaa.jpg","contentUrl":"https:\/\/folhadems.com.br\/site\/wp-content\/uploads\/2026\/04\/vacinaaa.jpg","width":800,"height":450},{"@type":"BreadcrumbList","@id":"https:\/\/folhadems.com.br\/site\/2026\/04\/27\/pelo-2o-ano-consecutivo-mato-grosso-do-sul-conquista-nota-maxima-e-lidera-o-brasil-em-cobertura-vacinal\/#breadcrumb","itemListElement":[{"@type":"ListItem","position":1,"name":"In\u00edcio","item":"https:\/\/folhadems.com.br\/site\/"},{"@type":"ListItem","position":2,"name":"Pelo 2\u00ba ano consecutivo, Mato Grosso do Sul conquista nota m\u00e1xima e lidera o Brasil em cobertura vacinal"}]},{"@type":"WebSite","@id":"https:\/\/folhadems.com.br\/site\/#website","url":"https:\/\/folhadems.com.br\/site\/","name":"Folha de Mato Grosso do Sul","description":"Jornal Online","publisher":{"@id":"https:\/\/folhadems.com.br\/site\/#organization"},"potentialAction":[{"@type":"SearchAction","target":{"@type":"EntryPoint","urlTemplate":"https:\/\/folhadems.com.br\/site\/?s={search_term_string}"},"query-input":{"@type":"PropertyValueSpecification","valueRequired":true,"valueName":"search_term_string"}}],"inLanguage":"pt-BR"},{"@type":"Organization","@id":"https:\/\/folhadems.com.br\/site\/#organization","name":"Folha de Mato Grosso do Sul","url":"https:\/\/folhadems.com.br\/site\/","logo":{"@type":"ImageObject","inLanguage":"pt-BR","@id":"https:\/\/folhadems.com.br\/site\/#\/schema\/logo\/image\/","url":"https:\/\/folhadems.com.br\/site\/wp-content\/uploads\/2023\/01\/logo-folha-de-ms-380x90-1.jpg","contentUrl":"https:\/\/folhadems.com.br\/site\/wp-content\/uploads\/2023\/01\/logo-folha-de-ms-380x90-1.jpg","width":380,"height":90,"caption":"Folha de Mato Grosso do Sul"},"image":{"@id":"https:\/\/folhadems.com.br\/site\/#\/schema\/logo\/image\/"}},{"@type":"Person","@id":"https:\/\/folhadems.com.br\/site\/#\/schema\/person\/e4a04038e5c2e7040e19ef252ae9d940","name":"Elite Midia","image":{"@type":"ImageObject","inLanguage":"pt-BR","@id":"https:\/\/folhadems.com.br\/site\/#\/schema\/person\/image\/","url":"https:\/\/secure.gravatar.com\/avatar\/f76a80f01119f7fec6909ab9feea8819031f391155be021b685479d77496f055?s=96&d=mm&r=g","contentUrl":"https:\/\/secure.gravatar.com\/avatar\/f76a80f01119f7fec6909ab9feea8819031f391155be021b685479d77496f055?s=96&d=mm&r=g","caption":"Elite Midia"},"sameAs":["https:\/\/folhadems.com.br\/site"],"url":"https:\/\/folhadems.com.br\/site\/author\/elite-midia\/"}]}},"publishpress_future_action":{"enabled":false,"date":"2026-05-04 11:54:28","action":"change-status","newStatus":"draft","terms":[],"taxonomy":"category","extraData":[]},"publishpress_future_workflow_manual_trigger":{"enabledWorkflows":[]},"_links":{"self":[{"href":"https:\/\/folhadems.com.br\/site\/wp-json\/wp\/v2\/posts\/15879","targetHints":{"allow":["GET"]}}],"collection":[{"href":"https:\/\/folhadems.com.br\/site\/wp-json\/wp\/v2\/posts"}],"about":[{"href":"https:\/\/folhadems.com.br\/site\/wp-json\/wp\/v2\/types\/post"}],"author":[{"embeddable":true,"href":"https:\/\/folhadems.com.br\/site\/wp-json\/wp\/v2\/users\/1"}],"replies":[{"embeddable":true,"href":"https:\/\/folhadems.com.br\/site\/wp-json\/wp\/v2\/comments?post=15879"}],"version-history":[{"count":1,"href":"https:\/\/folhadems.com.br\/site\/wp-json\/wp\/v2\/posts\/15879\/revisions"}],"predecessor-version":[{"id":15881,"href":"https:\/\/folhadems.com.br\/site\/wp-json\/wp\/v2\/posts\/15879\/revisions\/15881"}],"wp:featuredmedia":[{"embeddable":true,"href":"https:\/\/folhadems.com.br\/site\/wp-json\/wp\/v2\/media\/15880"}],"wp:attachment":[{"href":"https:\/\/folhadems.com.br\/site\/wp-json\/wp\/v2\/media?parent=15879"}],"wp:term":[{"taxonomy":"category","embeddable":true,"href":"https:\/\/folhadems.com.br\/site\/wp-json\/wp\/v2\/categories?post=15879"},{"taxonomy":"post_tag","embeddable":true,"href":"https:\/\/folhadems.com.br\/site\/wp-json\/wp\/v2\/tags?post=15879"}],"curies":[{"name":"wp","href":"https:\/\/api.w.org\/{rel}","templated":true}]}}