{"id":15865,"date":"2026-04-25T12:51:00","date_gmt":"2026-04-25T16:51:00","guid":{"rendered":"https:\/\/folhadems.com.br\/site\/?p=15865"},"modified":"2026-04-27T07:54:47","modified_gmt":"2026-04-27T11:54:47","slug":"sesau-informa-cancelamento-de-evento-de-amamentacao-coletiva","status":"publish","type":"post","link":"https:\/\/folhadems.com.br\/site\/2026\/04\/25\/sesau-informa-cancelamento-de-evento-de-amamentacao-coletiva\/","title":{"rendered":"Sesau informa cancelamento de evento de amamenta\u00e7\u00e3o coletiva"},"content":{"rendered":"\n<p>A Secretaria Municipal de Sa\u00fade (Sesau) informa o cancelamento do evento de amamenta\u00e7\u00e3o coletiva que seria realizado neste domingo (26), conforme programa\u00e7\u00e3o previamente divulgada, dentro das atividades do Encontro Nacional de Aleitamento Materno (ENAM) e do Encontro Nacional de Alimenta\u00e7\u00e3o Complementar (ENAC).<\/p>\n\n\n\n<p>A decis\u00e3o foi tomada de forma preventiva, considerando o atual per\u00edodo de maior circula\u00e7\u00e3o de v\u00edrus respirat\u00f3rios, comum nas esta\u00e7\u00f5es mais frias do ano. Como o p\u00fablico-alvo do evento inclui beb\u00eas e crian\u00e7as pequenas grupo mais vulner\u00e1vel a complica\u00e7\u00f5es, a medida visa garantir a seguran\u00e7a e a sa\u00fade dos participantes.<\/p>\n\n\n\n<p>A Sesau esclarece que a programa\u00e7\u00e3o do ENAM e do ENAC est\u00e1 mantida, sendo o cancelamento restrito apenas \u00e0 atividade no domingo, que ocorreria na Pra\u00e7a do R\u00e1dio.<\/p>\n\n\n\n<p>O evento, que tinha como objetivo incentivar e conscientizar sobre a import\u00e2ncia do aleitamento materno, dever\u00e1 ser reprogramado em momento oportuno, quando houver condi\u00e7\u00f5es mais seguras para sua realiza\u00e7\u00e3o.<\/p>\n\n\n\n<p>A Sesau refor\u00e7a que segue atenta \u00e0s recomenda\u00e7\u00f5es das autoridades de sa\u00fade e mant\u00e9m o compromisso com a promo\u00e7\u00e3o de a\u00e7\u00f5es que priorizem o bem-estar da popula\u00e7\u00e3o.<\/p>\n","protected":false},"excerpt":{"rendered":"<p>A Secretaria Municipal de Sa\u00fade (Sesau) informa o cancelamento do evento de amamenta\u00e7\u00e3o coletiva que seria realizado neste domingo (26),<\/p>\n","protected":false},"author":1,"featured_media":15866,"comment_status":"open","ping_status":"open","sticky":false,"template":"","format":"standard","meta":{"footnotes":""},"categories":[9,41],"tags":[],"class_list":["post-15865","post","type-post","status-publish","format-standard","has-post-thumbnail","hentry","category-ciencia-e-saude","category-destaques"],"yoast_head":"<!-- This site is optimized with the Yoast SEO plugin v27.1.1 - https:\/\/yoast.com\/product\/yoast-seo-wordpress\/ -->\n<title>Sesau informa cancelamento de evento de amamenta\u00e7\u00e3o coletiva - Folha de Mato Grosso do Sul<\/title>\n<meta name=\"robots\" content=\"index, follow, max-snippet:-1, max-image-preview:large, max-video-preview:-1\" \/>\n<link rel=\"canonical\" href=\"https:\/\/folhadems.com.br\/site\/2026\/04\/25\/sesau-informa-cancelamento-de-evento-de-amamentacao-coletiva\/\" \/>\n<meta property=\"og:locale\" content=\"pt_BR\" \/>\n<meta property=\"og:type\" content=\"article\" \/>\n<meta property=\"og:title\" content=\"Sesau informa cancelamento de evento de amamenta\u00e7\u00e3o coletiva - Folha de Mato Grosso do Sul\" \/>\n<meta property=\"og:description\" content=\"A Secretaria Municipal de Sa\u00fade (Sesau) informa o cancelamento do evento de amamenta\u00e7\u00e3o coletiva que seria realizado neste domingo (26),\" \/>\n<meta property=\"og:url\" content=\"https:\/\/folhadems.com.br\/site\/2026\/04\/25\/sesau-informa-cancelamento-de-evento-de-amamentacao-coletiva\/\" \/>\n<meta property=\"og:site_name\" content=\"Folha de Mato Grosso do Sul\" \/>\n<meta property=\"article:published_time\" content=\"2026-04-25T16:51:00+00:00\" \/>\n<meta property=\"article:modified_time\" content=\"2026-04-27T11:54:47+00:00\" \/>\n<meta property=\"og:image\" content=\"https:\/\/folhadems.com.br\/site\/wp-content\/uploads\/2026\/04\/mama.jpg\" \/>\n\t<meta property=\"og:image:width\" content=\"800\" \/>\n\t<meta property=\"og:image:height\" content=\"450\" \/>\n\t<meta property=\"og:image:type\" content=\"image\/jpeg\" \/>\n<meta name=\"author\" content=\"Elite Midia\" \/>\n<meta name=\"twitter:card\" content=\"summary_large_image\" \/>\n<meta name=\"twitter:label1\" content=\"Escrito por\" \/>\n\t<meta name=\"twitter:data1\" content=\"Elite Midia\" \/>\n\t<meta name=\"twitter:label2\" content=\"Est. tempo de leitura\" \/>\n\t<meta name=\"twitter:data2\" content=\"2 minutos\" \/>\n<script type=\"application\/ld+json\" class=\"yoast-schema-graph\">{\"@context\":\"https:\/\/schema.org\",\"@graph\":[{\"@type\":\"Article\",\"@id\":\"https:\/\/folhadems.com.br\/site\/2026\/04\/25\/sesau-informa-cancelamento-de-evento-de-amamentacao-coletiva\/#article\",\"isPartOf\":{\"@id\":\"https:\/\/folhadems.com.br\/site\/2026\/04\/25\/sesau-informa-cancelamento-de-evento-de-amamentacao-coletiva\/\"},\"author\":{\"name\":\"Elite Midia\",\"@id\":\"https:\/\/folhadems.com.br\/site\/#\/schema\/person\/e4a04038e5c2e7040e19ef252ae9d940\"},\"headline\":\"Sesau informa cancelamento de evento de amamenta\u00e7\u00e3o coletiva\",\"datePublished\":\"2026-04-25T16:51:00+00:00\",\"dateModified\":\"2026-04-27T11:54:47+00:00\",\"mainEntityOfPage\":{\"@id\":\"https:\/\/folhadems.com.br\/site\/2026\/04\/25\/sesau-informa-cancelamento-de-evento-de-amamentacao-coletiva\/\"},\"wordCount\":213,\"commentCount\":0,\"publisher\":{\"@id\":\"https:\/\/folhadems.com.br\/site\/#organization\"},\"image\":{\"@id\":\"https:\/\/folhadems.com.br\/site\/2026\/04\/25\/sesau-informa-cancelamento-de-evento-de-amamentacao-coletiva\/#primaryimage\"},\"thumbnailUrl\":\"https:\/\/folhadems.com.br\/site\/wp-content\/uploads\/2026\/04\/mama.jpg\",\"articleSection\":[\"Ci\u00eancia e Sa\u00fade\",\"Destaques\"],\"inLanguage\":\"pt-BR\",\"potentialAction\":[{\"@type\":\"CommentAction\",\"name\":\"Comment\",\"target\":[\"https:\/\/folhadems.com.br\/site\/2026\/04\/25\/sesau-informa-cancelamento-de-evento-de-amamentacao-coletiva\/#respond\"]}]},{\"@type\":\"WebPage\",\"@id\":\"https:\/\/folhadems.com.br\/site\/2026\/04\/25\/sesau-informa-cancelamento-de-evento-de-amamentacao-coletiva\/\",\"url\":\"https:\/\/folhadems.com.br\/site\/2026\/04\/25\/sesau-informa-cancelamento-de-evento-de-amamentacao-coletiva\/\",\"name\":\"Sesau informa cancelamento de evento de amamenta\u00e7\u00e3o coletiva - Folha de Mato Grosso do Sul\",\"isPartOf\":{\"@id\":\"https:\/\/folhadems.com.br\/site\/#website\"},\"primaryImageOfPage\":{\"@id\":\"https:\/\/folhadems.com.br\/site\/2026\/04\/25\/sesau-informa-cancelamento-de-evento-de-amamentacao-coletiva\/#primaryimage\"},\"image\":{\"@id\":\"https:\/\/folhadems.com.br\/site\/2026\/04\/25\/sesau-informa-cancelamento-de-evento-de-amamentacao-coletiva\/#primaryimage\"},\"thumbnailUrl\":\"https:\/\/folhadems.com.br\/site\/wp-content\/uploads\/2026\/04\/mama.jpg\",\"datePublished\":\"2026-04-25T16:51:00+00:00\",\"dateModified\":\"2026-04-27T11:54:47+00:00\",\"breadcrumb\":{\"@id\":\"https:\/\/folhadems.com.br\/site\/2026\/04\/25\/sesau-informa-cancelamento-de-evento-de-amamentacao-coletiva\/#breadcrumb\"},\"inLanguage\":\"pt-BR\",\"potentialAction\":[{\"@type\":\"ReadAction\",\"target\":[\"https:\/\/folhadems.com.br\/site\/2026\/04\/25\/sesau-informa-cancelamento-de-evento-de-amamentacao-coletiva\/\"]}]},{\"@type\":\"ImageObject\",\"inLanguage\":\"pt-BR\",\"@id\":\"https:\/\/folhadems.com.br\/site\/2026\/04\/25\/sesau-informa-cancelamento-de-evento-de-amamentacao-coletiva\/#primaryimage\",\"url\":\"https:\/\/folhadems.com.br\/site\/wp-content\/uploads\/2026\/04\/mama.jpg\",\"contentUrl\":\"https:\/\/folhadems.com.br\/site\/wp-content\/uploads\/2026\/04\/mama.jpg\",\"width\":800,\"height\":450},{\"@type\":\"BreadcrumbList\",\"@id\":\"https:\/\/folhadems.com.br\/site\/2026\/04\/25\/sesau-informa-cancelamento-de-evento-de-amamentacao-coletiva\/#breadcrumb\",\"itemListElement\":[{\"@type\":\"ListItem\",\"position\":1,\"name\":\"In\u00edcio\",\"item\":\"https:\/\/folhadems.com.br\/site\/\"},{\"@type\":\"ListItem\",\"position\":2,\"name\":\"Sesau informa cancelamento de evento de amamenta\u00e7\u00e3o coletiva\"}]},{\"@type\":\"WebSite\",\"@id\":\"https:\/\/folhadems.com.br\/site\/#website\",\"url\":\"https:\/\/folhadems.com.br\/site\/\",\"name\":\"Folha de Mato Grosso do Sul\",\"description\":\"Jornal Online\",\"publisher\":{\"@id\":\"https:\/\/folhadems.com.br\/site\/#organization\"},\"potentialAction\":[{\"@type\":\"SearchAction\",\"target\":{\"@type\":\"EntryPoint\",\"urlTemplate\":\"https:\/\/folhadems.com.br\/site\/?s={search_term_string}\"},\"query-input\":{\"@type\":\"PropertyValueSpecification\",\"valueRequired\":true,\"valueName\":\"search_term_string\"}}],\"inLanguage\":\"pt-BR\"},{\"@type\":\"Organization\",\"@id\":\"https:\/\/folhadems.com.br\/site\/#organization\",\"name\":\"Folha de Mato Grosso do Sul\",\"url\":\"https:\/\/folhadems.com.br\/site\/\",\"logo\":{\"@type\":\"ImageObject\",\"inLanguage\":\"pt-BR\",\"@id\":\"https:\/\/folhadems.com.br\/site\/#\/schema\/logo\/image\/\",\"url\":\"https:\/\/folhadems.com.br\/site\/wp-content\/uploads\/2023\/01\/logo-folha-de-ms-380x90-1.jpg\",\"contentUrl\":\"https:\/\/folhadems.com.br\/site\/wp-content\/uploads\/2023\/01\/logo-folha-de-ms-380x90-1.jpg\",\"width\":380,\"height\":90,\"caption\":\"Folha de Mato Grosso do Sul\"},\"image\":{\"@id\":\"https:\/\/folhadems.com.br\/site\/#\/schema\/logo\/image\/\"}},{\"@type\":\"Person\",\"@id\":\"https:\/\/folhadems.com.br\/site\/#\/schema\/person\/e4a04038e5c2e7040e19ef252ae9d940\",\"name\":\"Elite Midia\",\"image\":{\"@type\":\"ImageObject\",\"inLanguage\":\"pt-BR\",\"@id\":\"https:\/\/folhadems.com.br\/site\/#\/schema\/person\/image\/\",\"url\":\"https:\/\/secure.gravatar.com\/avatar\/f76a80f01119f7fec6909ab9feea8819031f391155be021b685479d77496f055?s=96&d=mm&r=g\",\"contentUrl\":\"https:\/\/secure.gravatar.com\/avatar\/f76a80f01119f7fec6909ab9feea8819031f391155be021b685479d77496f055?s=96&d=mm&r=g\",\"caption\":\"Elite Midia\"},\"sameAs\":[\"https:\/\/folhadems.com.br\/site\"],\"url\":\"https:\/\/folhadems.com.br\/site\/author\/elite-midia\/\"}]}<\/script>\n<!-- \/ Yoast SEO plugin. -->","yoast_head_json":{"title":"Sesau informa cancelamento de evento de amamenta\u00e7\u00e3o coletiva - Folha de Mato Grosso do Sul","robots":{"index":"index","follow":"follow","max-snippet":"max-snippet:-1","max-image-preview":"max-image-preview:large","max-video-preview":"max-video-preview:-1"},"canonical":"https:\/\/folhadems.com.br\/site\/2026\/04\/25\/sesau-informa-cancelamento-de-evento-de-amamentacao-coletiva\/","og_locale":"pt_BR","og_type":"article","og_title":"Sesau informa cancelamento de evento de amamenta\u00e7\u00e3o coletiva - Folha de Mato Grosso do Sul","og_description":"A Secretaria Municipal de Sa\u00fade (Sesau) informa o cancelamento do evento de amamenta\u00e7\u00e3o coletiva que seria realizado neste domingo (26),","og_url":"https:\/\/folhadems.com.br\/site\/2026\/04\/25\/sesau-informa-cancelamento-de-evento-de-amamentacao-coletiva\/","og_site_name":"Folha de Mato Grosso do Sul","article_published_time":"2026-04-25T16:51:00+00:00","article_modified_time":"2026-04-27T11:54:47+00:00","og_image":[{"width":800,"height":450,"url":"https:\/\/folhadems.com.br\/site\/wp-content\/uploads\/2026\/04\/mama.jpg","type":"image\/jpeg"}],"author":"Elite Midia","twitter_card":"summary_large_image","twitter_misc":{"Escrito por":"Elite Midia","Est. tempo de leitura":"2 minutos"},"schema":{"@context":"https:\/\/schema.org","@graph":[{"@type":"Article","@id":"https:\/\/folhadems.com.br\/site\/2026\/04\/25\/sesau-informa-cancelamento-de-evento-de-amamentacao-coletiva\/#article","isPartOf":{"@id":"https:\/\/folhadems.com.br\/site\/2026\/04\/25\/sesau-informa-cancelamento-de-evento-de-amamentacao-coletiva\/"},"author":{"name":"Elite Midia","@id":"https:\/\/folhadems.com.br\/site\/#\/schema\/person\/e4a04038e5c2e7040e19ef252ae9d940"},"headline":"Sesau informa cancelamento de evento de amamenta\u00e7\u00e3o coletiva","datePublished":"2026-04-25T16:51:00+00:00","dateModified":"2026-04-27T11:54:47+00:00","mainEntityOfPage":{"@id":"https:\/\/folhadems.com.br\/site\/2026\/04\/25\/sesau-informa-cancelamento-de-evento-de-amamentacao-coletiva\/"},"wordCount":213,"commentCount":0,"publisher":{"@id":"https:\/\/folhadems.com.br\/site\/#organization"},"image":{"@id":"https:\/\/folhadems.com.br\/site\/2026\/04\/25\/sesau-informa-cancelamento-de-evento-de-amamentacao-coletiva\/#primaryimage"},"thumbnailUrl":"https:\/\/folhadems.com.br\/site\/wp-content\/uploads\/2026\/04\/mama.jpg","articleSection":["Ci\u00eancia e Sa\u00fade","Destaques"],"inLanguage":"pt-BR","potentialAction":[{"@type":"CommentAction","name":"Comment","target":["https:\/\/folhadems.com.br\/site\/2026\/04\/25\/sesau-informa-cancelamento-de-evento-de-amamentacao-coletiva\/#respond"]}]},{"@type":"WebPage","@id":"https:\/\/folhadems.com.br\/site\/2026\/04\/25\/sesau-informa-cancelamento-de-evento-de-amamentacao-coletiva\/","url":"https:\/\/folhadems.com.br\/site\/2026\/04\/25\/sesau-informa-cancelamento-de-evento-de-amamentacao-coletiva\/","name":"Sesau informa cancelamento de evento de amamenta\u00e7\u00e3o coletiva - Folha de Mato Grosso do Sul","isPartOf":{"@id":"https:\/\/folhadems.com.br\/site\/#website"},"primaryImageOfPage":{"@id":"https:\/\/folhadems.com.br\/site\/2026\/04\/25\/sesau-informa-cancelamento-de-evento-de-amamentacao-coletiva\/#primaryimage"},"image":{"@id":"https:\/\/folhadems.com.br\/site\/2026\/04\/25\/sesau-informa-cancelamento-de-evento-de-amamentacao-coletiva\/#primaryimage"},"thumbnailUrl":"https:\/\/folhadems.com.br\/site\/wp-content\/uploads\/2026\/04\/mama.jpg","datePublished":"2026-04-25T16:51:00+00:00","dateModified":"2026-04-27T11:54:47+00:00","breadcrumb":{"@id":"https:\/\/folhadems.com.br\/site\/2026\/04\/25\/sesau-informa-cancelamento-de-evento-de-amamentacao-coletiva\/#breadcrumb"},"inLanguage":"pt-BR","potentialAction":[{"@type":"ReadAction","target":["https:\/\/folhadems.com.br\/site\/2026\/04\/25\/sesau-informa-cancelamento-de-evento-de-amamentacao-coletiva\/"]}]},{"@type":"ImageObject","inLanguage":"pt-BR","@id":"https:\/\/folhadems.com.br\/site\/2026\/04\/25\/sesau-informa-cancelamento-de-evento-de-amamentacao-coletiva\/#primaryimage","url":"https:\/\/folhadems.com.br\/site\/wp-content\/uploads\/2026\/04\/mama.jpg","contentUrl":"https:\/\/folhadems.com.br\/site\/wp-content\/uploads\/2026\/04\/mama.jpg","width":800,"height":450},{"@type":"BreadcrumbList","@id":"https:\/\/folhadems.com.br\/site\/2026\/04\/25\/sesau-informa-cancelamento-de-evento-de-amamentacao-coletiva\/#breadcrumb","itemListElement":[{"@type":"ListItem","position":1,"name":"In\u00edcio","item":"https:\/\/folhadems.com.br\/site\/"},{"@type":"ListItem","position":2,"name":"Sesau informa cancelamento de evento de amamenta\u00e7\u00e3o coletiva"}]},{"@type":"WebSite","@id":"https:\/\/folhadems.com.br\/site\/#website","url":"https:\/\/folhadems.com.br\/site\/","name":"Folha de Mato Grosso do Sul","description":"Jornal Online","publisher":{"@id":"https:\/\/folhadems.com.br\/site\/#organization"},"potentialAction":[{"@type":"SearchAction","target":{"@type":"EntryPoint","urlTemplate":"https:\/\/folhadems.com.br\/site\/?s={search_term_string}"},"query-input":{"@type":"PropertyValueSpecification","valueRequired":true,"valueName":"search_term_string"}}],"inLanguage":"pt-BR"},{"@type":"Organization","@id":"https:\/\/folhadems.com.br\/site\/#organization","name":"Folha de Mato Grosso do Sul","url":"https:\/\/folhadems.com.br\/site\/","logo":{"@type":"ImageObject","inLanguage":"pt-BR","@id":"https:\/\/folhadems.com.br\/site\/#\/schema\/logo\/image\/","url":"https:\/\/folhadems.com.br\/site\/wp-content\/uploads\/2023\/01\/logo-folha-de-ms-380x90-1.jpg","contentUrl":"https:\/\/folhadems.com.br\/site\/wp-content\/uploads\/2023\/01\/logo-folha-de-ms-380x90-1.jpg","width":380,"height":90,"caption":"Folha de Mato Grosso do Sul"},"image":{"@id":"https:\/\/folhadems.com.br\/site\/#\/schema\/logo\/image\/"}},{"@type":"Person","@id":"https:\/\/folhadems.com.br\/site\/#\/schema\/person\/e4a04038e5c2e7040e19ef252ae9d940","name":"Elite Midia","image":{"@type":"ImageObject","inLanguage":"pt-BR","@id":"https:\/\/folhadems.com.br\/site\/#\/schema\/person\/image\/","url":"https:\/\/secure.gravatar.com\/avatar\/f76a80f01119f7fec6909ab9feea8819031f391155be021b685479d77496f055?s=96&d=mm&r=g","contentUrl":"https:\/\/secure.gravatar.com\/avatar\/f76a80f01119f7fec6909ab9feea8819031f391155be021b685479d77496f055?s=96&d=mm&r=g","caption":"Elite Midia"},"sameAs":["https:\/\/folhadems.com.br\/site"],"url":"https:\/\/folhadems.com.br\/site\/author\/elite-midia\/"}]}},"publishpress_future_action":{"enabled":false,"date":"2026-05-06 06:43:58","action":"change-status","newStatus":"draft","terms":[],"taxonomy":"category","extraData":[]},"publishpress_future_workflow_manual_trigger":{"enabledWorkflows":[]},"_links":{"self":[{"href":"https:\/\/folhadems.com.br\/site\/wp-json\/wp\/v2\/posts\/15865","targetHints":{"allow":["GET"]}}],"collection":[{"href":"https:\/\/folhadems.com.br\/site\/wp-json\/wp\/v2\/posts"}],"about":[{"href":"https:\/\/folhadems.com.br\/site\/wp-json\/wp\/v2\/types\/post"}],"author":[{"embeddable":true,"href":"https:\/\/folhadems.com.br\/site\/wp-json\/wp\/v2\/users\/1"}],"replies":[{"embeddable":true,"href":"https:\/\/folhadems.com.br\/site\/wp-json\/wp\/v2\/comments?post=15865"}],"version-history":[{"count":1,"href":"https:\/\/folhadems.com.br\/site\/wp-json\/wp\/v2\/posts\/15865\/revisions"}],"predecessor-version":[{"id":15867,"href":"https:\/\/folhadems.com.br\/site\/wp-json\/wp\/v2\/posts\/15865\/revisions\/15867"}],"wp:featuredmedia":[{"embeddable":true,"href":"https:\/\/folhadems.com.br\/site\/wp-json\/wp\/v2\/media\/15866"}],"wp:attachment":[{"href":"https:\/\/folhadems.com.br\/site\/wp-json\/wp\/v2\/media?parent=15865"}],"wp:term":[{"taxonomy":"category","embeddable":true,"href":"https:\/\/folhadems.com.br\/site\/wp-json\/wp\/v2\/categories?post=15865"},{"taxonomy":"post_tag","embeddable":true,"href":"https:\/\/folhadems.com.br\/site\/wp-json\/wp\/v2\/tags?post=15865"}],"curies":[{"name":"wp","href":"https:\/\/api.w.org\/{rel}","templated":true}]}}