{"id":15857,"date":"2026-04-26T19:02:48","date_gmt":"2026-04-26T23:02:48","guid":{"rendered":"https:\/\/folhadems.com.br\/site\/?p=15857"},"modified":"2026-04-26T19:02:52","modified_gmt":"2026-04-26T23:02:52","slug":"praca-ary-coelho-virou-ponto-central-da-vacinacao-no-dia-d-na-capital","status":"publish","type":"post","link":"https:\/\/folhadems.com.br\/site\/2026\/04\/26\/praca-ary-coelho-virou-ponto-central-da-vacinacao-no-dia-d-na-capital\/","title":{"rendered":"Pra\u00e7a Ary Coelho virou ponto central da vacina\u00e7\u00e3o no Dia D na capital"},"content":{"rendered":"\n<p>No \u00faltimo s\u00e1bado (25), moradores de Campo Grande aproveitaram o dia de folga para cuidar da sa\u00fade. A mobiliza\u00e7\u00e3o ocorreu em v\u00e1rias regi\u00f5es da cidade, com o Dia D da Campanha contra a Influenza e, ao mesmo tempo, o \u201cMutir\u00e3o Todos em A\u00e7\u00e3o\u201d, no Jardim Anache, oferecendo vacina\u00e7\u00e3o, atendimentos e servi\u00e7os gratuitos.<\/p>\n\n\n\n<p>Na regi\u00e3o central, a Pra\u00e7a Ary Coelho teve grande movimento, com atendimentos das 8h \u00e0s 16h. Al\u00e9m disso, 24 Unidades de Sa\u00fade da Fam\u00edlia (USFs) abriram em hor\u00e1rio especial para ampliar o acesso \u00e0 imuniza\u00e7\u00e3o.<\/p>\n\n\n\n<p>A professora Kamila Rios Saracho, de 27 anos, aproveitou a oportunidade. \u201cTrabalho durante a semana e n\u00e3o conseguiria ir \u00e0 unidade. Tenho contato com crian\u00e7as e \u00e9 importante me proteger e tamb\u00e9m proteg\u00ea-las\u201d, disse.<\/p>\n\n\n\n<figure class=\"wp-block-image\"><img decoding=\"async\" src=\"https:\/\/cdn.campogrande.ms.gov.br\/portal\/prod\/uploads\/sites\/3\/2026\/04\/Professora-Kamila-1024x683.jpeg\" alt=\"\" class=\"wp-image-160690\"\/><\/figure>\n\n\n\n<p>A estrat\u00e9gia de atendimento fora do hor\u00e1rio tradicional ajudou a alcan\u00e7ar quem n\u00e3o consegue ir durante a semana. O aposentado Jos\u00e9 Carlos Guerreiro Campos, 78 anos, foi um dos primeiros atendidos. \u201cA vacina traz mais seguran\u00e7a. \u00c9 bom para mim e para todos\u201d, afirmou.<\/p>\n\n\n\n<p>A aposentada Cleuza Ferreira dos Santos Ferreira, 72 anos, tamb\u00e9m deixou o receio de lado. \u201cEu tinha medo da agulha, mas agora n\u00e3o tenho mais. \u00c9 \u00e9poca da doen\u00e7a, precisamos nos vacinar\u201d, disse.<\/p>\n\n\n\n<p>Na USF 26 de Agosto, Ros\u00e2ngela Cristina, 70 anos, destacou a praticidade. \u201cN\u00e3o tive tempo antes. O movimento estava tranquilo e n\u00e3o d\u00f3i nada. Tomo todo ano e nunca tive gripe ou pneumonia\u201d, relatou.<\/p>\n\n\n\n<figure class=\"wp-block-image\"><img decoding=\"async\" src=\"https:\/\/cdn.campogrande.ms.gov.br\/portal\/prod\/uploads\/sites\/3\/2026\/04\/Rosangela-Cristina-1024x683.jpeg\" alt=\"\" class=\"wp-image-160691\"\/><\/figure>\n\n\n\n<p>Apesar da mobiliza\u00e7\u00e3o, a Secretaria Municipal de Sa\u00fade (Sesau) alerta que a cobertura vacinal ainda est\u00e1 em cerca de 21%, abaixo do ideal, justamente em um per\u00edodo de maior circula\u00e7\u00e3o de v\u00edrus respirat\u00f3rios.<\/p>\n\n\n\n<p>\u201cA campanha busca aumentar a cobertura, principalmente neste momento de maior circula\u00e7\u00e3o da influenza\u201d, explicou a superintendente de Vigil\u00e2ncia em Sa\u00fade, Veruska Lahdo.<\/p>\n\n\n\n<p><strong>Sa\u00fade mais perto da popula\u00e7\u00e3o<\/strong><\/p>\n\n\n\n<p>Enquanto o centro recebia o Dia D, o Jardim Anache sediou a segunda edi\u00e7\u00e3o do ano do \u201cMutir\u00e3o Todos em A\u00e7\u00e3o\u201d, na Escola Municipal Professor Jo\u00e3o C\u00e2ndido de Souza, reunindo diversos servi\u00e7os, incluindo vacina\u00e7\u00e3o.<\/p>\n\n\n\n<p>Bianca da Silva de Souza, 28 anos, levou a fam\u00edlia para aproveitar os atendimentos. \u201cTrouxe todo mundo para vacinar. O mutir\u00e3o ajuda muito, tem bastante gente procurando\u201d, contou.<\/p>\n\n\n\n<figure class=\"wp-block-image\"><img decoding=\"async\" src=\"https:\/\/cdn.campogrande.ms.gov.br\/portal\/prod\/uploads\/sites\/3\/2026\/04\/Bianca-da-Silva-de-Souza-de-28-anos-1024x683.jpeg\" alt=\"\" class=\"wp-image-160692\"\/><\/figure>\n\n\n\n<p>A servidora p\u00fablica Sueli Aratani, 55 anos, tamb\u00e9m destacou a iniciativa. \u201cAl\u00e9m de trabalhar na a\u00e7\u00e3o, sempre aproveito para conhecer e utilizar os servi\u00e7os, principalmente os de sa\u00fade\u201d, disse.<\/p>\n\n\n\n<p>J\u00e1 Lidiane de Freitas, 39 anos, ressaltou a presen\u00e7a da Ouvidoria da Sesau. \u201cJ\u00e1 utilizei v\u00e1rias vezes e tive retorno. Ajuda muito no acompanhamento dos processos\u201d, afirmou.<\/p>\n\n\n\n<p>O secret\u00e1rio municipal de Sa\u00fade, Marcelo Vilela, refor\u00e7ou a import\u00e2ncia das a\u00e7\u00f5es integradas. \u201c\u00c9 uma forma de aproximar a sa\u00fade da popula\u00e7\u00e3o, facilitar o acesso e fortalecer o v\u00ednculo com a comunidade\u201d, destacou.<\/p>\n\n\n\n<p>A Sesau lembra que a vacina\u00e7\u00e3o continua dispon\u00edvel nas 74 unidades de sa\u00fade e \u00e9 essencial, especialmente para os grupos mais vulner\u00e1veis \u00e0s complica\u00e7\u00f5es da gripe.<\/p>\n\n\n\n<figure class=\"wp-block-image\"><img decoding=\"async\" src=\"https:\/\/cdn.campogrande.ms.gov.br\/portal\/prod\/uploads\/sites\/3\/2026\/04\/WhatsApp-Image-2026-04-25-at-16.21.32-1024x683.jpeg\" alt=\"\" class=\"wp-image-160700\"\/><\/figure>\n\n\n\n<p><strong><em>Fonte: PrefCG<\/em><\/strong><\/p>\n","protected":false},"excerpt":{"rendered":"<p>No \u00faltimo s\u00e1bado (25), moradores de Campo Grande aproveitaram o dia de folga para cuidar da sa\u00fade. A mobiliza\u00e7\u00e3o ocorreu<\/p>\n","protected":false},"author":1,"featured_media":15858,"comment_status":"open","ping_status":"open","sticky":false,"template":"","format":"standard","meta":{"footnotes":""},"categories":[9],"tags":[],"class_list":["post-15857","post","type-post","status-publish","format-standard","has-post-thumbnail","hentry","category-ciencia-e-saude"],"yoast_head":"<!-- This site is optimized with the Yoast SEO plugin v27.1.1 - https:\/\/yoast.com\/product\/yoast-seo-wordpress\/ -->\n<title>Pra\u00e7a Ary Coelho virou ponto central da vacina\u00e7\u00e3o no Dia D na capital - Folha de Mato Grosso do Sul<\/title>\n<meta name=\"robots\" content=\"index, follow, max-snippet:-1, max-image-preview:large, max-video-preview:-1\" \/>\n<link rel=\"canonical\" href=\"https:\/\/folhadems.com.br\/site\/2026\/04\/26\/praca-ary-coelho-virou-ponto-central-da-vacinacao-no-dia-d-na-capital\/\" \/>\n<meta property=\"og:locale\" content=\"pt_BR\" \/>\n<meta property=\"og:type\" content=\"article\" \/>\n<meta property=\"og:title\" content=\"Pra\u00e7a Ary Coelho virou ponto central da vacina\u00e7\u00e3o no Dia D na capital - Folha de Mato Grosso do Sul\" \/>\n<meta property=\"og:description\" content=\"No \u00faltimo s\u00e1bado (25), moradores de Campo Grande aproveitaram o dia de folga para cuidar da sa\u00fade. A mobiliza\u00e7\u00e3o ocorreu\" \/>\n<meta property=\"og:url\" content=\"https:\/\/folhadems.com.br\/site\/2026\/04\/26\/praca-ary-coelho-virou-ponto-central-da-vacinacao-no-dia-d-na-capital\/\" \/>\n<meta property=\"og:site_name\" content=\"Folha de Mato Grosso do Sul\" \/>\n<meta property=\"article:published_time\" content=\"2026-04-26T23:02:48+00:00\" \/>\n<meta property=\"article:modified_time\" content=\"2026-04-26T23:02:52+00:00\" \/>\n<meta property=\"og:image\" content=\"https:\/\/folhadems.com.br\/site\/wp-content\/uploads\/2026\/04\/vacina-1.jpg\" \/>\n\t<meta property=\"og:image:width\" content=\"800\" \/>\n\t<meta property=\"og:image:height\" content=\"450\" \/>\n\t<meta property=\"og:image:type\" content=\"image\/jpeg\" \/>\n<meta name=\"author\" content=\"Elite Midia\" \/>\n<meta name=\"twitter:card\" content=\"summary_large_image\" \/>\n<meta name=\"twitter:label1\" content=\"Escrito por\" \/>\n\t<meta name=\"twitter:data1\" content=\"Elite Midia\" \/>\n\t<meta name=\"twitter:label2\" content=\"Est. tempo de leitura\" \/>\n\t<meta name=\"twitter:data2\" content=\"4 minutos\" \/>\n<script type=\"application\/ld+json\" class=\"yoast-schema-graph\">{\"@context\":\"https:\/\/schema.org\",\"@graph\":[{\"@type\":\"Article\",\"@id\":\"https:\/\/folhadems.com.br\/site\/2026\/04\/26\/praca-ary-coelho-virou-ponto-central-da-vacinacao-no-dia-d-na-capital\/#article\",\"isPartOf\":{\"@id\":\"https:\/\/folhadems.com.br\/site\/2026\/04\/26\/praca-ary-coelho-virou-ponto-central-da-vacinacao-no-dia-d-na-capital\/\"},\"author\":{\"name\":\"Elite Midia\",\"@id\":\"https:\/\/folhadems.com.br\/site\/#\/schema\/person\/e4a04038e5c2e7040e19ef252ae9d940\"},\"headline\":\"Pra\u00e7a Ary Coelho virou ponto central da vacina\u00e7\u00e3o no Dia D na capital\",\"datePublished\":\"2026-04-26T23:02:48+00:00\",\"dateModified\":\"2026-04-26T23:02:52+00:00\",\"mainEntityOfPage\":{\"@id\":\"https:\/\/folhadems.com.br\/site\/2026\/04\/26\/praca-ary-coelho-virou-ponto-central-da-vacinacao-no-dia-d-na-capital\/\"},\"wordCount\":541,\"commentCount\":0,\"publisher\":{\"@id\":\"https:\/\/folhadems.com.br\/site\/#organization\"},\"image\":{\"@id\":\"https:\/\/folhadems.com.br\/site\/2026\/04\/26\/praca-ary-coelho-virou-ponto-central-da-vacinacao-no-dia-d-na-capital\/#primaryimage\"},\"thumbnailUrl\":\"https:\/\/folhadems.com.br\/site\/wp-content\/uploads\/2026\/04\/vacina-1.jpg\",\"articleSection\":[\"Ci\u00eancia e Sa\u00fade\"],\"inLanguage\":\"pt-BR\",\"potentialAction\":[{\"@type\":\"CommentAction\",\"name\":\"Comment\",\"target\":[\"https:\/\/folhadems.com.br\/site\/2026\/04\/26\/praca-ary-coelho-virou-ponto-central-da-vacinacao-no-dia-d-na-capital\/#respond\"]}]},{\"@type\":\"WebPage\",\"@id\":\"https:\/\/folhadems.com.br\/site\/2026\/04\/26\/praca-ary-coelho-virou-ponto-central-da-vacinacao-no-dia-d-na-capital\/\",\"url\":\"https:\/\/folhadems.com.br\/site\/2026\/04\/26\/praca-ary-coelho-virou-ponto-central-da-vacinacao-no-dia-d-na-capital\/\",\"name\":\"Pra\u00e7a Ary Coelho virou ponto central da vacina\u00e7\u00e3o no Dia D na capital - Folha de Mato Grosso do Sul\",\"isPartOf\":{\"@id\":\"https:\/\/folhadems.com.br\/site\/#website\"},\"primaryImageOfPage\":{\"@id\":\"https:\/\/folhadems.com.br\/site\/2026\/04\/26\/praca-ary-coelho-virou-ponto-central-da-vacinacao-no-dia-d-na-capital\/#primaryimage\"},\"image\":{\"@id\":\"https:\/\/folhadems.com.br\/site\/2026\/04\/26\/praca-ary-coelho-virou-ponto-central-da-vacinacao-no-dia-d-na-capital\/#primaryimage\"},\"thumbnailUrl\":\"https:\/\/folhadems.com.br\/site\/wp-content\/uploads\/2026\/04\/vacina-1.jpg\",\"datePublished\":\"2026-04-26T23:02:48+00:00\",\"dateModified\":\"2026-04-26T23:02:52+00:00\",\"breadcrumb\":{\"@id\":\"https:\/\/folhadems.com.br\/site\/2026\/04\/26\/praca-ary-coelho-virou-ponto-central-da-vacinacao-no-dia-d-na-capital\/#breadcrumb\"},\"inLanguage\":\"pt-BR\",\"potentialAction\":[{\"@type\":\"ReadAction\",\"target\":[\"https:\/\/folhadems.com.br\/site\/2026\/04\/26\/praca-ary-coelho-virou-ponto-central-da-vacinacao-no-dia-d-na-capital\/\"]}]},{\"@type\":\"ImageObject\",\"inLanguage\":\"pt-BR\",\"@id\":\"https:\/\/folhadems.com.br\/site\/2026\/04\/26\/praca-ary-coelho-virou-ponto-central-da-vacinacao-no-dia-d-na-capital\/#primaryimage\",\"url\":\"https:\/\/folhadems.com.br\/site\/wp-content\/uploads\/2026\/04\/vacina-1.jpg\",\"contentUrl\":\"https:\/\/folhadems.com.br\/site\/wp-content\/uploads\/2026\/04\/vacina-1.jpg\",\"width\":800,\"height\":450},{\"@type\":\"BreadcrumbList\",\"@id\":\"https:\/\/folhadems.com.br\/site\/2026\/04\/26\/praca-ary-coelho-virou-ponto-central-da-vacinacao-no-dia-d-na-capital\/#breadcrumb\",\"itemListElement\":[{\"@type\":\"ListItem\",\"position\":1,\"name\":\"In\u00edcio\",\"item\":\"https:\/\/folhadems.com.br\/site\/\"},{\"@type\":\"ListItem\",\"position\":2,\"name\":\"Pra\u00e7a Ary Coelho virou ponto central da vacina\u00e7\u00e3o no Dia D na capital\"}]},{\"@type\":\"WebSite\",\"@id\":\"https:\/\/folhadems.com.br\/site\/#website\",\"url\":\"https:\/\/folhadems.com.br\/site\/\",\"name\":\"Folha de Mato Grosso do Sul\",\"description\":\"Jornal Online\",\"publisher\":{\"@id\":\"https:\/\/folhadems.com.br\/site\/#organization\"},\"potentialAction\":[{\"@type\":\"SearchAction\",\"target\":{\"@type\":\"EntryPoint\",\"urlTemplate\":\"https:\/\/folhadems.com.br\/site\/?s={search_term_string}\"},\"query-input\":{\"@type\":\"PropertyValueSpecification\",\"valueRequired\":true,\"valueName\":\"search_term_string\"}}],\"inLanguage\":\"pt-BR\"},{\"@type\":\"Organization\",\"@id\":\"https:\/\/folhadems.com.br\/site\/#organization\",\"name\":\"Folha de Mato Grosso do Sul\",\"url\":\"https:\/\/folhadems.com.br\/site\/\",\"logo\":{\"@type\":\"ImageObject\",\"inLanguage\":\"pt-BR\",\"@id\":\"https:\/\/folhadems.com.br\/site\/#\/schema\/logo\/image\/\",\"url\":\"https:\/\/folhadems.com.br\/site\/wp-content\/uploads\/2023\/01\/logo-folha-de-ms-380x90-1.jpg\",\"contentUrl\":\"https:\/\/folhadems.com.br\/site\/wp-content\/uploads\/2023\/01\/logo-folha-de-ms-380x90-1.jpg\",\"width\":380,\"height\":90,\"caption\":\"Folha de Mato Grosso do Sul\"},\"image\":{\"@id\":\"https:\/\/folhadems.com.br\/site\/#\/schema\/logo\/image\/\"}},{\"@type\":\"Person\",\"@id\":\"https:\/\/folhadems.com.br\/site\/#\/schema\/person\/e4a04038e5c2e7040e19ef252ae9d940\",\"name\":\"Elite Midia\",\"image\":{\"@type\":\"ImageObject\",\"inLanguage\":\"pt-BR\",\"@id\":\"https:\/\/folhadems.com.br\/site\/#\/schema\/person\/image\/\",\"url\":\"https:\/\/secure.gravatar.com\/avatar\/f76a80f01119f7fec6909ab9feea8819031f391155be021b685479d77496f055?s=96&d=mm&r=g\",\"contentUrl\":\"https:\/\/secure.gravatar.com\/avatar\/f76a80f01119f7fec6909ab9feea8819031f391155be021b685479d77496f055?s=96&d=mm&r=g\",\"caption\":\"Elite Midia\"},\"sameAs\":[\"https:\/\/folhadems.com.br\/site\"],\"url\":\"https:\/\/folhadems.com.br\/site\/author\/elite-midia\/\"}]}<\/script>\n<!-- \/ Yoast SEO plugin. -->","yoast_head_json":{"title":"Pra\u00e7a Ary Coelho virou ponto central da vacina\u00e7\u00e3o no Dia D na capital - Folha de Mato Grosso do Sul","robots":{"index":"index","follow":"follow","max-snippet":"max-snippet:-1","max-image-preview":"max-image-preview:large","max-video-preview":"max-video-preview:-1"},"canonical":"https:\/\/folhadems.com.br\/site\/2026\/04\/26\/praca-ary-coelho-virou-ponto-central-da-vacinacao-no-dia-d-na-capital\/","og_locale":"pt_BR","og_type":"article","og_title":"Pra\u00e7a Ary Coelho virou ponto central da vacina\u00e7\u00e3o no Dia D na capital - Folha de Mato Grosso do Sul","og_description":"No \u00faltimo s\u00e1bado (25), moradores de Campo Grande aproveitaram o dia de folga para cuidar da sa\u00fade. A mobiliza\u00e7\u00e3o ocorreu","og_url":"https:\/\/folhadems.com.br\/site\/2026\/04\/26\/praca-ary-coelho-virou-ponto-central-da-vacinacao-no-dia-d-na-capital\/","og_site_name":"Folha de Mato Grosso do Sul","article_published_time":"2026-04-26T23:02:48+00:00","article_modified_time":"2026-04-26T23:02:52+00:00","og_image":[{"width":800,"height":450,"url":"https:\/\/folhadems.com.br\/site\/wp-content\/uploads\/2026\/04\/vacina-1.jpg","type":"image\/jpeg"}],"author":"Elite Midia","twitter_card":"summary_large_image","twitter_misc":{"Escrito por":"Elite Midia","Est. tempo de leitura":"4 minutos"},"schema":{"@context":"https:\/\/schema.org","@graph":[{"@type":"Article","@id":"https:\/\/folhadems.com.br\/site\/2026\/04\/26\/praca-ary-coelho-virou-ponto-central-da-vacinacao-no-dia-d-na-capital\/#article","isPartOf":{"@id":"https:\/\/folhadems.com.br\/site\/2026\/04\/26\/praca-ary-coelho-virou-ponto-central-da-vacinacao-no-dia-d-na-capital\/"},"author":{"name":"Elite Midia","@id":"https:\/\/folhadems.com.br\/site\/#\/schema\/person\/e4a04038e5c2e7040e19ef252ae9d940"},"headline":"Pra\u00e7a Ary Coelho virou ponto central da vacina\u00e7\u00e3o no Dia D na capital","datePublished":"2026-04-26T23:02:48+00:00","dateModified":"2026-04-26T23:02:52+00:00","mainEntityOfPage":{"@id":"https:\/\/folhadems.com.br\/site\/2026\/04\/26\/praca-ary-coelho-virou-ponto-central-da-vacinacao-no-dia-d-na-capital\/"},"wordCount":541,"commentCount":0,"publisher":{"@id":"https:\/\/folhadems.com.br\/site\/#organization"},"image":{"@id":"https:\/\/folhadems.com.br\/site\/2026\/04\/26\/praca-ary-coelho-virou-ponto-central-da-vacinacao-no-dia-d-na-capital\/#primaryimage"},"thumbnailUrl":"https:\/\/folhadems.com.br\/site\/wp-content\/uploads\/2026\/04\/vacina-1.jpg","articleSection":["Ci\u00eancia e Sa\u00fade"],"inLanguage":"pt-BR","potentialAction":[{"@type":"CommentAction","name":"Comment","target":["https:\/\/folhadems.com.br\/site\/2026\/04\/26\/praca-ary-coelho-virou-ponto-central-da-vacinacao-no-dia-d-na-capital\/#respond"]}]},{"@type":"WebPage","@id":"https:\/\/folhadems.com.br\/site\/2026\/04\/26\/praca-ary-coelho-virou-ponto-central-da-vacinacao-no-dia-d-na-capital\/","url":"https:\/\/folhadems.com.br\/site\/2026\/04\/26\/praca-ary-coelho-virou-ponto-central-da-vacinacao-no-dia-d-na-capital\/","name":"Pra\u00e7a Ary Coelho virou ponto central da vacina\u00e7\u00e3o no Dia D na capital - Folha de Mato Grosso do Sul","isPartOf":{"@id":"https:\/\/folhadems.com.br\/site\/#website"},"primaryImageOfPage":{"@id":"https:\/\/folhadems.com.br\/site\/2026\/04\/26\/praca-ary-coelho-virou-ponto-central-da-vacinacao-no-dia-d-na-capital\/#primaryimage"},"image":{"@id":"https:\/\/folhadems.com.br\/site\/2026\/04\/26\/praca-ary-coelho-virou-ponto-central-da-vacinacao-no-dia-d-na-capital\/#primaryimage"},"thumbnailUrl":"https:\/\/folhadems.com.br\/site\/wp-content\/uploads\/2026\/04\/vacina-1.jpg","datePublished":"2026-04-26T23:02:48+00:00","dateModified":"2026-04-26T23:02:52+00:00","breadcrumb":{"@id":"https:\/\/folhadems.com.br\/site\/2026\/04\/26\/praca-ary-coelho-virou-ponto-central-da-vacinacao-no-dia-d-na-capital\/#breadcrumb"},"inLanguage":"pt-BR","potentialAction":[{"@type":"ReadAction","target":["https:\/\/folhadems.com.br\/site\/2026\/04\/26\/praca-ary-coelho-virou-ponto-central-da-vacinacao-no-dia-d-na-capital\/"]}]},{"@type":"ImageObject","inLanguage":"pt-BR","@id":"https:\/\/folhadems.com.br\/site\/2026\/04\/26\/praca-ary-coelho-virou-ponto-central-da-vacinacao-no-dia-d-na-capital\/#primaryimage","url":"https:\/\/folhadems.com.br\/site\/wp-content\/uploads\/2026\/04\/vacina-1.jpg","contentUrl":"https:\/\/folhadems.com.br\/site\/wp-content\/uploads\/2026\/04\/vacina-1.jpg","width":800,"height":450},{"@type":"BreadcrumbList","@id":"https:\/\/folhadems.com.br\/site\/2026\/04\/26\/praca-ary-coelho-virou-ponto-central-da-vacinacao-no-dia-d-na-capital\/#breadcrumb","itemListElement":[{"@type":"ListItem","position":1,"name":"In\u00edcio","item":"https:\/\/folhadems.com.br\/site\/"},{"@type":"ListItem","position":2,"name":"Pra\u00e7a Ary Coelho virou ponto central da vacina\u00e7\u00e3o no Dia D na capital"}]},{"@type":"WebSite","@id":"https:\/\/folhadems.com.br\/site\/#website","url":"https:\/\/folhadems.com.br\/site\/","name":"Folha de Mato Grosso do Sul","description":"Jornal Online","publisher":{"@id":"https:\/\/folhadems.com.br\/site\/#organization"},"potentialAction":[{"@type":"SearchAction","target":{"@type":"EntryPoint","urlTemplate":"https:\/\/folhadems.com.br\/site\/?s={search_term_string}"},"query-input":{"@type":"PropertyValueSpecification","valueRequired":true,"valueName":"search_term_string"}}],"inLanguage":"pt-BR"},{"@type":"Organization","@id":"https:\/\/folhadems.com.br\/site\/#organization","name":"Folha de Mato Grosso do Sul","url":"https:\/\/folhadems.com.br\/site\/","logo":{"@type":"ImageObject","inLanguage":"pt-BR","@id":"https:\/\/folhadems.com.br\/site\/#\/schema\/logo\/image\/","url":"https:\/\/folhadems.com.br\/site\/wp-content\/uploads\/2023\/01\/logo-folha-de-ms-380x90-1.jpg","contentUrl":"https:\/\/folhadems.com.br\/site\/wp-content\/uploads\/2023\/01\/logo-folha-de-ms-380x90-1.jpg","width":380,"height":90,"caption":"Folha de Mato Grosso do Sul"},"image":{"@id":"https:\/\/folhadems.com.br\/site\/#\/schema\/logo\/image\/"}},{"@type":"Person","@id":"https:\/\/folhadems.com.br\/site\/#\/schema\/person\/e4a04038e5c2e7040e19ef252ae9d940","name":"Elite Midia","image":{"@type":"ImageObject","inLanguage":"pt-BR","@id":"https:\/\/folhadems.com.br\/site\/#\/schema\/person\/image\/","url":"https:\/\/secure.gravatar.com\/avatar\/f76a80f01119f7fec6909ab9feea8819031f391155be021b685479d77496f055?s=96&d=mm&r=g","contentUrl":"https:\/\/secure.gravatar.com\/avatar\/f76a80f01119f7fec6909ab9feea8819031f391155be021b685479d77496f055?s=96&d=mm&r=g","caption":"Elite Midia"},"sameAs":["https:\/\/folhadems.com.br\/site"],"url":"https:\/\/folhadems.com.br\/site\/author\/elite-midia\/"}]}},"publishpress_future_action":{"enabled":false,"date":"2026-05-03 22:55:40","action":"change-status","newStatus":"draft","terms":[],"taxonomy":"category","extraData":[]},"publishpress_future_workflow_manual_trigger":{"enabledWorkflows":[]},"_links":{"self":[{"href":"https:\/\/folhadems.com.br\/site\/wp-json\/wp\/v2\/posts\/15857","targetHints":{"allow":["GET"]}}],"collection":[{"href":"https:\/\/folhadems.com.br\/site\/wp-json\/wp\/v2\/posts"}],"about":[{"href":"https:\/\/folhadems.com.br\/site\/wp-json\/wp\/v2\/types\/post"}],"author":[{"embeddable":true,"href":"https:\/\/folhadems.com.br\/site\/wp-json\/wp\/v2\/users\/1"}],"replies":[{"embeddable":true,"href":"https:\/\/folhadems.com.br\/site\/wp-json\/wp\/v2\/comments?post=15857"}],"version-history":[{"count":1,"href":"https:\/\/folhadems.com.br\/site\/wp-json\/wp\/v2\/posts\/15857\/revisions"}],"predecessor-version":[{"id":15859,"href":"https:\/\/folhadems.com.br\/site\/wp-json\/wp\/v2\/posts\/15857\/revisions\/15859"}],"wp:featuredmedia":[{"embeddable":true,"href":"https:\/\/folhadems.com.br\/site\/wp-json\/wp\/v2\/media\/15858"}],"wp:attachment":[{"href":"https:\/\/folhadems.com.br\/site\/wp-json\/wp\/v2\/media?parent=15857"}],"wp:term":[{"taxonomy":"category","embeddable":true,"href":"https:\/\/folhadems.com.br\/site\/wp-json\/wp\/v2\/categories?post=15857"},{"taxonomy":"post_tag","embeddable":true,"href":"https:\/\/folhadems.com.br\/site\/wp-json\/wp\/v2\/tags?post=15857"}],"curies":[{"name":"wp","href":"https:\/\/api.w.org\/{rel}","templated":true}]}}