{"id":15854,"date":"2026-04-26T19:01:15","date_gmt":"2026-04-26T23:01:15","guid":{"rendered":"https:\/\/folhadems.com.br\/site\/?p=15854"},"modified":"2026-04-26T19:01:20","modified_gmt":"2026-04-26T23:01:20","slug":"emprega-cg-leva-mais-de-200-vagas-no-jardim-moema-esta-semana","status":"publish","type":"post","link":"https:\/\/folhadems.com.br\/site\/2026\/04\/26\/emprega-cg-leva-mais-de-200-vagas-no-jardim-moema-esta-semana\/","title":{"rendered":"Emprega CG leva mais de 200 vagas no Jardim Moema esta semana"},"content":{"rendered":"\n<p>A Funda\u00e7\u00e3o Social do Trabalho de Campo Grande realiza nesta quarta-feira (29) mais uma edi\u00e7\u00e3o do Emprega CG, desta vez na regi\u00e3o do Bandeira, com a oferta de mais de 200 vagas de trabalho.<\/p>\n\n\n\n<p>A a\u00e7\u00e3o acontece das 8h \u00e0s 12h, no Cras Lili Fernandes, localizado no Jardim Moema, e contar\u00e1 com a participa\u00e7\u00e3o de 10 empresas parceiras, que estar\u00e3o no local realizando recrutamento e sele\u00e7\u00e3o de candidatos.<\/p>\n\n\n\n<p>Entre as oportunidades dispon\u00edveis est\u00e3o vagas para operador de caixa, atendente de balc\u00e3o de farm\u00e1cia, auxiliar de limpeza, auxiliar de linha de produ\u00e7\u00e3o, atendente de frios, motorista, motorista entregador, auxiliar administrativo, atendente de telemarketing, operador de produ\u00e7\u00e3o e vendedor.<\/p>\n\n\n\n<p>A iniciativa tem como objetivo facilitar o acesso da popula\u00e7\u00e3o ao mercado de trabalho, aproximando empregadores e trabalhadores em um \u00fanico espa\u00e7o, de forma r\u00e1pida e pr\u00e1tica.<\/p>\n\n\n\n<p>Os interessados devem comparecer ao local com documentos pessoais e carteira de trabalho para participar dos processos seletivos.<\/p>\n\n\n\n<p><strong>Servi\u00e7o:<\/strong><br><strong>Evento:<\/strong> Emprega CG \u2013 Regi\u00e3o Bandeira<br><strong>Data:<\/strong> 29\/04\/2026 (quarta-feira)<br><strong>Hor\u00e1rio:<\/strong> 08h \u00e0s 12h<br><strong>Local:<\/strong> CRAS Lili Fernandes<\/p>\n\n\n\n<p><strong><em>Fonte: PrefCG<\/em><\/strong><\/p>\n","protected":false},"excerpt":{"rendered":"<p>A Funda\u00e7\u00e3o Social do Trabalho de Campo Grande realiza nesta quarta-feira (29) mais uma edi\u00e7\u00e3o do Emprega CG, desta vez<\/p>\n","protected":false},"author":1,"featured_media":15855,"comment_status":"open","ping_status":"open","sticky":false,"template":"","format":"standard","meta":{"footnotes":""},"categories":[26],"tags":[],"class_list":["post-15854","post","type-post","status-publish","format-standard","has-post-thumbnail","hentry","category-cotidiano"],"yoast_head":"<!-- This site is optimized with the Yoast SEO plugin v27.1.1 - https:\/\/yoast.com\/product\/yoast-seo-wordpress\/ -->\n<title>Emprega CG leva mais de 200 vagas no Jardim Moema esta semana - Folha de Mato Grosso do Sul<\/title>\n<meta name=\"robots\" content=\"index, follow, max-snippet:-1, max-image-preview:large, max-video-preview:-1\" \/>\n<link rel=\"canonical\" href=\"https:\/\/folhadems.com.br\/site\/2026\/04\/26\/emprega-cg-leva-mais-de-200-vagas-no-jardim-moema-esta-semana\/\" \/>\n<meta property=\"og:locale\" content=\"pt_BR\" \/>\n<meta property=\"og:type\" content=\"article\" \/>\n<meta property=\"og:title\" content=\"Emprega CG leva mais de 200 vagas no Jardim Moema esta semana - Folha de Mato Grosso do Sul\" \/>\n<meta property=\"og:description\" content=\"A Funda\u00e7\u00e3o Social do Trabalho de Campo Grande realiza nesta quarta-feira (29) mais uma edi\u00e7\u00e3o do Emprega CG, desta vez\" \/>\n<meta property=\"og:url\" content=\"https:\/\/folhadems.com.br\/site\/2026\/04\/26\/emprega-cg-leva-mais-de-200-vagas-no-jardim-moema-esta-semana\/\" \/>\n<meta property=\"og:site_name\" content=\"Folha de Mato Grosso do Sul\" \/>\n<meta property=\"article:published_time\" content=\"2026-04-26T23:01:15+00:00\" \/>\n<meta property=\"article:modified_time\" content=\"2026-04-26T23:01:20+00:00\" \/>\n<meta property=\"og:image\" content=\"https:\/\/folhadems.com.br\/site\/wp-content\/uploads\/2026\/04\/emprego.jpg\" \/>\n\t<meta property=\"og:image:width\" content=\"800\" \/>\n\t<meta property=\"og:image:height\" content=\"450\" \/>\n\t<meta property=\"og:image:type\" content=\"image\/jpeg\" \/>\n<meta name=\"author\" content=\"Elite Midia\" \/>\n<meta name=\"twitter:card\" content=\"summary_large_image\" \/>\n<meta name=\"twitter:label1\" content=\"Escrito por\" \/>\n\t<meta name=\"twitter:data1\" content=\"Elite Midia\" \/>\n\t<meta name=\"twitter:label2\" content=\"Est. tempo de leitura\" \/>\n\t<meta name=\"twitter:data2\" content=\"2 minutos\" \/>\n<script type=\"application\/ld+json\" class=\"yoast-schema-graph\">{\"@context\":\"https:\/\/schema.org\",\"@graph\":[{\"@type\":\"Article\",\"@id\":\"https:\/\/folhadems.com.br\/site\/2026\/04\/26\/emprega-cg-leva-mais-de-200-vagas-no-jardim-moema-esta-semana\/#article\",\"isPartOf\":{\"@id\":\"https:\/\/folhadems.com.br\/site\/2026\/04\/26\/emprega-cg-leva-mais-de-200-vagas-no-jardim-moema-esta-semana\/\"},\"author\":{\"name\":\"Elite Midia\",\"@id\":\"https:\/\/folhadems.com.br\/site\/#\/schema\/person\/e4a04038e5c2e7040e19ef252ae9d940\"},\"headline\":\"Emprega CG leva mais de 200 vagas no Jardim Moema esta semana\",\"datePublished\":\"2026-04-26T23:01:15+00:00\",\"dateModified\":\"2026-04-26T23:01:20+00:00\",\"mainEntityOfPage\":{\"@id\":\"https:\/\/folhadems.com.br\/site\/2026\/04\/26\/emprega-cg-leva-mais-de-200-vagas-no-jardim-moema-esta-semana\/\"},\"wordCount\":198,\"commentCount\":0,\"publisher\":{\"@id\":\"https:\/\/folhadems.com.br\/site\/#organization\"},\"image\":{\"@id\":\"https:\/\/folhadems.com.br\/site\/2026\/04\/26\/emprega-cg-leva-mais-de-200-vagas-no-jardim-moema-esta-semana\/#primaryimage\"},\"thumbnailUrl\":\"https:\/\/folhadems.com.br\/site\/wp-content\/uploads\/2026\/04\/emprego.jpg\",\"articleSection\":[\"Cotidiano\"],\"inLanguage\":\"pt-BR\",\"potentialAction\":[{\"@type\":\"CommentAction\",\"name\":\"Comment\",\"target\":[\"https:\/\/folhadems.com.br\/site\/2026\/04\/26\/emprega-cg-leva-mais-de-200-vagas-no-jardim-moema-esta-semana\/#respond\"]}]},{\"@type\":\"WebPage\",\"@id\":\"https:\/\/folhadems.com.br\/site\/2026\/04\/26\/emprega-cg-leva-mais-de-200-vagas-no-jardim-moema-esta-semana\/\",\"url\":\"https:\/\/folhadems.com.br\/site\/2026\/04\/26\/emprega-cg-leva-mais-de-200-vagas-no-jardim-moema-esta-semana\/\",\"name\":\"Emprega CG leva mais de 200 vagas no Jardim Moema esta semana - Folha de Mato Grosso do Sul\",\"isPartOf\":{\"@id\":\"https:\/\/folhadems.com.br\/site\/#website\"},\"primaryImageOfPage\":{\"@id\":\"https:\/\/folhadems.com.br\/site\/2026\/04\/26\/emprega-cg-leva-mais-de-200-vagas-no-jardim-moema-esta-semana\/#primaryimage\"},\"image\":{\"@id\":\"https:\/\/folhadems.com.br\/site\/2026\/04\/26\/emprega-cg-leva-mais-de-200-vagas-no-jardim-moema-esta-semana\/#primaryimage\"},\"thumbnailUrl\":\"https:\/\/folhadems.com.br\/site\/wp-content\/uploads\/2026\/04\/emprego.jpg\",\"datePublished\":\"2026-04-26T23:01:15+00:00\",\"dateModified\":\"2026-04-26T23:01:20+00:00\",\"breadcrumb\":{\"@id\":\"https:\/\/folhadems.com.br\/site\/2026\/04\/26\/emprega-cg-leva-mais-de-200-vagas-no-jardim-moema-esta-semana\/#breadcrumb\"},\"inLanguage\":\"pt-BR\",\"potentialAction\":[{\"@type\":\"ReadAction\",\"target\":[\"https:\/\/folhadems.com.br\/site\/2026\/04\/26\/emprega-cg-leva-mais-de-200-vagas-no-jardim-moema-esta-semana\/\"]}]},{\"@type\":\"ImageObject\",\"inLanguage\":\"pt-BR\",\"@id\":\"https:\/\/folhadems.com.br\/site\/2026\/04\/26\/emprega-cg-leva-mais-de-200-vagas-no-jardim-moema-esta-semana\/#primaryimage\",\"url\":\"https:\/\/folhadems.com.br\/site\/wp-content\/uploads\/2026\/04\/emprego.jpg\",\"contentUrl\":\"https:\/\/folhadems.com.br\/site\/wp-content\/uploads\/2026\/04\/emprego.jpg\",\"width\":800,\"height\":450},{\"@type\":\"BreadcrumbList\",\"@id\":\"https:\/\/folhadems.com.br\/site\/2026\/04\/26\/emprega-cg-leva-mais-de-200-vagas-no-jardim-moema-esta-semana\/#breadcrumb\",\"itemListElement\":[{\"@type\":\"ListItem\",\"position\":1,\"name\":\"In\u00edcio\",\"item\":\"https:\/\/folhadems.com.br\/site\/\"},{\"@type\":\"ListItem\",\"position\":2,\"name\":\"Emprega CG leva mais de 200 vagas no Jardim Moema esta semana\"}]},{\"@type\":\"WebSite\",\"@id\":\"https:\/\/folhadems.com.br\/site\/#website\",\"url\":\"https:\/\/folhadems.com.br\/site\/\",\"name\":\"Folha de Mato Grosso do Sul\",\"description\":\"Jornal Online\",\"publisher\":{\"@id\":\"https:\/\/folhadems.com.br\/site\/#organization\"},\"potentialAction\":[{\"@type\":\"SearchAction\",\"target\":{\"@type\":\"EntryPoint\",\"urlTemplate\":\"https:\/\/folhadems.com.br\/site\/?s={search_term_string}\"},\"query-input\":{\"@type\":\"PropertyValueSpecification\",\"valueRequired\":true,\"valueName\":\"search_term_string\"}}],\"inLanguage\":\"pt-BR\"},{\"@type\":\"Organization\",\"@id\":\"https:\/\/folhadems.com.br\/site\/#organization\",\"name\":\"Folha de Mato Grosso do Sul\",\"url\":\"https:\/\/folhadems.com.br\/site\/\",\"logo\":{\"@type\":\"ImageObject\",\"inLanguage\":\"pt-BR\",\"@id\":\"https:\/\/folhadems.com.br\/site\/#\/schema\/logo\/image\/\",\"url\":\"https:\/\/folhadems.com.br\/site\/wp-content\/uploads\/2023\/01\/logo-folha-de-ms-380x90-1.jpg\",\"contentUrl\":\"https:\/\/folhadems.com.br\/site\/wp-content\/uploads\/2023\/01\/logo-folha-de-ms-380x90-1.jpg\",\"width\":380,\"height\":90,\"caption\":\"Folha de Mato Grosso do Sul\"},\"image\":{\"@id\":\"https:\/\/folhadems.com.br\/site\/#\/schema\/logo\/image\/\"}},{\"@type\":\"Person\",\"@id\":\"https:\/\/folhadems.com.br\/site\/#\/schema\/person\/e4a04038e5c2e7040e19ef252ae9d940\",\"name\":\"Elite Midia\",\"image\":{\"@type\":\"ImageObject\",\"inLanguage\":\"pt-BR\",\"@id\":\"https:\/\/folhadems.com.br\/site\/#\/schema\/person\/image\/\",\"url\":\"https:\/\/secure.gravatar.com\/avatar\/f76a80f01119f7fec6909ab9feea8819031f391155be021b685479d77496f055?s=96&d=mm&r=g\",\"contentUrl\":\"https:\/\/secure.gravatar.com\/avatar\/f76a80f01119f7fec6909ab9feea8819031f391155be021b685479d77496f055?s=96&d=mm&r=g\",\"caption\":\"Elite Midia\"},\"sameAs\":[\"https:\/\/folhadems.com.br\/site\"],\"url\":\"https:\/\/folhadems.com.br\/site\/author\/elite-midia\/\"}]}<\/script>\n<!-- \/ Yoast SEO plugin. -->","yoast_head_json":{"title":"Emprega CG leva mais de 200 vagas no Jardim Moema esta semana - Folha de Mato Grosso do Sul","robots":{"index":"index","follow":"follow","max-snippet":"max-snippet:-1","max-image-preview":"max-image-preview:large","max-video-preview":"max-video-preview:-1"},"canonical":"https:\/\/folhadems.com.br\/site\/2026\/04\/26\/emprega-cg-leva-mais-de-200-vagas-no-jardim-moema-esta-semana\/","og_locale":"pt_BR","og_type":"article","og_title":"Emprega CG leva mais de 200 vagas no Jardim Moema esta semana - Folha de Mato Grosso do Sul","og_description":"A Funda\u00e7\u00e3o Social do Trabalho de Campo Grande realiza nesta quarta-feira (29) mais uma edi\u00e7\u00e3o do Emprega CG, desta vez","og_url":"https:\/\/folhadems.com.br\/site\/2026\/04\/26\/emprega-cg-leva-mais-de-200-vagas-no-jardim-moema-esta-semana\/","og_site_name":"Folha de Mato Grosso do Sul","article_published_time":"2026-04-26T23:01:15+00:00","article_modified_time":"2026-04-26T23:01:20+00:00","og_image":[{"width":800,"height":450,"url":"https:\/\/folhadems.com.br\/site\/wp-content\/uploads\/2026\/04\/emprego.jpg","type":"image\/jpeg"}],"author":"Elite Midia","twitter_card":"summary_large_image","twitter_misc":{"Escrito por":"Elite Midia","Est. tempo de leitura":"2 minutos"},"schema":{"@context":"https:\/\/schema.org","@graph":[{"@type":"Article","@id":"https:\/\/folhadems.com.br\/site\/2026\/04\/26\/emprega-cg-leva-mais-de-200-vagas-no-jardim-moema-esta-semana\/#article","isPartOf":{"@id":"https:\/\/folhadems.com.br\/site\/2026\/04\/26\/emprega-cg-leva-mais-de-200-vagas-no-jardim-moema-esta-semana\/"},"author":{"name":"Elite Midia","@id":"https:\/\/folhadems.com.br\/site\/#\/schema\/person\/e4a04038e5c2e7040e19ef252ae9d940"},"headline":"Emprega CG leva mais de 200 vagas no Jardim Moema esta semana","datePublished":"2026-04-26T23:01:15+00:00","dateModified":"2026-04-26T23:01:20+00:00","mainEntityOfPage":{"@id":"https:\/\/folhadems.com.br\/site\/2026\/04\/26\/emprega-cg-leva-mais-de-200-vagas-no-jardim-moema-esta-semana\/"},"wordCount":198,"commentCount":0,"publisher":{"@id":"https:\/\/folhadems.com.br\/site\/#organization"},"image":{"@id":"https:\/\/folhadems.com.br\/site\/2026\/04\/26\/emprega-cg-leva-mais-de-200-vagas-no-jardim-moema-esta-semana\/#primaryimage"},"thumbnailUrl":"https:\/\/folhadems.com.br\/site\/wp-content\/uploads\/2026\/04\/emprego.jpg","articleSection":["Cotidiano"],"inLanguage":"pt-BR","potentialAction":[{"@type":"CommentAction","name":"Comment","target":["https:\/\/folhadems.com.br\/site\/2026\/04\/26\/emprega-cg-leva-mais-de-200-vagas-no-jardim-moema-esta-semana\/#respond"]}]},{"@type":"WebPage","@id":"https:\/\/folhadems.com.br\/site\/2026\/04\/26\/emprega-cg-leva-mais-de-200-vagas-no-jardim-moema-esta-semana\/","url":"https:\/\/folhadems.com.br\/site\/2026\/04\/26\/emprega-cg-leva-mais-de-200-vagas-no-jardim-moema-esta-semana\/","name":"Emprega CG leva mais de 200 vagas no Jardim Moema esta semana - Folha de Mato Grosso do Sul","isPartOf":{"@id":"https:\/\/folhadems.com.br\/site\/#website"},"primaryImageOfPage":{"@id":"https:\/\/folhadems.com.br\/site\/2026\/04\/26\/emprega-cg-leva-mais-de-200-vagas-no-jardim-moema-esta-semana\/#primaryimage"},"image":{"@id":"https:\/\/folhadems.com.br\/site\/2026\/04\/26\/emprega-cg-leva-mais-de-200-vagas-no-jardim-moema-esta-semana\/#primaryimage"},"thumbnailUrl":"https:\/\/folhadems.com.br\/site\/wp-content\/uploads\/2026\/04\/emprego.jpg","datePublished":"2026-04-26T23:01:15+00:00","dateModified":"2026-04-26T23:01:20+00:00","breadcrumb":{"@id":"https:\/\/folhadems.com.br\/site\/2026\/04\/26\/emprega-cg-leva-mais-de-200-vagas-no-jardim-moema-esta-semana\/#breadcrumb"},"inLanguage":"pt-BR","potentialAction":[{"@type":"ReadAction","target":["https:\/\/folhadems.com.br\/site\/2026\/04\/26\/emprega-cg-leva-mais-de-200-vagas-no-jardim-moema-esta-semana\/"]}]},{"@type":"ImageObject","inLanguage":"pt-BR","@id":"https:\/\/folhadems.com.br\/site\/2026\/04\/26\/emprega-cg-leva-mais-de-200-vagas-no-jardim-moema-esta-semana\/#primaryimage","url":"https:\/\/folhadems.com.br\/site\/wp-content\/uploads\/2026\/04\/emprego.jpg","contentUrl":"https:\/\/folhadems.com.br\/site\/wp-content\/uploads\/2026\/04\/emprego.jpg","width":800,"height":450},{"@type":"BreadcrumbList","@id":"https:\/\/folhadems.com.br\/site\/2026\/04\/26\/emprega-cg-leva-mais-de-200-vagas-no-jardim-moema-esta-semana\/#breadcrumb","itemListElement":[{"@type":"ListItem","position":1,"name":"In\u00edcio","item":"https:\/\/folhadems.com.br\/site\/"},{"@type":"ListItem","position":2,"name":"Emprega CG leva mais de 200 vagas no Jardim Moema esta semana"}]},{"@type":"WebSite","@id":"https:\/\/folhadems.com.br\/site\/#website","url":"https:\/\/folhadems.com.br\/site\/","name":"Folha de Mato Grosso do Sul","description":"Jornal Online","publisher":{"@id":"https:\/\/folhadems.com.br\/site\/#organization"},"potentialAction":[{"@type":"SearchAction","target":{"@type":"EntryPoint","urlTemplate":"https:\/\/folhadems.com.br\/site\/?s={search_term_string}"},"query-input":{"@type":"PropertyValueSpecification","valueRequired":true,"valueName":"search_term_string"}}],"inLanguage":"pt-BR"},{"@type":"Organization","@id":"https:\/\/folhadems.com.br\/site\/#organization","name":"Folha de Mato Grosso do Sul","url":"https:\/\/folhadems.com.br\/site\/","logo":{"@type":"ImageObject","inLanguage":"pt-BR","@id":"https:\/\/folhadems.com.br\/site\/#\/schema\/logo\/image\/","url":"https:\/\/folhadems.com.br\/site\/wp-content\/uploads\/2023\/01\/logo-folha-de-ms-380x90-1.jpg","contentUrl":"https:\/\/folhadems.com.br\/site\/wp-content\/uploads\/2023\/01\/logo-folha-de-ms-380x90-1.jpg","width":380,"height":90,"caption":"Folha de Mato Grosso do Sul"},"image":{"@id":"https:\/\/folhadems.com.br\/site\/#\/schema\/logo\/image\/"}},{"@type":"Person","@id":"https:\/\/folhadems.com.br\/site\/#\/schema\/person\/e4a04038e5c2e7040e19ef252ae9d940","name":"Elite Midia","image":{"@type":"ImageObject","inLanguage":"pt-BR","@id":"https:\/\/folhadems.com.br\/site\/#\/schema\/person\/image\/","url":"https:\/\/secure.gravatar.com\/avatar\/f76a80f01119f7fec6909ab9feea8819031f391155be021b685479d77496f055?s=96&d=mm&r=g","contentUrl":"https:\/\/secure.gravatar.com\/avatar\/f76a80f01119f7fec6909ab9feea8819031f391155be021b685479d77496f055?s=96&d=mm&r=g","caption":"Elite Midia"},"sameAs":["https:\/\/folhadems.com.br\/site"],"url":"https:\/\/folhadems.com.br\/site\/author\/elite-midia\/"}]}},"publishpress_future_action":{"enabled":false,"date":"2026-05-03 22:50:01","action":"change-status","newStatus":"draft","terms":[],"taxonomy":"category","extraData":[]},"publishpress_future_workflow_manual_trigger":{"enabledWorkflows":[]},"_links":{"self":[{"href":"https:\/\/folhadems.com.br\/site\/wp-json\/wp\/v2\/posts\/15854","targetHints":{"allow":["GET"]}}],"collection":[{"href":"https:\/\/folhadems.com.br\/site\/wp-json\/wp\/v2\/posts"}],"about":[{"href":"https:\/\/folhadems.com.br\/site\/wp-json\/wp\/v2\/types\/post"}],"author":[{"embeddable":true,"href":"https:\/\/folhadems.com.br\/site\/wp-json\/wp\/v2\/users\/1"}],"replies":[{"embeddable":true,"href":"https:\/\/folhadems.com.br\/site\/wp-json\/wp\/v2\/comments?post=15854"}],"version-history":[{"count":1,"href":"https:\/\/folhadems.com.br\/site\/wp-json\/wp\/v2\/posts\/15854\/revisions"}],"predecessor-version":[{"id":15856,"href":"https:\/\/folhadems.com.br\/site\/wp-json\/wp\/v2\/posts\/15854\/revisions\/15856"}],"wp:featuredmedia":[{"embeddable":true,"href":"https:\/\/folhadems.com.br\/site\/wp-json\/wp\/v2\/media\/15855"}],"wp:attachment":[{"href":"https:\/\/folhadems.com.br\/site\/wp-json\/wp\/v2\/media?parent=15854"}],"wp:term":[{"taxonomy":"category","embeddable":true,"href":"https:\/\/folhadems.com.br\/site\/wp-json\/wp\/v2\/categories?post=15854"},{"taxonomy":"post_tag","embeddable":true,"href":"https:\/\/folhadems.com.br\/site\/wp-json\/wp\/v2\/tags?post=15854"}],"curies":[{"name":"wp","href":"https:\/\/api.w.org\/{rel}","templated":true}]}}