{"id":14932,"date":"2026-03-13T17:48:38","date_gmt":"2026-03-13T21:48:38","guid":{"rendered":"https:\/\/folhadems.com.br\/site\/?p=14932"},"modified":"2026-03-13T17:48:40","modified_gmt":"2026-03-13T21:48:40","slug":"programa-envelhecer-e-legal-ganha-plano-de-metas-para-fortalecer-politicas-para-a-pessoa-idosa","status":"publish","type":"post","link":"https:\/\/folhadems.com.br\/site\/2026\/03\/13\/programa-envelhecer-e-legal-ganha-plano-de-metas-para-fortalecer-politicas-para-a-pessoa-idosa\/","title":{"rendered":"Programa \u2018Envelhecer \u00e9 Legal\u2019 ganha plano de metas para fortalecer pol\u00edticas para a pessoa idosa"},"content":{"rendered":"\n<p>Com o objetivo de orientar a implementa\u00e7\u00e3o de a\u00e7\u00f5es voltadas \u00e0 promo\u00e7\u00e3o do envelhecimento digno e ao enfrentamento ao idadismo em Mato Grosso do Sul, a SEC (Secretaria de Estado da Cidadania), publicou nessa sexta-feira (13), a <a href=\"https:\/\/www.sec.ms.gov.br\/wp-content\/uploads\/2026\/03\/DO12098_13_03_2026-Envelhecer-e-Legal-1.pdf\" target=\"_blank\" rel=\"noopener\">Resolu\u00e7\u00e3o \u201cN\u201d SEC n\u00ba 05<\/a>, que divulga o Plano Estadual de Metas do Programa \u201cEnvelhecer \u00e9 Legal\u201d.<\/p>\n\n\n\n<p>O plano estabelece diretrizes estrat\u00e9gicas para orientar o planejamento, a execu\u00e7\u00e3o, o monitoramento e a avalia\u00e7\u00e3o das pol\u00edticas p\u00fablicas direcionadas \u00e0 pessoa idosa no Estado. A iniciativa est\u00e1 alinhada \u00e0 Pol\u00edtica Nacional do Idoso, ao Estatuto da Pessoa Idosa e \u00e0 Pol\u00edtica Estadual do Idoso, al\u00e9m de outras legisla\u00e7\u00f5es que tratam da garantia de direitos dessa popula\u00e7\u00e3o.<\/p>\n\n\n\n<figure class=\"wp-block-image\"><img decoding=\"async\" src=\"https:\/\/agenciadenoticias.ms.gov.br\/wp-content\/uploads\/2026\/03\/CONECTANDO-GERACOES-SINCERAS-LINHAS-CCI-PIRATININGA-fotos-Paula-M-32-1024x576.jpeg\" alt=\"\" class=\"wp-image-536153\"\/><figcaption class=\"wp-element-caption\"><em>Registro do projeto Sinceras Linhas, realizado pela SEC, com idosos do CCI Piratininga. (Foto: Paula Maciulevicius\/SEC)<\/em><\/figcaption><\/figure>\n\n\n\n<p>Estruturado em quatro pilares estrat\u00e9gicos: governan\u00e7a e institucionalidade do envelhecimento digno; educa\u00e7\u00e3o para direitos e enfrentamento ao idadismo; conviv\u00eancia, participa\u00e7\u00e3o e protagonismo da pessoa idosa e conhecimento, monitoramento e inova\u00e7\u00e3o na pol\u00edtica de envelhecimento, o plano busca fortalecer a articula\u00e7\u00e3o entre Estado, munic\u00edpios, sociedade civil e demais institui\u00e7\u00f5es.<\/p>\n\n\n\n<p>Entre as a\u00e7\u00f5es previstas est\u00e3o a formaliza\u00e7\u00e3o da ades\u00e3o dos munic\u00edpios ao programa, a cria\u00e7\u00e3o da Rede Estadual de Enfrentamento ao Idadismo, a institui\u00e7\u00e3o do Selo \u201cMunic\u00edpio Amigo da Pessoa Idosa\u201d, campanhas de conscientiza\u00e7\u00e3o como o Junho Prata, capacita\u00e7\u00f5es para agentes p\u00fablicos e profissionais, al\u00e9m do fortalecimento de espa\u00e7os de conviv\u00eancia e participa\u00e7\u00e3o social da pessoa idosa.<\/p>\n\n\n\n<p>De acordo com a secret\u00e1ria de Estado da Cidadania, Viviane Luiza da Silva, a iniciativa representa um avan\u00e7o na consolida\u00e7\u00e3o de uma pol\u00edtica p\u00fablica estruturada e integrada para a valoriza\u00e7\u00e3o da pessoa idosa. \u201cO plano organiza as a\u00e7\u00f5es do programa e fortalece a coopera\u00e7\u00e3o entre Estado e munic\u00edpios, garantindo que as pol\u00edticas de promo\u00e7\u00e3o do envelhecimento digno cheguem de forma mais efetiva aos territ\u00f3rios\u201d, destaca.<\/p>\n\n\n\n<figure class=\"wp-block-image\"><img decoding=\"async\" src=\"https:\/\/agenciadenoticias.ms.gov.br\/wp-content\/uploads\/2026\/03\/ENCERRAMENTO-DE-2025-FOTOS-POR-MATHEUS-CARVALHO-062-1024x683.jpg\" alt=\"\" class=\"wp-image-536157\"\/><figcaption class=\"wp-element-caption\"><em>Subsecret\u00e1ria de Pol\u00edticas P\u00fablicas para Pessoa Idosa, Larissa Paraguassu. (Foto: Paula Maciulevicius\/SEC)<\/em><\/figcaption><\/figure>\n\n\n\n<p>A SEC ser\u00e1 respons\u00e1vel por coordenar o acompanhamento, a sistematiza\u00e7\u00e3o das informa\u00e7\u00f5es e a avalia\u00e7\u00e3o peri\u00f3dica das metas estabelecidas, garantindo transpar\u00eancia e aprimoramento cont\u00ednuo das a\u00e7\u00f5es.<\/p>\n\n\n\n<p>\u201cOs munic\u00edpios interessados devem procurar a Secretaria de Estado da Cidadania por meio da Subsecretaria de Pol\u00edticas P\u00fablicas para as Pessoas Idosas e manifestar formalmente seu interesse de ades\u00e3o. A partir disso, o Estado oferecer\u00e1 apoio t\u00e9cnico para orientar a elabora\u00e7\u00e3o do decreto municipal de ades\u00e3o e do plano de metas local, respeitando a realidade e as prioridades de cada territ\u00f3rio\u201d, explica Larissa Diniz Paraguassu, Subsecret\u00e1ria de Pol\u00edticas P\u00fablicas para Pessoas Idosas.<\/p>\n\n\n\n<p>A implementa\u00e7\u00e3o do plano poder\u00e1 envolver parcerias com \u00f3rg\u00e3os p\u00fablicos, entidades privadas e organiza\u00e7\u00f5es da sociedade civil, refor\u00e7ando o compromisso do Estado com a constru\u00e7\u00e3o de uma sociedade que respeite e valorize todas as gera\u00e7\u00f5es.<\/p>\n\n\n\n<p>Para visualizar a publica\u00e7\u00e3o na \u00edntegra, <a href=\"https:\/\/www.sec.ms.gov.br\/wp-content\/uploads\/2026\/03\/DO12098_13_03_2026-Envelhecer-e-Legal-1.pdf\" target=\"_blank\" rel=\"noopener\">clique aqui<\/a>.<\/p>\n\n\n\n<p><em>Jaqueline Hahn Tente, Comunica\u00e7\u00e3o da Cidadaia<\/em><br><em>Foto de capa: Paula Maciulevicius\/SEC<\/em><\/p>\n","protected":false},"excerpt":{"rendered":"<p>Com o objetivo de orientar a implementa\u00e7\u00e3o de a\u00e7\u00f5es voltadas \u00e0 promo\u00e7\u00e3o do envelhecimento digno e ao enfrentamento ao idadismo<\/p>\n","protected":false},"author":1,"featured_media":14933,"comment_status":"open","ping_status":"open","sticky":false,"template":"","format":"standard","meta":{"footnotes":""},"categories":[26],"tags":[],"class_list":["post-14932","post","type-post","status-publish","format-standard","has-post-thumbnail","hentry","category-cotidiano"],"yoast_head":"<!-- This site is optimized with the Yoast SEO plugin v27.1.1 - https:\/\/yoast.com\/product\/yoast-seo-wordpress\/ -->\n<title>Programa \u2018Envelhecer \u00e9 Legal\u2019 ganha plano de metas para fortalecer pol\u00edticas para a pessoa idosa - Folha de Mato Grosso do Sul<\/title>\n<meta name=\"robots\" content=\"index, follow, max-snippet:-1, max-image-preview:large, max-video-preview:-1\" \/>\n<link rel=\"canonical\" href=\"https:\/\/folhadems.com.br\/site\/2026\/03\/13\/programa-envelhecer-e-legal-ganha-plano-de-metas-para-fortalecer-politicas-para-a-pessoa-idosa\/\" \/>\n<meta property=\"og:locale\" content=\"pt_BR\" \/>\n<meta property=\"og:type\" content=\"article\" \/>\n<meta property=\"og:title\" content=\"Programa \u2018Envelhecer \u00e9 Legal\u2019 ganha plano de metas para fortalecer pol\u00edticas para a pessoa idosa - Folha de Mato Grosso do Sul\" \/>\n<meta property=\"og:description\" content=\"Com o objetivo de orientar a implementa\u00e7\u00e3o de a\u00e7\u00f5es voltadas \u00e0 promo\u00e7\u00e3o do envelhecimento digno e ao enfrentamento ao idadismo\" \/>\n<meta property=\"og:url\" content=\"https:\/\/folhadems.com.br\/site\/2026\/03\/13\/programa-envelhecer-e-legal-ganha-plano-de-metas-para-fortalecer-politicas-para-a-pessoa-idosa\/\" \/>\n<meta property=\"og:site_name\" content=\"Folha de Mato Grosso do Sul\" \/>\n<meta property=\"article:published_time\" content=\"2026-03-13T21:48:38+00:00\" \/>\n<meta property=\"article:modified_time\" content=\"2026-03-13T21:48:40+00:00\" \/>\n<meta property=\"og:image\" content=\"https:\/\/folhadems.com.br\/site\/wp-content\/uploads\/2026\/03\/idoso.jpg\" \/>\n\t<meta property=\"og:image:width\" content=\"800\" \/>\n\t<meta property=\"og:image:height\" content=\"450\" \/>\n\t<meta property=\"og:image:type\" content=\"image\/jpeg\" \/>\n<meta name=\"author\" content=\"Elite Midia\" \/>\n<meta name=\"twitter:card\" content=\"summary_large_image\" \/>\n<meta name=\"twitter:label1\" content=\"Escrito por\" \/>\n\t<meta name=\"twitter:data1\" content=\"Elite Midia\" \/>\n\t<meta name=\"twitter:label2\" content=\"Est. tempo de leitura\" \/>\n\t<meta name=\"twitter:data2\" content=\"4 minutos\" \/>\n<script type=\"application\/ld+json\" class=\"yoast-schema-graph\">{\"@context\":\"https:\/\/schema.org\",\"@graph\":[{\"@type\":\"Article\",\"@id\":\"https:\/\/folhadems.com.br\/site\/2026\/03\/13\/programa-envelhecer-e-legal-ganha-plano-de-metas-para-fortalecer-politicas-para-a-pessoa-idosa\/#article\",\"isPartOf\":{\"@id\":\"https:\/\/folhadems.com.br\/site\/2026\/03\/13\/programa-envelhecer-e-legal-ganha-plano-de-metas-para-fortalecer-politicas-para-a-pessoa-idosa\/\"},\"author\":{\"name\":\"Elite Midia\",\"@id\":\"https:\/\/folhadems.com.br\/site\/#\/schema\/person\/e4a04038e5c2e7040e19ef252ae9d940\"},\"headline\":\"Programa \u2018Envelhecer \u00e9 Legal\u2019 ganha plano de metas para fortalecer pol\u00edticas para a pessoa idosa\",\"datePublished\":\"2026-03-13T21:48:38+00:00\",\"dateModified\":\"2026-03-13T21:48:40+00:00\",\"mainEntityOfPage\":{\"@id\":\"https:\/\/folhadems.com.br\/site\/2026\/03\/13\/programa-envelhecer-e-legal-ganha-plano-de-metas-para-fortalecer-politicas-para-a-pessoa-idosa\/\"},\"wordCount\":554,\"commentCount\":0,\"publisher\":{\"@id\":\"https:\/\/folhadems.com.br\/site\/#organization\"},\"image\":{\"@id\":\"https:\/\/folhadems.com.br\/site\/2026\/03\/13\/programa-envelhecer-e-legal-ganha-plano-de-metas-para-fortalecer-politicas-para-a-pessoa-idosa\/#primaryimage\"},\"thumbnailUrl\":\"https:\/\/folhadems.com.br\/site\/wp-content\/uploads\/2026\/03\/idoso.jpg\",\"articleSection\":[\"Cotidiano\"],\"inLanguage\":\"pt-BR\",\"potentialAction\":[{\"@type\":\"CommentAction\",\"name\":\"Comment\",\"target\":[\"https:\/\/folhadems.com.br\/site\/2026\/03\/13\/programa-envelhecer-e-legal-ganha-plano-de-metas-para-fortalecer-politicas-para-a-pessoa-idosa\/#respond\"]}]},{\"@type\":\"WebPage\",\"@id\":\"https:\/\/folhadems.com.br\/site\/2026\/03\/13\/programa-envelhecer-e-legal-ganha-plano-de-metas-para-fortalecer-politicas-para-a-pessoa-idosa\/\",\"url\":\"https:\/\/folhadems.com.br\/site\/2026\/03\/13\/programa-envelhecer-e-legal-ganha-plano-de-metas-para-fortalecer-politicas-para-a-pessoa-idosa\/\",\"name\":\"Programa \u2018Envelhecer \u00e9 Legal\u2019 ganha plano de metas para fortalecer pol\u00edticas para a pessoa idosa - Folha de Mato Grosso do Sul\",\"isPartOf\":{\"@id\":\"https:\/\/folhadems.com.br\/site\/#website\"},\"primaryImageOfPage\":{\"@id\":\"https:\/\/folhadems.com.br\/site\/2026\/03\/13\/programa-envelhecer-e-legal-ganha-plano-de-metas-para-fortalecer-politicas-para-a-pessoa-idosa\/#primaryimage\"},\"image\":{\"@id\":\"https:\/\/folhadems.com.br\/site\/2026\/03\/13\/programa-envelhecer-e-legal-ganha-plano-de-metas-para-fortalecer-politicas-para-a-pessoa-idosa\/#primaryimage\"},\"thumbnailUrl\":\"https:\/\/folhadems.com.br\/site\/wp-content\/uploads\/2026\/03\/idoso.jpg\",\"datePublished\":\"2026-03-13T21:48:38+00:00\",\"dateModified\":\"2026-03-13T21:48:40+00:00\",\"breadcrumb\":{\"@id\":\"https:\/\/folhadems.com.br\/site\/2026\/03\/13\/programa-envelhecer-e-legal-ganha-plano-de-metas-para-fortalecer-politicas-para-a-pessoa-idosa\/#breadcrumb\"},\"inLanguage\":\"pt-BR\",\"potentialAction\":[{\"@type\":\"ReadAction\",\"target\":[\"https:\/\/folhadems.com.br\/site\/2026\/03\/13\/programa-envelhecer-e-legal-ganha-plano-de-metas-para-fortalecer-politicas-para-a-pessoa-idosa\/\"]}]},{\"@type\":\"ImageObject\",\"inLanguage\":\"pt-BR\",\"@id\":\"https:\/\/folhadems.com.br\/site\/2026\/03\/13\/programa-envelhecer-e-legal-ganha-plano-de-metas-para-fortalecer-politicas-para-a-pessoa-idosa\/#primaryimage\",\"url\":\"https:\/\/folhadems.com.br\/site\/wp-content\/uploads\/2026\/03\/idoso.jpg\",\"contentUrl\":\"https:\/\/folhadems.com.br\/site\/wp-content\/uploads\/2026\/03\/idoso.jpg\",\"width\":800,\"height\":450},{\"@type\":\"BreadcrumbList\",\"@id\":\"https:\/\/folhadems.com.br\/site\/2026\/03\/13\/programa-envelhecer-e-legal-ganha-plano-de-metas-para-fortalecer-politicas-para-a-pessoa-idosa\/#breadcrumb\",\"itemListElement\":[{\"@type\":\"ListItem\",\"position\":1,\"name\":\"In\u00edcio\",\"item\":\"https:\/\/folhadems.com.br\/site\/\"},{\"@type\":\"ListItem\",\"position\":2,\"name\":\"Programa \u2018Envelhecer \u00e9 Legal\u2019 ganha plano de metas para fortalecer pol\u00edticas para a pessoa idosa\"}]},{\"@type\":\"WebSite\",\"@id\":\"https:\/\/folhadems.com.br\/site\/#website\",\"url\":\"https:\/\/folhadems.com.br\/site\/\",\"name\":\"Folha de Mato Grosso do Sul\",\"description\":\"Jornal Online\",\"publisher\":{\"@id\":\"https:\/\/folhadems.com.br\/site\/#organization\"},\"potentialAction\":[{\"@type\":\"SearchAction\",\"target\":{\"@type\":\"EntryPoint\",\"urlTemplate\":\"https:\/\/folhadems.com.br\/site\/?s={search_term_string}\"},\"query-input\":{\"@type\":\"PropertyValueSpecification\",\"valueRequired\":true,\"valueName\":\"search_term_string\"}}],\"inLanguage\":\"pt-BR\"},{\"@type\":\"Organization\",\"@id\":\"https:\/\/folhadems.com.br\/site\/#organization\",\"name\":\"Folha de Mato Grosso do Sul\",\"url\":\"https:\/\/folhadems.com.br\/site\/\",\"logo\":{\"@type\":\"ImageObject\",\"inLanguage\":\"pt-BR\",\"@id\":\"https:\/\/folhadems.com.br\/site\/#\/schema\/logo\/image\/\",\"url\":\"https:\/\/folhadems.com.br\/site\/wp-content\/uploads\/2023\/01\/logo-folha-de-ms-380x90-1.jpg\",\"contentUrl\":\"https:\/\/folhadems.com.br\/site\/wp-content\/uploads\/2023\/01\/logo-folha-de-ms-380x90-1.jpg\",\"width\":380,\"height\":90,\"caption\":\"Folha de Mato Grosso do Sul\"},\"image\":{\"@id\":\"https:\/\/folhadems.com.br\/site\/#\/schema\/logo\/image\/\"}},{\"@type\":\"Person\",\"@id\":\"https:\/\/folhadems.com.br\/site\/#\/schema\/person\/e4a04038e5c2e7040e19ef252ae9d940\",\"name\":\"Elite Midia\",\"image\":{\"@type\":\"ImageObject\",\"inLanguage\":\"pt-BR\",\"@id\":\"https:\/\/folhadems.com.br\/site\/#\/schema\/person\/image\/\",\"url\":\"https:\/\/secure.gravatar.com\/avatar\/f76a80f01119f7fec6909ab9feea8819031f391155be021b685479d77496f055?s=96&d=mm&r=g\",\"contentUrl\":\"https:\/\/secure.gravatar.com\/avatar\/f76a80f01119f7fec6909ab9feea8819031f391155be021b685479d77496f055?s=96&d=mm&r=g\",\"caption\":\"Elite Midia\"},\"sameAs\":[\"https:\/\/folhadems.com.br\/site\"],\"url\":\"https:\/\/folhadems.com.br\/site\/author\/elite-midia\/\"}]}<\/script>\n<!-- \/ Yoast SEO plugin. -->","yoast_head_json":{"title":"Programa \u2018Envelhecer \u00e9 Legal\u2019 ganha plano de metas para fortalecer pol\u00edticas para a pessoa idosa - Folha de Mato Grosso do Sul","robots":{"index":"index","follow":"follow","max-snippet":"max-snippet:-1","max-image-preview":"max-image-preview:large","max-video-preview":"max-video-preview:-1"},"canonical":"https:\/\/folhadems.com.br\/site\/2026\/03\/13\/programa-envelhecer-e-legal-ganha-plano-de-metas-para-fortalecer-politicas-para-a-pessoa-idosa\/","og_locale":"pt_BR","og_type":"article","og_title":"Programa \u2018Envelhecer \u00e9 Legal\u2019 ganha plano de metas para fortalecer pol\u00edticas para a pessoa idosa - Folha de Mato Grosso do Sul","og_description":"Com o objetivo de orientar a implementa\u00e7\u00e3o de a\u00e7\u00f5es voltadas \u00e0 promo\u00e7\u00e3o do envelhecimento digno e ao enfrentamento ao idadismo","og_url":"https:\/\/folhadems.com.br\/site\/2026\/03\/13\/programa-envelhecer-e-legal-ganha-plano-de-metas-para-fortalecer-politicas-para-a-pessoa-idosa\/","og_site_name":"Folha de Mato Grosso do Sul","article_published_time":"2026-03-13T21:48:38+00:00","article_modified_time":"2026-03-13T21:48:40+00:00","og_image":[{"width":800,"height":450,"url":"https:\/\/folhadems.com.br\/site\/wp-content\/uploads\/2026\/03\/idoso.jpg","type":"image\/jpeg"}],"author":"Elite Midia","twitter_card":"summary_large_image","twitter_misc":{"Escrito por":"Elite Midia","Est. tempo de leitura":"4 minutos"},"schema":{"@context":"https:\/\/schema.org","@graph":[{"@type":"Article","@id":"https:\/\/folhadems.com.br\/site\/2026\/03\/13\/programa-envelhecer-e-legal-ganha-plano-de-metas-para-fortalecer-politicas-para-a-pessoa-idosa\/#article","isPartOf":{"@id":"https:\/\/folhadems.com.br\/site\/2026\/03\/13\/programa-envelhecer-e-legal-ganha-plano-de-metas-para-fortalecer-politicas-para-a-pessoa-idosa\/"},"author":{"name":"Elite Midia","@id":"https:\/\/folhadems.com.br\/site\/#\/schema\/person\/e4a04038e5c2e7040e19ef252ae9d940"},"headline":"Programa \u2018Envelhecer \u00e9 Legal\u2019 ganha plano de metas para fortalecer pol\u00edticas para a pessoa idosa","datePublished":"2026-03-13T21:48:38+00:00","dateModified":"2026-03-13T21:48:40+00:00","mainEntityOfPage":{"@id":"https:\/\/folhadems.com.br\/site\/2026\/03\/13\/programa-envelhecer-e-legal-ganha-plano-de-metas-para-fortalecer-politicas-para-a-pessoa-idosa\/"},"wordCount":554,"commentCount":0,"publisher":{"@id":"https:\/\/folhadems.com.br\/site\/#organization"},"image":{"@id":"https:\/\/folhadems.com.br\/site\/2026\/03\/13\/programa-envelhecer-e-legal-ganha-plano-de-metas-para-fortalecer-politicas-para-a-pessoa-idosa\/#primaryimage"},"thumbnailUrl":"https:\/\/folhadems.com.br\/site\/wp-content\/uploads\/2026\/03\/idoso.jpg","articleSection":["Cotidiano"],"inLanguage":"pt-BR","potentialAction":[{"@type":"CommentAction","name":"Comment","target":["https:\/\/folhadems.com.br\/site\/2026\/03\/13\/programa-envelhecer-e-legal-ganha-plano-de-metas-para-fortalecer-politicas-para-a-pessoa-idosa\/#respond"]}]},{"@type":"WebPage","@id":"https:\/\/folhadems.com.br\/site\/2026\/03\/13\/programa-envelhecer-e-legal-ganha-plano-de-metas-para-fortalecer-politicas-para-a-pessoa-idosa\/","url":"https:\/\/folhadems.com.br\/site\/2026\/03\/13\/programa-envelhecer-e-legal-ganha-plano-de-metas-para-fortalecer-politicas-para-a-pessoa-idosa\/","name":"Programa \u2018Envelhecer \u00e9 Legal\u2019 ganha plano de metas para fortalecer pol\u00edticas para a pessoa idosa - Folha de Mato Grosso do Sul","isPartOf":{"@id":"https:\/\/folhadems.com.br\/site\/#website"},"primaryImageOfPage":{"@id":"https:\/\/folhadems.com.br\/site\/2026\/03\/13\/programa-envelhecer-e-legal-ganha-plano-de-metas-para-fortalecer-politicas-para-a-pessoa-idosa\/#primaryimage"},"image":{"@id":"https:\/\/folhadems.com.br\/site\/2026\/03\/13\/programa-envelhecer-e-legal-ganha-plano-de-metas-para-fortalecer-politicas-para-a-pessoa-idosa\/#primaryimage"},"thumbnailUrl":"https:\/\/folhadems.com.br\/site\/wp-content\/uploads\/2026\/03\/idoso.jpg","datePublished":"2026-03-13T21:48:38+00:00","dateModified":"2026-03-13T21:48:40+00:00","breadcrumb":{"@id":"https:\/\/folhadems.com.br\/site\/2026\/03\/13\/programa-envelhecer-e-legal-ganha-plano-de-metas-para-fortalecer-politicas-para-a-pessoa-idosa\/#breadcrumb"},"inLanguage":"pt-BR","potentialAction":[{"@type":"ReadAction","target":["https:\/\/folhadems.com.br\/site\/2026\/03\/13\/programa-envelhecer-e-legal-ganha-plano-de-metas-para-fortalecer-politicas-para-a-pessoa-idosa\/"]}]},{"@type":"ImageObject","inLanguage":"pt-BR","@id":"https:\/\/folhadems.com.br\/site\/2026\/03\/13\/programa-envelhecer-e-legal-ganha-plano-de-metas-para-fortalecer-politicas-para-a-pessoa-idosa\/#primaryimage","url":"https:\/\/folhadems.com.br\/site\/wp-content\/uploads\/2026\/03\/idoso.jpg","contentUrl":"https:\/\/folhadems.com.br\/site\/wp-content\/uploads\/2026\/03\/idoso.jpg","width":800,"height":450},{"@type":"BreadcrumbList","@id":"https:\/\/folhadems.com.br\/site\/2026\/03\/13\/programa-envelhecer-e-legal-ganha-plano-de-metas-para-fortalecer-politicas-para-a-pessoa-idosa\/#breadcrumb","itemListElement":[{"@type":"ListItem","position":1,"name":"In\u00edcio","item":"https:\/\/folhadems.com.br\/site\/"},{"@type":"ListItem","position":2,"name":"Programa \u2018Envelhecer \u00e9 Legal\u2019 ganha plano de metas para fortalecer pol\u00edticas para a pessoa idosa"}]},{"@type":"WebSite","@id":"https:\/\/folhadems.com.br\/site\/#website","url":"https:\/\/folhadems.com.br\/site\/","name":"Folha de Mato Grosso do Sul","description":"Jornal Online","publisher":{"@id":"https:\/\/folhadems.com.br\/site\/#organization"},"potentialAction":[{"@type":"SearchAction","target":{"@type":"EntryPoint","urlTemplate":"https:\/\/folhadems.com.br\/site\/?s={search_term_string}"},"query-input":{"@type":"PropertyValueSpecification","valueRequired":true,"valueName":"search_term_string"}}],"inLanguage":"pt-BR"},{"@type":"Organization","@id":"https:\/\/folhadems.com.br\/site\/#organization","name":"Folha de Mato Grosso do Sul","url":"https:\/\/folhadems.com.br\/site\/","logo":{"@type":"ImageObject","inLanguage":"pt-BR","@id":"https:\/\/folhadems.com.br\/site\/#\/schema\/logo\/image\/","url":"https:\/\/folhadems.com.br\/site\/wp-content\/uploads\/2023\/01\/logo-folha-de-ms-380x90-1.jpg","contentUrl":"https:\/\/folhadems.com.br\/site\/wp-content\/uploads\/2023\/01\/logo-folha-de-ms-380x90-1.jpg","width":380,"height":90,"caption":"Folha de Mato Grosso do Sul"},"image":{"@id":"https:\/\/folhadems.com.br\/site\/#\/schema\/logo\/image\/"}},{"@type":"Person","@id":"https:\/\/folhadems.com.br\/site\/#\/schema\/person\/e4a04038e5c2e7040e19ef252ae9d940","name":"Elite Midia","image":{"@type":"ImageObject","inLanguage":"pt-BR","@id":"https:\/\/folhadems.com.br\/site\/#\/schema\/person\/image\/","url":"https:\/\/secure.gravatar.com\/avatar\/f76a80f01119f7fec6909ab9feea8819031f391155be021b685479d77496f055?s=96&d=mm&r=g","contentUrl":"https:\/\/secure.gravatar.com\/avatar\/f76a80f01119f7fec6909ab9feea8819031f391155be021b685479d77496f055?s=96&d=mm&r=g","caption":"Elite Midia"},"sameAs":["https:\/\/folhadems.com.br\/site"],"url":"https:\/\/folhadems.com.br\/site\/author\/elite-midia\/"}]}},"publishpress_future_action":{"enabled":false,"date":"2026-05-05 09:03:35","action":"change-status","newStatus":"draft","terms":[],"taxonomy":"category","extraData":[]},"publishpress_future_workflow_manual_trigger":{"enabledWorkflows":[]},"_links":{"self":[{"href":"https:\/\/folhadems.com.br\/site\/wp-json\/wp\/v2\/posts\/14932","targetHints":{"allow":["GET"]}}],"collection":[{"href":"https:\/\/folhadems.com.br\/site\/wp-json\/wp\/v2\/posts"}],"about":[{"href":"https:\/\/folhadems.com.br\/site\/wp-json\/wp\/v2\/types\/post"}],"author":[{"embeddable":true,"href":"https:\/\/folhadems.com.br\/site\/wp-json\/wp\/v2\/users\/1"}],"replies":[{"embeddable":true,"href":"https:\/\/folhadems.com.br\/site\/wp-json\/wp\/v2\/comments?post=14932"}],"version-history":[{"count":1,"href":"https:\/\/folhadems.com.br\/site\/wp-json\/wp\/v2\/posts\/14932\/revisions"}],"predecessor-version":[{"id":14934,"href":"https:\/\/folhadems.com.br\/site\/wp-json\/wp\/v2\/posts\/14932\/revisions\/14934"}],"wp:featuredmedia":[{"embeddable":true,"href":"https:\/\/folhadems.com.br\/site\/wp-json\/wp\/v2\/media\/14933"}],"wp:attachment":[{"href":"https:\/\/folhadems.com.br\/site\/wp-json\/wp\/v2\/media?parent=14932"}],"wp:term":[{"taxonomy":"category","embeddable":true,"href":"https:\/\/folhadems.com.br\/site\/wp-json\/wp\/v2\/categories?post=14932"},{"taxonomy":"post_tag","embeddable":true,"href":"https:\/\/folhadems.com.br\/site\/wp-json\/wp\/v2\/tags?post=14932"}],"curies":[{"name":"wp","href":"https:\/\/api.w.org\/{rel}","templated":true}]}}