{"id":14926,"date":"2026-03-13T17:43:37","date_gmt":"2026-03-13T21:43:37","guid":{"rendered":"https:\/\/folhadems.com.br\/site\/?p=14926"},"modified":"2026-03-13T17:43:40","modified_gmt":"2026-03-13T21:43:40","slug":"governo-de-ms-entrega-obras-para-modernizar-e-qualificar-a-educacao-de-ponta-pora","status":"publish","type":"post","link":"https:\/\/folhadems.com.br\/site\/2026\/03\/13\/governo-de-ms-entrega-obras-para-modernizar-e-qualificar-a-educacao-de-ponta-pora\/","title":{"rendered":"Governo de MS entrega obras para modernizar e qualificar a educa\u00e7\u00e3o de Ponta Por\u00e3"},"content":{"rendered":"\n<p>Aprendizado de qualidade e estrutura moderna. Com este foco o governador Eduardo Riedel entregou investimentos e obras importantes para educa\u00e7\u00e3o de Ponta Por\u00e3. O objetivo \u00e9 contribuir e trazer benef\u00edcios diretos para os estudantes da regi\u00e3o de fronteira.<\/p>\n\n\n\n<p>Nesta sexta-feira (13),&nbsp; foi inaugurada uma nova escola no munic\u00edpio, al\u00e9m da entrega de obras de reforma e amplia\u00e7\u00e3o em unidades da rede estadual, beneficiando diretamente cerca de 2,5 mil estudantes.<\/p>\n\n\n\n<p>\u201cManh\u00e3 de alegria e de muita emo\u00e7\u00e3o. Uma agenda extensa na cidade que conta com a entrega de uma nova escola, al\u00e9m de reformas e amplia\u00e7\u00e3o de outras unidades. O mais importante em uma sociedade \u00e9 a educa\u00e7\u00e3o. N\u00e3o vamos abrir m\u00e3o de ter a melhor educa\u00e7\u00e3o do pa\u00eds. Aos alunos, saibam que v\u00e3o estudar em um local moderno e de muito conhecimento\u201d, disse o governador.<\/p>\n\n\n\n<p>A nova unidade da Escola Adir Teixeira de Oliveira atender\u00e1 mais de 900 estudantes do ensino fundamental, m\u00e9dio e educa\u00e7\u00e3o profissional, com uma estrutura moderna, acess\u00edvel e adequada \u00e0s necessidades da comunidade escolar. A obra tem investimento de R$ 17,6 milh\u00f5es com recursos estaduais, sendo R$ 16,6 milh\u00f5es para constru\u00e7\u00e3o da escola e R$ 915,6 mil na aquisi\u00e7\u00e3o de mobili\u00e1rios e equipamentos.<\/p>\n\n\n\n<figure class=\"wp-block-image\"><a href=\"https:\/\/agenciadenoticias.ms.gov.br\/wp-content\/uploads\/2026\/03\/Escola-Ponta-Pora-Foto-Alvaro-Rezende-Secom-MS-10.jpeg\" target=\"_blank\" rel=\"noopener\"><img decoding=\"async\" src=\"https:\/\/agenciadenoticias.ms.gov.br\/wp-content\/uploads\/2026\/03\/Escola-Ponta-Pora-Foto-Alvaro-Rezende-Secom-MS-10-1024x682.jpeg\" alt=\"Escola Adir Teixeira Ponta Por\u00e3 Foto Alvaro Rezende\/Secom\"\/><\/a><\/figure>\n\n\n\n<figure class=\"wp-block-image\"><a href=\"https:\/\/agenciadenoticias.ms.gov.br\/wp-content\/uploads\/2026\/03\/Escola-Ponta-Pora-Foto-Alvaro-Rezende-Secom-MS-7.jpeg\" target=\"_blank\" rel=\"noopener\"><img decoding=\"async\" src=\"https:\/\/agenciadenoticias.ms.gov.br\/wp-content\/uploads\/2026\/03\/Escola-Ponta-Pora-Foto-Alvaro-Rezende-Secom-MS-7-1024x682.jpeg\" alt=\"Escola Adir Teixeira Ponta Por\u00e3 Foto Alvaro Rezende\/Secom\"\/><\/a><\/figure>\n\n\n\n<figure class=\"wp-block-image\"><a href=\"https:\/\/agenciadenoticias.ms.gov.br\/wp-content\/uploads\/2026\/03\/Escola-Ponta-Pora-Foto-Alvaro-Rezende-Secom-MS-17.jpeg\" target=\"_blank\" rel=\"noopener\"><img decoding=\"async\" src=\"https:\/\/agenciadenoticias.ms.gov.br\/wp-content\/uploads\/2026\/03\/Escola-Ponta-Pora-Foto-Alvaro-Rezende-Secom-MS-17-1024x682.jpeg\" alt=\"Escola Adir Teixeira Ponta Por\u00e3 Foto Alvaro Rezende\/Secom\"\/><\/a><\/figure>\n\n\n\n<figure class=\"wp-block-image\"><a href=\"https:\/\/agenciadenoticias.ms.gov.br\/wp-content\/uploads\/2026\/03\/Escola-Ponta-Pora-Foto-Alvaro-Rezende-Secom-MS-3.jpeg\" target=\"_blank\" rel=\"noopener\"><img decoding=\"async\" src=\"https:\/\/agenciadenoticias.ms.gov.br\/wp-content\/uploads\/2026\/03\/Escola-Ponta-Pora-Foto-Alvaro-Rezende-Secom-MS-3-1024x682.jpeg\" alt=\"Escola Adir Teixeira Ponta Por\u00e3 Foto Alvaro Rezende\/Secom\"\/><\/a><\/figure>\n\n\n\n<figure class=\"wp-block-image\"><a href=\"https:\/\/agenciadenoticias.ms.gov.br\/wp-content\/uploads\/2026\/03\/Escola-Ponta-Pora-Foto-Alvaro-Rezende-Secom-MS-9.jpeg\" target=\"_blank\" rel=\"noopener\"><img decoding=\"async\" src=\"https:\/\/agenciadenoticias.ms.gov.br\/wp-content\/uploads\/2026\/03\/Escola-Ponta-Pora-Foto-Alvaro-Rezende-Secom-MS-9-1024x682.jpeg\" alt=\"Escola Adir Teixeira Ponta Por\u00e3 Foto Alvaro Rezende\/Secom\"\/><\/a><\/figure>\n\n\n\n<figure class=\"wp-block-image\"><a href=\"https:\/\/agenciadenoticias.ms.gov.br\/wp-content\/uploads\/2026\/03\/Escola-Ponta-Pora-Foto-Alvaro-Rezende-Secom-MS-23.jpeg\" target=\"_blank\" rel=\"noopener\"><img decoding=\"async\" src=\"https:\/\/agenciadenoticias.ms.gov.br\/wp-content\/uploads\/2026\/03\/Escola-Ponta-Pora-Foto-Alvaro-Rezende-Secom-MS-23-1024x682.jpeg\" alt=\"Escola Adir Teixeira Ponta Por\u00e3 Foto Alvaro Rezende\/Secom\"\/><\/a><\/figure>\n\n\n\n<p>\u201cQuanta emo\u00e7\u00e3o neste dia hist\u00f3rico para comunidade. N\u00e3o \u00e9 apenas um pr\u00e9dio e sim portas abertas para que sonhos sejam realizadas e talentos descobertos. Espa\u00e7o de aprendizado, acolhimento, respeito e de transforma\u00e7\u00e3o de vidas. S\u00f3 temos que agradecer ao Governo do Estado\u201d, afirmou a diretora da escola, C\u00e9lia Ramona.<\/p>\n\n\n\n<p>A constru\u00e7\u00e3o contemplou a implanta\u00e7\u00e3o de uma escola completa, com estrutura de cobertura, impermeabiliza\u00e7\u00e3o, instala\u00e7\u00f5es el\u00e9tricas e hidrossanit\u00e1rias, sistema de drenagem de \u00e1guas pluviais, revestimentos de pisos, paredes e forros, esquadrias, ferragens, subesta\u00e7\u00e3o el\u00e9trica, pintura interna e externa, adequa\u00e7\u00e3o de cal\u00e7adas e quadra esportiva, al\u00e9m de todas as adequa\u00e7\u00f5es necess\u00e1rias para atender \u00e0s normas de acessibilidade.<\/p>\n\n\n\n<figure class=\"wp-block-image\"><a href=\"https:\/\/agenciadenoticias.ms.gov.br\/wp-content\/uploads\/2026\/03\/Escola-Ponta-Pora-Foto-Alvaro-Rezende-Secom-MS-2.jpeg\" target=\"_blank\" rel=\"noopener\"><img decoding=\"async\" src=\"https:\/\/agenciadenoticias.ms.gov.br\/wp-content\/uploads\/2026\/03\/Escola-Ponta-Pora-Foto-Alvaro-Rezende-Secom-MS-2-1024x682.jpeg\" alt=\"Escola Adir Teixeira Ponta Por\u00e3 Foto Alvaro Rezende\/Secom\"\/><\/a><\/figure>\n\n\n\n<figure class=\"wp-block-image\"><a href=\"https:\/\/agenciadenoticias.ms.gov.br\/wp-content\/uploads\/2026\/03\/Escola-Ponta-Pora-Foto-Alvaro-Rezende-Secom-MS-1.jpeg\" target=\"_blank\" rel=\"noopener\"><img decoding=\"async\" src=\"https:\/\/agenciadenoticias.ms.gov.br\/wp-content\/uploads\/2026\/03\/Escola-Ponta-Pora-Foto-Alvaro-Rezende-Secom-MS-1-1024x682.jpeg\" alt=\"\"\/><\/a><\/figure>\n\n\n\n<p>A unidade tamb\u00e9m recebeu mobili\u00e1rios e equipamentos completos, incluindo conjuntos escolares e de professores, garantindo condi\u00e7\u00f5es adequadas para o funcionamento das atividades pedag\u00f3gicas e administrativas<\/p>\n\n\n<div class=\"wp-block-image\">\n<figure class=\"alignleft\"><img decoding=\"async\" src=\"https:\/\/agenciadenoticias.ms.gov.br\/wp-content\/uploads\/2026\/03\/Escola-Ponta-Pora-Foto-Alvaro-Rezende-Secom-MS-8-300x200.jpeg\" alt=\"Escola Adir Teixeira Ponta Por\u00e3 Foto Alvaro Rezende\/Secom\" class=\"wp-image-536188\"\/><\/figure>\n<\/div>\n\n\n<p>Uma das novidade foi a cria\u00e7\u00e3o da EJA Mulher Fronteira, que j\u00e1 tem sua primeira turma com quase 100 alunas. No espa\u00e7o ainda tem uma brinquedoteca para que as m\u00e3es deixem os filhos enquanto estudam.<\/p>\n\n\n\n<p>\u201cEstamos na escola mais moderna da Rede Estadual. Com uma estrutura adequada. Temos por exemplo um bloco exclusivo para servidores administrativos. Um espa\u00e7o que esta comunidade merece\u201d, destacou o secret\u00e1rio estadual de Educa\u00e7\u00e3o, H\u00e9lio Daher.<\/p>\n\n\n\n<p><strong>Reforma e amplia\u00e7\u00e3o<\/strong><\/p>\n\n\n\n<p>O governador tamb\u00e9m entregou a reforma parcial da Escola Estadual Fernando Cl\u00e1udio Capibaribe. A unidade ainda ganhou amplia\u00e7\u00e3o do bloco de salas de aula, garantindo melhores condi\u00e7\u00f5es de ensino para estudantes, professores e toda a comunidade escolar. O investimento total na obra foi de R$ 3,27 milh\u00f5es em recursos estaduais para atender os mais de mil alunos matriculados em 2026.<\/p>\n\n\n\n<figure class=\"wp-block-image\"><a href=\"https:\/\/agenciadenoticias.ms.gov.br\/wp-content\/uploads\/2026\/03\/Escola-Ponta-Pora-Foto-Alvaro-Rezende-Secom-MS-21.jpeg\" target=\"_blank\" rel=\"noopener\"><img decoding=\"async\" src=\"https:\/\/agenciadenoticias.ms.gov.br\/wp-content\/uploads\/2026\/03\/Escola-Ponta-Pora-Foto-Alvaro-Rezende-Secom-MS-21-1024x682.jpeg\" alt=\"Escola Adir Teixeira Ponta Por\u00e3 Foto Alvaro Rezende\/Secom\"\/><\/a><\/figure>\n\n\n\n<figure class=\"wp-block-image\"><a href=\"https:\/\/agenciadenoticias.ms.gov.br\/wp-content\/uploads\/2026\/03\/Escola-Ponta-Pora-Foto-Alvaro-Rezende-Secom-MS-19.jpeg\" target=\"_blank\" rel=\"noopener\"><img decoding=\"async\" src=\"https:\/\/agenciadenoticias.ms.gov.br\/wp-content\/uploads\/2026\/03\/Escola-Ponta-Pora-Foto-Alvaro-Rezende-Secom-MS-19-1024x682.jpeg\" alt=\"Escola Adir Teixeira Ponta Por\u00e3 Foto Alvaro Rezende\/Secom\"\/><\/a><\/figure>\n\n\n\n<p>Ainda foi entregue a reforma e amplia\u00e7\u00e3o da Escola Estadual Jos\u00e9 Edson Domingos dos Santos. O investimento foi de R$ 2,4 milh\u00f5es e contemplou a amplia\u00e7\u00e3o do bloco de salas de aula da unidade escolar, com adequa\u00e7\u00f5es estruturais voltadas \u00e0 acessibilidade e ao atendimento das normas de<br>prote\u00e7\u00e3o contra inc\u00eandio e p\u00e2nico, prote\u00e7\u00e3o contra descargas atmosf\u00e9ricas e vigil\u00e2ncia sanit\u00e1ria.<\/p>\n\n\n\n<p>Entre os servi\u00e7os executados est\u00e3o estrutura de cobertura, instala\u00e7\u00f5es el\u00e9tricas, servi\u00e7os hidrossanit\u00e1rios e de drenagem de \u00e1guas pluviais, revestimentos de pisos, al\u00e9m de pintura interna e externa, melhorias na quadra esportiva, e outras adequa\u00e7\u00f5es necess\u00e1rias para o atendimento dos mais de 600 alunos.<\/p>\n\n\n\n<p>\u201cQuando temos a oportunidade de logo cedo entregar obras t\u00e3o importantes como esta, mostra que estamos fazendo grandes coisas para Ponta Por\u00e3. Alegria entregar escolas para comunidade. O governador tem um carinho e olhar especial ao nosso munic\u00edpio\u201d, afirmou o prefeito Eduardo Campos.<\/p>\n\n\n\n<p><em>Leonardo Rocha, Comunica\u00e7\u00e3o do Governo de MS<br><\/em><em>Fotos: \u00c1lvaro Rezende\/Secom<\/em><\/p>\n","protected":false},"excerpt":{"rendered":"<p>Aprendizado de qualidade e estrutura moderna. Com este foco o governador Eduardo Riedel entregou investimentos e obras importantes para educa\u00e7\u00e3o<\/p>\n","protected":false},"author":1,"featured_media":14927,"comment_status":"open","ping_status":"open","sticky":false,"template":"","format":"standard","meta":{"footnotes":""},"categories":[14],"tags":[],"class_list":["post-14926","post","type-post","status-publish","format-standard","has-post-thumbnail","hentry","category-educacao"],"yoast_head":"<!-- This site is optimized with the Yoast SEO plugin v27.1.1 - https:\/\/yoast.com\/product\/yoast-seo-wordpress\/ -->\n<title>Governo de MS entrega obras para modernizar e qualificar a educa\u00e7\u00e3o de Ponta Por\u00e3 - Folha de Mato Grosso do Sul<\/title>\n<meta name=\"robots\" content=\"index, follow, max-snippet:-1, max-image-preview:large, max-video-preview:-1\" \/>\n<link rel=\"canonical\" href=\"https:\/\/folhadems.com.br\/site\/2026\/03\/13\/governo-de-ms-entrega-obras-para-modernizar-e-qualificar-a-educacao-de-ponta-pora\/\" \/>\n<meta property=\"og:locale\" content=\"pt_BR\" \/>\n<meta property=\"og:type\" content=\"article\" \/>\n<meta property=\"og:title\" content=\"Governo de MS entrega obras para modernizar e qualificar a educa\u00e7\u00e3o de Ponta Por\u00e3 - Folha de Mato Grosso do Sul\" \/>\n<meta property=\"og:description\" content=\"Aprendizado de qualidade e estrutura moderna. Com este foco o governador Eduardo Riedel entregou investimentos e obras importantes para educa\u00e7\u00e3o\" \/>\n<meta property=\"og:url\" content=\"https:\/\/folhadems.com.br\/site\/2026\/03\/13\/governo-de-ms-entrega-obras-para-modernizar-e-qualificar-a-educacao-de-ponta-pora\/\" \/>\n<meta property=\"og:site_name\" content=\"Folha de Mato Grosso do Sul\" \/>\n<meta property=\"article:published_time\" content=\"2026-03-13T21:43:37+00:00\" \/>\n<meta property=\"article:modified_time\" content=\"2026-03-13T21:43:40+00:00\" \/>\n<meta property=\"og:image\" content=\"https:\/\/folhadems.com.br\/site\/wp-content\/uploads\/2026\/03\/escola.jpg\" \/>\n\t<meta property=\"og:image:width\" content=\"800\" \/>\n\t<meta property=\"og:image:height\" content=\"450\" \/>\n\t<meta property=\"og:image:type\" content=\"image\/jpeg\" \/>\n<meta name=\"author\" content=\"Elite Midia\" \/>\n<meta name=\"twitter:card\" content=\"summary_large_image\" \/>\n<meta name=\"twitter:label1\" content=\"Escrito por\" \/>\n\t<meta name=\"twitter:data1\" content=\"Elite Midia\" \/>\n\t<meta name=\"twitter:label2\" content=\"Est. tempo de leitura\" \/>\n\t<meta name=\"twitter:data2\" content=\"6 minutos\" \/>\n<script type=\"application\/ld+json\" class=\"yoast-schema-graph\">{\"@context\":\"https:\/\/schema.org\",\"@graph\":[{\"@type\":\"Article\",\"@id\":\"https:\/\/folhadems.com.br\/site\/2026\/03\/13\/governo-de-ms-entrega-obras-para-modernizar-e-qualificar-a-educacao-de-ponta-pora\/#article\",\"isPartOf\":{\"@id\":\"https:\/\/folhadems.com.br\/site\/2026\/03\/13\/governo-de-ms-entrega-obras-para-modernizar-e-qualificar-a-educacao-de-ponta-pora\/\"},\"author\":{\"name\":\"Elite Midia\",\"@id\":\"https:\/\/folhadems.com.br\/site\/#\/schema\/person\/e4a04038e5c2e7040e19ef252ae9d940\"},\"headline\":\"Governo de MS entrega obras para modernizar e qualificar a educa\u00e7\u00e3o de Ponta Por\u00e3\",\"datePublished\":\"2026-03-13T21:43:37+00:00\",\"dateModified\":\"2026-03-13T21:43:40+00:00\",\"mainEntityOfPage\":{\"@id\":\"https:\/\/folhadems.com.br\/site\/2026\/03\/13\/governo-de-ms-entrega-obras-para-modernizar-e-qualificar-a-educacao-de-ponta-pora\/\"},\"wordCount\":699,\"commentCount\":0,\"publisher\":{\"@id\":\"https:\/\/folhadems.com.br\/site\/#organization\"},\"image\":{\"@id\":\"https:\/\/folhadems.com.br\/site\/2026\/03\/13\/governo-de-ms-entrega-obras-para-modernizar-e-qualificar-a-educacao-de-ponta-pora\/#primaryimage\"},\"thumbnailUrl\":\"https:\/\/folhadems.com.br\/site\/wp-content\/uploads\/2026\/03\/escola.jpg\",\"articleSection\":[\"Educa\u00e7\u00e3o\"],\"inLanguage\":\"pt-BR\",\"potentialAction\":[{\"@type\":\"CommentAction\",\"name\":\"Comment\",\"target\":[\"https:\/\/folhadems.com.br\/site\/2026\/03\/13\/governo-de-ms-entrega-obras-para-modernizar-e-qualificar-a-educacao-de-ponta-pora\/#respond\"]}]},{\"@type\":\"WebPage\",\"@id\":\"https:\/\/folhadems.com.br\/site\/2026\/03\/13\/governo-de-ms-entrega-obras-para-modernizar-e-qualificar-a-educacao-de-ponta-pora\/\",\"url\":\"https:\/\/folhadems.com.br\/site\/2026\/03\/13\/governo-de-ms-entrega-obras-para-modernizar-e-qualificar-a-educacao-de-ponta-pora\/\",\"name\":\"Governo de MS entrega obras para modernizar e qualificar a educa\u00e7\u00e3o de Ponta Por\u00e3 - Folha de Mato Grosso do Sul\",\"isPartOf\":{\"@id\":\"https:\/\/folhadems.com.br\/site\/#website\"},\"primaryImageOfPage\":{\"@id\":\"https:\/\/folhadems.com.br\/site\/2026\/03\/13\/governo-de-ms-entrega-obras-para-modernizar-e-qualificar-a-educacao-de-ponta-pora\/#primaryimage\"},\"image\":{\"@id\":\"https:\/\/folhadems.com.br\/site\/2026\/03\/13\/governo-de-ms-entrega-obras-para-modernizar-e-qualificar-a-educacao-de-ponta-pora\/#primaryimage\"},\"thumbnailUrl\":\"https:\/\/folhadems.com.br\/site\/wp-content\/uploads\/2026\/03\/escola.jpg\",\"datePublished\":\"2026-03-13T21:43:37+00:00\",\"dateModified\":\"2026-03-13T21:43:40+00:00\",\"breadcrumb\":{\"@id\":\"https:\/\/folhadems.com.br\/site\/2026\/03\/13\/governo-de-ms-entrega-obras-para-modernizar-e-qualificar-a-educacao-de-ponta-pora\/#breadcrumb\"},\"inLanguage\":\"pt-BR\",\"potentialAction\":[{\"@type\":\"ReadAction\",\"target\":[\"https:\/\/folhadems.com.br\/site\/2026\/03\/13\/governo-de-ms-entrega-obras-para-modernizar-e-qualificar-a-educacao-de-ponta-pora\/\"]}]},{\"@type\":\"ImageObject\",\"inLanguage\":\"pt-BR\",\"@id\":\"https:\/\/folhadems.com.br\/site\/2026\/03\/13\/governo-de-ms-entrega-obras-para-modernizar-e-qualificar-a-educacao-de-ponta-pora\/#primaryimage\",\"url\":\"https:\/\/folhadems.com.br\/site\/wp-content\/uploads\/2026\/03\/escola.jpg\",\"contentUrl\":\"https:\/\/folhadems.com.br\/site\/wp-content\/uploads\/2026\/03\/escola.jpg\",\"width\":800,\"height\":450},{\"@type\":\"BreadcrumbList\",\"@id\":\"https:\/\/folhadems.com.br\/site\/2026\/03\/13\/governo-de-ms-entrega-obras-para-modernizar-e-qualificar-a-educacao-de-ponta-pora\/#breadcrumb\",\"itemListElement\":[{\"@type\":\"ListItem\",\"position\":1,\"name\":\"In\u00edcio\",\"item\":\"https:\/\/folhadems.com.br\/site\/\"},{\"@type\":\"ListItem\",\"position\":2,\"name\":\"Governo de MS entrega obras para modernizar e qualificar a educa\u00e7\u00e3o de Ponta Por\u00e3\"}]},{\"@type\":\"WebSite\",\"@id\":\"https:\/\/folhadems.com.br\/site\/#website\",\"url\":\"https:\/\/folhadems.com.br\/site\/\",\"name\":\"Folha de Mato Grosso do Sul\",\"description\":\"Jornal Online\",\"publisher\":{\"@id\":\"https:\/\/folhadems.com.br\/site\/#organization\"},\"potentialAction\":[{\"@type\":\"SearchAction\",\"target\":{\"@type\":\"EntryPoint\",\"urlTemplate\":\"https:\/\/folhadems.com.br\/site\/?s={search_term_string}\"},\"query-input\":{\"@type\":\"PropertyValueSpecification\",\"valueRequired\":true,\"valueName\":\"search_term_string\"}}],\"inLanguage\":\"pt-BR\"},{\"@type\":\"Organization\",\"@id\":\"https:\/\/folhadems.com.br\/site\/#organization\",\"name\":\"Folha de Mato Grosso do Sul\",\"url\":\"https:\/\/folhadems.com.br\/site\/\",\"logo\":{\"@type\":\"ImageObject\",\"inLanguage\":\"pt-BR\",\"@id\":\"https:\/\/folhadems.com.br\/site\/#\/schema\/logo\/image\/\",\"url\":\"https:\/\/folhadems.com.br\/site\/wp-content\/uploads\/2023\/01\/logo-folha-de-ms-380x90-1.jpg\",\"contentUrl\":\"https:\/\/folhadems.com.br\/site\/wp-content\/uploads\/2023\/01\/logo-folha-de-ms-380x90-1.jpg\",\"width\":380,\"height\":90,\"caption\":\"Folha de Mato Grosso do Sul\"},\"image\":{\"@id\":\"https:\/\/folhadems.com.br\/site\/#\/schema\/logo\/image\/\"}},{\"@type\":\"Person\",\"@id\":\"https:\/\/folhadems.com.br\/site\/#\/schema\/person\/e4a04038e5c2e7040e19ef252ae9d940\",\"name\":\"Elite Midia\",\"image\":{\"@type\":\"ImageObject\",\"inLanguage\":\"pt-BR\",\"@id\":\"https:\/\/folhadems.com.br\/site\/#\/schema\/person\/image\/\",\"url\":\"https:\/\/secure.gravatar.com\/avatar\/f76a80f01119f7fec6909ab9feea8819031f391155be021b685479d77496f055?s=96&d=mm&r=g\",\"contentUrl\":\"https:\/\/secure.gravatar.com\/avatar\/f76a80f01119f7fec6909ab9feea8819031f391155be021b685479d77496f055?s=96&d=mm&r=g\",\"caption\":\"Elite Midia\"},\"sameAs\":[\"https:\/\/folhadems.com.br\/site\"],\"url\":\"https:\/\/folhadems.com.br\/site\/author\/elite-midia\/\"}]}<\/script>\n<!-- \/ Yoast SEO plugin. -->","yoast_head_json":{"title":"Governo de MS entrega obras para modernizar e qualificar a educa\u00e7\u00e3o de Ponta Por\u00e3 - Folha de Mato Grosso do Sul","robots":{"index":"index","follow":"follow","max-snippet":"max-snippet:-1","max-image-preview":"max-image-preview:large","max-video-preview":"max-video-preview:-1"},"canonical":"https:\/\/folhadems.com.br\/site\/2026\/03\/13\/governo-de-ms-entrega-obras-para-modernizar-e-qualificar-a-educacao-de-ponta-pora\/","og_locale":"pt_BR","og_type":"article","og_title":"Governo de MS entrega obras para modernizar e qualificar a educa\u00e7\u00e3o de Ponta Por\u00e3 - Folha de Mato Grosso do Sul","og_description":"Aprendizado de qualidade e estrutura moderna. Com este foco o governador Eduardo Riedel entregou investimentos e obras importantes para educa\u00e7\u00e3o","og_url":"https:\/\/folhadems.com.br\/site\/2026\/03\/13\/governo-de-ms-entrega-obras-para-modernizar-e-qualificar-a-educacao-de-ponta-pora\/","og_site_name":"Folha de Mato Grosso do Sul","article_published_time":"2026-03-13T21:43:37+00:00","article_modified_time":"2026-03-13T21:43:40+00:00","og_image":[{"width":800,"height":450,"url":"https:\/\/folhadems.com.br\/site\/wp-content\/uploads\/2026\/03\/escola.jpg","type":"image\/jpeg"}],"author":"Elite Midia","twitter_card":"summary_large_image","twitter_misc":{"Escrito por":"Elite Midia","Est. tempo de leitura":"6 minutos"},"schema":{"@context":"https:\/\/schema.org","@graph":[{"@type":"Article","@id":"https:\/\/folhadems.com.br\/site\/2026\/03\/13\/governo-de-ms-entrega-obras-para-modernizar-e-qualificar-a-educacao-de-ponta-pora\/#article","isPartOf":{"@id":"https:\/\/folhadems.com.br\/site\/2026\/03\/13\/governo-de-ms-entrega-obras-para-modernizar-e-qualificar-a-educacao-de-ponta-pora\/"},"author":{"name":"Elite Midia","@id":"https:\/\/folhadems.com.br\/site\/#\/schema\/person\/e4a04038e5c2e7040e19ef252ae9d940"},"headline":"Governo de MS entrega obras para modernizar e qualificar a educa\u00e7\u00e3o de Ponta Por\u00e3","datePublished":"2026-03-13T21:43:37+00:00","dateModified":"2026-03-13T21:43:40+00:00","mainEntityOfPage":{"@id":"https:\/\/folhadems.com.br\/site\/2026\/03\/13\/governo-de-ms-entrega-obras-para-modernizar-e-qualificar-a-educacao-de-ponta-pora\/"},"wordCount":699,"commentCount":0,"publisher":{"@id":"https:\/\/folhadems.com.br\/site\/#organization"},"image":{"@id":"https:\/\/folhadems.com.br\/site\/2026\/03\/13\/governo-de-ms-entrega-obras-para-modernizar-e-qualificar-a-educacao-de-ponta-pora\/#primaryimage"},"thumbnailUrl":"https:\/\/folhadems.com.br\/site\/wp-content\/uploads\/2026\/03\/escola.jpg","articleSection":["Educa\u00e7\u00e3o"],"inLanguage":"pt-BR","potentialAction":[{"@type":"CommentAction","name":"Comment","target":["https:\/\/folhadems.com.br\/site\/2026\/03\/13\/governo-de-ms-entrega-obras-para-modernizar-e-qualificar-a-educacao-de-ponta-pora\/#respond"]}]},{"@type":"WebPage","@id":"https:\/\/folhadems.com.br\/site\/2026\/03\/13\/governo-de-ms-entrega-obras-para-modernizar-e-qualificar-a-educacao-de-ponta-pora\/","url":"https:\/\/folhadems.com.br\/site\/2026\/03\/13\/governo-de-ms-entrega-obras-para-modernizar-e-qualificar-a-educacao-de-ponta-pora\/","name":"Governo de MS entrega obras para modernizar e qualificar a educa\u00e7\u00e3o de Ponta Por\u00e3 - Folha de Mato Grosso do Sul","isPartOf":{"@id":"https:\/\/folhadems.com.br\/site\/#website"},"primaryImageOfPage":{"@id":"https:\/\/folhadems.com.br\/site\/2026\/03\/13\/governo-de-ms-entrega-obras-para-modernizar-e-qualificar-a-educacao-de-ponta-pora\/#primaryimage"},"image":{"@id":"https:\/\/folhadems.com.br\/site\/2026\/03\/13\/governo-de-ms-entrega-obras-para-modernizar-e-qualificar-a-educacao-de-ponta-pora\/#primaryimage"},"thumbnailUrl":"https:\/\/folhadems.com.br\/site\/wp-content\/uploads\/2026\/03\/escola.jpg","datePublished":"2026-03-13T21:43:37+00:00","dateModified":"2026-03-13T21:43:40+00:00","breadcrumb":{"@id":"https:\/\/folhadems.com.br\/site\/2026\/03\/13\/governo-de-ms-entrega-obras-para-modernizar-e-qualificar-a-educacao-de-ponta-pora\/#breadcrumb"},"inLanguage":"pt-BR","potentialAction":[{"@type":"ReadAction","target":["https:\/\/folhadems.com.br\/site\/2026\/03\/13\/governo-de-ms-entrega-obras-para-modernizar-e-qualificar-a-educacao-de-ponta-pora\/"]}]},{"@type":"ImageObject","inLanguage":"pt-BR","@id":"https:\/\/folhadems.com.br\/site\/2026\/03\/13\/governo-de-ms-entrega-obras-para-modernizar-e-qualificar-a-educacao-de-ponta-pora\/#primaryimage","url":"https:\/\/folhadems.com.br\/site\/wp-content\/uploads\/2026\/03\/escola.jpg","contentUrl":"https:\/\/folhadems.com.br\/site\/wp-content\/uploads\/2026\/03\/escola.jpg","width":800,"height":450},{"@type":"BreadcrumbList","@id":"https:\/\/folhadems.com.br\/site\/2026\/03\/13\/governo-de-ms-entrega-obras-para-modernizar-e-qualificar-a-educacao-de-ponta-pora\/#breadcrumb","itemListElement":[{"@type":"ListItem","position":1,"name":"In\u00edcio","item":"https:\/\/folhadems.com.br\/site\/"},{"@type":"ListItem","position":2,"name":"Governo de MS entrega obras para modernizar e qualificar a educa\u00e7\u00e3o de Ponta Por\u00e3"}]},{"@type":"WebSite","@id":"https:\/\/folhadems.com.br\/site\/#website","url":"https:\/\/folhadems.com.br\/site\/","name":"Folha de Mato Grosso do Sul","description":"Jornal Online","publisher":{"@id":"https:\/\/folhadems.com.br\/site\/#organization"},"potentialAction":[{"@type":"SearchAction","target":{"@type":"EntryPoint","urlTemplate":"https:\/\/folhadems.com.br\/site\/?s={search_term_string}"},"query-input":{"@type":"PropertyValueSpecification","valueRequired":true,"valueName":"search_term_string"}}],"inLanguage":"pt-BR"},{"@type":"Organization","@id":"https:\/\/folhadems.com.br\/site\/#organization","name":"Folha de Mato Grosso do Sul","url":"https:\/\/folhadems.com.br\/site\/","logo":{"@type":"ImageObject","inLanguage":"pt-BR","@id":"https:\/\/folhadems.com.br\/site\/#\/schema\/logo\/image\/","url":"https:\/\/folhadems.com.br\/site\/wp-content\/uploads\/2023\/01\/logo-folha-de-ms-380x90-1.jpg","contentUrl":"https:\/\/folhadems.com.br\/site\/wp-content\/uploads\/2023\/01\/logo-folha-de-ms-380x90-1.jpg","width":380,"height":90,"caption":"Folha de Mato Grosso do Sul"},"image":{"@id":"https:\/\/folhadems.com.br\/site\/#\/schema\/logo\/image\/"}},{"@type":"Person","@id":"https:\/\/folhadems.com.br\/site\/#\/schema\/person\/e4a04038e5c2e7040e19ef252ae9d940","name":"Elite Midia","image":{"@type":"ImageObject","inLanguage":"pt-BR","@id":"https:\/\/folhadems.com.br\/site\/#\/schema\/person\/image\/","url":"https:\/\/secure.gravatar.com\/avatar\/f76a80f01119f7fec6909ab9feea8819031f391155be021b685479d77496f055?s=96&d=mm&r=g","contentUrl":"https:\/\/secure.gravatar.com\/avatar\/f76a80f01119f7fec6909ab9feea8819031f391155be021b685479d77496f055?s=96&d=mm&r=g","caption":"Elite Midia"},"sameAs":["https:\/\/folhadems.com.br\/site"],"url":"https:\/\/folhadems.com.br\/site\/author\/elite-midia\/"}]}},"publishpress_future_action":{"enabled":false,"date":"2026-05-05 06:07:29","action":"change-status","newStatus":"draft","terms":[],"taxonomy":"category","extraData":[]},"publishpress_future_workflow_manual_trigger":{"enabledWorkflows":[]},"_links":{"self":[{"href":"https:\/\/folhadems.com.br\/site\/wp-json\/wp\/v2\/posts\/14926","targetHints":{"allow":["GET"]}}],"collection":[{"href":"https:\/\/folhadems.com.br\/site\/wp-json\/wp\/v2\/posts"}],"about":[{"href":"https:\/\/folhadems.com.br\/site\/wp-json\/wp\/v2\/types\/post"}],"author":[{"embeddable":true,"href":"https:\/\/folhadems.com.br\/site\/wp-json\/wp\/v2\/users\/1"}],"replies":[{"embeddable":true,"href":"https:\/\/folhadems.com.br\/site\/wp-json\/wp\/v2\/comments?post=14926"}],"version-history":[{"count":1,"href":"https:\/\/folhadems.com.br\/site\/wp-json\/wp\/v2\/posts\/14926\/revisions"}],"predecessor-version":[{"id":14928,"href":"https:\/\/folhadems.com.br\/site\/wp-json\/wp\/v2\/posts\/14926\/revisions\/14928"}],"wp:featuredmedia":[{"embeddable":true,"href":"https:\/\/folhadems.com.br\/site\/wp-json\/wp\/v2\/media\/14927"}],"wp:attachment":[{"href":"https:\/\/folhadems.com.br\/site\/wp-json\/wp\/v2\/media?parent=14926"}],"wp:term":[{"taxonomy":"category","embeddable":true,"href":"https:\/\/folhadems.com.br\/site\/wp-json\/wp\/v2\/categories?post=14926"},{"taxonomy":"post_tag","embeddable":true,"href":"https:\/\/folhadems.com.br\/site\/wp-json\/wp\/v2\/tags?post=14926"}],"curies":[{"name":"wp","href":"https:\/\/api.w.org\/{rel}","templated":true}]}}