{"id":14923,"date":"2026-03-13T14:31:00","date_gmt":"2026-03-13T18:31:00","guid":{"rendered":"https:\/\/folhadems.com.br\/site\/?p=14923"},"modified":"2026-03-13T12:24:47","modified_gmt":"2026-03-13T16:24:47","slug":"lideres-comunitarias-sao-homenageadas-em-alusao-ao-dia-da-mulher","status":"publish","type":"post","link":"https:\/\/folhadems.com.br\/site\/2026\/03\/13\/lideres-comunitarias-sao-homenageadas-em-alusao-ao-dia-da-mulher\/","title":{"rendered":"L\u00edderes comunit\u00e1rias s\u00e3o homenageadas em alus\u00e3o ao dia da mulher"},"content":{"rendered":"\n<p>A noite de quinta-feira (12) foi de muita emo\u00e7\u00e3o para cerca de 190 mulheres que tiveram seus valores reconhecidos pela Prefeitura de Campo Grande. L\u00edderes\u00a0comunit\u00e1rias, em sua maioria, elas receberam\u00a0uma homenagem em agradecimento \u00e0s\u00a0lutas e esfor\u00e7os, sem medida, pelas suas regi\u00f5es e munic\u00edpio.\u00a0<\/p>\n\n\n\n<p>Para a Prefeita Adriane Lopes, a celebra\u00e7\u00e3o n\u00e3o \u00e9 somente um momento de comemorar o Dia Internacional da Mulher, e sim de fortalecer a luta vivida por cada uma.&nbsp;\u201cN\u00f3s vamos vencer juntas cada dia e cada desafio, e nossa homenagem \u00e9 cada mulher, forte e resiliente, que tamb\u00e9m j\u00e1 passou por lutas, mas est\u00e3o aqui hoje para celebrar. Porque quando uma mulher vence, todas as&nbsp;vencem\u201d.&nbsp;<\/p>\n\n\n\n<figure class=\"wp-block-image\"><img decoding=\"async\" src=\"https:\/\/cdn.campogrande.ms.gov.br\/portal\/prod\/uploads\/sites\/3\/2026\/03\/WhatsApp-Image-2026-03-12-at-23.57.20-1024x683.jpeg\" alt=\"\" class=\"wp-image-158151\"\/><\/figure>\n\n\n\n<p>A professora Francisca Viana, uma das homenageadas,&nbsp;comenta sobre a import\u00e2ncia do reconhecimento na vida dessas mulheres, que, em muitos casos, dedicam a vida ao bem-estar da comunidade.&nbsp;<\/p>\n\n\n\n<p>\u201cN\u00e3o \u00e9 apenas um reconhecimento&nbsp;pessoal e coletivo,&nbsp;porque ningu\u00e9m caminha sozinha. Mulheres&nbsp;destacam e&nbsp;lideram&nbsp;a cidade, defendem pol\u00edticas&nbsp;p\u00fablicas e&nbsp;trabalham nos bastidores\u201d,&nbsp;refor\u00e7a&nbsp;a professora.&nbsp;<\/p>\n\n\n\n<p>Durante o evento, a vice-prefeita, Camilla Nascimento, refor\u00e7ou o papel de cuidado exercido pelas homenageadas. \u201cLideran\u00e7a n\u00e3o \u00e9 mandar, lideran\u00e7a \u00e9 cuidar, \u00e9 transformar vidas. Tem uma palavrinha que a gente tem que aprender e passar&nbsp;para as pessoas, que \u00e9 \u2018rede\u2019, porque se todos n\u00f3s dermos as m\u00e3os, todos n\u00f3s estaremos protegidos um pelo outro\u201d, comenta.&nbsp;<\/p>\n\n\n\n<p>Ao todo, foram homenageadas 190 mulheres de diversos segmentos, todas com pap\u00e9is fundamentais para a&nbsp;comunidade onde vivem e sociedade em geral.&nbsp;<\/p>\n\n\n\n<p><strong><em>Fonte: PrefCG<\/em><\/strong><\/p>\n","protected":false},"excerpt":{"rendered":"<p>A noite de quinta-feira (12) foi de muita emo\u00e7\u00e3o para cerca de 190 mulheres que tiveram seus valores reconhecidos pela<\/p>\n","protected":false},"author":1,"featured_media":14924,"comment_status":"open","ping_status":"open","sticky":false,"template":"","format":"standard","meta":{"footnotes":""},"categories":[26],"tags":[],"class_list":["post-14923","post","type-post","status-publish","format-standard","has-post-thumbnail","hentry","category-cotidiano"],"yoast_head":"<!-- This site is optimized with the Yoast SEO plugin v27.1.1 - https:\/\/yoast.com\/product\/yoast-seo-wordpress\/ -->\n<title>L\u00edderes comunit\u00e1rias s\u00e3o homenageadas em alus\u00e3o ao dia da mulher - Folha de Mato Grosso do Sul<\/title>\n<meta name=\"robots\" content=\"index, follow, max-snippet:-1, max-image-preview:large, max-video-preview:-1\" \/>\n<link rel=\"canonical\" href=\"https:\/\/folhadems.com.br\/site\/2026\/03\/13\/lideres-comunitarias-sao-homenageadas-em-alusao-ao-dia-da-mulher\/\" \/>\n<meta property=\"og:locale\" content=\"pt_BR\" \/>\n<meta property=\"og:type\" content=\"article\" \/>\n<meta property=\"og:title\" content=\"L\u00edderes comunit\u00e1rias s\u00e3o homenageadas em alus\u00e3o ao dia da mulher - Folha de Mato Grosso do Sul\" \/>\n<meta property=\"og:description\" content=\"A noite de quinta-feira (12) foi de muita emo\u00e7\u00e3o para cerca de 190 mulheres que tiveram seus valores reconhecidos pela\" \/>\n<meta property=\"og:url\" content=\"https:\/\/folhadems.com.br\/site\/2026\/03\/13\/lideres-comunitarias-sao-homenageadas-em-alusao-ao-dia-da-mulher\/\" \/>\n<meta property=\"og:site_name\" content=\"Folha de Mato Grosso do Sul\" \/>\n<meta property=\"article:published_time\" content=\"2026-03-13T18:31:00+00:00\" \/>\n<meta property=\"og:image\" content=\"https:\/\/folhadems.com.br\/site\/wp-content\/uploads\/2026\/03\/lideres.jpg\" \/>\n\t<meta property=\"og:image:width\" content=\"800\" \/>\n\t<meta property=\"og:image:height\" content=\"450\" \/>\n\t<meta property=\"og:image:type\" content=\"image\/jpeg\" \/>\n<meta name=\"author\" content=\"Elite Midia\" \/>\n<meta name=\"twitter:card\" content=\"summary_large_image\" \/>\n<meta name=\"twitter:label1\" content=\"Escrito por\" \/>\n\t<meta name=\"twitter:data1\" content=\"Elite Midia\" \/>\n\t<meta name=\"twitter:label2\" content=\"Est. tempo de leitura\" \/>\n\t<meta name=\"twitter:data2\" content=\"2 minutos\" \/>\n<script type=\"application\/ld+json\" class=\"yoast-schema-graph\">{\"@context\":\"https:\/\/schema.org\",\"@graph\":[{\"@type\":\"Article\",\"@id\":\"https:\/\/folhadems.com.br\/site\/2026\/03\/13\/lideres-comunitarias-sao-homenageadas-em-alusao-ao-dia-da-mulher\/#article\",\"isPartOf\":{\"@id\":\"https:\/\/folhadems.com.br\/site\/2026\/03\/13\/lideres-comunitarias-sao-homenageadas-em-alusao-ao-dia-da-mulher\/\"},\"author\":{\"name\":\"Elite Midia\",\"@id\":\"https:\/\/folhadems.com.br\/site\/#\/schema\/person\/e4a04038e5c2e7040e19ef252ae9d940\"},\"headline\":\"L\u00edderes comunit\u00e1rias s\u00e3o homenageadas em alus\u00e3o ao dia da mulher\",\"datePublished\":\"2026-03-13T18:31:00+00:00\",\"mainEntityOfPage\":{\"@id\":\"https:\/\/folhadems.com.br\/site\/2026\/03\/13\/lideres-comunitarias-sao-homenageadas-em-alusao-ao-dia-da-mulher\/\"},\"wordCount\":298,\"commentCount\":0,\"publisher\":{\"@id\":\"https:\/\/folhadems.com.br\/site\/#organization\"},\"image\":{\"@id\":\"https:\/\/folhadems.com.br\/site\/2026\/03\/13\/lideres-comunitarias-sao-homenageadas-em-alusao-ao-dia-da-mulher\/#primaryimage\"},\"thumbnailUrl\":\"https:\/\/folhadems.com.br\/site\/wp-content\/uploads\/2026\/03\/lideres.jpg\",\"articleSection\":[\"Cotidiano\"],\"inLanguage\":\"pt-BR\",\"potentialAction\":[{\"@type\":\"CommentAction\",\"name\":\"Comment\",\"target\":[\"https:\/\/folhadems.com.br\/site\/2026\/03\/13\/lideres-comunitarias-sao-homenageadas-em-alusao-ao-dia-da-mulher\/#respond\"]}]},{\"@type\":\"WebPage\",\"@id\":\"https:\/\/folhadems.com.br\/site\/2026\/03\/13\/lideres-comunitarias-sao-homenageadas-em-alusao-ao-dia-da-mulher\/\",\"url\":\"https:\/\/folhadems.com.br\/site\/2026\/03\/13\/lideres-comunitarias-sao-homenageadas-em-alusao-ao-dia-da-mulher\/\",\"name\":\"L\u00edderes comunit\u00e1rias s\u00e3o homenageadas em alus\u00e3o ao dia da mulher - Folha de Mato Grosso do Sul\",\"isPartOf\":{\"@id\":\"https:\/\/folhadems.com.br\/site\/#website\"},\"primaryImageOfPage\":{\"@id\":\"https:\/\/folhadems.com.br\/site\/2026\/03\/13\/lideres-comunitarias-sao-homenageadas-em-alusao-ao-dia-da-mulher\/#primaryimage\"},\"image\":{\"@id\":\"https:\/\/folhadems.com.br\/site\/2026\/03\/13\/lideres-comunitarias-sao-homenageadas-em-alusao-ao-dia-da-mulher\/#primaryimage\"},\"thumbnailUrl\":\"https:\/\/folhadems.com.br\/site\/wp-content\/uploads\/2026\/03\/lideres.jpg\",\"datePublished\":\"2026-03-13T18:31:00+00:00\",\"breadcrumb\":{\"@id\":\"https:\/\/folhadems.com.br\/site\/2026\/03\/13\/lideres-comunitarias-sao-homenageadas-em-alusao-ao-dia-da-mulher\/#breadcrumb\"},\"inLanguage\":\"pt-BR\",\"potentialAction\":[{\"@type\":\"ReadAction\",\"target\":[\"https:\/\/folhadems.com.br\/site\/2026\/03\/13\/lideres-comunitarias-sao-homenageadas-em-alusao-ao-dia-da-mulher\/\"]}]},{\"@type\":\"ImageObject\",\"inLanguage\":\"pt-BR\",\"@id\":\"https:\/\/folhadems.com.br\/site\/2026\/03\/13\/lideres-comunitarias-sao-homenageadas-em-alusao-ao-dia-da-mulher\/#primaryimage\",\"url\":\"https:\/\/folhadems.com.br\/site\/wp-content\/uploads\/2026\/03\/lideres.jpg\",\"contentUrl\":\"https:\/\/folhadems.com.br\/site\/wp-content\/uploads\/2026\/03\/lideres.jpg\",\"width\":800,\"height\":450},{\"@type\":\"BreadcrumbList\",\"@id\":\"https:\/\/folhadems.com.br\/site\/2026\/03\/13\/lideres-comunitarias-sao-homenageadas-em-alusao-ao-dia-da-mulher\/#breadcrumb\",\"itemListElement\":[{\"@type\":\"ListItem\",\"position\":1,\"name\":\"In\u00edcio\",\"item\":\"https:\/\/folhadems.com.br\/site\/\"},{\"@type\":\"ListItem\",\"position\":2,\"name\":\"L\u00edderes comunit\u00e1rias s\u00e3o homenageadas em alus\u00e3o ao dia da mulher\"}]},{\"@type\":\"WebSite\",\"@id\":\"https:\/\/folhadems.com.br\/site\/#website\",\"url\":\"https:\/\/folhadems.com.br\/site\/\",\"name\":\"Folha de Mato Grosso do Sul\",\"description\":\"Jornal Online\",\"publisher\":{\"@id\":\"https:\/\/folhadems.com.br\/site\/#organization\"},\"potentialAction\":[{\"@type\":\"SearchAction\",\"target\":{\"@type\":\"EntryPoint\",\"urlTemplate\":\"https:\/\/folhadems.com.br\/site\/?s={search_term_string}\"},\"query-input\":{\"@type\":\"PropertyValueSpecification\",\"valueRequired\":true,\"valueName\":\"search_term_string\"}}],\"inLanguage\":\"pt-BR\"},{\"@type\":\"Organization\",\"@id\":\"https:\/\/folhadems.com.br\/site\/#organization\",\"name\":\"Folha de Mato Grosso do Sul\",\"url\":\"https:\/\/folhadems.com.br\/site\/\",\"logo\":{\"@type\":\"ImageObject\",\"inLanguage\":\"pt-BR\",\"@id\":\"https:\/\/folhadems.com.br\/site\/#\/schema\/logo\/image\/\",\"url\":\"https:\/\/folhadems.com.br\/site\/wp-content\/uploads\/2023\/01\/logo-folha-de-ms-380x90-1.jpg\",\"contentUrl\":\"https:\/\/folhadems.com.br\/site\/wp-content\/uploads\/2023\/01\/logo-folha-de-ms-380x90-1.jpg\",\"width\":380,\"height\":90,\"caption\":\"Folha de Mato Grosso do Sul\"},\"image\":{\"@id\":\"https:\/\/folhadems.com.br\/site\/#\/schema\/logo\/image\/\"}},{\"@type\":\"Person\",\"@id\":\"https:\/\/folhadems.com.br\/site\/#\/schema\/person\/e4a04038e5c2e7040e19ef252ae9d940\",\"name\":\"Elite Midia\",\"image\":{\"@type\":\"ImageObject\",\"inLanguage\":\"pt-BR\",\"@id\":\"https:\/\/folhadems.com.br\/site\/#\/schema\/person\/image\/\",\"url\":\"https:\/\/secure.gravatar.com\/avatar\/f76a80f01119f7fec6909ab9feea8819031f391155be021b685479d77496f055?s=96&d=mm&r=g\",\"contentUrl\":\"https:\/\/secure.gravatar.com\/avatar\/f76a80f01119f7fec6909ab9feea8819031f391155be021b685479d77496f055?s=96&d=mm&r=g\",\"caption\":\"Elite Midia\"},\"sameAs\":[\"https:\/\/folhadems.com.br\/site\"],\"url\":\"https:\/\/folhadems.com.br\/site\/author\/elite-midia\/\"}]}<\/script>\n<!-- \/ Yoast SEO plugin. -->","yoast_head_json":{"title":"L\u00edderes comunit\u00e1rias s\u00e3o homenageadas em alus\u00e3o ao dia da mulher - Folha de Mato Grosso do Sul","robots":{"index":"index","follow":"follow","max-snippet":"max-snippet:-1","max-image-preview":"max-image-preview:large","max-video-preview":"max-video-preview:-1"},"canonical":"https:\/\/folhadems.com.br\/site\/2026\/03\/13\/lideres-comunitarias-sao-homenageadas-em-alusao-ao-dia-da-mulher\/","og_locale":"pt_BR","og_type":"article","og_title":"L\u00edderes comunit\u00e1rias s\u00e3o homenageadas em alus\u00e3o ao dia da mulher - Folha de Mato Grosso do Sul","og_description":"A noite de quinta-feira (12) foi de muita emo\u00e7\u00e3o para cerca de 190 mulheres que tiveram seus valores reconhecidos pela","og_url":"https:\/\/folhadems.com.br\/site\/2026\/03\/13\/lideres-comunitarias-sao-homenageadas-em-alusao-ao-dia-da-mulher\/","og_site_name":"Folha de Mato Grosso do Sul","article_published_time":"2026-03-13T18:31:00+00:00","og_image":[{"width":800,"height":450,"url":"https:\/\/folhadems.com.br\/site\/wp-content\/uploads\/2026\/03\/lideres.jpg","type":"image\/jpeg"}],"author":"Elite Midia","twitter_card":"summary_large_image","twitter_misc":{"Escrito por":"Elite Midia","Est. tempo de leitura":"2 minutos"},"schema":{"@context":"https:\/\/schema.org","@graph":[{"@type":"Article","@id":"https:\/\/folhadems.com.br\/site\/2026\/03\/13\/lideres-comunitarias-sao-homenageadas-em-alusao-ao-dia-da-mulher\/#article","isPartOf":{"@id":"https:\/\/folhadems.com.br\/site\/2026\/03\/13\/lideres-comunitarias-sao-homenageadas-em-alusao-ao-dia-da-mulher\/"},"author":{"name":"Elite Midia","@id":"https:\/\/folhadems.com.br\/site\/#\/schema\/person\/e4a04038e5c2e7040e19ef252ae9d940"},"headline":"L\u00edderes comunit\u00e1rias s\u00e3o homenageadas em alus\u00e3o ao dia da mulher","datePublished":"2026-03-13T18:31:00+00:00","mainEntityOfPage":{"@id":"https:\/\/folhadems.com.br\/site\/2026\/03\/13\/lideres-comunitarias-sao-homenageadas-em-alusao-ao-dia-da-mulher\/"},"wordCount":298,"commentCount":0,"publisher":{"@id":"https:\/\/folhadems.com.br\/site\/#organization"},"image":{"@id":"https:\/\/folhadems.com.br\/site\/2026\/03\/13\/lideres-comunitarias-sao-homenageadas-em-alusao-ao-dia-da-mulher\/#primaryimage"},"thumbnailUrl":"https:\/\/folhadems.com.br\/site\/wp-content\/uploads\/2026\/03\/lideres.jpg","articleSection":["Cotidiano"],"inLanguage":"pt-BR","potentialAction":[{"@type":"CommentAction","name":"Comment","target":["https:\/\/folhadems.com.br\/site\/2026\/03\/13\/lideres-comunitarias-sao-homenageadas-em-alusao-ao-dia-da-mulher\/#respond"]}]},{"@type":"WebPage","@id":"https:\/\/folhadems.com.br\/site\/2026\/03\/13\/lideres-comunitarias-sao-homenageadas-em-alusao-ao-dia-da-mulher\/","url":"https:\/\/folhadems.com.br\/site\/2026\/03\/13\/lideres-comunitarias-sao-homenageadas-em-alusao-ao-dia-da-mulher\/","name":"L\u00edderes comunit\u00e1rias s\u00e3o homenageadas em alus\u00e3o ao dia da mulher - Folha de Mato Grosso do Sul","isPartOf":{"@id":"https:\/\/folhadems.com.br\/site\/#website"},"primaryImageOfPage":{"@id":"https:\/\/folhadems.com.br\/site\/2026\/03\/13\/lideres-comunitarias-sao-homenageadas-em-alusao-ao-dia-da-mulher\/#primaryimage"},"image":{"@id":"https:\/\/folhadems.com.br\/site\/2026\/03\/13\/lideres-comunitarias-sao-homenageadas-em-alusao-ao-dia-da-mulher\/#primaryimage"},"thumbnailUrl":"https:\/\/folhadems.com.br\/site\/wp-content\/uploads\/2026\/03\/lideres.jpg","datePublished":"2026-03-13T18:31:00+00:00","breadcrumb":{"@id":"https:\/\/folhadems.com.br\/site\/2026\/03\/13\/lideres-comunitarias-sao-homenageadas-em-alusao-ao-dia-da-mulher\/#breadcrumb"},"inLanguage":"pt-BR","potentialAction":[{"@type":"ReadAction","target":["https:\/\/folhadems.com.br\/site\/2026\/03\/13\/lideres-comunitarias-sao-homenageadas-em-alusao-ao-dia-da-mulher\/"]}]},{"@type":"ImageObject","inLanguage":"pt-BR","@id":"https:\/\/folhadems.com.br\/site\/2026\/03\/13\/lideres-comunitarias-sao-homenageadas-em-alusao-ao-dia-da-mulher\/#primaryimage","url":"https:\/\/folhadems.com.br\/site\/wp-content\/uploads\/2026\/03\/lideres.jpg","contentUrl":"https:\/\/folhadems.com.br\/site\/wp-content\/uploads\/2026\/03\/lideres.jpg","width":800,"height":450},{"@type":"BreadcrumbList","@id":"https:\/\/folhadems.com.br\/site\/2026\/03\/13\/lideres-comunitarias-sao-homenageadas-em-alusao-ao-dia-da-mulher\/#breadcrumb","itemListElement":[{"@type":"ListItem","position":1,"name":"In\u00edcio","item":"https:\/\/folhadems.com.br\/site\/"},{"@type":"ListItem","position":2,"name":"L\u00edderes comunit\u00e1rias s\u00e3o homenageadas em alus\u00e3o ao dia da mulher"}]},{"@type":"WebSite","@id":"https:\/\/folhadems.com.br\/site\/#website","url":"https:\/\/folhadems.com.br\/site\/","name":"Folha de Mato Grosso do Sul","description":"Jornal Online","publisher":{"@id":"https:\/\/folhadems.com.br\/site\/#organization"},"potentialAction":[{"@type":"SearchAction","target":{"@type":"EntryPoint","urlTemplate":"https:\/\/folhadems.com.br\/site\/?s={search_term_string}"},"query-input":{"@type":"PropertyValueSpecification","valueRequired":true,"valueName":"search_term_string"}}],"inLanguage":"pt-BR"},{"@type":"Organization","@id":"https:\/\/folhadems.com.br\/site\/#organization","name":"Folha de Mato Grosso do Sul","url":"https:\/\/folhadems.com.br\/site\/","logo":{"@type":"ImageObject","inLanguage":"pt-BR","@id":"https:\/\/folhadems.com.br\/site\/#\/schema\/logo\/image\/","url":"https:\/\/folhadems.com.br\/site\/wp-content\/uploads\/2023\/01\/logo-folha-de-ms-380x90-1.jpg","contentUrl":"https:\/\/folhadems.com.br\/site\/wp-content\/uploads\/2023\/01\/logo-folha-de-ms-380x90-1.jpg","width":380,"height":90,"caption":"Folha de Mato Grosso do Sul"},"image":{"@id":"https:\/\/folhadems.com.br\/site\/#\/schema\/logo\/image\/"}},{"@type":"Person","@id":"https:\/\/folhadems.com.br\/site\/#\/schema\/person\/e4a04038e5c2e7040e19ef252ae9d940","name":"Elite Midia","image":{"@type":"ImageObject","inLanguage":"pt-BR","@id":"https:\/\/folhadems.com.br\/site\/#\/schema\/person\/image\/","url":"https:\/\/secure.gravatar.com\/avatar\/f76a80f01119f7fec6909ab9feea8819031f391155be021b685479d77496f055?s=96&d=mm&r=g","contentUrl":"https:\/\/secure.gravatar.com\/avatar\/f76a80f01119f7fec6909ab9feea8819031f391155be021b685479d77496f055?s=96&d=mm&r=g","caption":"Elite Midia"},"sameAs":["https:\/\/folhadems.com.br\/site"],"url":"https:\/\/folhadems.com.br\/site\/author\/elite-midia\/"}]}},"publishpress_future_action":{"enabled":false,"date":"2026-05-05 04:48:09","action":"change-status","newStatus":"draft","terms":[],"taxonomy":"category","extraData":[]},"publishpress_future_workflow_manual_trigger":{"enabledWorkflows":[]},"_links":{"self":[{"href":"https:\/\/folhadems.com.br\/site\/wp-json\/wp\/v2\/posts\/14923","targetHints":{"allow":["GET"]}}],"collection":[{"href":"https:\/\/folhadems.com.br\/site\/wp-json\/wp\/v2\/posts"}],"about":[{"href":"https:\/\/folhadems.com.br\/site\/wp-json\/wp\/v2\/types\/post"}],"author":[{"embeddable":true,"href":"https:\/\/folhadems.com.br\/site\/wp-json\/wp\/v2\/users\/1"}],"replies":[{"embeddable":true,"href":"https:\/\/folhadems.com.br\/site\/wp-json\/wp\/v2\/comments?post=14923"}],"version-history":[{"count":1,"href":"https:\/\/folhadems.com.br\/site\/wp-json\/wp\/v2\/posts\/14923\/revisions"}],"predecessor-version":[{"id":14925,"href":"https:\/\/folhadems.com.br\/site\/wp-json\/wp\/v2\/posts\/14923\/revisions\/14925"}],"wp:featuredmedia":[{"embeddable":true,"href":"https:\/\/folhadems.com.br\/site\/wp-json\/wp\/v2\/media\/14924"}],"wp:attachment":[{"href":"https:\/\/folhadems.com.br\/site\/wp-json\/wp\/v2\/media?parent=14923"}],"wp:term":[{"taxonomy":"category","embeddable":true,"href":"https:\/\/folhadems.com.br\/site\/wp-json\/wp\/v2\/categories?post=14923"},{"taxonomy":"post_tag","embeddable":true,"href":"https:\/\/folhadems.com.br\/site\/wp-json\/wp\/v2\/tags?post=14923"}],"curies":[{"name":"wp","href":"https:\/\/api.w.org\/{rel}","templated":true}]}}