{"id":14915,"date":"2026-03-13T09:05:00","date_gmt":"2026-03-13T13:05:00","guid":{"rendered":"https:\/\/folhadems.com.br\/site\/?p=14915"},"modified":"2026-03-13T08:17:55","modified_gmt":"2026-03-13T12:17:55","slug":"distribuidoras-pedem-mais-importacao-de-diesel-pela-petrobras","status":"publish","type":"post","link":"https:\/\/folhadems.com.br\/site\/2026\/03\/13\/distribuidoras-pedem-mais-importacao-de-diesel-pela-petrobras\/","title":{"rendered":"Distribuidoras pedem mais importa\u00e7\u00e3o de diesel pela Petrobras"},"content":{"rendered":"\n<p><strong>As distribuidoras de combust\u00edveis sugeriram ao governo federal que a Petrobras amplie a importa\u00e7\u00e3o de diesel para garantir abastecimento e estabilidade de pre\u00e7os no pa\u00eds.<\/strong> A informa\u00e7\u00e3o foi dada na quinta-feira (12) pelo vice-presidente da Rep\u00fablica e ministro do Desenvolvimento, Ind\u00fastria, Com\u00e9rcio e Servi\u00e7os, Geraldo Alckmin.<img decoding=\"async\" src=\"https:\/\/agenciabrasil.ebc.com.br\/ebc.png?id=1681780&amp;o=node\"><img decoding=\"async\" src=\"https:\/\/agenciabrasil.ebc.com.br\/ebc.gif?id=1681780&amp;o=node\"><\/p>\n\n\n\n<p>A declara\u00e7\u00e3o foi dada ap\u00f3s reuni\u00e3o entre representantes do governo e das principais distribuidoras privadas na sede do Minist\u00e9rio de Minas e Energia (MME), em Bras\u00edlia.<\/p>\n\n\n\n<p><strong>Segundo Alckmin, o encontro teve como foco principal a garantia do abastecimento e a redu\u00e7\u00e3o do impacto dos pre\u00e7os internacionais sobre o combust\u00edvel no mercado brasileiro.<\/strong><\/p>\n\n\n\n<h2 class=\"wp-block-heading\">Reuni\u00e3o<\/h2>\n\n\n\n<p>Participaram da reuni\u00e3o o ministro de Minas e Energia, Alexandre Silveira, o secret\u00e1rio-executivo do Minist\u00e9rio da Fazenda, Dario Durigan, representando o ministro Fernando Haddad, e a secret\u00e1ria-executiva da Casa Civil, Miriam Belchior, representando o ministro Rui Costa.<\/p>\n\n\n\n<p>As distribuidoras privadas presentes respondem por cerca de 70% do mercado de combust\u00edveis no Brasil.<\/p>\n\n\n\n<p><strong>De acordo com Alckmin, as empresas manifestaram preocupa\u00e7\u00e3o com a importa\u00e7\u00e3o do diesel e sugeriram que a Petrobras amplie suas compras no exterior. <\/strong>A avalia\u00e7\u00e3o \u00e9 que a estatal tem maior capacidade financeira e log\u00edstica para lidar com a volatilidade dos pre\u00e7os internacionais.<\/p>\n\n\n\n<h2 class=\"wp-block-heading\">Medidas<\/h2>\n\n\n\n<p><strong>Mais cedo nesta quinta, o governo <a href=\"https:\/\/agenciabrasil.ebc.com.br\/economia\/noticia\/2026-03\/lula-zera-imposto-e-subsidia-diesel-para-conter-alta-do-petroleo\" target=\"_blank\" rel=\"noopener\">anunciou um pacote de medidas<\/a> para reduzir o pre\u00e7o do diesel ao consumidor e evitar press\u00f5es inflacion\u00e1rias.<\/strong><\/p>\n\n\n\n<p>Entre as principais a\u00e7\u00f5es est\u00e1 a decis\u00e3o de zerar as al\u00edquotas de PIS\/Cofins sobre o diesel, eliminando dois tributos federais e reduzindo o pre\u00e7o em cerca de R$ 0,32 por litro.<\/p>\n\n\n\n<p>Al\u00e9m disso, uma Medida Provis\u00f3ria prev\u00ea o pagamento de subven\u00e7\u00e3o de R$ 0,32 por litro a produtores e importadores do combust\u00edvel, valor que dever\u00e1 ser repassado ao consumidor.<\/p>\n\n\n\n<p>Somadas, as duas medidas devem gerar redu\u00e7\u00e3o de aproximadamente R$ 0,64 por litro nas bombas.<\/p>\n\n\n\n<h2 class=\"wp-block-heading\">Fiscaliza\u00e7\u00e3o<\/h2>\n\n\n\n<p>O pacote tamb\u00e9m prev\u00ea ampliar os instrumentos de fiscaliza\u00e7\u00e3o da Ag\u00eancia Nacional do Petr\u00f3leo, G\u00e1s Natural e Biocombust\u00edveis (ANP), com o objetivo de garantir que a queda de pre\u00e7os chegue ao consumidor final.<\/p>\n\n\n\n<p>Segundo o governo, a desonera\u00e7\u00e3o tribut\u00e1ria e a subven\u00e7\u00e3o aos importadores devem gerar impacto fiscal de cerca de R$ 30 bilh\u00f5es. O valor ser\u00e1 compensado por aumento do imposto de exporta\u00e7\u00e3o sobre \u00f3leos brutos e sobre o pr\u00f3prio diesel.<\/p>\n\n\n\n<h2 class=\"wp-block-heading\">Objetivo<\/h2>\n\n\n\n<p>De acordo com Alckmin, as medidas buscam reduzir os efeitos da volatilidade do mercado internacional de energia sobre a economia brasileira.<\/p>\n\n\n\n<p>\u201cO primeiro momento foi a preocupa\u00e7\u00e3o de termos garantido o abastecimento. A segunda \u00e9 a quest\u00e3o de pre\u00e7o\u201d, afirmou o vice-presidente, ao destacar que a coopera\u00e7\u00e3o entre governo e empresas \u00e9 essencial para minimizar impactos para a popula\u00e7\u00e3o.<\/p>\n\n\n\n<p><strong><em>Fonte: Ag\u00eancia Brasil<\/em><\/strong><\/p>\n","protected":false},"excerpt":{"rendered":"<p>As distribuidoras de combust\u00edveis sugeriram ao governo federal que a Petrobras amplie a importa\u00e7\u00e3o de diesel para garantir abastecimento e<\/p>\n","protected":false},"author":1,"featured_media":14916,"comment_status":"open","ping_status":"open","sticky":false,"template":"","format":"standard","meta":{"footnotes":""},"categories":[5],"tags":[],"class_list":["post-14915","post","type-post","status-publish","format-standard","has-post-thumbnail","hentry","category-economia"],"yoast_head":"<!-- This site is optimized with the Yoast SEO plugin v27.1.1 - https:\/\/yoast.com\/product\/yoast-seo-wordpress\/ -->\n<title>Distribuidoras pedem mais importa\u00e7\u00e3o de diesel pela Petrobras - Folha de Mato Grosso do Sul<\/title>\n<meta name=\"robots\" content=\"index, follow, max-snippet:-1, max-image-preview:large, max-video-preview:-1\" \/>\n<link rel=\"canonical\" href=\"https:\/\/folhadems.com.br\/site\/2026\/03\/13\/distribuidoras-pedem-mais-importacao-de-diesel-pela-petrobras\/\" \/>\n<meta property=\"og:locale\" content=\"pt_BR\" \/>\n<meta property=\"og:type\" content=\"article\" \/>\n<meta property=\"og:title\" content=\"Distribuidoras pedem mais importa\u00e7\u00e3o de diesel pela Petrobras - Folha de Mato Grosso do Sul\" \/>\n<meta property=\"og:description\" content=\"As distribuidoras de combust\u00edveis sugeriram ao governo federal que a Petrobras amplie a importa\u00e7\u00e3o de diesel para garantir abastecimento e\" \/>\n<meta property=\"og:url\" content=\"https:\/\/folhadems.com.br\/site\/2026\/03\/13\/distribuidoras-pedem-mais-importacao-de-diesel-pela-petrobras\/\" \/>\n<meta property=\"og:site_name\" content=\"Folha de Mato Grosso do Sul\" \/>\n<meta property=\"article:published_time\" content=\"2026-03-13T13:05:00+00:00\" \/>\n<meta property=\"og:image\" content=\"https:\/\/folhadems.com.br\/site\/wp-content\/uploads\/2026\/03\/diesel.webp\" \/>\n\t<meta property=\"og:image:width\" content=\"1170\" \/>\n\t<meta property=\"og:image:height\" content=\"700\" \/>\n\t<meta property=\"og:image:type\" content=\"image\/webp\" \/>\n<meta name=\"author\" content=\"Elite Midia\" \/>\n<meta name=\"twitter:card\" content=\"summary_large_image\" \/>\n<meta name=\"twitter:label1\" content=\"Escrito por\" \/>\n\t<meta name=\"twitter:data1\" content=\"Elite Midia\" \/>\n\t<meta name=\"twitter:label2\" content=\"Est. tempo de leitura\" \/>\n\t<meta name=\"twitter:data2\" content=\"3 minutos\" \/>\n<script type=\"application\/ld+json\" class=\"yoast-schema-graph\">{\"@context\":\"https:\/\/schema.org\",\"@graph\":[{\"@type\":\"Article\",\"@id\":\"https:\/\/folhadems.com.br\/site\/2026\/03\/13\/distribuidoras-pedem-mais-importacao-de-diesel-pela-petrobras\/#article\",\"isPartOf\":{\"@id\":\"https:\/\/folhadems.com.br\/site\/2026\/03\/13\/distribuidoras-pedem-mais-importacao-de-diesel-pela-petrobras\/\"},\"author\":{\"name\":\"Elite Midia\",\"@id\":\"https:\/\/folhadems.com.br\/site\/#\/schema\/person\/e4a04038e5c2e7040e19ef252ae9d940\"},\"headline\":\"Distribuidoras pedem mais importa\u00e7\u00e3o de diesel pela Petrobras\",\"datePublished\":\"2026-03-13T13:05:00+00:00\",\"mainEntityOfPage\":{\"@id\":\"https:\/\/folhadems.com.br\/site\/2026\/03\/13\/distribuidoras-pedem-mais-importacao-de-diesel-pela-petrobras\/\"},\"wordCount\":489,\"commentCount\":0,\"publisher\":{\"@id\":\"https:\/\/folhadems.com.br\/site\/#organization\"},\"image\":{\"@id\":\"https:\/\/folhadems.com.br\/site\/2026\/03\/13\/distribuidoras-pedem-mais-importacao-de-diesel-pela-petrobras\/#primaryimage\"},\"thumbnailUrl\":\"https:\/\/folhadems.com.br\/site\/wp-content\/uploads\/2026\/03\/diesel.webp\",\"articleSection\":[\"Economia\"],\"inLanguage\":\"pt-BR\",\"potentialAction\":[{\"@type\":\"CommentAction\",\"name\":\"Comment\",\"target\":[\"https:\/\/folhadems.com.br\/site\/2026\/03\/13\/distribuidoras-pedem-mais-importacao-de-diesel-pela-petrobras\/#respond\"]}]},{\"@type\":\"WebPage\",\"@id\":\"https:\/\/folhadems.com.br\/site\/2026\/03\/13\/distribuidoras-pedem-mais-importacao-de-diesel-pela-petrobras\/\",\"url\":\"https:\/\/folhadems.com.br\/site\/2026\/03\/13\/distribuidoras-pedem-mais-importacao-de-diesel-pela-petrobras\/\",\"name\":\"Distribuidoras pedem mais importa\u00e7\u00e3o de diesel pela Petrobras - Folha de Mato Grosso do Sul\",\"isPartOf\":{\"@id\":\"https:\/\/folhadems.com.br\/site\/#website\"},\"primaryImageOfPage\":{\"@id\":\"https:\/\/folhadems.com.br\/site\/2026\/03\/13\/distribuidoras-pedem-mais-importacao-de-diesel-pela-petrobras\/#primaryimage\"},\"image\":{\"@id\":\"https:\/\/folhadems.com.br\/site\/2026\/03\/13\/distribuidoras-pedem-mais-importacao-de-diesel-pela-petrobras\/#primaryimage\"},\"thumbnailUrl\":\"https:\/\/folhadems.com.br\/site\/wp-content\/uploads\/2026\/03\/diesel.webp\",\"datePublished\":\"2026-03-13T13:05:00+00:00\",\"breadcrumb\":{\"@id\":\"https:\/\/folhadems.com.br\/site\/2026\/03\/13\/distribuidoras-pedem-mais-importacao-de-diesel-pela-petrobras\/#breadcrumb\"},\"inLanguage\":\"pt-BR\",\"potentialAction\":[{\"@type\":\"ReadAction\",\"target\":[\"https:\/\/folhadems.com.br\/site\/2026\/03\/13\/distribuidoras-pedem-mais-importacao-de-diesel-pela-petrobras\/\"]}]},{\"@type\":\"ImageObject\",\"inLanguage\":\"pt-BR\",\"@id\":\"https:\/\/folhadems.com.br\/site\/2026\/03\/13\/distribuidoras-pedem-mais-importacao-de-diesel-pela-petrobras\/#primaryimage\",\"url\":\"https:\/\/folhadems.com.br\/site\/wp-content\/uploads\/2026\/03\/diesel.webp\",\"contentUrl\":\"https:\/\/folhadems.com.br\/site\/wp-content\/uploads\/2026\/03\/diesel.webp\",\"width\":1170,\"height\":700},{\"@type\":\"BreadcrumbList\",\"@id\":\"https:\/\/folhadems.com.br\/site\/2026\/03\/13\/distribuidoras-pedem-mais-importacao-de-diesel-pela-petrobras\/#breadcrumb\",\"itemListElement\":[{\"@type\":\"ListItem\",\"position\":1,\"name\":\"In\u00edcio\",\"item\":\"https:\/\/folhadems.com.br\/site\/\"},{\"@type\":\"ListItem\",\"position\":2,\"name\":\"Distribuidoras pedem mais importa\u00e7\u00e3o de diesel pela Petrobras\"}]},{\"@type\":\"WebSite\",\"@id\":\"https:\/\/folhadems.com.br\/site\/#website\",\"url\":\"https:\/\/folhadems.com.br\/site\/\",\"name\":\"Folha de Mato Grosso do Sul\",\"description\":\"Jornal Online\",\"publisher\":{\"@id\":\"https:\/\/folhadems.com.br\/site\/#organization\"},\"potentialAction\":[{\"@type\":\"SearchAction\",\"target\":{\"@type\":\"EntryPoint\",\"urlTemplate\":\"https:\/\/folhadems.com.br\/site\/?s={search_term_string}\"},\"query-input\":{\"@type\":\"PropertyValueSpecification\",\"valueRequired\":true,\"valueName\":\"search_term_string\"}}],\"inLanguage\":\"pt-BR\"},{\"@type\":\"Organization\",\"@id\":\"https:\/\/folhadems.com.br\/site\/#organization\",\"name\":\"Folha de Mato Grosso do Sul\",\"url\":\"https:\/\/folhadems.com.br\/site\/\",\"logo\":{\"@type\":\"ImageObject\",\"inLanguage\":\"pt-BR\",\"@id\":\"https:\/\/folhadems.com.br\/site\/#\/schema\/logo\/image\/\",\"url\":\"https:\/\/folhadems.com.br\/site\/wp-content\/uploads\/2023\/01\/logo-folha-de-ms-380x90-1.jpg\",\"contentUrl\":\"https:\/\/folhadems.com.br\/site\/wp-content\/uploads\/2023\/01\/logo-folha-de-ms-380x90-1.jpg\",\"width\":380,\"height\":90,\"caption\":\"Folha de Mato Grosso do Sul\"},\"image\":{\"@id\":\"https:\/\/folhadems.com.br\/site\/#\/schema\/logo\/image\/\"}},{\"@type\":\"Person\",\"@id\":\"https:\/\/folhadems.com.br\/site\/#\/schema\/person\/e4a04038e5c2e7040e19ef252ae9d940\",\"name\":\"Elite Midia\",\"image\":{\"@type\":\"ImageObject\",\"inLanguage\":\"pt-BR\",\"@id\":\"https:\/\/folhadems.com.br\/site\/#\/schema\/person\/image\/\",\"url\":\"https:\/\/secure.gravatar.com\/avatar\/f76a80f01119f7fec6909ab9feea8819031f391155be021b685479d77496f055?s=96&d=mm&r=g\",\"contentUrl\":\"https:\/\/secure.gravatar.com\/avatar\/f76a80f01119f7fec6909ab9feea8819031f391155be021b685479d77496f055?s=96&d=mm&r=g\",\"caption\":\"Elite Midia\"},\"sameAs\":[\"https:\/\/folhadems.com.br\/site\"],\"url\":\"https:\/\/folhadems.com.br\/site\/author\/elite-midia\/\"}]}<\/script>\n<!-- \/ Yoast SEO plugin. -->","yoast_head_json":{"title":"Distribuidoras pedem mais importa\u00e7\u00e3o de diesel pela Petrobras - Folha de Mato Grosso do Sul","robots":{"index":"index","follow":"follow","max-snippet":"max-snippet:-1","max-image-preview":"max-image-preview:large","max-video-preview":"max-video-preview:-1"},"canonical":"https:\/\/folhadems.com.br\/site\/2026\/03\/13\/distribuidoras-pedem-mais-importacao-de-diesel-pela-petrobras\/","og_locale":"pt_BR","og_type":"article","og_title":"Distribuidoras pedem mais importa\u00e7\u00e3o de diesel pela Petrobras - Folha de Mato Grosso do Sul","og_description":"As distribuidoras de combust\u00edveis sugeriram ao governo federal que a Petrobras amplie a importa\u00e7\u00e3o de diesel para garantir abastecimento e","og_url":"https:\/\/folhadems.com.br\/site\/2026\/03\/13\/distribuidoras-pedem-mais-importacao-de-diesel-pela-petrobras\/","og_site_name":"Folha de Mato Grosso do Sul","article_published_time":"2026-03-13T13:05:00+00:00","og_image":[{"width":1170,"height":700,"url":"https:\/\/folhadems.com.br\/site\/wp-content\/uploads\/2026\/03\/diesel.webp","type":"image\/webp"}],"author":"Elite Midia","twitter_card":"summary_large_image","twitter_misc":{"Escrito por":"Elite Midia","Est. tempo de leitura":"3 minutos"},"schema":{"@context":"https:\/\/schema.org","@graph":[{"@type":"Article","@id":"https:\/\/folhadems.com.br\/site\/2026\/03\/13\/distribuidoras-pedem-mais-importacao-de-diesel-pela-petrobras\/#article","isPartOf":{"@id":"https:\/\/folhadems.com.br\/site\/2026\/03\/13\/distribuidoras-pedem-mais-importacao-de-diesel-pela-petrobras\/"},"author":{"name":"Elite Midia","@id":"https:\/\/folhadems.com.br\/site\/#\/schema\/person\/e4a04038e5c2e7040e19ef252ae9d940"},"headline":"Distribuidoras pedem mais importa\u00e7\u00e3o de diesel pela Petrobras","datePublished":"2026-03-13T13:05:00+00:00","mainEntityOfPage":{"@id":"https:\/\/folhadems.com.br\/site\/2026\/03\/13\/distribuidoras-pedem-mais-importacao-de-diesel-pela-petrobras\/"},"wordCount":489,"commentCount":0,"publisher":{"@id":"https:\/\/folhadems.com.br\/site\/#organization"},"image":{"@id":"https:\/\/folhadems.com.br\/site\/2026\/03\/13\/distribuidoras-pedem-mais-importacao-de-diesel-pela-petrobras\/#primaryimage"},"thumbnailUrl":"https:\/\/folhadems.com.br\/site\/wp-content\/uploads\/2026\/03\/diesel.webp","articleSection":["Economia"],"inLanguage":"pt-BR","potentialAction":[{"@type":"CommentAction","name":"Comment","target":["https:\/\/folhadems.com.br\/site\/2026\/03\/13\/distribuidoras-pedem-mais-importacao-de-diesel-pela-petrobras\/#respond"]}]},{"@type":"WebPage","@id":"https:\/\/folhadems.com.br\/site\/2026\/03\/13\/distribuidoras-pedem-mais-importacao-de-diesel-pela-petrobras\/","url":"https:\/\/folhadems.com.br\/site\/2026\/03\/13\/distribuidoras-pedem-mais-importacao-de-diesel-pela-petrobras\/","name":"Distribuidoras pedem mais importa\u00e7\u00e3o de diesel pela Petrobras - Folha de Mato Grosso do Sul","isPartOf":{"@id":"https:\/\/folhadems.com.br\/site\/#website"},"primaryImageOfPage":{"@id":"https:\/\/folhadems.com.br\/site\/2026\/03\/13\/distribuidoras-pedem-mais-importacao-de-diesel-pela-petrobras\/#primaryimage"},"image":{"@id":"https:\/\/folhadems.com.br\/site\/2026\/03\/13\/distribuidoras-pedem-mais-importacao-de-diesel-pela-petrobras\/#primaryimage"},"thumbnailUrl":"https:\/\/folhadems.com.br\/site\/wp-content\/uploads\/2026\/03\/diesel.webp","datePublished":"2026-03-13T13:05:00+00:00","breadcrumb":{"@id":"https:\/\/folhadems.com.br\/site\/2026\/03\/13\/distribuidoras-pedem-mais-importacao-de-diesel-pela-petrobras\/#breadcrumb"},"inLanguage":"pt-BR","potentialAction":[{"@type":"ReadAction","target":["https:\/\/folhadems.com.br\/site\/2026\/03\/13\/distribuidoras-pedem-mais-importacao-de-diesel-pela-petrobras\/"]}]},{"@type":"ImageObject","inLanguage":"pt-BR","@id":"https:\/\/folhadems.com.br\/site\/2026\/03\/13\/distribuidoras-pedem-mais-importacao-de-diesel-pela-petrobras\/#primaryimage","url":"https:\/\/folhadems.com.br\/site\/wp-content\/uploads\/2026\/03\/diesel.webp","contentUrl":"https:\/\/folhadems.com.br\/site\/wp-content\/uploads\/2026\/03\/diesel.webp","width":1170,"height":700},{"@type":"BreadcrumbList","@id":"https:\/\/folhadems.com.br\/site\/2026\/03\/13\/distribuidoras-pedem-mais-importacao-de-diesel-pela-petrobras\/#breadcrumb","itemListElement":[{"@type":"ListItem","position":1,"name":"In\u00edcio","item":"https:\/\/folhadems.com.br\/site\/"},{"@type":"ListItem","position":2,"name":"Distribuidoras pedem mais importa\u00e7\u00e3o de diesel pela Petrobras"}]},{"@type":"WebSite","@id":"https:\/\/folhadems.com.br\/site\/#website","url":"https:\/\/folhadems.com.br\/site\/","name":"Folha de Mato Grosso do Sul","description":"Jornal Online","publisher":{"@id":"https:\/\/folhadems.com.br\/site\/#organization"},"potentialAction":[{"@type":"SearchAction","target":{"@type":"EntryPoint","urlTemplate":"https:\/\/folhadems.com.br\/site\/?s={search_term_string}"},"query-input":{"@type":"PropertyValueSpecification","valueRequired":true,"valueName":"search_term_string"}}],"inLanguage":"pt-BR"},{"@type":"Organization","@id":"https:\/\/folhadems.com.br\/site\/#organization","name":"Folha de Mato Grosso do Sul","url":"https:\/\/folhadems.com.br\/site\/","logo":{"@type":"ImageObject","inLanguage":"pt-BR","@id":"https:\/\/folhadems.com.br\/site\/#\/schema\/logo\/image\/","url":"https:\/\/folhadems.com.br\/site\/wp-content\/uploads\/2023\/01\/logo-folha-de-ms-380x90-1.jpg","contentUrl":"https:\/\/folhadems.com.br\/site\/wp-content\/uploads\/2023\/01\/logo-folha-de-ms-380x90-1.jpg","width":380,"height":90,"caption":"Folha de Mato Grosso do Sul"},"image":{"@id":"https:\/\/folhadems.com.br\/site\/#\/schema\/logo\/image\/"}},{"@type":"Person","@id":"https:\/\/folhadems.com.br\/site\/#\/schema\/person\/e4a04038e5c2e7040e19ef252ae9d940","name":"Elite Midia","image":{"@type":"ImageObject","inLanguage":"pt-BR","@id":"https:\/\/folhadems.com.br\/site\/#\/schema\/person\/image\/","url":"https:\/\/secure.gravatar.com\/avatar\/f76a80f01119f7fec6909ab9feea8819031f391155be021b685479d77496f055?s=96&d=mm&r=g","contentUrl":"https:\/\/secure.gravatar.com\/avatar\/f76a80f01119f7fec6909ab9feea8819031f391155be021b685479d77496f055?s=96&d=mm&r=g","caption":"Elite Midia"},"sameAs":["https:\/\/folhadems.com.br\/site"],"url":"https:\/\/folhadems.com.br\/site\/author\/elite-midia\/"}]}},"publishpress_future_action":{"enabled":false,"date":"2026-05-05 00:30:53","action":"change-status","newStatus":"draft","terms":[],"taxonomy":"category","extraData":[]},"publishpress_future_workflow_manual_trigger":{"enabledWorkflows":[]},"_links":{"self":[{"href":"https:\/\/folhadems.com.br\/site\/wp-json\/wp\/v2\/posts\/14915","targetHints":{"allow":["GET"]}}],"collection":[{"href":"https:\/\/folhadems.com.br\/site\/wp-json\/wp\/v2\/posts"}],"about":[{"href":"https:\/\/folhadems.com.br\/site\/wp-json\/wp\/v2\/types\/post"}],"author":[{"embeddable":true,"href":"https:\/\/folhadems.com.br\/site\/wp-json\/wp\/v2\/users\/1"}],"replies":[{"embeddable":true,"href":"https:\/\/folhadems.com.br\/site\/wp-json\/wp\/v2\/comments?post=14915"}],"version-history":[{"count":1,"href":"https:\/\/folhadems.com.br\/site\/wp-json\/wp\/v2\/posts\/14915\/revisions"}],"predecessor-version":[{"id":14917,"href":"https:\/\/folhadems.com.br\/site\/wp-json\/wp\/v2\/posts\/14915\/revisions\/14917"}],"wp:featuredmedia":[{"embeddable":true,"href":"https:\/\/folhadems.com.br\/site\/wp-json\/wp\/v2\/media\/14916"}],"wp:attachment":[{"href":"https:\/\/folhadems.com.br\/site\/wp-json\/wp\/v2\/media?parent=14915"}],"wp:term":[{"taxonomy":"category","embeddable":true,"href":"https:\/\/folhadems.com.br\/site\/wp-json\/wp\/v2\/categories?post=14915"},{"taxonomy":"post_tag","embeddable":true,"href":"https:\/\/folhadems.com.br\/site\/wp-json\/wp\/v2\/tags?post=14915"}],"curies":[{"name":"wp","href":"https:\/\/api.w.org\/{rel}","templated":true}]}}