{"id":14906,"date":"2026-03-13T08:11:54","date_gmt":"2026-03-13T12:11:54","guid":{"rendered":"https:\/\/folhadems.com.br\/site\/?p=14906"},"modified":"2026-03-13T08:12:11","modified_gmt":"2026-03-13T12:12:11","slug":"raio-x-com-ia-vai-auxiliar-diagnostico-em-pessoas-com-hiv-em-campo-grande","status":"publish","type":"post","link":"https:\/\/folhadems.com.br\/site\/2026\/03\/13\/raio-x-com-ia-vai-auxiliar-diagnostico-em-pessoas-com-hiv-em-campo-grande\/","title":{"rendered":"Raio-X com IA vai auxiliar diagn\u00f3stico em pessoas com HIV em Campo Grande"},"content":{"rendered":"\n<p>Campo Grande d\u00e1 um passo importante para o avan\u00e7o do diagn\u00f3stico precoce de doen\u00e7as respirat\u00f3rias, especialmente entre as pessoas vivendo com HIV\/Aids (PVHA). O munic\u00edpio passa a contar com um equipamento de Raio-X com Intelig\u00eancia Artificial, que permite a realiza\u00e7\u00e3o de exames com resultado inicial praticamente em tempo real.<\/p>\n\n\n\n<p>A nova tecnologia faz parte do Projeto A Hora \u00e9 Agora, voltado \u00e0 linha de cuidado do HIV, e ser\u00e1 disponibilizada prioritariamente ao Centro Especializado em Doen\u00e7as Infectoparasit\u00e1rias (CEDIP) e ao Centro de Testagem e Aconselhamento (CTA). Para garantir a assertividade na sua implanta\u00e7\u00e3o, profissionais das equipes assistenciais e de gest\u00e3o participaram de um treinamento voltado ao manuseio do equipamento, interpreta\u00e7\u00e3o dos resultados gerados pela IA e integra\u00e7\u00e3o da nova ferramenta ao fluxo de atendimento dos servi\u00e7os.<\/p>\n\n\n\n<figure class=\"wp-block-image\"><img decoding=\"async\" src=\"https:\/\/cdn.campogrande.ms.gov.br\/portal\/prod\/uploads\/sites\/3\/2026\/03\/SecretarioMarceloSesau-1024x618.jpeg\" alt=\"\" class=\"wp-image-158116\"\/><\/figure>\n\n\n\n<p>Segundo o secret\u00e1rio municipal de Sa\u00fade, Marcelo Brand\u00e3o Vilela, a incorpora\u00e7\u00e3o do novo equipamento representa um avan\u00e7o na moderniza\u00e7\u00e3o da rede de atendimento do munic\u00edpio. \u201cEssa tecnologia alia mobilidade e intelig\u00eancia artificial para tornar o diagn\u00f3stico mais r\u00e1pido e preciso, fortalecendo a rede municipal de sa\u00fade.\u201d<\/p>\n\n\n\n<p><strong>Tecnologia port\u00e1til<\/strong><\/p>\n\n\n\n<p>Um dos diferenciais do equipamento \u00e9 a mobilidade. Durante sua apresenta\u00e7\u00e3o, o especialista do sistema Fujifilm, Fernando Operman, explicou que o aparelho pesa apenas 3,5 quilos, pode ser montado praticamente em qualquer espa\u00e7o e suporta pacientes de at\u00e9 300 quilos. O sistema possui, ainda, tecnologia de grade virtual que ajuda nos diagn\u00f3sticos.<\/p>\n\n\n\n<p>Embora o foco principal seja o rastreamento da tuberculose, a tecnologia tamb\u00e9m auxilia na identifica\u00e7\u00e3o de diversas outras doen\u00e7as. \u201cAp\u00f3s adquirir a imagem e com poucos comandos, o sistema analisa o exame. O forte dele \u00e9 sugerir diagn\u00f3stico de tuberculose, mas tamb\u00e9m ajuda na detec\u00e7\u00e3o de mais de dez patologias, com precis\u00e3o entre 97% a 99% para achados comuns em exames de t\u00f3rax, como n\u00f3dulos pulmonares, les\u00f5es malignas, pneumonia, pneumot\u00f3rax e outros\u201d, explicou Fernando Operman.<\/p>\n\n\n\n<figure class=\"wp-block-image\"><img decoding=\"async\" src=\"https:\/\/cdn.campogrande.ms.gov.br\/portal\/prod\/uploads\/sites\/3\/2026\/03\/WhatsApp-Image-2026-03-10-at-09.52.48-1024x682.jpeg\" alt=\"\" class=\"wp-image-158117\"\/><\/figure>\n\n\n\n<p>Na avalia\u00e7\u00e3o da gerente da Rede de Aten\u00e7\u00e3o Especializada da Sesau, Andreia Silva, a ferramenta passa a ser mais um suporte para a equipe de sa\u00fade no processo de avalia\u00e7\u00e3o dos exames. \u201cO objetivo principal seria o rastreamento da tuberculose com essa nova tecnologia oportunizando o tempo resposta para tomada de decis\u00e3o cl\u00ednica. Ele nortear\u00e1 a tomada de decis\u00e3o. O diagn\u00f3stico \u00e9 feito pelo profissional m\u00e9dico, sempre\u201d, explicou.<\/p>\n\n\n\n<p>A tecnologia integra a estrat\u00e9gia chamada Radiografia R\u00e1pida com Intelig\u00eancia Artificial (RAIA), que combina um aparelho de raio-X ultraport\u00e1til com um software de Detec\u00e7\u00e3o Assistida por Computador (CAD). Essa ferramenta permite realizar o exame no modelo point of care, ou seja, pr\u00f3ximo ao paciente, com interpreta\u00e7\u00e3o inicial imediata das imagens.<\/p>\n\n\n\n<p>Diante disso, o m\u00e9dico infectologista do Centro de Controle e Preven\u00e7\u00e3o de Doen\u00e7as (CDC), Filipe Perine, refor\u00e7ou que a ado\u00e7\u00e3o do equipamento favorece a tomada de decis\u00e3o cl\u00ednica oportuna, deve contribuir para reduzir o tempo entre o exame e o in\u00edcio do tratamento, al\u00e9m de ampliar o acesso ao diagn\u00f3stico entre as pessoas mais vulner\u00e1veis.<\/p>\n\n\n\n<p>\u201cCom a nova tecnologia, a expectativa \u00e9 fortalecer o cuidado integral \u00e0s pessoas vivendo com HIV\/Aids e aumentar a capacidade de rastreamento precoce da tuberculose, que \u00e9 uma das principais causas de morte nesse grupo\u201d, salientou o m\u00e9dico.<\/p>\n\n\n\n<figure class=\"wp-block-image\"><img decoding=\"async\" src=\"https:\/\/cdn.campogrande.ms.gov.br\/portal\/prod\/uploads\/sites\/3\/2026\/03\/MedicoFilipePerini-1024x682.jpeg\" alt=\"\" class=\"wp-image-158115\"\/><\/figure>\n\n\n\n<p>A Hora \u00e9 Agora \u2013 projeto de interven\u00e7\u00e3o em sa\u00fade que busca adotar uma abordagem integral e inovadora no enfrentamento do HIV\/Aids e da tuberculose, por meio da oferta de estrat\u00e9gias diferenciadas em testagem, preven\u00e7\u00e3o combinada, engajamento r\u00e1pido no cuidado e continuidade do&nbsp;tratamento.<\/p>\n\n\n\n<p>O AHA foi lan\u00e7ado em dezembro de 2014 e faz parte de um acordo de coopera\u00e7\u00e3o entre a Escola Nacional de Sa\u00fade P\u00fablica Sergio Arouca (ENSP) da Funda\u00e7\u00e3o Oswaldo Cruz (Fiocruz); a Funda\u00e7\u00e3o para o Desenvolvimento Cient\u00edfico e Tecnol\u00f3gico em Sa\u00fade (Fiotec); e os Centros de Controle e Preven\u00e7\u00e3o de Doen\u00e7as dos Estados Unidos da Am\u00e9rica (CDC), com recursos do Plano de Emerg\u00eancia do Presidente dos EUA para Al\u00edvio da AIDS (PEPFAR).<\/p>\n\n\n\n<p><strong><em>Fonte: PrefCG<\/em><\/strong><\/p>\n","protected":false},"excerpt":{"rendered":"<p>Campo Grande d\u00e1 um passo importante para o avan\u00e7o do diagn\u00f3stico precoce de doen\u00e7as respirat\u00f3rias, especialmente entre as pessoas vivendo<\/p>\n","protected":false},"author":1,"featured_media":14907,"comment_status":"open","ping_status":"open","sticky":false,"template":"","format":"standard","meta":{"footnotes":""},"categories":[9],"tags":[],"class_list":["post-14906","post","type-post","status-publish","format-standard","has-post-thumbnail","hentry","category-ciencia-e-saude"],"yoast_head":"<!-- This site is optimized with the Yoast SEO plugin v27.1.1 - https:\/\/yoast.com\/product\/yoast-seo-wordpress\/ -->\n<title>Raio-X com IA vai auxiliar diagn\u00f3stico em pessoas com HIV em Campo Grande - Folha de Mato Grosso do Sul<\/title>\n<meta name=\"robots\" content=\"index, follow, max-snippet:-1, max-image-preview:large, max-video-preview:-1\" \/>\n<link rel=\"canonical\" href=\"https:\/\/folhadems.com.br\/site\/2026\/03\/13\/raio-x-com-ia-vai-auxiliar-diagnostico-em-pessoas-com-hiv-em-campo-grande\/\" \/>\n<meta property=\"og:locale\" content=\"pt_BR\" \/>\n<meta property=\"og:type\" content=\"article\" \/>\n<meta property=\"og:title\" content=\"Raio-X com IA vai auxiliar diagn\u00f3stico em pessoas com HIV em Campo Grande - Folha de Mato Grosso do Sul\" \/>\n<meta property=\"og:description\" content=\"Campo Grande d\u00e1 um passo importante para o avan\u00e7o do diagn\u00f3stico precoce de doen\u00e7as respirat\u00f3rias, especialmente entre as pessoas vivendo\" \/>\n<meta property=\"og:url\" content=\"https:\/\/folhadems.com.br\/site\/2026\/03\/13\/raio-x-com-ia-vai-auxiliar-diagnostico-em-pessoas-com-hiv-em-campo-grande\/\" \/>\n<meta property=\"og:site_name\" content=\"Folha de Mato Grosso do Sul\" \/>\n<meta property=\"article:published_time\" content=\"2026-03-13T12:11:54+00:00\" \/>\n<meta property=\"article:modified_time\" content=\"2026-03-13T12:12:11+00:00\" \/>\n<meta property=\"og:image\" content=\"https:\/\/folhadems.com.br\/site\/wp-content\/uploads\/2026\/03\/rx.jpg\" \/>\n\t<meta property=\"og:image:width\" content=\"800\" \/>\n\t<meta property=\"og:image:height\" content=\"450\" \/>\n\t<meta property=\"og:image:type\" content=\"image\/jpeg\" \/>\n<meta name=\"author\" content=\"Elite Midia\" \/>\n<meta name=\"twitter:card\" content=\"summary_large_image\" \/>\n<meta name=\"twitter:label1\" content=\"Escrito por\" \/>\n\t<meta name=\"twitter:data1\" content=\"Elite Midia\" \/>\n\t<meta name=\"twitter:label2\" content=\"Est. tempo de leitura\" \/>\n\t<meta name=\"twitter:data2\" content=\"5 minutos\" \/>\n<script type=\"application\/ld+json\" class=\"yoast-schema-graph\">{\"@context\":\"https:\/\/schema.org\",\"@graph\":[{\"@type\":\"Article\",\"@id\":\"https:\/\/folhadems.com.br\/site\/2026\/03\/13\/raio-x-com-ia-vai-auxiliar-diagnostico-em-pessoas-com-hiv-em-campo-grande\/#article\",\"isPartOf\":{\"@id\":\"https:\/\/folhadems.com.br\/site\/2026\/03\/13\/raio-x-com-ia-vai-auxiliar-diagnostico-em-pessoas-com-hiv-em-campo-grande\/\"},\"author\":{\"name\":\"Elite Midia\",\"@id\":\"https:\/\/folhadems.com.br\/site\/#\/schema\/person\/e4a04038e5c2e7040e19ef252ae9d940\"},\"headline\":\"Raio-X com IA vai auxiliar diagn\u00f3stico em pessoas com HIV em Campo Grande\",\"datePublished\":\"2026-03-13T12:11:54+00:00\",\"dateModified\":\"2026-03-13T12:12:11+00:00\",\"mainEntityOfPage\":{\"@id\":\"https:\/\/folhadems.com.br\/site\/2026\/03\/13\/raio-x-com-ia-vai-auxiliar-diagnostico-em-pessoas-com-hiv-em-campo-grande\/\"},\"wordCount\":722,\"commentCount\":0,\"publisher\":{\"@id\":\"https:\/\/folhadems.com.br\/site\/#organization\"},\"image\":{\"@id\":\"https:\/\/folhadems.com.br\/site\/2026\/03\/13\/raio-x-com-ia-vai-auxiliar-diagnostico-em-pessoas-com-hiv-em-campo-grande\/#primaryimage\"},\"thumbnailUrl\":\"https:\/\/folhadems.com.br\/site\/wp-content\/uploads\/2026\/03\/rx.jpg\",\"articleSection\":[\"Ci\u00eancia e Sa\u00fade\"],\"inLanguage\":\"pt-BR\",\"potentialAction\":[{\"@type\":\"CommentAction\",\"name\":\"Comment\",\"target\":[\"https:\/\/folhadems.com.br\/site\/2026\/03\/13\/raio-x-com-ia-vai-auxiliar-diagnostico-em-pessoas-com-hiv-em-campo-grande\/#respond\"]}]},{\"@type\":\"WebPage\",\"@id\":\"https:\/\/folhadems.com.br\/site\/2026\/03\/13\/raio-x-com-ia-vai-auxiliar-diagnostico-em-pessoas-com-hiv-em-campo-grande\/\",\"url\":\"https:\/\/folhadems.com.br\/site\/2026\/03\/13\/raio-x-com-ia-vai-auxiliar-diagnostico-em-pessoas-com-hiv-em-campo-grande\/\",\"name\":\"Raio-X com IA vai auxiliar diagn\u00f3stico em pessoas com HIV em Campo Grande - Folha de Mato Grosso do Sul\",\"isPartOf\":{\"@id\":\"https:\/\/folhadems.com.br\/site\/#website\"},\"primaryImageOfPage\":{\"@id\":\"https:\/\/folhadems.com.br\/site\/2026\/03\/13\/raio-x-com-ia-vai-auxiliar-diagnostico-em-pessoas-com-hiv-em-campo-grande\/#primaryimage\"},\"image\":{\"@id\":\"https:\/\/folhadems.com.br\/site\/2026\/03\/13\/raio-x-com-ia-vai-auxiliar-diagnostico-em-pessoas-com-hiv-em-campo-grande\/#primaryimage\"},\"thumbnailUrl\":\"https:\/\/folhadems.com.br\/site\/wp-content\/uploads\/2026\/03\/rx.jpg\",\"datePublished\":\"2026-03-13T12:11:54+00:00\",\"dateModified\":\"2026-03-13T12:12:11+00:00\",\"breadcrumb\":{\"@id\":\"https:\/\/folhadems.com.br\/site\/2026\/03\/13\/raio-x-com-ia-vai-auxiliar-diagnostico-em-pessoas-com-hiv-em-campo-grande\/#breadcrumb\"},\"inLanguage\":\"pt-BR\",\"potentialAction\":[{\"@type\":\"ReadAction\",\"target\":[\"https:\/\/folhadems.com.br\/site\/2026\/03\/13\/raio-x-com-ia-vai-auxiliar-diagnostico-em-pessoas-com-hiv-em-campo-grande\/\"]}]},{\"@type\":\"ImageObject\",\"inLanguage\":\"pt-BR\",\"@id\":\"https:\/\/folhadems.com.br\/site\/2026\/03\/13\/raio-x-com-ia-vai-auxiliar-diagnostico-em-pessoas-com-hiv-em-campo-grande\/#primaryimage\",\"url\":\"https:\/\/folhadems.com.br\/site\/wp-content\/uploads\/2026\/03\/rx.jpg\",\"contentUrl\":\"https:\/\/folhadems.com.br\/site\/wp-content\/uploads\/2026\/03\/rx.jpg\",\"width\":800,\"height\":450},{\"@type\":\"BreadcrumbList\",\"@id\":\"https:\/\/folhadems.com.br\/site\/2026\/03\/13\/raio-x-com-ia-vai-auxiliar-diagnostico-em-pessoas-com-hiv-em-campo-grande\/#breadcrumb\",\"itemListElement\":[{\"@type\":\"ListItem\",\"position\":1,\"name\":\"In\u00edcio\",\"item\":\"https:\/\/folhadems.com.br\/site\/\"},{\"@type\":\"ListItem\",\"position\":2,\"name\":\"Raio-X com IA vai auxiliar diagn\u00f3stico em pessoas com HIV em Campo Grande\"}]},{\"@type\":\"WebSite\",\"@id\":\"https:\/\/folhadems.com.br\/site\/#website\",\"url\":\"https:\/\/folhadems.com.br\/site\/\",\"name\":\"Folha de Mato Grosso do Sul\",\"description\":\"Jornal Online\",\"publisher\":{\"@id\":\"https:\/\/folhadems.com.br\/site\/#organization\"},\"potentialAction\":[{\"@type\":\"SearchAction\",\"target\":{\"@type\":\"EntryPoint\",\"urlTemplate\":\"https:\/\/folhadems.com.br\/site\/?s={search_term_string}\"},\"query-input\":{\"@type\":\"PropertyValueSpecification\",\"valueRequired\":true,\"valueName\":\"search_term_string\"}}],\"inLanguage\":\"pt-BR\"},{\"@type\":\"Organization\",\"@id\":\"https:\/\/folhadems.com.br\/site\/#organization\",\"name\":\"Folha de Mato Grosso do Sul\",\"url\":\"https:\/\/folhadems.com.br\/site\/\",\"logo\":{\"@type\":\"ImageObject\",\"inLanguage\":\"pt-BR\",\"@id\":\"https:\/\/folhadems.com.br\/site\/#\/schema\/logo\/image\/\",\"url\":\"https:\/\/folhadems.com.br\/site\/wp-content\/uploads\/2023\/01\/logo-folha-de-ms-380x90-1.jpg\",\"contentUrl\":\"https:\/\/folhadems.com.br\/site\/wp-content\/uploads\/2023\/01\/logo-folha-de-ms-380x90-1.jpg\",\"width\":380,\"height\":90,\"caption\":\"Folha de Mato Grosso do Sul\"},\"image\":{\"@id\":\"https:\/\/folhadems.com.br\/site\/#\/schema\/logo\/image\/\"}},{\"@type\":\"Person\",\"@id\":\"https:\/\/folhadems.com.br\/site\/#\/schema\/person\/e4a04038e5c2e7040e19ef252ae9d940\",\"name\":\"Elite Midia\",\"image\":{\"@type\":\"ImageObject\",\"inLanguage\":\"pt-BR\",\"@id\":\"https:\/\/folhadems.com.br\/site\/#\/schema\/person\/image\/\",\"url\":\"https:\/\/secure.gravatar.com\/avatar\/f76a80f01119f7fec6909ab9feea8819031f391155be021b685479d77496f055?s=96&d=mm&r=g\",\"contentUrl\":\"https:\/\/secure.gravatar.com\/avatar\/f76a80f01119f7fec6909ab9feea8819031f391155be021b685479d77496f055?s=96&d=mm&r=g\",\"caption\":\"Elite Midia\"},\"sameAs\":[\"https:\/\/folhadems.com.br\/site\"],\"url\":\"https:\/\/folhadems.com.br\/site\/author\/elite-midia\/\"}]}<\/script>\n<!-- \/ Yoast SEO plugin. -->","yoast_head_json":{"title":"Raio-X com IA vai auxiliar diagn\u00f3stico em pessoas com HIV em Campo Grande - Folha de Mato Grosso do Sul","robots":{"index":"index","follow":"follow","max-snippet":"max-snippet:-1","max-image-preview":"max-image-preview:large","max-video-preview":"max-video-preview:-1"},"canonical":"https:\/\/folhadems.com.br\/site\/2026\/03\/13\/raio-x-com-ia-vai-auxiliar-diagnostico-em-pessoas-com-hiv-em-campo-grande\/","og_locale":"pt_BR","og_type":"article","og_title":"Raio-X com IA vai auxiliar diagn\u00f3stico em pessoas com HIV em Campo Grande - Folha de Mato Grosso do Sul","og_description":"Campo Grande d\u00e1 um passo importante para o avan\u00e7o do diagn\u00f3stico precoce de doen\u00e7as respirat\u00f3rias, especialmente entre as pessoas vivendo","og_url":"https:\/\/folhadems.com.br\/site\/2026\/03\/13\/raio-x-com-ia-vai-auxiliar-diagnostico-em-pessoas-com-hiv-em-campo-grande\/","og_site_name":"Folha de Mato Grosso do Sul","article_published_time":"2026-03-13T12:11:54+00:00","article_modified_time":"2026-03-13T12:12:11+00:00","og_image":[{"width":800,"height":450,"url":"https:\/\/folhadems.com.br\/site\/wp-content\/uploads\/2026\/03\/rx.jpg","type":"image\/jpeg"}],"author":"Elite Midia","twitter_card":"summary_large_image","twitter_misc":{"Escrito por":"Elite Midia","Est. tempo de leitura":"5 minutos"},"schema":{"@context":"https:\/\/schema.org","@graph":[{"@type":"Article","@id":"https:\/\/folhadems.com.br\/site\/2026\/03\/13\/raio-x-com-ia-vai-auxiliar-diagnostico-em-pessoas-com-hiv-em-campo-grande\/#article","isPartOf":{"@id":"https:\/\/folhadems.com.br\/site\/2026\/03\/13\/raio-x-com-ia-vai-auxiliar-diagnostico-em-pessoas-com-hiv-em-campo-grande\/"},"author":{"name":"Elite Midia","@id":"https:\/\/folhadems.com.br\/site\/#\/schema\/person\/e4a04038e5c2e7040e19ef252ae9d940"},"headline":"Raio-X com IA vai auxiliar diagn\u00f3stico em pessoas com HIV em Campo Grande","datePublished":"2026-03-13T12:11:54+00:00","dateModified":"2026-03-13T12:12:11+00:00","mainEntityOfPage":{"@id":"https:\/\/folhadems.com.br\/site\/2026\/03\/13\/raio-x-com-ia-vai-auxiliar-diagnostico-em-pessoas-com-hiv-em-campo-grande\/"},"wordCount":722,"commentCount":0,"publisher":{"@id":"https:\/\/folhadems.com.br\/site\/#organization"},"image":{"@id":"https:\/\/folhadems.com.br\/site\/2026\/03\/13\/raio-x-com-ia-vai-auxiliar-diagnostico-em-pessoas-com-hiv-em-campo-grande\/#primaryimage"},"thumbnailUrl":"https:\/\/folhadems.com.br\/site\/wp-content\/uploads\/2026\/03\/rx.jpg","articleSection":["Ci\u00eancia e Sa\u00fade"],"inLanguage":"pt-BR","potentialAction":[{"@type":"CommentAction","name":"Comment","target":["https:\/\/folhadems.com.br\/site\/2026\/03\/13\/raio-x-com-ia-vai-auxiliar-diagnostico-em-pessoas-com-hiv-em-campo-grande\/#respond"]}]},{"@type":"WebPage","@id":"https:\/\/folhadems.com.br\/site\/2026\/03\/13\/raio-x-com-ia-vai-auxiliar-diagnostico-em-pessoas-com-hiv-em-campo-grande\/","url":"https:\/\/folhadems.com.br\/site\/2026\/03\/13\/raio-x-com-ia-vai-auxiliar-diagnostico-em-pessoas-com-hiv-em-campo-grande\/","name":"Raio-X com IA vai auxiliar diagn\u00f3stico em pessoas com HIV em Campo Grande - Folha de Mato Grosso do Sul","isPartOf":{"@id":"https:\/\/folhadems.com.br\/site\/#website"},"primaryImageOfPage":{"@id":"https:\/\/folhadems.com.br\/site\/2026\/03\/13\/raio-x-com-ia-vai-auxiliar-diagnostico-em-pessoas-com-hiv-em-campo-grande\/#primaryimage"},"image":{"@id":"https:\/\/folhadems.com.br\/site\/2026\/03\/13\/raio-x-com-ia-vai-auxiliar-diagnostico-em-pessoas-com-hiv-em-campo-grande\/#primaryimage"},"thumbnailUrl":"https:\/\/folhadems.com.br\/site\/wp-content\/uploads\/2026\/03\/rx.jpg","datePublished":"2026-03-13T12:11:54+00:00","dateModified":"2026-03-13T12:12:11+00:00","breadcrumb":{"@id":"https:\/\/folhadems.com.br\/site\/2026\/03\/13\/raio-x-com-ia-vai-auxiliar-diagnostico-em-pessoas-com-hiv-em-campo-grande\/#breadcrumb"},"inLanguage":"pt-BR","potentialAction":[{"@type":"ReadAction","target":["https:\/\/folhadems.com.br\/site\/2026\/03\/13\/raio-x-com-ia-vai-auxiliar-diagnostico-em-pessoas-com-hiv-em-campo-grande\/"]}]},{"@type":"ImageObject","inLanguage":"pt-BR","@id":"https:\/\/folhadems.com.br\/site\/2026\/03\/13\/raio-x-com-ia-vai-auxiliar-diagnostico-em-pessoas-com-hiv-em-campo-grande\/#primaryimage","url":"https:\/\/folhadems.com.br\/site\/wp-content\/uploads\/2026\/03\/rx.jpg","contentUrl":"https:\/\/folhadems.com.br\/site\/wp-content\/uploads\/2026\/03\/rx.jpg","width":800,"height":450},{"@type":"BreadcrumbList","@id":"https:\/\/folhadems.com.br\/site\/2026\/03\/13\/raio-x-com-ia-vai-auxiliar-diagnostico-em-pessoas-com-hiv-em-campo-grande\/#breadcrumb","itemListElement":[{"@type":"ListItem","position":1,"name":"In\u00edcio","item":"https:\/\/folhadems.com.br\/site\/"},{"@type":"ListItem","position":2,"name":"Raio-X com IA vai auxiliar diagn\u00f3stico em pessoas com HIV em Campo Grande"}]},{"@type":"WebSite","@id":"https:\/\/folhadems.com.br\/site\/#website","url":"https:\/\/folhadems.com.br\/site\/","name":"Folha de Mato Grosso do Sul","description":"Jornal Online","publisher":{"@id":"https:\/\/folhadems.com.br\/site\/#organization"},"potentialAction":[{"@type":"SearchAction","target":{"@type":"EntryPoint","urlTemplate":"https:\/\/folhadems.com.br\/site\/?s={search_term_string}"},"query-input":{"@type":"PropertyValueSpecification","valueRequired":true,"valueName":"search_term_string"}}],"inLanguage":"pt-BR"},{"@type":"Organization","@id":"https:\/\/folhadems.com.br\/site\/#organization","name":"Folha de Mato Grosso do Sul","url":"https:\/\/folhadems.com.br\/site\/","logo":{"@type":"ImageObject","inLanguage":"pt-BR","@id":"https:\/\/folhadems.com.br\/site\/#\/schema\/logo\/image\/","url":"https:\/\/folhadems.com.br\/site\/wp-content\/uploads\/2023\/01\/logo-folha-de-ms-380x90-1.jpg","contentUrl":"https:\/\/folhadems.com.br\/site\/wp-content\/uploads\/2023\/01\/logo-folha-de-ms-380x90-1.jpg","width":380,"height":90,"caption":"Folha de Mato Grosso do Sul"},"image":{"@id":"https:\/\/folhadems.com.br\/site\/#\/schema\/logo\/image\/"}},{"@type":"Person","@id":"https:\/\/folhadems.com.br\/site\/#\/schema\/person\/e4a04038e5c2e7040e19ef252ae9d940","name":"Elite Midia","image":{"@type":"ImageObject","inLanguage":"pt-BR","@id":"https:\/\/folhadems.com.br\/site\/#\/schema\/person\/image\/","url":"https:\/\/secure.gravatar.com\/avatar\/f76a80f01119f7fec6909ab9feea8819031f391155be021b685479d77496f055?s=96&d=mm&r=g","contentUrl":"https:\/\/secure.gravatar.com\/avatar\/f76a80f01119f7fec6909ab9feea8819031f391155be021b685479d77496f055?s=96&d=mm&r=g","caption":"Elite Midia"},"sameAs":["https:\/\/folhadems.com.br\/site"],"url":"https:\/\/folhadems.com.br\/site\/author\/elite-midia\/"}]}},"publishpress_future_action":{"enabled":false,"date":"2026-05-04 19:53:10","action":"change-status","newStatus":"draft","terms":[],"taxonomy":"category","extraData":[]},"publishpress_future_workflow_manual_trigger":{"enabledWorkflows":[]},"_links":{"self":[{"href":"https:\/\/folhadems.com.br\/site\/wp-json\/wp\/v2\/posts\/14906","targetHints":{"allow":["GET"]}}],"collection":[{"href":"https:\/\/folhadems.com.br\/site\/wp-json\/wp\/v2\/posts"}],"about":[{"href":"https:\/\/folhadems.com.br\/site\/wp-json\/wp\/v2\/types\/post"}],"author":[{"embeddable":true,"href":"https:\/\/folhadems.com.br\/site\/wp-json\/wp\/v2\/users\/1"}],"replies":[{"embeddable":true,"href":"https:\/\/folhadems.com.br\/site\/wp-json\/wp\/v2\/comments?post=14906"}],"version-history":[{"count":1,"href":"https:\/\/folhadems.com.br\/site\/wp-json\/wp\/v2\/posts\/14906\/revisions"}],"predecessor-version":[{"id":14908,"href":"https:\/\/folhadems.com.br\/site\/wp-json\/wp\/v2\/posts\/14906\/revisions\/14908"}],"wp:featuredmedia":[{"embeddable":true,"href":"https:\/\/folhadems.com.br\/site\/wp-json\/wp\/v2\/media\/14907"}],"wp:attachment":[{"href":"https:\/\/folhadems.com.br\/site\/wp-json\/wp\/v2\/media?parent=14906"}],"wp:term":[{"taxonomy":"category","embeddable":true,"href":"https:\/\/folhadems.com.br\/site\/wp-json\/wp\/v2\/categories?post=14906"},{"taxonomy":"post_tag","embeddable":true,"href":"https:\/\/folhadems.com.br\/site\/wp-json\/wp\/v2\/tags?post=14906"}],"curies":[{"name":"wp","href":"https:\/\/api.w.org\/{rel}","templated":true}]}}