{"id":14903,"date":"2026-03-12T17:35:00","date_gmt":"2026-03-12T21:35:00","guid":{"rendered":"https:\/\/folhadems.com.br\/site\/?p=14903"},"modified":"2026-03-12T16:52:05","modified_gmt":"2026-03-12T20:52:05","slug":"vereador-veterinario-francisco-homenageia-bioparque-pantanal-por-marco-historico-na-reproducao-de-peixes-de-agua-doce","status":"publish","type":"post","link":"https:\/\/folhadems.com.br\/site\/2026\/03\/12\/vereador-veterinario-francisco-homenageia-bioparque-pantanal-por-marco-historico-na-reproducao-de-peixes-de-agua-doce\/","title":{"rendered":"Vereador Veterin\u00e1rio Francisco homenageia Bioparque Pantanal por marco hist\u00f3rico na reprodu\u00e7\u00e3o de peixes de \u00e1gua doce"},"content":{"rendered":"\n<p>Durante a sess\u00e3o ordin\u00e1ria desta quinta-feira(12), na C\u00e2mara Municipal de Campo Grande, o vereador Veterin\u00e1rio Francisco apresentou uma Mo\u00e7\u00e3o de Congratula\u00e7\u00e3o ao Bioparque Pantanal pelo importante avan\u00e7o cient\u00edfico alcan\u00e7ado pela institui\u00e7\u00e3o. No \u00faltimo dia 5, o Bioparque celebrou um marco hist\u00f3rico ao registrar a reprodu\u00e7\u00e3o de sua 100\u00aa esp\u00e9cie de peixe, consolidando-se como o maior banco gen\u00e9tico vivo de peixes de \u00e1gua doce do mundo.<\/p>\n\n\n\n<p>De acordo com dados da institui\u00e7\u00e3o, 95% das esp\u00e9cies foram reproduzidas de forma natural, sem utiliza\u00e7\u00e3o de horm\u00f4nios ou indu\u00e7\u00e3o artificial. Entre os peixes reproduzidos, 32 esp\u00e9cies pertencem ao Pantanal, 21 ao Cerrado e 3 \u00e0 Mata Atl\u00e2ntica, biomas presentes em Mato Grosso do Sul e fundamentais para a biodiversidade brasileira.<\/p>\n\n\n\n<p>O vereador destacou a relev\u00e2ncia cient\u00edfica, ambiental e educativa do trabalho desenvolvido pelo Bioparque.<\/p>\n\n\n\n<p>\u201cO trabalho realizado pelo Bioparque Pantanal merece reconhecimento. Preservar esp\u00e9cies e garantir a reprodu\u00e7\u00e3o de peixes nativos \u00e9 proteger o equil\u00edbrio ambiental e o patrim\u00f4nio natural do nosso pa\u00eds. Quando falamos em biodiversidade, falamos tamb\u00e9m do conceito de sa\u00fade \u00fanica, que integra a sa\u00fade do meio ambiente, dos animais e das pessoas. Iniciativas como essa fortalecem a pesquisa, a educa\u00e7\u00e3o ambiental e contribuem diretamente para a qualidade de vida da popula\u00e7\u00e3o\u201d, afirmou o vereador Veterin\u00e1rio Francisco.<\/p>\n\n\n\n<p>Cada reprodu\u00e7\u00e3o registrada representa um avan\u00e7o importante para a ci\u00eancia e para a conserva\u00e7\u00e3o das esp\u00e9cies. O resultado \u00e9 fruto da dedica\u00e7\u00e3o de pesquisadores e profissionais envolvidos no projeto, refor\u00e7ando a miss\u00e3o do Bioparque de ir al\u00e9m de um espa\u00e7o de contempla\u00e7\u00e3o, atuando como um relevante centro de conserva\u00e7\u00e3o da biodiversidade e produ\u00e7\u00e3o de conhecimento cient\u00edfico.<\/p>\n\n\n\n<p><strong><em>Fonte: Assessoria Vereador<\/em><\/strong><\/p>\n","protected":false},"excerpt":{"rendered":"<p>Durante a sess\u00e3o ordin\u00e1ria desta quinta-feira(12), na C\u00e2mara Municipal de Campo Grande, o vereador Veterin\u00e1rio Francisco apresentou uma Mo\u00e7\u00e3o de<\/p>\n","protected":false},"author":1,"featured_media":14904,"comment_status":"open","ping_status":"open","sticky":false,"template":"","format":"standard","meta":{"footnotes":""},"categories":[4],"tags":[],"class_list":["post-14903","post","type-post","status-publish","format-standard","has-post-thumbnail","hentry","category-politica"],"yoast_head":"<!-- This site is optimized with the Yoast SEO plugin v27.1.1 - https:\/\/yoast.com\/product\/yoast-seo-wordpress\/ -->\n<title>Vereador Veterin\u00e1rio Francisco homenageia Bioparque Pantanal por marco hist\u00f3rico na reprodu\u00e7\u00e3o de peixes de \u00e1gua doce - Folha de Mato Grosso do Sul<\/title>\n<meta name=\"robots\" content=\"index, follow, max-snippet:-1, max-image-preview:large, max-video-preview:-1\" \/>\n<link rel=\"canonical\" href=\"https:\/\/folhadems.com.br\/site\/2026\/03\/12\/vereador-veterinario-francisco-homenageia-bioparque-pantanal-por-marco-historico-na-reproducao-de-peixes-de-agua-doce\/\" \/>\n<meta property=\"og:locale\" content=\"pt_BR\" \/>\n<meta property=\"og:type\" content=\"article\" \/>\n<meta property=\"og:title\" content=\"Vereador Veterin\u00e1rio Francisco homenageia Bioparque Pantanal por marco hist\u00f3rico na reprodu\u00e7\u00e3o de peixes de \u00e1gua doce - Folha de Mato Grosso do Sul\" \/>\n<meta property=\"og:description\" content=\"Durante a sess\u00e3o ordin\u00e1ria desta quinta-feira(12), na C\u00e2mara Municipal de Campo Grande, o vereador Veterin\u00e1rio Francisco apresentou uma Mo\u00e7\u00e3o de\" \/>\n<meta property=\"og:url\" content=\"https:\/\/folhadems.com.br\/site\/2026\/03\/12\/vereador-veterinario-francisco-homenageia-bioparque-pantanal-por-marco-historico-na-reproducao-de-peixes-de-agua-doce\/\" \/>\n<meta property=\"og:site_name\" content=\"Folha de Mato Grosso do Sul\" \/>\n<meta property=\"article:published_time\" content=\"2026-03-12T21:35:00+00:00\" \/>\n<meta property=\"og:image\" content=\"https:\/\/folhadems.com.br\/site\/wp-content\/uploads\/2026\/03\/vereador-francisco-1.jpg\" \/>\n\t<meta property=\"og:image:width\" content=\"800\" \/>\n\t<meta property=\"og:image:height\" content=\"450\" \/>\n\t<meta property=\"og:image:type\" content=\"image\/jpeg\" \/>\n<meta name=\"author\" content=\"Elite Midia\" \/>\n<meta name=\"twitter:card\" content=\"summary_large_image\" \/>\n<meta name=\"twitter:label1\" content=\"Escrito por\" \/>\n\t<meta name=\"twitter:data1\" content=\"Elite Midia\" \/>\n\t<meta name=\"twitter:label2\" content=\"Est. tempo de leitura\" \/>\n\t<meta name=\"twitter:data2\" content=\"2 minutos\" \/>\n<script type=\"application\/ld+json\" class=\"yoast-schema-graph\">{\"@context\":\"https:\/\/schema.org\",\"@graph\":[{\"@type\":\"Article\",\"@id\":\"https:\/\/folhadems.com.br\/site\/2026\/03\/12\/vereador-veterinario-francisco-homenageia-bioparque-pantanal-por-marco-historico-na-reproducao-de-peixes-de-agua-doce\/#article\",\"isPartOf\":{\"@id\":\"https:\/\/folhadems.com.br\/site\/2026\/03\/12\/vereador-veterinario-francisco-homenageia-bioparque-pantanal-por-marco-historico-na-reproducao-de-peixes-de-agua-doce\/\"},\"author\":{\"name\":\"Elite Midia\",\"@id\":\"https:\/\/folhadems.com.br\/site\/#\/schema\/person\/e4a04038e5c2e7040e19ef252ae9d940\"},\"headline\":\"Vereador Veterin\u00e1rio Francisco homenageia Bioparque Pantanal por marco hist\u00f3rico na reprodu\u00e7\u00e3o de peixes de \u00e1gua doce\",\"datePublished\":\"2026-03-12T21:35:00+00:00\",\"mainEntityOfPage\":{\"@id\":\"https:\/\/folhadems.com.br\/site\/2026\/03\/12\/vereador-veterinario-francisco-homenageia-bioparque-pantanal-por-marco-historico-na-reproducao-de-peixes-de-agua-doce\/\"},\"wordCount\":323,\"commentCount\":0,\"publisher\":{\"@id\":\"https:\/\/folhadems.com.br\/site\/#organization\"},\"image\":{\"@id\":\"https:\/\/folhadems.com.br\/site\/2026\/03\/12\/vereador-veterinario-francisco-homenageia-bioparque-pantanal-por-marco-historico-na-reproducao-de-peixes-de-agua-doce\/#primaryimage\"},\"thumbnailUrl\":\"https:\/\/folhadems.com.br\/site\/wp-content\/uploads\/2026\/03\/vereador-francisco-1.jpg\",\"articleSection\":[\"Pol\u00edtica\"],\"inLanguage\":\"pt-BR\",\"potentialAction\":[{\"@type\":\"CommentAction\",\"name\":\"Comment\",\"target\":[\"https:\/\/folhadems.com.br\/site\/2026\/03\/12\/vereador-veterinario-francisco-homenageia-bioparque-pantanal-por-marco-historico-na-reproducao-de-peixes-de-agua-doce\/#respond\"]}]},{\"@type\":\"WebPage\",\"@id\":\"https:\/\/folhadems.com.br\/site\/2026\/03\/12\/vereador-veterinario-francisco-homenageia-bioparque-pantanal-por-marco-historico-na-reproducao-de-peixes-de-agua-doce\/\",\"url\":\"https:\/\/folhadems.com.br\/site\/2026\/03\/12\/vereador-veterinario-francisco-homenageia-bioparque-pantanal-por-marco-historico-na-reproducao-de-peixes-de-agua-doce\/\",\"name\":\"Vereador Veterin\u00e1rio Francisco homenageia Bioparque Pantanal por marco hist\u00f3rico na reprodu\u00e7\u00e3o de peixes de \u00e1gua doce - Folha de Mato Grosso do Sul\",\"isPartOf\":{\"@id\":\"https:\/\/folhadems.com.br\/site\/#website\"},\"primaryImageOfPage\":{\"@id\":\"https:\/\/folhadems.com.br\/site\/2026\/03\/12\/vereador-veterinario-francisco-homenageia-bioparque-pantanal-por-marco-historico-na-reproducao-de-peixes-de-agua-doce\/#primaryimage\"},\"image\":{\"@id\":\"https:\/\/folhadems.com.br\/site\/2026\/03\/12\/vereador-veterinario-francisco-homenageia-bioparque-pantanal-por-marco-historico-na-reproducao-de-peixes-de-agua-doce\/#primaryimage\"},\"thumbnailUrl\":\"https:\/\/folhadems.com.br\/site\/wp-content\/uploads\/2026\/03\/vereador-francisco-1.jpg\",\"datePublished\":\"2026-03-12T21:35:00+00:00\",\"breadcrumb\":{\"@id\":\"https:\/\/folhadems.com.br\/site\/2026\/03\/12\/vereador-veterinario-francisco-homenageia-bioparque-pantanal-por-marco-historico-na-reproducao-de-peixes-de-agua-doce\/#breadcrumb\"},\"inLanguage\":\"pt-BR\",\"potentialAction\":[{\"@type\":\"ReadAction\",\"target\":[\"https:\/\/folhadems.com.br\/site\/2026\/03\/12\/vereador-veterinario-francisco-homenageia-bioparque-pantanal-por-marco-historico-na-reproducao-de-peixes-de-agua-doce\/\"]}]},{\"@type\":\"ImageObject\",\"inLanguage\":\"pt-BR\",\"@id\":\"https:\/\/folhadems.com.br\/site\/2026\/03\/12\/vereador-veterinario-francisco-homenageia-bioparque-pantanal-por-marco-historico-na-reproducao-de-peixes-de-agua-doce\/#primaryimage\",\"url\":\"https:\/\/folhadems.com.br\/site\/wp-content\/uploads\/2026\/03\/vereador-francisco-1.jpg\",\"contentUrl\":\"https:\/\/folhadems.com.br\/site\/wp-content\/uploads\/2026\/03\/vereador-francisco-1.jpg\",\"width\":800,\"height\":450},{\"@type\":\"BreadcrumbList\",\"@id\":\"https:\/\/folhadems.com.br\/site\/2026\/03\/12\/vereador-veterinario-francisco-homenageia-bioparque-pantanal-por-marco-historico-na-reproducao-de-peixes-de-agua-doce\/#breadcrumb\",\"itemListElement\":[{\"@type\":\"ListItem\",\"position\":1,\"name\":\"In\u00edcio\",\"item\":\"https:\/\/folhadems.com.br\/site\/\"},{\"@type\":\"ListItem\",\"position\":2,\"name\":\"Vereador Veterin\u00e1rio Francisco homenageia Bioparque Pantanal por marco hist\u00f3rico na reprodu\u00e7\u00e3o de peixes de \u00e1gua doce\"}]},{\"@type\":\"WebSite\",\"@id\":\"https:\/\/folhadems.com.br\/site\/#website\",\"url\":\"https:\/\/folhadems.com.br\/site\/\",\"name\":\"Folha de Mato Grosso do Sul\",\"description\":\"Jornal Online\",\"publisher\":{\"@id\":\"https:\/\/folhadems.com.br\/site\/#organization\"},\"potentialAction\":[{\"@type\":\"SearchAction\",\"target\":{\"@type\":\"EntryPoint\",\"urlTemplate\":\"https:\/\/folhadems.com.br\/site\/?s={search_term_string}\"},\"query-input\":{\"@type\":\"PropertyValueSpecification\",\"valueRequired\":true,\"valueName\":\"search_term_string\"}}],\"inLanguage\":\"pt-BR\"},{\"@type\":\"Organization\",\"@id\":\"https:\/\/folhadems.com.br\/site\/#organization\",\"name\":\"Folha de Mato Grosso do Sul\",\"url\":\"https:\/\/folhadems.com.br\/site\/\",\"logo\":{\"@type\":\"ImageObject\",\"inLanguage\":\"pt-BR\",\"@id\":\"https:\/\/folhadems.com.br\/site\/#\/schema\/logo\/image\/\",\"url\":\"https:\/\/folhadems.com.br\/site\/wp-content\/uploads\/2023\/01\/logo-folha-de-ms-380x90-1.jpg\",\"contentUrl\":\"https:\/\/folhadems.com.br\/site\/wp-content\/uploads\/2023\/01\/logo-folha-de-ms-380x90-1.jpg\",\"width\":380,\"height\":90,\"caption\":\"Folha de Mato Grosso do Sul\"},\"image\":{\"@id\":\"https:\/\/folhadems.com.br\/site\/#\/schema\/logo\/image\/\"}},{\"@type\":\"Person\",\"@id\":\"https:\/\/folhadems.com.br\/site\/#\/schema\/person\/e4a04038e5c2e7040e19ef252ae9d940\",\"name\":\"Elite Midia\",\"image\":{\"@type\":\"ImageObject\",\"inLanguage\":\"pt-BR\",\"@id\":\"https:\/\/folhadems.com.br\/site\/#\/schema\/person\/image\/\",\"url\":\"https:\/\/secure.gravatar.com\/avatar\/f76a80f01119f7fec6909ab9feea8819031f391155be021b685479d77496f055?s=96&d=mm&r=g\",\"contentUrl\":\"https:\/\/secure.gravatar.com\/avatar\/f76a80f01119f7fec6909ab9feea8819031f391155be021b685479d77496f055?s=96&d=mm&r=g\",\"caption\":\"Elite Midia\"},\"sameAs\":[\"https:\/\/folhadems.com.br\/site\"],\"url\":\"https:\/\/folhadems.com.br\/site\/author\/elite-midia\/\"}]}<\/script>\n<!-- \/ Yoast SEO plugin. -->","yoast_head_json":{"title":"Vereador Veterin\u00e1rio Francisco homenageia Bioparque Pantanal por marco hist\u00f3rico na reprodu\u00e7\u00e3o de peixes de \u00e1gua doce - Folha de Mato Grosso do Sul","robots":{"index":"index","follow":"follow","max-snippet":"max-snippet:-1","max-image-preview":"max-image-preview:large","max-video-preview":"max-video-preview:-1"},"canonical":"https:\/\/folhadems.com.br\/site\/2026\/03\/12\/vereador-veterinario-francisco-homenageia-bioparque-pantanal-por-marco-historico-na-reproducao-de-peixes-de-agua-doce\/","og_locale":"pt_BR","og_type":"article","og_title":"Vereador Veterin\u00e1rio Francisco homenageia Bioparque Pantanal por marco hist\u00f3rico na reprodu\u00e7\u00e3o de peixes de \u00e1gua doce - Folha de Mato Grosso do Sul","og_description":"Durante a sess\u00e3o ordin\u00e1ria desta quinta-feira(12), na C\u00e2mara Municipal de Campo Grande, o vereador Veterin\u00e1rio Francisco apresentou uma Mo\u00e7\u00e3o de","og_url":"https:\/\/folhadems.com.br\/site\/2026\/03\/12\/vereador-veterinario-francisco-homenageia-bioparque-pantanal-por-marco-historico-na-reproducao-de-peixes-de-agua-doce\/","og_site_name":"Folha de Mato Grosso do Sul","article_published_time":"2026-03-12T21:35:00+00:00","og_image":[{"width":800,"height":450,"url":"https:\/\/folhadems.com.br\/site\/wp-content\/uploads\/2026\/03\/vereador-francisco-1.jpg","type":"image\/jpeg"}],"author":"Elite Midia","twitter_card":"summary_large_image","twitter_misc":{"Escrito por":"Elite Midia","Est. tempo de leitura":"2 minutos"},"schema":{"@context":"https:\/\/schema.org","@graph":[{"@type":"Article","@id":"https:\/\/folhadems.com.br\/site\/2026\/03\/12\/vereador-veterinario-francisco-homenageia-bioparque-pantanal-por-marco-historico-na-reproducao-de-peixes-de-agua-doce\/#article","isPartOf":{"@id":"https:\/\/folhadems.com.br\/site\/2026\/03\/12\/vereador-veterinario-francisco-homenageia-bioparque-pantanal-por-marco-historico-na-reproducao-de-peixes-de-agua-doce\/"},"author":{"name":"Elite Midia","@id":"https:\/\/folhadems.com.br\/site\/#\/schema\/person\/e4a04038e5c2e7040e19ef252ae9d940"},"headline":"Vereador Veterin\u00e1rio Francisco homenageia Bioparque Pantanal por marco hist\u00f3rico na reprodu\u00e7\u00e3o de peixes de \u00e1gua doce","datePublished":"2026-03-12T21:35:00+00:00","mainEntityOfPage":{"@id":"https:\/\/folhadems.com.br\/site\/2026\/03\/12\/vereador-veterinario-francisco-homenageia-bioparque-pantanal-por-marco-historico-na-reproducao-de-peixes-de-agua-doce\/"},"wordCount":323,"commentCount":0,"publisher":{"@id":"https:\/\/folhadems.com.br\/site\/#organization"},"image":{"@id":"https:\/\/folhadems.com.br\/site\/2026\/03\/12\/vereador-veterinario-francisco-homenageia-bioparque-pantanal-por-marco-historico-na-reproducao-de-peixes-de-agua-doce\/#primaryimage"},"thumbnailUrl":"https:\/\/folhadems.com.br\/site\/wp-content\/uploads\/2026\/03\/vereador-francisco-1.jpg","articleSection":["Pol\u00edtica"],"inLanguage":"pt-BR","potentialAction":[{"@type":"CommentAction","name":"Comment","target":["https:\/\/folhadems.com.br\/site\/2026\/03\/12\/vereador-veterinario-francisco-homenageia-bioparque-pantanal-por-marco-historico-na-reproducao-de-peixes-de-agua-doce\/#respond"]}]},{"@type":"WebPage","@id":"https:\/\/folhadems.com.br\/site\/2026\/03\/12\/vereador-veterinario-francisco-homenageia-bioparque-pantanal-por-marco-historico-na-reproducao-de-peixes-de-agua-doce\/","url":"https:\/\/folhadems.com.br\/site\/2026\/03\/12\/vereador-veterinario-francisco-homenageia-bioparque-pantanal-por-marco-historico-na-reproducao-de-peixes-de-agua-doce\/","name":"Vereador Veterin\u00e1rio Francisco homenageia Bioparque Pantanal por marco hist\u00f3rico na reprodu\u00e7\u00e3o de peixes de \u00e1gua doce - Folha de Mato Grosso do Sul","isPartOf":{"@id":"https:\/\/folhadems.com.br\/site\/#website"},"primaryImageOfPage":{"@id":"https:\/\/folhadems.com.br\/site\/2026\/03\/12\/vereador-veterinario-francisco-homenageia-bioparque-pantanal-por-marco-historico-na-reproducao-de-peixes-de-agua-doce\/#primaryimage"},"image":{"@id":"https:\/\/folhadems.com.br\/site\/2026\/03\/12\/vereador-veterinario-francisco-homenageia-bioparque-pantanal-por-marco-historico-na-reproducao-de-peixes-de-agua-doce\/#primaryimage"},"thumbnailUrl":"https:\/\/folhadems.com.br\/site\/wp-content\/uploads\/2026\/03\/vereador-francisco-1.jpg","datePublished":"2026-03-12T21:35:00+00:00","breadcrumb":{"@id":"https:\/\/folhadems.com.br\/site\/2026\/03\/12\/vereador-veterinario-francisco-homenageia-bioparque-pantanal-por-marco-historico-na-reproducao-de-peixes-de-agua-doce\/#breadcrumb"},"inLanguage":"pt-BR","potentialAction":[{"@type":"ReadAction","target":["https:\/\/folhadems.com.br\/site\/2026\/03\/12\/vereador-veterinario-francisco-homenageia-bioparque-pantanal-por-marco-historico-na-reproducao-de-peixes-de-agua-doce\/"]}]},{"@type":"ImageObject","inLanguage":"pt-BR","@id":"https:\/\/folhadems.com.br\/site\/2026\/03\/12\/vereador-veterinario-francisco-homenageia-bioparque-pantanal-por-marco-historico-na-reproducao-de-peixes-de-agua-doce\/#primaryimage","url":"https:\/\/folhadems.com.br\/site\/wp-content\/uploads\/2026\/03\/vereador-francisco-1.jpg","contentUrl":"https:\/\/folhadems.com.br\/site\/wp-content\/uploads\/2026\/03\/vereador-francisco-1.jpg","width":800,"height":450},{"@type":"BreadcrumbList","@id":"https:\/\/folhadems.com.br\/site\/2026\/03\/12\/vereador-veterinario-francisco-homenageia-bioparque-pantanal-por-marco-historico-na-reproducao-de-peixes-de-agua-doce\/#breadcrumb","itemListElement":[{"@type":"ListItem","position":1,"name":"In\u00edcio","item":"https:\/\/folhadems.com.br\/site\/"},{"@type":"ListItem","position":2,"name":"Vereador Veterin\u00e1rio Francisco homenageia Bioparque Pantanal por marco hist\u00f3rico na reprodu\u00e7\u00e3o de peixes de \u00e1gua doce"}]},{"@type":"WebSite","@id":"https:\/\/folhadems.com.br\/site\/#website","url":"https:\/\/folhadems.com.br\/site\/","name":"Folha de Mato Grosso do Sul","description":"Jornal Online","publisher":{"@id":"https:\/\/folhadems.com.br\/site\/#organization"},"potentialAction":[{"@type":"SearchAction","target":{"@type":"EntryPoint","urlTemplate":"https:\/\/folhadems.com.br\/site\/?s={search_term_string}"},"query-input":{"@type":"PropertyValueSpecification","valueRequired":true,"valueName":"search_term_string"}}],"inLanguage":"pt-BR"},{"@type":"Organization","@id":"https:\/\/folhadems.com.br\/site\/#organization","name":"Folha de Mato Grosso do Sul","url":"https:\/\/folhadems.com.br\/site\/","logo":{"@type":"ImageObject","inLanguage":"pt-BR","@id":"https:\/\/folhadems.com.br\/site\/#\/schema\/logo\/image\/","url":"https:\/\/folhadems.com.br\/site\/wp-content\/uploads\/2023\/01\/logo-folha-de-ms-380x90-1.jpg","contentUrl":"https:\/\/folhadems.com.br\/site\/wp-content\/uploads\/2023\/01\/logo-folha-de-ms-380x90-1.jpg","width":380,"height":90,"caption":"Folha de Mato Grosso do Sul"},"image":{"@id":"https:\/\/folhadems.com.br\/site\/#\/schema\/logo\/image\/"}},{"@type":"Person","@id":"https:\/\/folhadems.com.br\/site\/#\/schema\/person\/e4a04038e5c2e7040e19ef252ae9d940","name":"Elite Midia","image":{"@type":"ImageObject","inLanguage":"pt-BR","@id":"https:\/\/folhadems.com.br\/site\/#\/schema\/person\/image\/","url":"https:\/\/secure.gravatar.com\/avatar\/f76a80f01119f7fec6909ab9feea8819031f391155be021b685479d77496f055?s=96&d=mm&r=g","contentUrl":"https:\/\/secure.gravatar.com\/avatar\/f76a80f01119f7fec6909ab9feea8819031f391155be021b685479d77496f055?s=96&d=mm&r=g","caption":"Elite Midia"},"sameAs":["https:\/\/folhadems.com.br\/site"],"url":"https:\/\/folhadems.com.br\/site\/author\/elite-midia\/"}]}},"publishpress_future_action":{"enabled":false,"date":"2026-05-04 18:34:31","action":"change-status","newStatus":"draft","terms":[],"taxonomy":"category","extraData":[]},"publishpress_future_workflow_manual_trigger":{"enabledWorkflows":[]},"_links":{"self":[{"href":"https:\/\/folhadems.com.br\/site\/wp-json\/wp\/v2\/posts\/14903","targetHints":{"allow":["GET"]}}],"collection":[{"href":"https:\/\/folhadems.com.br\/site\/wp-json\/wp\/v2\/posts"}],"about":[{"href":"https:\/\/folhadems.com.br\/site\/wp-json\/wp\/v2\/types\/post"}],"author":[{"embeddable":true,"href":"https:\/\/folhadems.com.br\/site\/wp-json\/wp\/v2\/users\/1"}],"replies":[{"embeddable":true,"href":"https:\/\/folhadems.com.br\/site\/wp-json\/wp\/v2\/comments?post=14903"}],"version-history":[{"count":1,"href":"https:\/\/folhadems.com.br\/site\/wp-json\/wp\/v2\/posts\/14903\/revisions"}],"predecessor-version":[{"id":14905,"href":"https:\/\/folhadems.com.br\/site\/wp-json\/wp\/v2\/posts\/14903\/revisions\/14905"}],"wp:featuredmedia":[{"embeddable":true,"href":"https:\/\/folhadems.com.br\/site\/wp-json\/wp\/v2\/media\/14904"}],"wp:attachment":[{"href":"https:\/\/folhadems.com.br\/site\/wp-json\/wp\/v2\/media?parent=14903"}],"wp:term":[{"taxonomy":"category","embeddable":true,"href":"https:\/\/folhadems.com.br\/site\/wp-json\/wp\/v2\/categories?post=14903"},{"taxonomy":"post_tag","embeddable":true,"href":"https:\/\/folhadems.com.br\/site\/wp-json\/wp\/v2\/tags?post=14903"}],"curies":[{"name":"wp","href":"https:\/\/api.w.org\/{rel}","templated":true}]}}