{"id":14899,"date":"2026-03-12T16:21:32","date_gmt":"2026-03-12T20:21:32","guid":{"rendered":"https:\/\/folhadems.com.br\/site\/?p=14899"},"modified":"2026-03-12T16:21:34","modified_gmt":"2026-03-12T20:21:34","slug":"projeto-do-vereador-veterinario-francisco-autoriza-arrecadacao-de-racao-para-caes-e-gatos-em-eventos-municipais","status":"publish","type":"post","link":"https:\/\/folhadems.com.br\/site\/2026\/03\/12\/projeto-do-vereador-veterinario-francisco-autoriza-arrecadacao-de-racao-para-caes-e-gatos-em-eventos-municipais\/","title":{"rendered":"Projeto do vereador Veterin\u00e1rio Francisco autoriza arrecada\u00e7\u00e3o de ra\u00e7\u00e3o para c\u00e3es e gatos em eventos municipais"},"content":{"rendered":"\n<p>Nesta quinta-feira (12), durante a 11\u00aa sess\u00e3o ordin\u00e1ria da C\u00e2mara Municipal, foi aprovado o Projeto de Lei n\u00b012.006\/25<br>de autoria do vereador Veterin\u00e1rio Francisco que autoriza a arrecada\u00e7\u00e3o de ra\u00e7\u00e3o para c\u00e3es e gatos como alternativa \u00e0 doa\u00e7\u00e3o de alimentos n\u00e3o perec\u00edveis em eventos realizados ou apoiados pelo munic\u00edpio.<\/p>\n\n\n\n<p>A proposta busca ampliar as iniciativas solid\u00e1rias promovidas em eventos p\u00fablicos, permitindo que a popula\u00e7\u00e3o contribua tamb\u00e9m com a causa animal. A partir da nova medida, cidad\u00e3os poder\u00e3o optar por doar ra\u00e7\u00e3o animal em campanhas e a\u00e7\u00f5es que tradicionalmente arrecadam alimentos destinados a fam\u00edlias em situa\u00e7\u00e3o de vulnerabilidade.<\/p>\n\n\n\n<p>De acordo com o projeto, as ra\u00e7\u00f5es doadas dever\u00e3o estar devidamente embaladas, lacradas, dentro do prazo de validade e em condi\u00e7\u00f5es adequadas de higiene e seguran\u00e7a, seguindo crit\u00e9rios semelhantes aos exigidos para alimentos n\u00e3o perec\u00edveis destinados ao consumo humano.<\/p>\n\n\n\n<p>O texto tamb\u00e9m estabelece que a destina\u00e7\u00e3o e a distribui\u00e7\u00e3o das ra\u00e7\u00f5es arrecadadas ser\u00e3o definidas posteriormente por ato do Poder Executivo Municipal, por meio do \u00f3rg\u00e3o competente. As doa\u00e7\u00f5es poder\u00e3o ser encaminhados a organiza\u00e7\u00f5es n\u00e3o governamentais (ONGs), abrigos, protetores independentes ou programas p\u00fablicos voltados \u00e0 prote\u00e7\u00e3o e ao bem-estar animal no munic\u00edpio.<\/p>\n\n\n\n<p>Segundo o vereador Veterin\u00e1rio Francisco, a iniciativa tem como objetivo fortalecer o trabalho desenvolvido por entidades e volunt\u00e1rios que atuam no resgate e cuidado de animais.<\/p>\n\n\n\n<p>\u201cEsse projeto tem como finalidade ampliar a arrecada\u00e7\u00e3o de ra\u00e7\u00f5es para apoiar ONGs e protetores independentes que precisam de doa\u00e7\u00f5es durante todo o ano para alimentar os animais sob seus cuidados. Muitas vezes, essas pessoas realizam um trabalho essencial para a prote\u00e7\u00e3o animal e enfrentam grandes dificuldades para manter esse trabalho\u201d, destacou o parlamentar.<\/p>\n\n\n\n<p>A iniciativa \u00e9 facultativa, ou seja, o cidad\u00e3o poder\u00e1 escolher livremente entre doar alimentos n\u00e3o perec\u00edveis ou ra\u00e7\u00e3o animal. Al\u00e9m de ampliar o alcance das a\u00e7\u00f5es solid\u00e1rias, o projeto tamb\u00e9m busca incentivar a participa\u00e7\u00e3o da sociedade na causa animal e fortalecer a rede de apoio que atua na prote\u00e7\u00e3o e no cuidado de c\u00e3es e gatos em situa\u00e7\u00e3o de abandono ou vulnerabilidade.<\/p>\n\n\n\n<p><strong><em>Fonte: Assessoria Vereador<\/em><\/strong><\/p>\n","protected":false},"excerpt":{"rendered":"<p>Nesta quinta-feira (12), durante a 11\u00aa sess\u00e3o ordin\u00e1ria da C\u00e2mara Municipal, foi aprovado o Projeto de Lei n\u00b012.006\/25de autoria do<\/p>\n","protected":false},"author":1,"featured_media":14900,"comment_status":"open","ping_status":"open","sticky":false,"template":"","format":"standard","meta":{"footnotes":""},"categories":[4],"tags":[],"class_list":["post-14899","post","type-post","status-publish","format-standard","has-post-thumbnail","hentry","category-politica"],"yoast_head":"<!-- This site is optimized with the Yoast SEO plugin v27.1.1 - https:\/\/yoast.com\/product\/yoast-seo-wordpress\/ -->\n<title>Projeto do vereador Veterin\u00e1rio Francisco autoriza arrecada\u00e7\u00e3o de ra\u00e7\u00e3o para c\u00e3es e gatos em eventos municipais - Folha de Mato Grosso do Sul<\/title>\n<meta name=\"robots\" content=\"index, follow, max-snippet:-1, max-image-preview:large, max-video-preview:-1\" \/>\n<link rel=\"canonical\" href=\"https:\/\/folhadems.com.br\/site\/2026\/03\/12\/projeto-do-vereador-veterinario-francisco-autoriza-arrecadacao-de-racao-para-caes-e-gatos-em-eventos-municipais\/\" \/>\n<meta property=\"og:locale\" content=\"pt_BR\" \/>\n<meta property=\"og:type\" content=\"article\" \/>\n<meta property=\"og:title\" content=\"Projeto do vereador Veterin\u00e1rio Francisco autoriza arrecada\u00e7\u00e3o de ra\u00e7\u00e3o para c\u00e3es e gatos em eventos municipais - Folha de Mato Grosso do Sul\" \/>\n<meta property=\"og:description\" content=\"Nesta quinta-feira (12), durante a 11\u00aa sess\u00e3o ordin\u00e1ria da C\u00e2mara Municipal, foi aprovado o Projeto de Lei n\u00b012.006\/25de autoria do\" \/>\n<meta property=\"og:url\" content=\"https:\/\/folhadems.com.br\/site\/2026\/03\/12\/projeto-do-vereador-veterinario-francisco-autoriza-arrecadacao-de-racao-para-caes-e-gatos-em-eventos-municipais\/\" \/>\n<meta property=\"og:site_name\" content=\"Folha de Mato Grosso do Sul\" \/>\n<meta property=\"article:published_time\" content=\"2026-03-12T20:21:32+00:00\" \/>\n<meta property=\"article:modified_time\" content=\"2026-03-12T20:21:34+00:00\" \/>\n<meta property=\"og:image\" content=\"https:\/\/folhadems.com.br\/site\/wp-content\/uploads\/2026\/03\/vereador-francisco.jpg\" \/>\n\t<meta property=\"og:image:width\" content=\"800\" \/>\n\t<meta property=\"og:image:height\" content=\"450\" \/>\n\t<meta property=\"og:image:type\" content=\"image\/jpeg\" \/>\n<meta name=\"author\" content=\"Elite Midia\" \/>\n<meta name=\"twitter:card\" content=\"summary_large_image\" \/>\n<meta name=\"twitter:label1\" content=\"Escrito por\" \/>\n\t<meta name=\"twitter:data1\" content=\"Elite Midia\" \/>\n\t<meta name=\"twitter:label2\" content=\"Est. tempo de leitura\" \/>\n\t<meta name=\"twitter:data2\" content=\"3 minutos\" \/>\n<script type=\"application\/ld+json\" class=\"yoast-schema-graph\">{\"@context\":\"https:\/\/schema.org\",\"@graph\":[{\"@type\":\"Article\",\"@id\":\"https:\/\/folhadems.com.br\/site\/2026\/03\/12\/projeto-do-vereador-veterinario-francisco-autoriza-arrecadacao-de-racao-para-caes-e-gatos-em-eventos-municipais\/#article\",\"isPartOf\":{\"@id\":\"https:\/\/folhadems.com.br\/site\/2026\/03\/12\/projeto-do-vereador-veterinario-francisco-autoriza-arrecadacao-de-racao-para-caes-e-gatos-em-eventos-municipais\/\"},\"author\":{\"name\":\"Elite Midia\",\"@id\":\"https:\/\/folhadems.com.br\/site\/#\/schema\/person\/e4a04038e5c2e7040e19ef252ae9d940\"},\"headline\":\"Projeto do vereador Veterin\u00e1rio Francisco autoriza arrecada\u00e7\u00e3o de ra\u00e7\u00e3o para c\u00e3es e gatos em eventos municipais\",\"datePublished\":\"2026-03-12T20:21:32+00:00\",\"dateModified\":\"2026-03-12T20:21:34+00:00\",\"mainEntityOfPage\":{\"@id\":\"https:\/\/folhadems.com.br\/site\/2026\/03\/12\/projeto-do-vereador-veterinario-francisco-autoriza-arrecadacao-de-racao-para-caes-e-gatos-em-eventos-municipais\/\"},\"wordCount\":407,\"commentCount\":0,\"publisher\":{\"@id\":\"https:\/\/folhadems.com.br\/site\/#organization\"},\"image\":{\"@id\":\"https:\/\/folhadems.com.br\/site\/2026\/03\/12\/projeto-do-vereador-veterinario-francisco-autoriza-arrecadacao-de-racao-para-caes-e-gatos-em-eventos-municipais\/#primaryimage\"},\"thumbnailUrl\":\"https:\/\/folhadems.com.br\/site\/wp-content\/uploads\/2026\/03\/vereador-francisco.jpg\",\"articleSection\":[\"Pol\u00edtica\"],\"inLanguage\":\"pt-BR\",\"potentialAction\":[{\"@type\":\"CommentAction\",\"name\":\"Comment\",\"target\":[\"https:\/\/folhadems.com.br\/site\/2026\/03\/12\/projeto-do-vereador-veterinario-francisco-autoriza-arrecadacao-de-racao-para-caes-e-gatos-em-eventos-municipais\/#respond\"]}]},{\"@type\":\"WebPage\",\"@id\":\"https:\/\/folhadems.com.br\/site\/2026\/03\/12\/projeto-do-vereador-veterinario-francisco-autoriza-arrecadacao-de-racao-para-caes-e-gatos-em-eventos-municipais\/\",\"url\":\"https:\/\/folhadems.com.br\/site\/2026\/03\/12\/projeto-do-vereador-veterinario-francisco-autoriza-arrecadacao-de-racao-para-caes-e-gatos-em-eventos-municipais\/\",\"name\":\"Projeto do vereador Veterin\u00e1rio Francisco autoriza arrecada\u00e7\u00e3o de ra\u00e7\u00e3o para c\u00e3es e gatos em eventos municipais - Folha de Mato Grosso do Sul\",\"isPartOf\":{\"@id\":\"https:\/\/folhadems.com.br\/site\/#website\"},\"primaryImageOfPage\":{\"@id\":\"https:\/\/folhadems.com.br\/site\/2026\/03\/12\/projeto-do-vereador-veterinario-francisco-autoriza-arrecadacao-de-racao-para-caes-e-gatos-em-eventos-municipais\/#primaryimage\"},\"image\":{\"@id\":\"https:\/\/folhadems.com.br\/site\/2026\/03\/12\/projeto-do-vereador-veterinario-francisco-autoriza-arrecadacao-de-racao-para-caes-e-gatos-em-eventos-municipais\/#primaryimage\"},\"thumbnailUrl\":\"https:\/\/folhadems.com.br\/site\/wp-content\/uploads\/2026\/03\/vereador-francisco.jpg\",\"datePublished\":\"2026-03-12T20:21:32+00:00\",\"dateModified\":\"2026-03-12T20:21:34+00:00\",\"breadcrumb\":{\"@id\":\"https:\/\/folhadems.com.br\/site\/2026\/03\/12\/projeto-do-vereador-veterinario-francisco-autoriza-arrecadacao-de-racao-para-caes-e-gatos-em-eventos-municipais\/#breadcrumb\"},\"inLanguage\":\"pt-BR\",\"potentialAction\":[{\"@type\":\"ReadAction\",\"target\":[\"https:\/\/folhadems.com.br\/site\/2026\/03\/12\/projeto-do-vereador-veterinario-francisco-autoriza-arrecadacao-de-racao-para-caes-e-gatos-em-eventos-municipais\/\"]}]},{\"@type\":\"ImageObject\",\"inLanguage\":\"pt-BR\",\"@id\":\"https:\/\/folhadems.com.br\/site\/2026\/03\/12\/projeto-do-vereador-veterinario-francisco-autoriza-arrecadacao-de-racao-para-caes-e-gatos-em-eventos-municipais\/#primaryimage\",\"url\":\"https:\/\/folhadems.com.br\/site\/wp-content\/uploads\/2026\/03\/vereador-francisco.jpg\",\"contentUrl\":\"https:\/\/folhadems.com.br\/site\/wp-content\/uploads\/2026\/03\/vereador-francisco.jpg\",\"width\":800,\"height\":450},{\"@type\":\"BreadcrumbList\",\"@id\":\"https:\/\/folhadems.com.br\/site\/2026\/03\/12\/projeto-do-vereador-veterinario-francisco-autoriza-arrecadacao-de-racao-para-caes-e-gatos-em-eventos-municipais\/#breadcrumb\",\"itemListElement\":[{\"@type\":\"ListItem\",\"position\":1,\"name\":\"In\u00edcio\",\"item\":\"https:\/\/folhadems.com.br\/site\/\"},{\"@type\":\"ListItem\",\"position\":2,\"name\":\"Projeto do vereador Veterin\u00e1rio Francisco autoriza arrecada\u00e7\u00e3o de ra\u00e7\u00e3o para c\u00e3es e gatos em eventos municipais\"}]},{\"@type\":\"WebSite\",\"@id\":\"https:\/\/folhadems.com.br\/site\/#website\",\"url\":\"https:\/\/folhadems.com.br\/site\/\",\"name\":\"Folha de Mato Grosso do Sul\",\"description\":\"Jornal Online\",\"publisher\":{\"@id\":\"https:\/\/folhadems.com.br\/site\/#organization\"},\"potentialAction\":[{\"@type\":\"SearchAction\",\"target\":{\"@type\":\"EntryPoint\",\"urlTemplate\":\"https:\/\/folhadems.com.br\/site\/?s={search_term_string}\"},\"query-input\":{\"@type\":\"PropertyValueSpecification\",\"valueRequired\":true,\"valueName\":\"search_term_string\"}}],\"inLanguage\":\"pt-BR\"},{\"@type\":\"Organization\",\"@id\":\"https:\/\/folhadems.com.br\/site\/#organization\",\"name\":\"Folha de Mato Grosso do Sul\",\"url\":\"https:\/\/folhadems.com.br\/site\/\",\"logo\":{\"@type\":\"ImageObject\",\"inLanguage\":\"pt-BR\",\"@id\":\"https:\/\/folhadems.com.br\/site\/#\/schema\/logo\/image\/\",\"url\":\"https:\/\/folhadems.com.br\/site\/wp-content\/uploads\/2023\/01\/logo-folha-de-ms-380x90-1.jpg\",\"contentUrl\":\"https:\/\/folhadems.com.br\/site\/wp-content\/uploads\/2023\/01\/logo-folha-de-ms-380x90-1.jpg\",\"width\":380,\"height\":90,\"caption\":\"Folha de Mato Grosso do Sul\"},\"image\":{\"@id\":\"https:\/\/folhadems.com.br\/site\/#\/schema\/logo\/image\/\"}},{\"@type\":\"Person\",\"@id\":\"https:\/\/folhadems.com.br\/site\/#\/schema\/person\/e4a04038e5c2e7040e19ef252ae9d940\",\"name\":\"Elite Midia\",\"image\":{\"@type\":\"ImageObject\",\"inLanguage\":\"pt-BR\",\"@id\":\"https:\/\/folhadems.com.br\/site\/#\/schema\/person\/image\/\",\"url\":\"https:\/\/secure.gravatar.com\/avatar\/f76a80f01119f7fec6909ab9feea8819031f391155be021b685479d77496f055?s=96&d=mm&r=g\",\"contentUrl\":\"https:\/\/secure.gravatar.com\/avatar\/f76a80f01119f7fec6909ab9feea8819031f391155be021b685479d77496f055?s=96&d=mm&r=g\",\"caption\":\"Elite Midia\"},\"sameAs\":[\"https:\/\/folhadems.com.br\/site\"],\"url\":\"https:\/\/folhadems.com.br\/site\/author\/elite-midia\/\"}]}<\/script>\n<!-- \/ Yoast SEO plugin. -->","yoast_head_json":{"title":"Projeto do vereador Veterin\u00e1rio Francisco autoriza arrecada\u00e7\u00e3o de ra\u00e7\u00e3o para c\u00e3es e gatos em eventos municipais - Folha de Mato Grosso do Sul","robots":{"index":"index","follow":"follow","max-snippet":"max-snippet:-1","max-image-preview":"max-image-preview:large","max-video-preview":"max-video-preview:-1"},"canonical":"https:\/\/folhadems.com.br\/site\/2026\/03\/12\/projeto-do-vereador-veterinario-francisco-autoriza-arrecadacao-de-racao-para-caes-e-gatos-em-eventos-municipais\/","og_locale":"pt_BR","og_type":"article","og_title":"Projeto do vereador Veterin\u00e1rio Francisco autoriza arrecada\u00e7\u00e3o de ra\u00e7\u00e3o para c\u00e3es e gatos em eventos municipais - Folha de Mato Grosso do Sul","og_description":"Nesta quinta-feira (12), durante a 11\u00aa sess\u00e3o ordin\u00e1ria da C\u00e2mara Municipal, foi aprovado o Projeto de Lei n\u00b012.006\/25de autoria do","og_url":"https:\/\/folhadems.com.br\/site\/2026\/03\/12\/projeto-do-vereador-veterinario-francisco-autoriza-arrecadacao-de-racao-para-caes-e-gatos-em-eventos-municipais\/","og_site_name":"Folha de Mato Grosso do Sul","article_published_time":"2026-03-12T20:21:32+00:00","article_modified_time":"2026-03-12T20:21:34+00:00","og_image":[{"width":800,"height":450,"url":"https:\/\/folhadems.com.br\/site\/wp-content\/uploads\/2026\/03\/vereador-francisco.jpg","type":"image\/jpeg"}],"author":"Elite Midia","twitter_card":"summary_large_image","twitter_misc":{"Escrito por":"Elite Midia","Est. tempo de leitura":"3 minutos"},"schema":{"@context":"https:\/\/schema.org","@graph":[{"@type":"Article","@id":"https:\/\/folhadems.com.br\/site\/2026\/03\/12\/projeto-do-vereador-veterinario-francisco-autoriza-arrecadacao-de-racao-para-caes-e-gatos-em-eventos-municipais\/#article","isPartOf":{"@id":"https:\/\/folhadems.com.br\/site\/2026\/03\/12\/projeto-do-vereador-veterinario-francisco-autoriza-arrecadacao-de-racao-para-caes-e-gatos-em-eventos-municipais\/"},"author":{"name":"Elite Midia","@id":"https:\/\/folhadems.com.br\/site\/#\/schema\/person\/e4a04038e5c2e7040e19ef252ae9d940"},"headline":"Projeto do vereador Veterin\u00e1rio Francisco autoriza arrecada\u00e7\u00e3o de ra\u00e7\u00e3o para c\u00e3es e gatos em eventos municipais","datePublished":"2026-03-12T20:21:32+00:00","dateModified":"2026-03-12T20:21:34+00:00","mainEntityOfPage":{"@id":"https:\/\/folhadems.com.br\/site\/2026\/03\/12\/projeto-do-vereador-veterinario-francisco-autoriza-arrecadacao-de-racao-para-caes-e-gatos-em-eventos-municipais\/"},"wordCount":407,"commentCount":0,"publisher":{"@id":"https:\/\/folhadems.com.br\/site\/#organization"},"image":{"@id":"https:\/\/folhadems.com.br\/site\/2026\/03\/12\/projeto-do-vereador-veterinario-francisco-autoriza-arrecadacao-de-racao-para-caes-e-gatos-em-eventos-municipais\/#primaryimage"},"thumbnailUrl":"https:\/\/folhadems.com.br\/site\/wp-content\/uploads\/2026\/03\/vereador-francisco.jpg","articleSection":["Pol\u00edtica"],"inLanguage":"pt-BR","potentialAction":[{"@type":"CommentAction","name":"Comment","target":["https:\/\/folhadems.com.br\/site\/2026\/03\/12\/projeto-do-vereador-veterinario-francisco-autoriza-arrecadacao-de-racao-para-caes-e-gatos-em-eventos-municipais\/#respond"]}]},{"@type":"WebPage","@id":"https:\/\/folhadems.com.br\/site\/2026\/03\/12\/projeto-do-vereador-veterinario-francisco-autoriza-arrecadacao-de-racao-para-caes-e-gatos-em-eventos-municipais\/","url":"https:\/\/folhadems.com.br\/site\/2026\/03\/12\/projeto-do-vereador-veterinario-francisco-autoriza-arrecadacao-de-racao-para-caes-e-gatos-em-eventos-municipais\/","name":"Projeto do vereador Veterin\u00e1rio Francisco autoriza arrecada\u00e7\u00e3o de ra\u00e7\u00e3o para c\u00e3es e gatos em eventos municipais - Folha de Mato Grosso do Sul","isPartOf":{"@id":"https:\/\/folhadems.com.br\/site\/#website"},"primaryImageOfPage":{"@id":"https:\/\/folhadems.com.br\/site\/2026\/03\/12\/projeto-do-vereador-veterinario-francisco-autoriza-arrecadacao-de-racao-para-caes-e-gatos-em-eventos-municipais\/#primaryimage"},"image":{"@id":"https:\/\/folhadems.com.br\/site\/2026\/03\/12\/projeto-do-vereador-veterinario-francisco-autoriza-arrecadacao-de-racao-para-caes-e-gatos-em-eventos-municipais\/#primaryimage"},"thumbnailUrl":"https:\/\/folhadems.com.br\/site\/wp-content\/uploads\/2026\/03\/vereador-francisco.jpg","datePublished":"2026-03-12T20:21:32+00:00","dateModified":"2026-03-12T20:21:34+00:00","breadcrumb":{"@id":"https:\/\/folhadems.com.br\/site\/2026\/03\/12\/projeto-do-vereador-veterinario-francisco-autoriza-arrecadacao-de-racao-para-caes-e-gatos-em-eventos-municipais\/#breadcrumb"},"inLanguage":"pt-BR","potentialAction":[{"@type":"ReadAction","target":["https:\/\/folhadems.com.br\/site\/2026\/03\/12\/projeto-do-vereador-veterinario-francisco-autoriza-arrecadacao-de-racao-para-caes-e-gatos-em-eventos-municipais\/"]}]},{"@type":"ImageObject","inLanguage":"pt-BR","@id":"https:\/\/folhadems.com.br\/site\/2026\/03\/12\/projeto-do-vereador-veterinario-francisco-autoriza-arrecadacao-de-racao-para-caes-e-gatos-em-eventos-municipais\/#primaryimage","url":"https:\/\/folhadems.com.br\/site\/wp-content\/uploads\/2026\/03\/vereador-francisco.jpg","contentUrl":"https:\/\/folhadems.com.br\/site\/wp-content\/uploads\/2026\/03\/vereador-francisco.jpg","width":800,"height":450},{"@type":"BreadcrumbList","@id":"https:\/\/folhadems.com.br\/site\/2026\/03\/12\/projeto-do-vereador-veterinario-francisco-autoriza-arrecadacao-de-racao-para-caes-e-gatos-em-eventos-municipais\/#breadcrumb","itemListElement":[{"@type":"ListItem","position":1,"name":"In\u00edcio","item":"https:\/\/folhadems.com.br\/site\/"},{"@type":"ListItem","position":2,"name":"Projeto do vereador Veterin\u00e1rio Francisco autoriza arrecada\u00e7\u00e3o de ra\u00e7\u00e3o para c\u00e3es e gatos em eventos municipais"}]},{"@type":"WebSite","@id":"https:\/\/folhadems.com.br\/site\/#website","url":"https:\/\/folhadems.com.br\/site\/","name":"Folha de Mato Grosso do Sul","description":"Jornal Online","publisher":{"@id":"https:\/\/folhadems.com.br\/site\/#organization"},"potentialAction":[{"@type":"SearchAction","target":{"@type":"EntryPoint","urlTemplate":"https:\/\/folhadems.com.br\/site\/?s={search_term_string}"},"query-input":{"@type":"PropertyValueSpecification","valueRequired":true,"valueName":"search_term_string"}}],"inLanguage":"pt-BR"},{"@type":"Organization","@id":"https:\/\/folhadems.com.br\/site\/#organization","name":"Folha de Mato Grosso do Sul","url":"https:\/\/folhadems.com.br\/site\/","logo":{"@type":"ImageObject","inLanguage":"pt-BR","@id":"https:\/\/folhadems.com.br\/site\/#\/schema\/logo\/image\/","url":"https:\/\/folhadems.com.br\/site\/wp-content\/uploads\/2023\/01\/logo-folha-de-ms-380x90-1.jpg","contentUrl":"https:\/\/folhadems.com.br\/site\/wp-content\/uploads\/2023\/01\/logo-folha-de-ms-380x90-1.jpg","width":380,"height":90,"caption":"Folha de Mato Grosso do Sul"},"image":{"@id":"https:\/\/folhadems.com.br\/site\/#\/schema\/logo\/image\/"}},{"@type":"Person","@id":"https:\/\/folhadems.com.br\/site\/#\/schema\/person\/e4a04038e5c2e7040e19ef252ae9d940","name":"Elite Midia","image":{"@type":"ImageObject","inLanguage":"pt-BR","@id":"https:\/\/folhadems.com.br\/site\/#\/schema\/person\/image\/","url":"https:\/\/secure.gravatar.com\/avatar\/f76a80f01119f7fec6909ab9feea8819031f391155be021b685479d77496f055?s=96&d=mm&r=g","contentUrl":"https:\/\/secure.gravatar.com\/avatar\/f76a80f01119f7fec6909ab9feea8819031f391155be021b685479d77496f055?s=96&d=mm&r=g","caption":"Elite Midia"},"sameAs":["https:\/\/folhadems.com.br\/site"],"url":"https:\/\/folhadems.com.br\/site\/author\/elite-midia\/"}]}},"publishpress_future_action":{"enabled":false,"date":"2026-05-04 19:55:09","action":"change-status","newStatus":"draft","terms":[],"taxonomy":"category","extraData":[]},"publishpress_future_workflow_manual_trigger":{"enabledWorkflows":[]},"_links":{"self":[{"href":"https:\/\/folhadems.com.br\/site\/wp-json\/wp\/v2\/posts\/14899","targetHints":{"allow":["GET"]}}],"collection":[{"href":"https:\/\/folhadems.com.br\/site\/wp-json\/wp\/v2\/posts"}],"about":[{"href":"https:\/\/folhadems.com.br\/site\/wp-json\/wp\/v2\/types\/post"}],"author":[{"embeddable":true,"href":"https:\/\/folhadems.com.br\/site\/wp-json\/wp\/v2\/users\/1"}],"replies":[{"embeddable":true,"href":"https:\/\/folhadems.com.br\/site\/wp-json\/wp\/v2\/comments?post=14899"}],"version-history":[{"count":1,"href":"https:\/\/folhadems.com.br\/site\/wp-json\/wp\/v2\/posts\/14899\/revisions"}],"predecessor-version":[{"id":14901,"href":"https:\/\/folhadems.com.br\/site\/wp-json\/wp\/v2\/posts\/14899\/revisions\/14901"}],"wp:featuredmedia":[{"embeddable":true,"href":"https:\/\/folhadems.com.br\/site\/wp-json\/wp\/v2\/media\/14900"}],"wp:attachment":[{"href":"https:\/\/folhadems.com.br\/site\/wp-json\/wp\/v2\/media?parent=14899"}],"wp:term":[{"taxonomy":"category","embeddable":true,"href":"https:\/\/folhadems.com.br\/site\/wp-json\/wp\/v2\/categories?post=14899"},{"taxonomy":"post_tag","embeddable":true,"href":"https:\/\/folhadems.com.br\/site\/wp-json\/wp\/v2\/tags?post=14899"}],"curies":[{"name":"wp","href":"https:\/\/api.w.org\/{rel}","templated":true}]}}