{"id":14890,"date":"2026-03-12T14:01:01","date_gmt":"2026-03-12T18:01:01","guid":{"rendered":"https:\/\/folhadems.com.br\/site\/?p=14890"},"modified":"2026-03-12T14:01:03","modified_gmt":"2026-03-12T18:01:03","slug":"policia-militar-promove-capacitacao-para-fortalecer-enfrentamento-a-violencia-domestica-em-ms","status":"publish","type":"post","link":"https:\/\/folhadems.com.br\/site\/2026\/03\/12\/policia-militar-promove-capacitacao-para-fortalecer-enfrentamento-a-violencia-domestica-em-ms\/","title":{"rendered":"Pol\u00edcia Militar promove capacita\u00e7\u00e3o para fortalecer enfrentamento \u00e0 viol\u00eancia dom\u00e9stica em MS"},"content":{"rendered":"\n<p>A Pol\u00edcia Militar de Mato Grosso do Sul (PMMS) inicia, no pr\u00f3ximo dia 18 de mar\u00e7o, em Campo Grande, um novo ciclo de qualifica\u00e7\u00e3o voltado ao enfrentamento da viol\u00eancia dom\u00e9stica e familiar. A iniciativa prev\u00ea a capacita\u00e7\u00e3o de 200 policiais militares de diferentes munic\u00edpios do Estado, refor\u00e7ando a atua\u00e7\u00e3o da corpora\u00e7\u00e3o no atendimento e na prote\u00e7\u00e3o de mulheres v\u00edtimas de viol\u00eancia.<\/p>\n\n\n\n<p>A forma\u00e7\u00e3o integra o Curso In Company \u2013 Enfrentamento \u00e0 Viol\u00eancia Dom\u00e9stica e Familiar: desafios e caminhos na Pol\u00edcia Militar, que ser\u00e1 realizado nos dias 18 e 19 de mar\u00e7o, no Hotel Deville. A abertura oficial do curso ser\u00e1 marcada tamb\u00e9m pela solenidade de outorga da Medalha Tenente-Coronel Ana Neize Baltha, honraria concedida a civis e militares que se destacam na defesa dos direitos das mulheres e no combate \u00e0 viol\u00eancia de g\u00eanero.<\/p>\n\n\n\n<p>Durante a capacita\u00e7\u00e3o, os policiais ter\u00e3o acesso a conte\u00fados voltados \u00e0 atualiza\u00e7\u00e3o de protocolos de atendimento, aspectos legais e procedimentos operacionais relacionados ao Programa Mulher Segura (Promuse), estrat\u00e9gia da Pol\u00edcia Militar voltada ao acompanhamento e prote\u00e7\u00e3o de mulheres v\u00edtimas de viol\u00eancia dom\u00e9stica.<\/p>\n\n\n\n<p>Por meio do programa, a PMMS realiza o monitoramento de casos, fiscaliza\u00e7\u00e3o de medidas protetivas de urg\u00eancia, visitas t\u00e9cnicas \u00e0s v\u00edtimas e encaminhamentos \u00e0 rede de atendimento especializada. A forma\u00e7\u00e3o busca fortalecer a padroniza\u00e7\u00e3o das a\u00e7\u00f5es policiais e aprimorar a qualidade do atendimento prestado \u00e0 popula\u00e7\u00e3o.<\/p>\n\n\n\n<p>O curso contar\u00e1 com palestrantes de renome nacional, com experi\u00eancia na formula\u00e7\u00e3o, implementa\u00e7\u00e3o e avalia\u00e7\u00e3o de pol\u00edticas p\u00fablicas voltadas ao enfrentamento da viol\u00eancia dom\u00e9stica e familiar, al\u00e9m de especialistas com atua\u00e7\u00e3o no Sistema de Justi\u00e7a e na \u00e1rea de Seguran\u00e7a P\u00fablica.<\/p>\n\n\n\n<p><strong>Reconhecimento<\/strong><\/p>\n\n\n\n<p>Institu\u00edda em outubro de 2023 por ato do Governo do Estado, a Medalha Tenente-Coronel Ana Neize Baltha d\u00e1 continuidade ao legado do pr\u00eamio que leva o mesmo nome e homenageia a mem\u00f3ria da oficial, reconhecendo pessoas e institui\u00e7\u00f5es que contribuem de forma significativa para o enfrentamento da viol\u00eancia contra a mulher.<\/p>\n\n\n\n<p>Mais do que uma condecora\u00e7\u00e3o, a honraria simboliza o reconhecimento da corpora\u00e7\u00e3o \u00e0queles que, com sensibilidade e compromisso, atuam na prote\u00e7\u00e3o da dignidade feminina e na constru\u00e7\u00e3o de uma sociedade mais segura para as mulheres sul-mato-grossenses.<\/p>\n\n\n\n<p>A iniciativa tamb\u00e9m refor\u00e7a o compromisso institucional da Pol\u00edcia Militar com a humaniza\u00e7\u00e3o da atividade policial, o fortalecimento de pol\u00edticas p\u00fablicas de prote\u00e7\u00e3o \u00e0s mulheres e a amplia\u00e7\u00e3o da participa\u00e7\u00e3o feminina nas for\u00e7as de seguran\u00e7a.<\/p>\n\n\n\n<p>A solenidade de outorga da medalha e a abertura do curso ser\u00e3o realizadas no dia 18 de mar\u00e7o, \u00e0s 8h, no Hotel Deville, em Campo Grande.<\/p>\n\n\n\n<p><em><strong>Comunica\u00e7\u00e3o Sejusp<\/strong><\/em><\/p>\n","protected":false},"excerpt":{"rendered":"<p>A Pol\u00edcia Militar de Mato Grosso do Sul (PMMS) inicia, no pr\u00f3ximo dia 18 de mar\u00e7o, em Campo Grande, um<\/p>\n","protected":false},"author":1,"featured_media":14891,"comment_status":"open","ping_status":"open","sticky":false,"template":"","format":"standard","meta":{"footnotes":""},"categories":[30],"tags":[],"class_list":["post-14890","post","type-post","status-publish","format-standard","has-post-thumbnail","hentry","category-seguranca"],"yoast_head":"<!-- This site is optimized with the Yoast SEO plugin v27.1.1 - https:\/\/yoast.com\/product\/yoast-seo-wordpress\/ -->\n<title>Pol\u00edcia Militar promove capacita\u00e7\u00e3o para fortalecer enfrentamento \u00e0 viol\u00eancia dom\u00e9stica em MS - Folha de Mato Grosso do Sul<\/title>\n<meta name=\"robots\" content=\"index, follow, max-snippet:-1, max-image-preview:large, max-video-preview:-1\" \/>\n<link rel=\"canonical\" href=\"https:\/\/folhadems.com.br\/site\/2026\/03\/12\/policia-militar-promove-capacitacao-para-fortalecer-enfrentamento-a-violencia-domestica-em-ms\/\" \/>\n<meta property=\"og:locale\" content=\"pt_BR\" \/>\n<meta property=\"og:type\" content=\"article\" \/>\n<meta property=\"og:title\" content=\"Pol\u00edcia Militar promove capacita\u00e7\u00e3o para fortalecer enfrentamento \u00e0 viol\u00eancia dom\u00e9stica em MS - Folha de Mato Grosso do Sul\" \/>\n<meta property=\"og:description\" content=\"A Pol\u00edcia Militar de Mato Grosso do Sul (PMMS) inicia, no pr\u00f3ximo dia 18 de mar\u00e7o, em Campo Grande, um\" \/>\n<meta property=\"og:url\" content=\"https:\/\/folhadems.com.br\/site\/2026\/03\/12\/policia-militar-promove-capacitacao-para-fortalecer-enfrentamento-a-violencia-domestica-em-ms\/\" \/>\n<meta property=\"og:site_name\" content=\"Folha de Mato Grosso do Sul\" \/>\n<meta property=\"article:published_time\" content=\"2026-03-12T18:01:01+00:00\" \/>\n<meta property=\"article:modified_time\" content=\"2026-03-12T18:01:03+00:00\" \/>\n<meta property=\"og:image\" content=\"https:\/\/folhadems.com.br\/site\/wp-content\/uploads\/2026\/03\/violencia-domestica.jpg\" \/>\n\t<meta property=\"og:image:width\" content=\"800\" \/>\n\t<meta property=\"og:image:height\" content=\"450\" \/>\n\t<meta property=\"og:image:type\" content=\"image\/jpeg\" \/>\n<meta name=\"author\" content=\"Elite Midia\" \/>\n<meta name=\"twitter:card\" content=\"summary_large_image\" \/>\n<meta name=\"twitter:label1\" content=\"Escrito por\" \/>\n\t<meta name=\"twitter:data1\" content=\"Elite Midia\" \/>\n\t<meta name=\"twitter:label2\" content=\"Est. tempo de leitura\" \/>\n\t<meta name=\"twitter:data2\" content=\"3 minutos\" \/>\n<script type=\"application\/ld+json\" class=\"yoast-schema-graph\">{\"@context\":\"https:\/\/schema.org\",\"@graph\":[{\"@type\":\"Article\",\"@id\":\"https:\/\/folhadems.com.br\/site\/2026\/03\/12\/policia-militar-promove-capacitacao-para-fortalecer-enfrentamento-a-violencia-domestica-em-ms\/#article\",\"isPartOf\":{\"@id\":\"https:\/\/folhadems.com.br\/site\/2026\/03\/12\/policia-militar-promove-capacitacao-para-fortalecer-enfrentamento-a-violencia-domestica-em-ms\/\"},\"author\":{\"name\":\"Elite Midia\",\"@id\":\"https:\/\/folhadems.com.br\/site\/#\/schema\/person\/e4a04038e5c2e7040e19ef252ae9d940\"},\"headline\":\"Pol\u00edcia Militar promove capacita\u00e7\u00e3o para fortalecer enfrentamento \u00e0 viol\u00eancia dom\u00e9stica em MS\",\"datePublished\":\"2026-03-12T18:01:01+00:00\",\"dateModified\":\"2026-03-12T18:01:03+00:00\",\"mainEntityOfPage\":{\"@id\":\"https:\/\/folhadems.com.br\/site\/2026\/03\/12\/policia-militar-promove-capacitacao-para-fortalecer-enfrentamento-a-violencia-domestica-em-ms\/\"},\"wordCount\":493,\"commentCount\":0,\"publisher\":{\"@id\":\"https:\/\/folhadems.com.br\/site\/#organization\"},\"image\":{\"@id\":\"https:\/\/folhadems.com.br\/site\/2026\/03\/12\/policia-militar-promove-capacitacao-para-fortalecer-enfrentamento-a-violencia-domestica-em-ms\/#primaryimage\"},\"thumbnailUrl\":\"https:\/\/folhadems.com.br\/site\/wp-content\/uploads\/2026\/03\/violencia-domestica.jpg\",\"articleSection\":[\"Seguran\u00e7a\"],\"inLanguage\":\"pt-BR\",\"potentialAction\":[{\"@type\":\"CommentAction\",\"name\":\"Comment\",\"target\":[\"https:\/\/folhadems.com.br\/site\/2026\/03\/12\/policia-militar-promove-capacitacao-para-fortalecer-enfrentamento-a-violencia-domestica-em-ms\/#respond\"]}]},{\"@type\":\"WebPage\",\"@id\":\"https:\/\/folhadems.com.br\/site\/2026\/03\/12\/policia-militar-promove-capacitacao-para-fortalecer-enfrentamento-a-violencia-domestica-em-ms\/\",\"url\":\"https:\/\/folhadems.com.br\/site\/2026\/03\/12\/policia-militar-promove-capacitacao-para-fortalecer-enfrentamento-a-violencia-domestica-em-ms\/\",\"name\":\"Pol\u00edcia Militar promove capacita\u00e7\u00e3o para fortalecer enfrentamento \u00e0 viol\u00eancia dom\u00e9stica em MS - Folha de Mato Grosso do Sul\",\"isPartOf\":{\"@id\":\"https:\/\/folhadems.com.br\/site\/#website\"},\"primaryImageOfPage\":{\"@id\":\"https:\/\/folhadems.com.br\/site\/2026\/03\/12\/policia-militar-promove-capacitacao-para-fortalecer-enfrentamento-a-violencia-domestica-em-ms\/#primaryimage\"},\"image\":{\"@id\":\"https:\/\/folhadems.com.br\/site\/2026\/03\/12\/policia-militar-promove-capacitacao-para-fortalecer-enfrentamento-a-violencia-domestica-em-ms\/#primaryimage\"},\"thumbnailUrl\":\"https:\/\/folhadems.com.br\/site\/wp-content\/uploads\/2026\/03\/violencia-domestica.jpg\",\"datePublished\":\"2026-03-12T18:01:01+00:00\",\"dateModified\":\"2026-03-12T18:01:03+00:00\",\"breadcrumb\":{\"@id\":\"https:\/\/folhadems.com.br\/site\/2026\/03\/12\/policia-militar-promove-capacitacao-para-fortalecer-enfrentamento-a-violencia-domestica-em-ms\/#breadcrumb\"},\"inLanguage\":\"pt-BR\",\"potentialAction\":[{\"@type\":\"ReadAction\",\"target\":[\"https:\/\/folhadems.com.br\/site\/2026\/03\/12\/policia-militar-promove-capacitacao-para-fortalecer-enfrentamento-a-violencia-domestica-em-ms\/\"]}]},{\"@type\":\"ImageObject\",\"inLanguage\":\"pt-BR\",\"@id\":\"https:\/\/folhadems.com.br\/site\/2026\/03\/12\/policia-militar-promove-capacitacao-para-fortalecer-enfrentamento-a-violencia-domestica-em-ms\/#primaryimage\",\"url\":\"https:\/\/folhadems.com.br\/site\/wp-content\/uploads\/2026\/03\/violencia-domestica.jpg\",\"contentUrl\":\"https:\/\/folhadems.com.br\/site\/wp-content\/uploads\/2026\/03\/violencia-domestica.jpg\",\"width\":800,\"height\":450},{\"@type\":\"BreadcrumbList\",\"@id\":\"https:\/\/folhadems.com.br\/site\/2026\/03\/12\/policia-militar-promove-capacitacao-para-fortalecer-enfrentamento-a-violencia-domestica-em-ms\/#breadcrumb\",\"itemListElement\":[{\"@type\":\"ListItem\",\"position\":1,\"name\":\"In\u00edcio\",\"item\":\"https:\/\/folhadems.com.br\/site\/\"},{\"@type\":\"ListItem\",\"position\":2,\"name\":\"Pol\u00edcia Militar promove capacita\u00e7\u00e3o para fortalecer enfrentamento \u00e0 viol\u00eancia dom\u00e9stica em MS\"}]},{\"@type\":\"WebSite\",\"@id\":\"https:\/\/folhadems.com.br\/site\/#website\",\"url\":\"https:\/\/folhadems.com.br\/site\/\",\"name\":\"Folha de Mato Grosso do Sul\",\"description\":\"Jornal Online\",\"publisher\":{\"@id\":\"https:\/\/folhadems.com.br\/site\/#organization\"},\"potentialAction\":[{\"@type\":\"SearchAction\",\"target\":{\"@type\":\"EntryPoint\",\"urlTemplate\":\"https:\/\/folhadems.com.br\/site\/?s={search_term_string}\"},\"query-input\":{\"@type\":\"PropertyValueSpecification\",\"valueRequired\":true,\"valueName\":\"search_term_string\"}}],\"inLanguage\":\"pt-BR\"},{\"@type\":\"Organization\",\"@id\":\"https:\/\/folhadems.com.br\/site\/#organization\",\"name\":\"Folha de Mato Grosso do Sul\",\"url\":\"https:\/\/folhadems.com.br\/site\/\",\"logo\":{\"@type\":\"ImageObject\",\"inLanguage\":\"pt-BR\",\"@id\":\"https:\/\/folhadems.com.br\/site\/#\/schema\/logo\/image\/\",\"url\":\"https:\/\/folhadems.com.br\/site\/wp-content\/uploads\/2023\/01\/logo-folha-de-ms-380x90-1.jpg\",\"contentUrl\":\"https:\/\/folhadems.com.br\/site\/wp-content\/uploads\/2023\/01\/logo-folha-de-ms-380x90-1.jpg\",\"width\":380,\"height\":90,\"caption\":\"Folha de Mato Grosso do Sul\"},\"image\":{\"@id\":\"https:\/\/folhadems.com.br\/site\/#\/schema\/logo\/image\/\"}},{\"@type\":\"Person\",\"@id\":\"https:\/\/folhadems.com.br\/site\/#\/schema\/person\/e4a04038e5c2e7040e19ef252ae9d940\",\"name\":\"Elite Midia\",\"image\":{\"@type\":\"ImageObject\",\"inLanguage\":\"pt-BR\",\"@id\":\"https:\/\/folhadems.com.br\/site\/#\/schema\/person\/image\/\",\"url\":\"https:\/\/secure.gravatar.com\/avatar\/f76a80f01119f7fec6909ab9feea8819031f391155be021b685479d77496f055?s=96&d=mm&r=g\",\"contentUrl\":\"https:\/\/secure.gravatar.com\/avatar\/f76a80f01119f7fec6909ab9feea8819031f391155be021b685479d77496f055?s=96&d=mm&r=g\",\"caption\":\"Elite Midia\"},\"sameAs\":[\"https:\/\/folhadems.com.br\/site\"],\"url\":\"https:\/\/folhadems.com.br\/site\/author\/elite-midia\/\"}]}<\/script>\n<!-- \/ Yoast SEO plugin. -->","yoast_head_json":{"title":"Pol\u00edcia Militar promove capacita\u00e7\u00e3o para fortalecer enfrentamento \u00e0 viol\u00eancia dom\u00e9stica em MS - Folha de Mato Grosso do Sul","robots":{"index":"index","follow":"follow","max-snippet":"max-snippet:-1","max-image-preview":"max-image-preview:large","max-video-preview":"max-video-preview:-1"},"canonical":"https:\/\/folhadems.com.br\/site\/2026\/03\/12\/policia-militar-promove-capacitacao-para-fortalecer-enfrentamento-a-violencia-domestica-em-ms\/","og_locale":"pt_BR","og_type":"article","og_title":"Pol\u00edcia Militar promove capacita\u00e7\u00e3o para fortalecer enfrentamento \u00e0 viol\u00eancia dom\u00e9stica em MS - Folha de Mato Grosso do Sul","og_description":"A Pol\u00edcia Militar de Mato Grosso do Sul (PMMS) inicia, no pr\u00f3ximo dia 18 de mar\u00e7o, em Campo Grande, um","og_url":"https:\/\/folhadems.com.br\/site\/2026\/03\/12\/policia-militar-promove-capacitacao-para-fortalecer-enfrentamento-a-violencia-domestica-em-ms\/","og_site_name":"Folha de Mato Grosso do Sul","article_published_time":"2026-03-12T18:01:01+00:00","article_modified_time":"2026-03-12T18:01:03+00:00","og_image":[{"width":800,"height":450,"url":"https:\/\/folhadems.com.br\/site\/wp-content\/uploads\/2026\/03\/violencia-domestica.jpg","type":"image\/jpeg"}],"author":"Elite Midia","twitter_card":"summary_large_image","twitter_misc":{"Escrito por":"Elite Midia","Est. tempo de leitura":"3 minutos"},"schema":{"@context":"https:\/\/schema.org","@graph":[{"@type":"Article","@id":"https:\/\/folhadems.com.br\/site\/2026\/03\/12\/policia-militar-promove-capacitacao-para-fortalecer-enfrentamento-a-violencia-domestica-em-ms\/#article","isPartOf":{"@id":"https:\/\/folhadems.com.br\/site\/2026\/03\/12\/policia-militar-promove-capacitacao-para-fortalecer-enfrentamento-a-violencia-domestica-em-ms\/"},"author":{"name":"Elite Midia","@id":"https:\/\/folhadems.com.br\/site\/#\/schema\/person\/e4a04038e5c2e7040e19ef252ae9d940"},"headline":"Pol\u00edcia Militar promove capacita\u00e7\u00e3o para fortalecer enfrentamento \u00e0 viol\u00eancia dom\u00e9stica em MS","datePublished":"2026-03-12T18:01:01+00:00","dateModified":"2026-03-12T18:01:03+00:00","mainEntityOfPage":{"@id":"https:\/\/folhadems.com.br\/site\/2026\/03\/12\/policia-militar-promove-capacitacao-para-fortalecer-enfrentamento-a-violencia-domestica-em-ms\/"},"wordCount":493,"commentCount":0,"publisher":{"@id":"https:\/\/folhadems.com.br\/site\/#organization"},"image":{"@id":"https:\/\/folhadems.com.br\/site\/2026\/03\/12\/policia-militar-promove-capacitacao-para-fortalecer-enfrentamento-a-violencia-domestica-em-ms\/#primaryimage"},"thumbnailUrl":"https:\/\/folhadems.com.br\/site\/wp-content\/uploads\/2026\/03\/violencia-domestica.jpg","articleSection":["Seguran\u00e7a"],"inLanguage":"pt-BR","potentialAction":[{"@type":"CommentAction","name":"Comment","target":["https:\/\/folhadems.com.br\/site\/2026\/03\/12\/policia-militar-promove-capacitacao-para-fortalecer-enfrentamento-a-violencia-domestica-em-ms\/#respond"]}]},{"@type":"WebPage","@id":"https:\/\/folhadems.com.br\/site\/2026\/03\/12\/policia-militar-promove-capacitacao-para-fortalecer-enfrentamento-a-violencia-domestica-em-ms\/","url":"https:\/\/folhadems.com.br\/site\/2026\/03\/12\/policia-militar-promove-capacitacao-para-fortalecer-enfrentamento-a-violencia-domestica-em-ms\/","name":"Pol\u00edcia Militar promove capacita\u00e7\u00e3o para fortalecer enfrentamento \u00e0 viol\u00eancia dom\u00e9stica em MS - Folha de Mato Grosso do Sul","isPartOf":{"@id":"https:\/\/folhadems.com.br\/site\/#website"},"primaryImageOfPage":{"@id":"https:\/\/folhadems.com.br\/site\/2026\/03\/12\/policia-militar-promove-capacitacao-para-fortalecer-enfrentamento-a-violencia-domestica-em-ms\/#primaryimage"},"image":{"@id":"https:\/\/folhadems.com.br\/site\/2026\/03\/12\/policia-militar-promove-capacitacao-para-fortalecer-enfrentamento-a-violencia-domestica-em-ms\/#primaryimage"},"thumbnailUrl":"https:\/\/folhadems.com.br\/site\/wp-content\/uploads\/2026\/03\/violencia-domestica.jpg","datePublished":"2026-03-12T18:01:01+00:00","dateModified":"2026-03-12T18:01:03+00:00","breadcrumb":{"@id":"https:\/\/folhadems.com.br\/site\/2026\/03\/12\/policia-militar-promove-capacitacao-para-fortalecer-enfrentamento-a-violencia-domestica-em-ms\/#breadcrumb"},"inLanguage":"pt-BR","potentialAction":[{"@type":"ReadAction","target":["https:\/\/folhadems.com.br\/site\/2026\/03\/12\/policia-militar-promove-capacitacao-para-fortalecer-enfrentamento-a-violencia-domestica-em-ms\/"]}]},{"@type":"ImageObject","inLanguage":"pt-BR","@id":"https:\/\/folhadems.com.br\/site\/2026\/03\/12\/policia-militar-promove-capacitacao-para-fortalecer-enfrentamento-a-violencia-domestica-em-ms\/#primaryimage","url":"https:\/\/folhadems.com.br\/site\/wp-content\/uploads\/2026\/03\/violencia-domestica.jpg","contentUrl":"https:\/\/folhadems.com.br\/site\/wp-content\/uploads\/2026\/03\/violencia-domestica.jpg","width":800,"height":450},{"@type":"BreadcrumbList","@id":"https:\/\/folhadems.com.br\/site\/2026\/03\/12\/policia-militar-promove-capacitacao-para-fortalecer-enfrentamento-a-violencia-domestica-em-ms\/#breadcrumb","itemListElement":[{"@type":"ListItem","position":1,"name":"In\u00edcio","item":"https:\/\/folhadems.com.br\/site\/"},{"@type":"ListItem","position":2,"name":"Pol\u00edcia Militar promove capacita\u00e7\u00e3o para fortalecer enfrentamento \u00e0 viol\u00eancia dom\u00e9stica em MS"}]},{"@type":"WebSite","@id":"https:\/\/folhadems.com.br\/site\/#website","url":"https:\/\/folhadems.com.br\/site\/","name":"Folha de Mato Grosso do Sul","description":"Jornal Online","publisher":{"@id":"https:\/\/folhadems.com.br\/site\/#organization"},"potentialAction":[{"@type":"SearchAction","target":{"@type":"EntryPoint","urlTemplate":"https:\/\/folhadems.com.br\/site\/?s={search_term_string}"},"query-input":{"@type":"PropertyValueSpecification","valueRequired":true,"valueName":"search_term_string"}}],"inLanguage":"pt-BR"},{"@type":"Organization","@id":"https:\/\/folhadems.com.br\/site\/#organization","name":"Folha de Mato Grosso do Sul","url":"https:\/\/folhadems.com.br\/site\/","logo":{"@type":"ImageObject","inLanguage":"pt-BR","@id":"https:\/\/folhadems.com.br\/site\/#\/schema\/logo\/image\/","url":"https:\/\/folhadems.com.br\/site\/wp-content\/uploads\/2023\/01\/logo-folha-de-ms-380x90-1.jpg","contentUrl":"https:\/\/folhadems.com.br\/site\/wp-content\/uploads\/2023\/01\/logo-folha-de-ms-380x90-1.jpg","width":380,"height":90,"caption":"Folha de Mato Grosso do Sul"},"image":{"@id":"https:\/\/folhadems.com.br\/site\/#\/schema\/logo\/image\/"}},{"@type":"Person","@id":"https:\/\/folhadems.com.br\/site\/#\/schema\/person\/e4a04038e5c2e7040e19ef252ae9d940","name":"Elite Midia","image":{"@type":"ImageObject","inLanguage":"pt-BR","@id":"https:\/\/folhadems.com.br\/site\/#\/schema\/person\/image\/","url":"https:\/\/secure.gravatar.com\/avatar\/f76a80f01119f7fec6909ab9feea8819031f391155be021b685479d77496f055?s=96&d=mm&r=g","contentUrl":"https:\/\/secure.gravatar.com\/avatar\/f76a80f01119f7fec6909ab9feea8819031f391155be021b685479d77496f055?s=96&d=mm&r=g","caption":"Elite Midia"},"sameAs":["https:\/\/folhadems.com.br\/site"],"url":"https:\/\/folhadems.com.br\/site\/author\/elite-midia\/"}]}},"publishpress_future_action":{"enabled":false,"date":"2026-05-04 21:28:57","action":"change-status","newStatus":"draft","terms":[],"taxonomy":"category","extraData":[]},"publishpress_future_workflow_manual_trigger":{"enabledWorkflows":[]},"_links":{"self":[{"href":"https:\/\/folhadems.com.br\/site\/wp-json\/wp\/v2\/posts\/14890","targetHints":{"allow":["GET"]}}],"collection":[{"href":"https:\/\/folhadems.com.br\/site\/wp-json\/wp\/v2\/posts"}],"about":[{"href":"https:\/\/folhadems.com.br\/site\/wp-json\/wp\/v2\/types\/post"}],"author":[{"embeddable":true,"href":"https:\/\/folhadems.com.br\/site\/wp-json\/wp\/v2\/users\/1"}],"replies":[{"embeddable":true,"href":"https:\/\/folhadems.com.br\/site\/wp-json\/wp\/v2\/comments?post=14890"}],"version-history":[{"count":1,"href":"https:\/\/folhadems.com.br\/site\/wp-json\/wp\/v2\/posts\/14890\/revisions"}],"predecessor-version":[{"id":14892,"href":"https:\/\/folhadems.com.br\/site\/wp-json\/wp\/v2\/posts\/14890\/revisions\/14892"}],"wp:featuredmedia":[{"embeddable":true,"href":"https:\/\/folhadems.com.br\/site\/wp-json\/wp\/v2\/media\/14891"}],"wp:attachment":[{"href":"https:\/\/folhadems.com.br\/site\/wp-json\/wp\/v2\/media?parent=14890"}],"wp:term":[{"taxonomy":"category","embeddable":true,"href":"https:\/\/folhadems.com.br\/site\/wp-json\/wp\/v2\/categories?post=14890"},{"taxonomy":"post_tag","embeddable":true,"href":"https:\/\/folhadems.com.br\/site\/wp-json\/wp\/v2\/tags?post=14890"}],"curies":[{"name":"wp","href":"https:\/\/api.w.org\/{rel}","templated":true}]}}