{"id":14884,"date":"2026-03-12T12:04:01","date_gmt":"2026-03-12T16:04:01","guid":{"rendered":"https:\/\/folhadems.com.br\/site\/?p=14884"},"modified":"2026-03-12T12:04:04","modified_gmt":"2026-03-12T16:04:04","slug":"turismo-de-pesca-de-mato-grosso-do-sul-ganha-destaque-na-principal-feira-do-segmento-no-pais","status":"publish","type":"post","link":"https:\/\/folhadems.com.br\/site\/2026\/03\/12\/turismo-de-pesca-de-mato-grosso-do-sul-ganha-destaque-na-principal-feira-do-segmento-no-pais\/","title":{"rendered":"Turismo de pesca de Mato Grosso do Sul ganha destaque na principal feira do segmento no pa\u00eds"},"content":{"rendered":"\n<p>Mato Grosso do Sul participa, entre os dias 12 e 14 de mar\u00e7o de 2026, da Pesca &amp; Companhia Trade Show, considerada a principal feira da pesca esportiva do Brasil. O evento acontece no Distrito Anhembi, em S\u00e3o Paulo (SP), e re\u00fane profissionais do setor e p\u00fablico consumidor, incluindo fabricantes, operadores, lojistas, influenciadores e pescadores esportivos.<\/p>\n\n\n\n<p>\u201cEste \u00e9 um evento tradicional do setor e \u00e9 importante sempre estarmos presentes para manter nosso posicionamento de um dos l\u00edderes na Pesca Esportiva no pa\u00eds. \u00c9 um espa\u00e7o para o trade sul-mato-grossense negociar e apresentar novidades do segmento e, claro, para mantermos atualizados sobre as tend\u00eancias que s\u00e3o apresentadas\u201d, salienta Bruno Wendling, diretor-presidente da Funda\u00e7\u00e3o de Turismo de MS.<\/p>\n\n\n\n<p>O estado estar\u00e1 presente com um estande institucional coordenado pela Funda\u00e7\u00e3o de Turismo de Mato Grosso do Sul (Fundtur MS). A participa\u00e7\u00e3o integra a estrat\u00e9gia estadual de promo\u00e7\u00e3o do turismo de pesca esportiva, com foco no fortalecimento do posicionamento do destino, gera\u00e7\u00e3o de neg\u00f3cios, amplia\u00e7\u00e3o de parcerias comerciais e divulga\u00e7\u00e3o dos principais destinos de pesca de MS.<\/p>\n\n\n\n<p>O espa\u00e7o tamb\u00e9m contar\u00e1 com a presen\u00e7a de empres\u00e1rios do segmento de pesca esportiva de Mato Grosso do Sul, que apresentar\u00e3o seus empreendimentos e servi\u00e7os aos p\u00fablicos profissional e consumidor. A participa\u00e7\u00e3o do trade no evento possibilita a prospec\u00e7\u00e3o de novos clientes, amplia\u00e7\u00e3o de canais de comercializa\u00e7\u00e3o e fortalecimento do relacionamento com operadores de turismo e parceiros do setor.<\/p>\n\n\n\n<p>A presen\u00e7a dos empres\u00e1rios sul-mato-grossenses conta com o apoio do Sebrae MS, que organizou uma miss\u00e3o empresarial para viabilizar a participa\u00e7\u00e3o dos empreendedores na feira. A iniciativa busca facilitar a inser\u00e7\u00e3o do trade tur\u00edstico do estado em um dos principais encontros do segmento no pa\u00eds e ampliar a competitividade dos empreendimentos ligados ao turismo de pesca.<\/p>\n\n\n\n<p>Um dos destaques da participa\u00e7\u00e3o de Mato Grosso do Sul ser\u00e1 o lan\u00e7amento oficial do evento Anzol Rosa 2026, marcado para o dia 13 de mar\u00e7o. Durante a programa\u00e7\u00e3o, o estande contar\u00e1 com ativa\u00e7\u00f5es especiais, capta\u00e7\u00e3o de leads e sorteios de experi\u00eancias de pesca. A a\u00e7\u00e3o refor\u00e7a o posicionamento do estado em rela\u00e7\u00e3o \u00e0 pesca esportiva sustent\u00e1vel e \u00e0 pr\u00e1tica do pesque-e-solte.<\/p>\n\n\n\n<p>A pesca esportiva \u00e9 um dos segmentos estrat\u00e9gicos do turismo sul-mato-grossense, contribuindo para a gera\u00e7\u00e3o de emprego e renda, fortalecimento da economia regional, valoriza\u00e7\u00e3o dos recursos naturais e consolida\u00e7\u00e3o do destino no mercado nacional.<\/p>\n\n\n\n<p><strong>4\u00ba F\u00f3rum Nacional do Turismo da Pesca<\/strong><\/p>\n\n\n\n<p>Durante o evento tamb\u00e9m ser\u00e1 realizado o 4\u00ba F\u00f3rum Nacional do Turismo da Pesca, com o tema \u201cComo atrair o turismo internacional de pesca\u201d. Participam do encontro Marcelo Claro, presidente do Pesca &amp; Companhia Trade Show, Marcos Glueck, presidente da Anepe \u2013 Associa\u00e7\u00e3o Nacional de Ecologia e Pesca Esportiva, al\u00e9m de Leonardo Persi, Embratur, e Humberto Pires, do Minist\u00e9rio do Turismo.<\/p>\n\n\n\n<p>O debate abordar\u00e1 temas como infraestrutura, qualifica\u00e7\u00e3o de servi\u00e7os e alinhamento com a legisla\u00e7\u00e3o da pesca, considerados fundamentais para ampliar a recep\u00e7\u00e3o de turistas internacionais interessados no segmento. Ao final, a proposta \u00e9 estruturar um documento que viabilize a cria\u00e7\u00e3o de uma comiss\u00e3o com representantes do setor empresarial, da Embratur e do Minist\u00e9rio do Turismo para desenvolver um plano de fortalecimento do turismo internacional de pesca no pa\u00eds.<\/p>\n\n\n\n<p><em><strong>D\u00e9bora Bordin, Comunica\u00e7\u00e3o Fundtur MS<br>Foto: Alexis Prappas \/ @visitmsoficial<\/strong><\/em><\/p>\n","protected":false},"excerpt":{"rendered":"<p>Mato Grosso do Sul participa, entre os dias 12 e 14 de mar\u00e7o de 2026, da Pesca &amp; Companhia Trade<\/p>\n","protected":false},"author":1,"featured_media":14885,"comment_status":"open","ping_status":"open","sticky":false,"template":"","format":"standard","meta":{"footnotes":""},"categories":[24],"tags":[],"class_list":["post-14884","post","type-post","status-publish","format-standard","has-post-thumbnail","hentry","category-turismo"],"yoast_head":"<!-- This site is optimized with the Yoast SEO plugin v27.1.1 - https:\/\/yoast.com\/product\/yoast-seo-wordpress\/ -->\n<title>Turismo de pesca de Mato Grosso do Sul ganha destaque na principal feira do segmento no pa\u00eds - Folha de Mato Grosso do Sul<\/title>\n<meta name=\"robots\" content=\"index, follow, max-snippet:-1, max-image-preview:large, max-video-preview:-1\" \/>\n<link rel=\"canonical\" href=\"https:\/\/folhadems.com.br\/site\/2026\/03\/12\/turismo-de-pesca-de-mato-grosso-do-sul-ganha-destaque-na-principal-feira-do-segmento-no-pais\/\" \/>\n<meta property=\"og:locale\" content=\"pt_BR\" \/>\n<meta property=\"og:type\" content=\"article\" \/>\n<meta property=\"og:title\" content=\"Turismo de pesca de Mato Grosso do Sul ganha destaque na principal feira do segmento no pa\u00eds - Folha de Mato Grosso do Sul\" \/>\n<meta property=\"og:description\" content=\"Mato Grosso do Sul participa, entre os dias 12 e 14 de mar\u00e7o de 2026, da Pesca &amp; Companhia Trade\" \/>\n<meta property=\"og:url\" content=\"https:\/\/folhadems.com.br\/site\/2026\/03\/12\/turismo-de-pesca-de-mato-grosso-do-sul-ganha-destaque-na-principal-feira-do-segmento-no-pais\/\" \/>\n<meta property=\"og:site_name\" content=\"Folha de Mato Grosso do Sul\" \/>\n<meta property=\"article:published_time\" content=\"2026-03-12T16:04:01+00:00\" \/>\n<meta property=\"article:modified_time\" content=\"2026-03-12T16:04:04+00:00\" \/>\n<meta property=\"og:image\" content=\"https:\/\/folhadems.com.br\/site\/wp-content\/uploads\/2026\/03\/turismo.jpg\" \/>\n\t<meta property=\"og:image:width\" content=\"800\" \/>\n\t<meta property=\"og:image:height\" content=\"450\" \/>\n\t<meta property=\"og:image:type\" content=\"image\/jpeg\" \/>\n<meta name=\"author\" content=\"Elite Midia\" \/>\n<meta name=\"twitter:card\" content=\"summary_large_image\" \/>\n<meta name=\"twitter:label1\" content=\"Escrito por\" \/>\n\t<meta name=\"twitter:data1\" content=\"Elite Midia\" \/>\n\t<meta name=\"twitter:label2\" content=\"Est. tempo de leitura\" \/>\n\t<meta name=\"twitter:data2\" content=\"4 minutos\" \/>\n<script type=\"application\/ld+json\" class=\"yoast-schema-graph\">{\"@context\":\"https:\/\/schema.org\",\"@graph\":[{\"@type\":\"Article\",\"@id\":\"https:\/\/folhadems.com.br\/site\/2026\/03\/12\/turismo-de-pesca-de-mato-grosso-do-sul-ganha-destaque-na-principal-feira-do-segmento-no-pais\/#article\",\"isPartOf\":{\"@id\":\"https:\/\/folhadems.com.br\/site\/2026\/03\/12\/turismo-de-pesca-de-mato-grosso-do-sul-ganha-destaque-na-principal-feira-do-segmento-no-pais\/\"},\"author\":{\"name\":\"Elite Midia\",\"@id\":\"https:\/\/folhadems.com.br\/site\/#\/schema\/person\/e4a04038e5c2e7040e19ef252ae9d940\"},\"headline\":\"Turismo de pesca de Mato Grosso do Sul ganha destaque na principal feira do segmento no pa\u00eds\",\"datePublished\":\"2026-03-12T16:04:01+00:00\",\"dateModified\":\"2026-03-12T16:04:04+00:00\",\"mainEntityOfPage\":{\"@id\":\"https:\/\/folhadems.com.br\/site\/2026\/03\/12\/turismo-de-pesca-de-mato-grosso-do-sul-ganha-destaque-na-principal-feira-do-segmento-no-pais\/\"},\"wordCount\":599,\"commentCount\":0,\"publisher\":{\"@id\":\"https:\/\/folhadems.com.br\/site\/#organization\"},\"image\":{\"@id\":\"https:\/\/folhadems.com.br\/site\/2026\/03\/12\/turismo-de-pesca-de-mato-grosso-do-sul-ganha-destaque-na-principal-feira-do-segmento-no-pais\/#primaryimage\"},\"thumbnailUrl\":\"https:\/\/folhadems.com.br\/site\/wp-content\/uploads\/2026\/03\/turismo.jpg\",\"articleSection\":[\"Turismo\"],\"inLanguage\":\"pt-BR\",\"potentialAction\":[{\"@type\":\"CommentAction\",\"name\":\"Comment\",\"target\":[\"https:\/\/folhadems.com.br\/site\/2026\/03\/12\/turismo-de-pesca-de-mato-grosso-do-sul-ganha-destaque-na-principal-feira-do-segmento-no-pais\/#respond\"]}]},{\"@type\":\"WebPage\",\"@id\":\"https:\/\/folhadems.com.br\/site\/2026\/03\/12\/turismo-de-pesca-de-mato-grosso-do-sul-ganha-destaque-na-principal-feira-do-segmento-no-pais\/\",\"url\":\"https:\/\/folhadems.com.br\/site\/2026\/03\/12\/turismo-de-pesca-de-mato-grosso-do-sul-ganha-destaque-na-principal-feira-do-segmento-no-pais\/\",\"name\":\"Turismo de pesca de Mato Grosso do Sul ganha destaque na principal feira do segmento no pa\u00eds - Folha de Mato Grosso do Sul\",\"isPartOf\":{\"@id\":\"https:\/\/folhadems.com.br\/site\/#website\"},\"primaryImageOfPage\":{\"@id\":\"https:\/\/folhadems.com.br\/site\/2026\/03\/12\/turismo-de-pesca-de-mato-grosso-do-sul-ganha-destaque-na-principal-feira-do-segmento-no-pais\/#primaryimage\"},\"image\":{\"@id\":\"https:\/\/folhadems.com.br\/site\/2026\/03\/12\/turismo-de-pesca-de-mato-grosso-do-sul-ganha-destaque-na-principal-feira-do-segmento-no-pais\/#primaryimage\"},\"thumbnailUrl\":\"https:\/\/folhadems.com.br\/site\/wp-content\/uploads\/2026\/03\/turismo.jpg\",\"datePublished\":\"2026-03-12T16:04:01+00:00\",\"dateModified\":\"2026-03-12T16:04:04+00:00\",\"breadcrumb\":{\"@id\":\"https:\/\/folhadems.com.br\/site\/2026\/03\/12\/turismo-de-pesca-de-mato-grosso-do-sul-ganha-destaque-na-principal-feira-do-segmento-no-pais\/#breadcrumb\"},\"inLanguage\":\"pt-BR\",\"potentialAction\":[{\"@type\":\"ReadAction\",\"target\":[\"https:\/\/folhadems.com.br\/site\/2026\/03\/12\/turismo-de-pesca-de-mato-grosso-do-sul-ganha-destaque-na-principal-feira-do-segmento-no-pais\/\"]}]},{\"@type\":\"ImageObject\",\"inLanguage\":\"pt-BR\",\"@id\":\"https:\/\/folhadems.com.br\/site\/2026\/03\/12\/turismo-de-pesca-de-mato-grosso-do-sul-ganha-destaque-na-principal-feira-do-segmento-no-pais\/#primaryimage\",\"url\":\"https:\/\/folhadems.com.br\/site\/wp-content\/uploads\/2026\/03\/turismo.jpg\",\"contentUrl\":\"https:\/\/folhadems.com.br\/site\/wp-content\/uploads\/2026\/03\/turismo.jpg\",\"width\":800,\"height\":450},{\"@type\":\"BreadcrumbList\",\"@id\":\"https:\/\/folhadems.com.br\/site\/2026\/03\/12\/turismo-de-pesca-de-mato-grosso-do-sul-ganha-destaque-na-principal-feira-do-segmento-no-pais\/#breadcrumb\",\"itemListElement\":[{\"@type\":\"ListItem\",\"position\":1,\"name\":\"In\u00edcio\",\"item\":\"https:\/\/folhadems.com.br\/site\/\"},{\"@type\":\"ListItem\",\"position\":2,\"name\":\"Turismo de pesca de Mato Grosso do Sul ganha destaque na principal feira do segmento no pa\u00eds\"}]},{\"@type\":\"WebSite\",\"@id\":\"https:\/\/folhadems.com.br\/site\/#website\",\"url\":\"https:\/\/folhadems.com.br\/site\/\",\"name\":\"Folha de Mato Grosso do Sul\",\"description\":\"Jornal Online\",\"publisher\":{\"@id\":\"https:\/\/folhadems.com.br\/site\/#organization\"},\"potentialAction\":[{\"@type\":\"SearchAction\",\"target\":{\"@type\":\"EntryPoint\",\"urlTemplate\":\"https:\/\/folhadems.com.br\/site\/?s={search_term_string}\"},\"query-input\":{\"@type\":\"PropertyValueSpecification\",\"valueRequired\":true,\"valueName\":\"search_term_string\"}}],\"inLanguage\":\"pt-BR\"},{\"@type\":\"Organization\",\"@id\":\"https:\/\/folhadems.com.br\/site\/#organization\",\"name\":\"Folha de Mato Grosso do Sul\",\"url\":\"https:\/\/folhadems.com.br\/site\/\",\"logo\":{\"@type\":\"ImageObject\",\"inLanguage\":\"pt-BR\",\"@id\":\"https:\/\/folhadems.com.br\/site\/#\/schema\/logo\/image\/\",\"url\":\"https:\/\/folhadems.com.br\/site\/wp-content\/uploads\/2023\/01\/logo-folha-de-ms-380x90-1.jpg\",\"contentUrl\":\"https:\/\/folhadems.com.br\/site\/wp-content\/uploads\/2023\/01\/logo-folha-de-ms-380x90-1.jpg\",\"width\":380,\"height\":90,\"caption\":\"Folha de Mato Grosso do Sul\"},\"image\":{\"@id\":\"https:\/\/folhadems.com.br\/site\/#\/schema\/logo\/image\/\"}},{\"@type\":\"Person\",\"@id\":\"https:\/\/folhadems.com.br\/site\/#\/schema\/person\/e4a04038e5c2e7040e19ef252ae9d940\",\"name\":\"Elite Midia\",\"image\":{\"@type\":\"ImageObject\",\"inLanguage\":\"pt-BR\",\"@id\":\"https:\/\/folhadems.com.br\/site\/#\/schema\/person\/image\/\",\"url\":\"https:\/\/secure.gravatar.com\/avatar\/f76a80f01119f7fec6909ab9feea8819031f391155be021b685479d77496f055?s=96&d=mm&r=g\",\"contentUrl\":\"https:\/\/secure.gravatar.com\/avatar\/f76a80f01119f7fec6909ab9feea8819031f391155be021b685479d77496f055?s=96&d=mm&r=g\",\"caption\":\"Elite Midia\"},\"sameAs\":[\"https:\/\/folhadems.com.br\/site\"],\"url\":\"https:\/\/folhadems.com.br\/site\/author\/elite-midia\/\"}]}<\/script>\n<!-- \/ Yoast SEO plugin. -->","yoast_head_json":{"title":"Turismo de pesca de Mato Grosso do Sul ganha destaque na principal feira do segmento no pa\u00eds - Folha de Mato Grosso do Sul","robots":{"index":"index","follow":"follow","max-snippet":"max-snippet:-1","max-image-preview":"max-image-preview:large","max-video-preview":"max-video-preview:-1"},"canonical":"https:\/\/folhadems.com.br\/site\/2026\/03\/12\/turismo-de-pesca-de-mato-grosso-do-sul-ganha-destaque-na-principal-feira-do-segmento-no-pais\/","og_locale":"pt_BR","og_type":"article","og_title":"Turismo de pesca de Mato Grosso do Sul ganha destaque na principal feira do segmento no pa\u00eds - Folha de Mato Grosso do Sul","og_description":"Mato Grosso do Sul participa, entre os dias 12 e 14 de mar\u00e7o de 2026, da Pesca &amp; Companhia Trade","og_url":"https:\/\/folhadems.com.br\/site\/2026\/03\/12\/turismo-de-pesca-de-mato-grosso-do-sul-ganha-destaque-na-principal-feira-do-segmento-no-pais\/","og_site_name":"Folha de Mato Grosso do Sul","article_published_time":"2026-03-12T16:04:01+00:00","article_modified_time":"2026-03-12T16:04:04+00:00","og_image":[{"width":800,"height":450,"url":"https:\/\/folhadems.com.br\/site\/wp-content\/uploads\/2026\/03\/turismo.jpg","type":"image\/jpeg"}],"author":"Elite Midia","twitter_card":"summary_large_image","twitter_misc":{"Escrito por":"Elite Midia","Est. tempo de leitura":"4 minutos"},"schema":{"@context":"https:\/\/schema.org","@graph":[{"@type":"Article","@id":"https:\/\/folhadems.com.br\/site\/2026\/03\/12\/turismo-de-pesca-de-mato-grosso-do-sul-ganha-destaque-na-principal-feira-do-segmento-no-pais\/#article","isPartOf":{"@id":"https:\/\/folhadems.com.br\/site\/2026\/03\/12\/turismo-de-pesca-de-mato-grosso-do-sul-ganha-destaque-na-principal-feira-do-segmento-no-pais\/"},"author":{"name":"Elite Midia","@id":"https:\/\/folhadems.com.br\/site\/#\/schema\/person\/e4a04038e5c2e7040e19ef252ae9d940"},"headline":"Turismo de pesca de Mato Grosso do Sul ganha destaque na principal feira do segmento no pa\u00eds","datePublished":"2026-03-12T16:04:01+00:00","dateModified":"2026-03-12T16:04:04+00:00","mainEntityOfPage":{"@id":"https:\/\/folhadems.com.br\/site\/2026\/03\/12\/turismo-de-pesca-de-mato-grosso-do-sul-ganha-destaque-na-principal-feira-do-segmento-no-pais\/"},"wordCount":599,"commentCount":0,"publisher":{"@id":"https:\/\/folhadems.com.br\/site\/#organization"},"image":{"@id":"https:\/\/folhadems.com.br\/site\/2026\/03\/12\/turismo-de-pesca-de-mato-grosso-do-sul-ganha-destaque-na-principal-feira-do-segmento-no-pais\/#primaryimage"},"thumbnailUrl":"https:\/\/folhadems.com.br\/site\/wp-content\/uploads\/2026\/03\/turismo.jpg","articleSection":["Turismo"],"inLanguage":"pt-BR","potentialAction":[{"@type":"CommentAction","name":"Comment","target":["https:\/\/folhadems.com.br\/site\/2026\/03\/12\/turismo-de-pesca-de-mato-grosso-do-sul-ganha-destaque-na-principal-feira-do-segmento-no-pais\/#respond"]}]},{"@type":"WebPage","@id":"https:\/\/folhadems.com.br\/site\/2026\/03\/12\/turismo-de-pesca-de-mato-grosso-do-sul-ganha-destaque-na-principal-feira-do-segmento-no-pais\/","url":"https:\/\/folhadems.com.br\/site\/2026\/03\/12\/turismo-de-pesca-de-mato-grosso-do-sul-ganha-destaque-na-principal-feira-do-segmento-no-pais\/","name":"Turismo de pesca de Mato Grosso do Sul ganha destaque na principal feira do segmento no pa\u00eds - Folha de Mato Grosso do Sul","isPartOf":{"@id":"https:\/\/folhadems.com.br\/site\/#website"},"primaryImageOfPage":{"@id":"https:\/\/folhadems.com.br\/site\/2026\/03\/12\/turismo-de-pesca-de-mato-grosso-do-sul-ganha-destaque-na-principal-feira-do-segmento-no-pais\/#primaryimage"},"image":{"@id":"https:\/\/folhadems.com.br\/site\/2026\/03\/12\/turismo-de-pesca-de-mato-grosso-do-sul-ganha-destaque-na-principal-feira-do-segmento-no-pais\/#primaryimage"},"thumbnailUrl":"https:\/\/folhadems.com.br\/site\/wp-content\/uploads\/2026\/03\/turismo.jpg","datePublished":"2026-03-12T16:04:01+00:00","dateModified":"2026-03-12T16:04:04+00:00","breadcrumb":{"@id":"https:\/\/folhadems.com.br\/site\/2026\/03\/12\/turismo-de-pesca-de-mato-grosso-do-sul-ganha-destaque-na-principal-feira-do-segmento-no-pais\/#breadcrumb"},"inLanguage":"pt-BR","potentialAction":[{"@type":"ReadAction","target":["https:\/\/folhadems.com.br\/site\/2026\/03\/12\/turismo-de-pesca-de-mato-grosso-do-sul-ganha-destaque-na-principal-feira-do-segmento-no-pais\/"]}]},{"@type":"ImageObject","inLanguage":"pt-BR","@id":"https:\/\/folhadems.com.br\/site\/2026\/03\/12\/turismo-de-pesca-de-mato-grosso-do-sul-ganha-destaque-na-principal-feira-do-segmento-no-pais\/#primaryimage","url":"https:\/\/folhadems.com.br\/site\/wp-content\/uploads\/2026\/03\/turismo.jpg","contentUrl":"https:\/\/folhadems.com.br\/site\/wp-content\/uploads\/2026\/03\/turismo.jpg","width":800,"height":450},{"@type":"BreadcrumbList","@id":"https:\/\/folhadems.com.br\/site\/2026\/03\/12\/turismo-de-pesca-de-mato-grosso-do-sul-ganha-destaque-na-principal-feira-do-segmento-no-pais\/#breadcrumb","itemListElement":[{"@type":"ListItem","position":1,"name":"In\u00edcio","item":"https:\/\/folhadems.com.br\/site\/"},{"@type":"ListItem","position":2,"name":"Turismo de pesca de Mato Grosso do Sul ganha destaque na principal feira do segmento no pa\u00eds"}]},{"@type":"WebSite","@id":"https:\/\/folhadems.com.br\/site\/#website","url":"https:\/\/folhadems.com.br\/site\/","name":"Folha de Mato Grosso do Sul","description":"Jornal Online","publisher":{"@id":"https:\/\/folhadems.com.br\/site\/#organization"},"potentialAction":[{"@type":"SearchAction","target":{"@type":"EntryPoint","urlTemplate":"https:\/\/folhadems.com.br\/site\/?s={search_term_string}"},"query-input":{"@type":"PropertyValueSpecification","valueRequired":true,"valueName":"search_term_string"}}],"inLanguage":"pt-BR"},{"@type":"Organization","@id":"https:\/\/folhadems.com.br\/site\/#organization","name":"Folha de Mato Grosso do Sul","url":"https:\/\/folhadems.com.br\/site\/","logo":{"@type":"ImageObject","inLanguage":"pt-BR","@id":"https:\/\/folhadems.com.br\/site\/#\/schema\/logo\/image\/","url":"https:\/\/folhadems.com.br\/site\/wp-content\/uploads\/2023\/01\/logo-folha-de-ms-380x90-1.jpg","contentUrl":"https:\/\/folhadems.com.br\/site\/wp-content\/uploads\/2023\/01\/logo-folha-de-ms-380x90-1.jpg","width":380,"height":90,"caption":"Folha de Mato Grosso do Sul"},"image":{"@id":"https:\/\/folhadems.com.br\/site\/#\/schema\/logo\/image\/"}},{"@type":"Person","@id":"https:\/\/folhadems.com.br\/site\/#\/schema\/person\/e4a04038e5c2e7040e19ef252ae9d940","name":"Elite Midia","image":{"@type":"ImageObject","inLanguage":"pt-BR","@id":"https:\/\/folhadems.com.br\/site\/#\/schema\/person\/image\/","url":"https:\/\/secure.gravatar.com\/avatar\/f76a80f01119f7fec6909ab9feea8819031f391155be021b685479d77496f055?s=96&d=mm&r=g","contentUrl":"https:\/\/secure.gravatar.com\/avatar\/f76a80f01119f7fec6909ab9feea8819031f391155be021b685479d77496f055?s=96&d=mm&r=g","caption":"Elite Midia"},"sameAs":["https:\/\/folhadems.com.br\/site"],"url":"https:\/\/folhadems.com.br\/site\/author\/elite-midia\/"}]}},"publishpress_future_action":{"enabled":false,"date":"2026-05-05 02:00:07","action":"change-status","newStatus":"draft","terms":[],"taxonomy":"category","extraData":[]},"publishpress_future_workflow_manual_trigger":{"enabledWorkflows":[]},"_links":{"self":[{"href":"https:\/\/folhadems.com.br\/site\/wp-json\/wp\/v2\/posts\/14884","targetHints":{"allow":["GET"]}}],"collection":[{"href":"https:\/\/folhadems.com.br\/site\/wp-json\/wp\/v2\/posts"}],"about":[{"href":"https:\/\/folhadems.com.br\/site\/wp-json\/wp\/v2\/types\/post"}],"author":[{"embeddable":true,"href":"https:\/\/folhadems.com.br\/site\/wp-json\/wp\/v2\/users\/1"}],"replies":[{"embeddable":true,"href":"https:\/\/folhadems.com.br\/site\/wp-json\/wp\/v2\/comments?post=14884"}],"version-history":[{"count":1,"href":"https:\/\/folhadems.com.br\/site\/wp-json\/wp\/v2\/posts\/14884\/revisions"}],"predecessor-version":[{"id":14886,"href":"https:\/\/folhadems.com.br\/site\/wp-json\/wp\/v2\/posts\/14884\/revisions\/14886"}],"wp:featuredmedia":[{"embeddable":true,"href":"https:\/\/folhadems.com.br\/site\/wp-json\/wp\/v2\/media\/14885"}],"wp:attachment":[{"href":"https:\/\/folhadems.com.br\/site\/wp-json\/wp\/v2\/media?parent=14884"}],"wp:term":[{"taxonomy":"category","embeddable":true,"href":"https:\/\/folhadems.com.br\/site\/wp-json\/wp\/v2\/categories?post=14884"},{"taxonomy":"post_tag","embeddable":true,"href":"https:\/\/folhadems.com.br\/site\/wp-json\/wp\/v2\/tags?post=14884"}],"curies":[{"name":"wp","href":"https:\/\/api.w.org\/{rel}","templated":true}]}}