{"id":14860,"date":"2026-03-11T14:57:00","date_gmt":"2026-03-11T18:57:00","guid":{"rendered":"https:\/\/folhadems.com.br\/site\/?p=14860"},"modified":"2026-03-11T13:55:45","modified_gmt":"2026-03-11T17:55:45","slug":"na-cozinha-da-escola-luzia-transforma-trabalho-em-exemplo-de-inclusao","status":"publish","type":"post","link":"https:\/\/folhadems.com.br\/site\/2026\/03\/11\/na-cozinha-da-escola-luzia-transforma-trabalho-em-exemplo-de-inclusao\/","title":{"rendered":"Na cozinha da escola, Luzia transforma trabalho em exemplo de inclus\u00e3o"},"content":{"rendered":"\n<p>Na cozinha da Escola Municipal Ernesto Garcia, a rotina come\u00e7a cedo. Entre panelas no fogo e o movimento da equipe preparando a merenda, a presen\u00e7a de Luzia de Alc\u00e2ntara Santana, de 40 anos, j\u00e1 faz parte do cotidiano da escola. H\u00e1 quase dez anos, a merendeira transforma dedica\u00e7\u00e3o e cuidado em alimento para os alunos \u2014&nbsp;e&nbsp;em exemplo de conviv\u00eancia e respeito.&nbsp;<\/p>\n\n\n\n<p>Concursada da Rede Municipal de Ensino, Luzia trabalha na unidade h\u00e1 nove anos e meio. Com organiza\u00e7\u00e3o e seguran\u00e7a, participa diariamente da prepara\u00e7\u00e3o das refei\u00e7\u00f5es e mant\u00e9m uma rela\u00e7\u00e3o pr\u00f3xima com colegas e estudantes.&nbsp;<\/p>\n\n\n\n<p>Luzia nasceu com baixa vis\u00e3o e, aos 15 anos, perdeu totalmente a vis\u00e3o ap\u00f3s uma infec\u00e7\u00e3o ocular. Mesmo diante da mudan\u00e7a, decidiu seguir sua vida profissional normalmente e encontrou na cozinha escolar uma atividade com a qual sempre se identificou. \u201cEu me identificava com a profiss\u00e3o e tinha certeza de que daria conta\u201d, relembra.&nbsp;<\/p>\n\n\n\n<figure class=\"wp-block-image\"><img decoding=\"async\" src=\"https:\/\/cdn.campogrande.ms.gov.br\/portal\/prod\/uploads\/sites\/3\/2026\/03\/c4230457-546b-496b-9501-6169eff23b63-1024x576.png\" alt=\"\" class=\"wp-image-157989\"\/><\/figure>\n\n\n\n<p>No in\u00edcio, cozinhar para um grande n\u00famero de alunos foi um desafio. Hoje, ela divide a rotina com uma equipe formada por quatro profissionais. A organiza\u00e7\u00e3o do espa\u00e7o \u00e9 essencial: utens\u00edlios e equipamentos permanecem sempre nos mesmos lugares, o que garante autonomia para o trabalho no dia a dia.&nbsp;<\/p>\n\n\n\n<p>Com o tempo, Luzia tamb\u00e9m se tornou uma presen\u00e7a conhecida entre os alunos. A curiosidade inicial das crian\u00e7as logo d\u00e1 lugar \u00e0 conviv\u00eancia natural. \u201cEles perguntam, querem entender, mas depois tudo fica normal. At\u00e9 os pais, \u00e0s vezes, esquecem que eu tenho defici\u00eancia\u201d, conta.&nbsp;<\/p>\n\n\n\n<p>Para ela, trabalhar na escola vai al\u00e9m da prepara\u00e7\u00e3o das refei\u00e7\u00f5es. Luzia acredita que a conviv\u00eancia di\u00e1ria tamb\u00e9m ajuda a fortalecer valores importantes entre as crian\u00e7as. \u201cTenho muito orgulho de fazer parte disso. \u00c0s vezes, o contato com algu\u00e9m diferente pode marcar a crian\u00e7a para o resto da vida de forma positiva\u201d, afirma.&nbsp;<\/p>\n\n\n\n<p>Ao falar da pr\u00f3pria trajet\u00f3ria, ela deixa uma mensagem simples para quem enfrenta desafios: seguir em frente e buscar seu espa\u00e7o. \u201cNunca desista. N\u00e3o \u00e9 f\u00e1cil e muitos dias t\u00eam barreiras, mas ficar em casa n\u00e3o resolve. \u00c9 preciso seguir o pr\u00f3prio caminho e buscar se realizar.\u201d&nbsp;<\/p>\n\n\n\n<p><strong><em>Fonte: PrefCG<\/em><\/strong><\/p>\n","protected":false},"excerpt":{"rendered":"<p>Na cozinha da Escola Municipal Ernesto Garcia, a rotina come\u00e7a cedo. Entre panelas no fogo e o movimento da equipe<\/p>\n","protected":false},"author":1,"featured_media":14861,"comment_status":"open","ping_status":"open","sticky":false,"template":"","format":"standard","meta":{"footnotes":""},"categories":[26],"tags":[],"class_list":["post-14860","post","type-post","status-publish","format-standard","has-post-thumbnail","hentry","category-cotidiano"],"yoast_head":"<!-- This site is optimized with the Yoast SEO plugin v27.1.1 - https:\/\/yoast.com\/product\/yoast-seo-wordpress\/ -->\n<title>Na cozinha da escola, Luzia transforma trabalho em exemplo de inclus\u00e3o - Folha de Mato Grosso do Sul<\/title>\n<meta name=\"robots\" content=\"index, follow, max-snippet:-1, max-image-preview:large, max-video-preview:-1\" \/>\n<link rel=\"canonical\" href=\"https:\/\/folhadems.com.br\/site\/2026\/03\/11\/na-cozinha-da-escola-luzia-transforma-trabalho-em-exemplo-de-inclusao\/\" \/>\n<meta property=\"og:locale\" content=\"pt_BR\" \/>\n<meta property=\"og:type\" content=\"article\" \/>\n<meta property=\"og:title\" content=\"Na cozinha da escola, Luzia transforma trabalho em exemplo de inclus\u00e3o - Folha de Mato Grosso do Sul\" \/>\n<meta property=\"og:description\" content=\"Na cozinha da Escola Municipal Ernesto Garcia, a rotina come\u00e7a cedo. Entre panelas no fogo e o movimento da equipe\" \/>\n<meta property=\"og:url\" content=\"https:\/\/folhadems.com.br\/site\/2026\/03\/11\/na-cozinha-da-escola-luzia-transforma-trabalho-em-exemplo-de-inclusao\/\" \/>\n<meta property=\"og:site_name\" content=\"Folha de Mato Grosso do Sul\" \/>\n<meta property=\"article:published_time\" content=\"2026-03-11T18:57:00+00:00\" \/>\n<meta property=\"og:image\" content=\"https:\/\/folhadems.com.br\/site\/wp-content\/uploads\/2026\/03\/luzia.jpg\" \/>\n\t<meta property=\"og:image:width\" content=\"800\" \/>\n\t<meta property=\"og:image:height\" content=\"450\" \/>\n\t<meta property=\"og:image:type\" content=\"image\/jpeg\" \/>\n<meta name=\"author\" content=\"Elite Midia\" \/>\n<meta name=\"twitter:card\" content=\"summary_large_image\" \/>\n<meta name=\"twitter:label1\" content=\"Escrito por\" \/>\n\t<meta name=\"twitter:data1\" content=\"Elite Midia\" \/>\n\t<meta name=\"twitter:label2\" content=\"Est. tempo de leitura\" \/>\n\t<meta name=\"twitter:data2\" content=\"3 minutos\" \/>\n<script type=\"application\/ld+json\" class=\"yoast-schema-graph\">{\"@context\":\"https:\/\/schema.org\",\"@graph\":[{\"@type\":\"Article\",\"@id\":\"https:\/\/folhadems.com.br\/site\/2026\/03\/11\/na-cozinha-da-escola-luzia-transforma-trabalho-em-exemplo-de-inclusao\/#article\",\"isPartOf\":{\"@id\":\"https:\/\/folhadems.com.br\/site\/2026\/03\/11\/na-cozinha-da-escola-luzia-transforma-trabalho-em-exemplo-de-inclusao\/\"},\"author\":{\"name\":\"Elite Midia\",\"@id\":\"https:\/\/folhadems.com.br\/site\/#\/schema\/person\/e4a04038e5c2e7040e19ef252ae9d940\"},\"headline\":\"Na cozinha da escola, Luzia transforma trabalho em exemplo de inclus\u00e3o\",\"datePublished\":\"2026-03-11T18:57:00+00:00\",\"mainEntityOfPage\":{\"@id\":\"https:\/\/folhadems.com.br\/site\/2026\/03\/11\/na-cozinha-da-escola-luzia-transforma-trabalho-em-exemplo-de-inclusao\/\"},\"wordCount\":405,\"commentCount\":0,\"publisher\":{\"@id\":\"https:\/\/folhadems.com.br\/site\/#organization\"},\"image\":{\"@id\":\"https:\/\/folhadems.com.br\/site\/2026\/03\/11\/na-cozinha-da-escola-luzia-transforma-trabalho-em-exemplo-de-inclusao\/#primaryimage\"},\"thumbnailUrl\":\"https:\/\/folhadems.com.br\/site\/wp-content\/uploads\/2026\/03\/luzia.jpg\",\"articleSection\":[\"Cotidiano\"],\"inLanguage\":\"pt-BR\",\"potentialAction\":[{\"@type\":\"CommentAction\",\"name\":\"Comment\",\"target\":[\"https:\/\/folhadems.com.br\/site\/2026\/03\/11\/na-cozinha-da-escola-luzia-transforma-trabalho-em-exemplo-de-inclusao\/#respond\"]}]},{\"@type\":\"WebPage\",\"@id\":\"https:\/\/folhadems.com.br\/site\/2026\/03\/11\/na-cozinha-da-escola-luzia-transforma-trabalho-em-exemplo-de-inclusao\/\",\"url\":\"https:\/\/folhadems.com.br\/site\/2026\/03\/11\/na-cozinha-da-escola-luzia-transforma-trabalho-em-exemplo-de-inclusao\/\",\"name\":\"Na cozinha da escola, Luzia transforma trabalho em exemplo de inclus\u00e3o - Folha de Mato Grosso do Sul\",\"isPartOf\":{\"@id\":\"https:\/\/folhadems.com.br\/site\/#website\"},\"primaryImageOfPage\":{\"@id\":\"https:\/\/folhadems.com.br\/site\/2026\/03\/11\/na-cozinha-da-escola-luzia-transforma-trabalho-em-exemplo-de-inclusao\/#primaryimage\"},\"image\":{\"@id\":\"https:\/\/folhadems.com.br\/site\/2026\/03\/11\/na-cozinha-da-escola-luzia-transforma-trabalho-em-exemplo-de-inclusao\/#primaryimage\"},\"thumbnailUrl\":\"https:\/\/folhadems.com.br\/site\/wp-content\/uploads\/2026\/03\/luzia.jpg\",\"datePublished\":\"2026-03-11T18:57:00+00:00\",\"breadcrumb\":{\"@id\":\"https:\/\/folhadems.com.br\/site\/2026\/03\/11\/na-cozinha-da-escola-luzia-transforma-trabalho-em-exemplo-de-inclusao\/#breadcrumb\"},\"inLanguage\":\"pt-BR\",\"potentialAction\":[{\"@type\":\"ReadAction\",\"target\":[\"https:\/\/folhadems.com.br\/site\/2026\/03\/11\/na-cozinha-da-escola-luzia-transforma-trabalho-em-exemplo-de-inclusao\/\"]}]},{\"@type\":\"ImageObject\",\"inLanguage\":\"pt-BR\",\"@id\":\"https:\/\/folhadems.com.br\/site\/2026\/03\/11\/na-cozinha-da-escola-luzia-transforma-trabalho-em-exemplo-de-inclusao\/#primaryimage\",\"url\":\"https:\/\/folhadems.com.br\/site\/wp-content\/uploads\/2026\/03\/luzia.jpg\",\"contentUrl\":\"https:\/\/folhadems.com.br\/site\/wp-content\/uploads\/2026\/03\/luzia.jpg\",\"width\":800,\"height\":450},{\"@type\":\"BreadcrumbList\",\"@id\":\"https:\/\/folhadems.com.br\/site\/2026\/03\/11\/na-cozinha-da-escola-luzia-transforma-trabalho-em-exemplo-de-inclusao\/#breadcrumb\",\"itemListElement\":[{\"@type\":\"ListItem\",\"position\":1,\"name\":\"In\u00edcio\",\"item\":\"https:\/\/folhadems.com.br\/site\/\"},{\"@type\":\"ListItem\",\"position\":2,\"name\":\"Na cozinha da escola, Luzia transforma trabalho em exemplo de inclus\u00e3o\"}]},{\"@type\":\"WebSite\",\"@id\":\"https:\/\/folhadems.com.br\/site\/#website\",\"url\":\"https:\/\/folhadems.com.br\/site\/\",\"name\":\"Folha de Mato Grosso do Sul\",\"description\":\"Jornal Online\",\"publisher\":{\"@id\":\"https:\/\/folhadems.com.br\/site\/#organization\"},\"potentialAction\":[{\"@type\":\"SearchAction\",\"target\":{\"@type\":\"EntryPoint\",\"urlTemplate\":\"https:\/\/folhadems.com.br\/site\/?s={search_term_string}\"},\"query-input\":{\"@type\":\"PropertyValueSpecification\",\"valueRequired\":true,\"valueName\":\"search_term_string\"}}],\"inLanguage\":\"pt-BR\"},{\"@type\":\"Organization\",\"@id\":\"https:\/\/folhadems.com.br\/site\/#organization\",\"name\":\"Folha de Mato Grosso do Sul\",\"url\":\"https:\/\/folhadems.com.br\/site\/\",\"logo\":{\"@type\":\"ImageObject\",\"inLanguage\":\"pt-BR\",\"@id\":\"https:\/\/folhadems.com.br\/site\/#\/schema\/logo\/image\/\",\"url\":\"https:\/\/folhadems.com.br\/site\/wp-content\/uploads\/2023\/01\/logo-folha-de-ms-380x90-1.jpg\",\"contentUrl\":\"https:\/\/folhadems.com.br\/site\/wp-content\/uploads\/2023\/01\/logo-folha-de-ms-380x90-1.jpg\",\"width\":380,\"height\":90,\"caption\":\"Folha de Mato Grosso do Sul\"},\"image\":{\"@id\":\"https:\/\/folhadems.com.br\/site\/#\/schema\/logo\/image\/\"}},{\"@type\":\"Person\",\"@id\":\"https:\/\/folhadems.com.br\/site\/#\/schema\/person\/e4a04038e5c2e7040e19ef252ae9d940\",\"name\":\"Elite Midia\",\"image\":{\"@type\":\"ImageObject\",\"inLanguage\":\"pt-BR\",\"@id\":\"https:\/\/folhadems.com.br\/site\/#\/schema\/person\/image\/\",\"url\":\"https:\/\/secure.gravatar.com\/avatar\/f76a80f01119f7fec6909ab9feea8819031f391155be021b685479d77496f055?s=96&d=mm&r=g\",\"contentUrl\":\"https:\/\/secure.gravatar.com\/avatar\/f76a80f01119f7fec6909ab9feea8819031f391155be021b685479d77496f055?s=96&d=mm&r=g\",\"caption\":\"Elite Midia\"},\"sameAs\":[\"https:\/\/folhadems.com.br\/site\"],\"url\":\"https:\/\/folhadems.com.br\/site\/author\/elite-midia\/\"}]}<\/script>\n<!-- \/ Yoast SEO plugin. -->","yoast_head_json":{"title":"Na cozinha da escola, Luzia transforma trabalho em exemplo de inclus\u00e3o - Folha de Mato Grosso do Sul","robots":{"index":"index","follow":"follow","max-snippet":"max-snippet:-1","max-image-preview":"max-image-preview:large","max-video-preview":"max-video-preview:-1"},"canonical":"https:\/\/folhadems.com.br\/site\/2026\/03\/11\/na-cozinha-da-escola-luzia-transforma-trabalho-em-exemplo-de-inclusao\/","og_locale":"pt_BR","og_type":"article","og_title":"Na cozinha da escola, Luzia transforma trabalho em exemplo de inclus\u00e3o - Folha de Mato Grosso do Sul","og_description":"Na cozinha da Escola Municipal Ernesto Garcia, a rotina come\u00e7a cedo. Entre panelas no fogo e o movimento da equipe","og_url":"https:\/\/folhadems.com.br\/site\/2026\/03\/11\/na-cozinha-da-escola-luzia-transforma-trabalho-em-exemplo-de-inclusao\/","og_site_name":"Folha de Mato Grosso do Sul","article_published_time":"2026-03-11T18:57:00+00:00","og_image":[{"width":800,"height":450,"url":"https:\/\/folhadems.com.br\/site\/wp-content\/uploads\/2026\/03\/luzia.jpg","type":"image\/jpeg"}],"author":"Elite Midia","twitter_card":"summary_large_image","twitter_misc":{"Escrito por":"Elite Midia","Est. tempo de leitura":"3 minutos"},"schema":{"@context":"https:\/\/schema.org","@graph":[{"@type":"Article","@id":"https:\/\/folhadems.com.br\/site\/2026\/03\/11\/na-cozinha-da-escola-luzia-transforma-trabalho-em-exemplo-de-inclusao\/#article","isPartOf":{"@id":"https:\/\/folhadems.com.br\/site\/2026\/03\/11\/na-cozinha-da-escola-luzia-transforma-trabalho-em-exemplo-de-inclusao\/"},"author":{"name":"Elite Midia","@id":"https:\/\/folhadems.com.br\/site\/#\/schema\/person\/e4a04038e5c2e7040e19ef252ae9d940"},"headline":"Na cozinha da escola, Luzia transforma trabalho em exemplo de inclus\u00e3o","datePublished":"2026-03-11T18:57:00+00:00","mainEntityOfPage":{"@id":"https:\/\/folhadems.com.br\/site\/2026\/03\/11\/na-cozinha-da-escola-luzia-transforma-trabalho-em-exemplo-de-inclusao\/"},"wordCount":405,"commentCount":0,"publisher":{"@id":"https:\/\/folhadems.com.br\/site\/#organization"},"image":{"@id":"https:\/\/folhadems.com.br\/site\/2026\/03\/11\/na-cozinha-da-escola-luzia-transforma-trabalho-em-exemplo-de-inclusao\/#primaryimage"},"thumbnailUrl":"https:\/\/folhadems.com.br\/site\/wp-content\/uploads\/2026\/03\/luzia.jpg","articleSection":["Cotidiano"],"inLanguage":"pt-BR","potentialAction":[{"@type":"CommentAction","name":"Comment","target":["https:\/\/folhadems.com.br\/site\/2026\/03\/11\/na-cozinha-da-escola-luzia-transforma-trabalho-em-exemplo-de-inclusao\/#respond"]}]},{"@type":"WebPage","@id":"https:\/\/folhadems.com.br\/site\/2026\/03\/11\/na-cozinha-da-escola-luzia-transforma-trabalho-em-exemplo-de-inclusao\/","url":"https:\/\/folhadems.com.br\/site\/2026\/03\/11\/na-cozinha-da-escola-luzia-transforma-trabalho-em-exemplo-de-inclusao\/","name":"Na cozinha da escola, Luzia transforma trabalho em exemplo de inclus\u00e3o - Folha de Mato Grosso do Sul","isPartOf":{"@id":"https:\/\/folhadems.com.br\/site\/#website"},"primaryImageOfPage":{"@id":"https:\/\/folhadems.com.br\/site\/2026\/03\/11\/na-cozinha-da-escola-luzia-transforma-trabalho-em-exemplo-de-inclusao\/#primaryimage"},"image":{"@id":"https:\/\/folhadems.com.br\/site\/2026\/03\/11\/na-cozinha-da-escola-luzia-transforma-trabalho-em-exemplo-de-inclusao\/#primaryimage"},"thumbnailUrl":"https:\/\/folhadems.com.br\/site\/wp-content\/uploads\/2026\/03\/luzia.jpg","datePublished":"2026-03-11T18:57:00+00:00","breadcrumb":{"@id":"https:\/\/folhadems.com.br\/site\/2026\/03\/11\/na-cozinha-da-escola-luzia-transforma-trabalho-em-exemplo-de-inclusao\/#breadcrumb"},"inLanguage":"pt-BR","potentialAction":[{"@type":"ReadAction","target":["https:\/\/folhadems.com.br\/site\/2026\/03\/11\/na-cozinha-da-escola-luzia-transforma-trabalho-em-exemplo-de-inclusao\/"]}]},{"@type":"ImageObject","inLanguage":"pt-BR","@id":"https:\/\/folhadems.com.br\/site\/2026\/03\/11\/na-cozinha-da-escola-luzia-transforma-trabalho-em-exemplo-de-inclusao\/#primaryimage","url":"https:\/\/folhadems.com.br\/site\/wp-content\/uploads\/2026\/03\/luzia.jpg","contentUrl":"https:\/\/folhadems.com.br\/site\/wp-content\/uploads\/2026\/03\/luzia.jpg","width":800,"height":450},{"@type":"BreadcrumbList","@id":"https:\/\/folhadems.com.br\/site\/2026\/03\/11\/na-cozinha-da-escola-luzia-transforma-trabalho-em-exemplo-de-inclusao\/#breadcrumb","itemListElement":[{"@type":"ListItem","position":1,"name":"In\u00edcio","item":"https:\/\/folhadems.com.br\/site\/"},{"@type":"ListItem","position":2,"name":"Na cozinha da escola, Luzia transforma trabalho em exemplo de inclus\u00e3o"}]},{"@type":"WebSite","@id":"https:\/\/folhadems.com.br\/site\/#website","url":"https:\/\/folhadems.com.br\/site\/","name":"Folha de Mato Grosso do Sul","description":"Jornal Online","publisher":{"@id":"https:\/\/folhadems.com.br\/site\/#organization"},"potentialAction":[{"@type":"SearchAction","target":{"@type":"EntryPoint","urlTemplate":"https:\/\/folhadems.com.br\/site\/?s={search_term_string}"},"query-input":{"@type":"PropertyValueSpecification","valueRequired":true,"valueName":"search_term_string"}}],"inLanguage":"pt-BR"},{"@type":"Organization","@id":"https:\/\/folhadems.com.br\/site\/#organization","name":"Folha de Mato Grosso do Sul","url":"https:\/\/folhadems.com.br\/site\/","logo":{"@type":"ImageObject","inLanguage":"pt-BR","@id":"https:\/\/folhadems.com.br\/site\/#\/schema\/logo\/image\/","url":"https:\/\/folhadems.com.br\/site\/wp-content\/uploads\/2023\/01\/logo-folha-de-ms-380x90-1.jpg","contentUrl":"https:\/\/folhadems.com.br\/site\/wp-content\/uploads\/2023\/01\/logo-folha-de-ms-380x90-1.jpg","width":380,"height":90,"caption":"Folha de Mato Grosso do Sul"},"image":{"@id":"https:\/\/folhadems.com.br\/site\/#\/schema\/logo\/image\/"}},{"@type":"Person","@id":"https:\/\/folhadems.com.br\/site\/#\/schema\/person\/e4a04038e5c2e7040e19ef252ae9d940","name":"Elite Midia","image":{"@type":"ImageObject","inLanguage":"pt-BR","@id":"https:\/\/folhadems.com.br\/site\/#\/schema\/person\/image\/","url":"https:\/\/secure.gravatar.com\/avatar\/f76a80f01119f7fec6909ab9feea8819031f391155be021b685479d77496f055?s=96&d=mm&r=g","contentUrl":"https:\/\/secure.gravatar.com\/avatar\/f76a80f01119f7fec6909ab9feea8819031f391155be021b685479d77496f055?s=96&d=mm&r=g","caption":"Elite Midia"},"sameAs":["https:\/\/folhadems.com.br\/site"],"url":"https:\/\/folhadems.com.br\/site\/author\/elite-midia\/"}]}},"publishpress_future_action":{"enabled":false,"date":"2026-05-04 23:22:28","action":"change-status","newStatus":"draft","terms":[],"taxonomy":"category","extraData":[]},"publishpress_future_workflow_manual_trigger":{"enabledWorkflows":[]},"_links":{"self":[{"href":"https:\/\/folhadems.com.br\/site\/wp-json\/wp\/v2\/posts\/14860","targetHints":{"allow":["GET"]}}],"collection":[{"href":"https:\/\/folhadems.com.br\/site\/wp-json\/wp\/v2\/posts"}],"about":[{"href":"https:\/\/folhadems.com.br\/site\/wp-json\/wp\/v2\/types\/post"}],"author":[{"embeddable":true,"href":"https:\/\/folhadems.com.br\/site\/wp-json\/wp\/v2\/users\/1"}],"replies":[{"embeddable":true,"href":"https:\/\/folhadems.com.br\/site\/wp-json\/wp\/v2\/comments?post=14860"}],"version-history":[{"count":1,"href":"https:\/\/folhadems.com.br\/site\/wp-json\/wp\/v2\/posts\/14860\/revisions"}],"predecessor-version":[{"id":14862,"href":"https:\/\/folhadems.com.br\/site\/wp-json\/wp\/v2\/posts\/14860\/revisions\/14862"}],"wp:featuredmedia":[{"embeddable":true,"href":"https:\/\/folhadems.com.br\/site\/wp-json\/wp\/v2\/media\/14861"}],"wp:attachment":[{"href":"https:\/\/folhadems.com.br\/site\/wp-json\/wp\/v2\/media?parent=14860"}],"wp:term":[{"taxonomy":"category","embeddable":true,"href":"https:\/\/folhadems.com.br\/site\/wp-json\/wp\/v2\/categories?post=14860"},{"taxonomy":"post_tag","embeddable":true,"href":"https:\/\/folhadems.com.br\/site\/wp-json\/wp\/v2\/tags?post=14860"}],"curies":[{"name":"wp","href":"https:\/\/api.w.org\/{rel}","templated":true}]}}