{"id":14857,"date":"2026-03-11T13:52:32","date_gmt":"2026-03-11T17:52:32","guid":{"rendered":"https:\/\/folhadems.com.br\/site\/?p=14857"},"modified":"2026-03-11T13:52:40","modified_gmt":"2026-03-11T17:52:40","slug":"camara-aprova-uso-obrigatorio-de-tornozeleira-por-agressores-de-mulher","status":"publish","type":"post","link":"https:\/\/folhadems.com.br\/site\/2026\/03\/11\/camara-aprova-uso-obrigatorio-de-tornozeleira-por-agressores-de-mulher\/","title":{"rendered":"C\u00e2mara aprova uso obrigat\u00f3rio de tornozeleira por agressores de mulher"},"content":{"rendered":"\n<p>A C\u00e2mara dos Deputados aprovou, nesta ter\u00e7a-feira (10), o <a href=\"https:\/\/www.camara.leg.br\/proposicoesWeb\/fichadetramitacao?idProposicao=2449741\" target=\"_blank\" rel=\"noreferrer noopener\">projeto de lei (PL n\u00ba 2942\/2024)<\/a>\u00a0que permite \u00e0 Justi\u00e7a determinar o uso imediato tornozeleira eletr\u00f4nica pelo agressor de mulheres em situa\u00e7\u00e3o de viol\u00eancia dom\u00e9stica e familiar, se for verificado o alto risco \u00e0 vida delas. O objetivo \u00e9 ampliar a prote\u00e7\u00e3o \u00e0s v\u00edtimas.<img decoding=\"async\" src=\"https:\/\/agenciabrasil.ebc.com.br\/ebc.png?id=1681538&amp;o=node\"><img decoding=\"async\" src=\"https:\/\/agenciabrasil.ebc.com.br\/ebc.gif?id=1681538&amp;o=node\"><\/p>\n\n\n\n<p>De autoria dos deputados Fernanda Melchionna (PSol-RS) e Marcos Tavares (PDT-RJ, o projeto foi aprovado com substitutivo da relatora, deputada Delegada Ione (Avante-MG).<\/p>\n\n\n\n<p>A parlamentar afirma que, atualmente, apenas 6% das medidas protetivas contam com monitoramento eletr\u00f4nico. Ela frisa que a ferramenta reduz os feminic\u00eddios assim como a taxa de reincid\u00eancia dos agressores em outros crimes relacionados \u00e0 viol\u00eancia dom\u00e9stica.<\/p>\n\n\n\n<blockquote class=\"wp-block-quote is-layout-flow wp-block-quote-is-layout-flow\">\n<p>\u201cN\u00e3o d\u00e1 mais para a gente ver v\u00e1rias mulheres sob medidas protetivas sem medidas protetivas efetivas\u201d, disse Fernanda Melchionna, em sua rede social.<\/p>\n<\/blockquote>\n\n\n\n<h2 class=\"wp-block-heading\">Vira regra<\/h2>\n\n\n\n<p>Pelo projeto de lei, a imposi\u00e7\u00e3o de uso da tornozeleira passa a ser regra em casos de alto risco de agress\u00f5es graves \u00e0s mulheres. O risco a ser avaliado deve ser atual ou iminente \u00e0 vida ou \u00e0 integridade f\u00edsica ou psicol\u00f3gica da mulher ou de seus dependentes.<\/p>\n\n\n\n<p>A exig\u00eancia da determina\u00e7\u00e3o da medida protetiva de urg\u00eancia fortalece a prote\u00e7\u00e3o prevista na <a href=\"https:\/\/www.planalto.gov.br\/ccivil_03\/_ato2004-2006\/2006\/lei\/l11340.htm\" target=\"_blank\" rel=\"noreferrer noopener\">Lei Maria da Penha n\u00ba 11.340\/2006<\/a>,&nbsp;aplic\u00e1vel em conjunto com outras.<\/p>\n\n\n\n<p>Al\u00e9m dos casos em que for verificado o risco iminente \u00e0 integridade f\u00edsica ou psicol\u00f3gica da v\u00edtima, a imposi\u00e7\u00e3o da tornozeleira ser\u00e1 prioridade nos casos em que houver descumprimento de medidas protetivas anteriormente impostas.<\/p>\n\n\n\n<p>Se um juiz decidir que a tornozeleira n\u00e3o deve ser mais usada, o magistrado dever\u00e1 justificar expressamente os motivos que o levaram a tomar a decis\u00e3o.<\/p>\n\n\n\n<h2 class=\"wp-block-heading\">Cidades pequenas<\/h2>\n\n\n\n<p>Em munic\u00edpios em que n\u00e3o existe uma comarca, portanto, localidades sem um juiz, o uso da tornozeleira poder\u00e1 ser aplicado pelo delegado de pol\u00edcia local.<\/p>\n\n\n\n<p>Atualmente, o afastamento imediato do lar \u00e9 a \u00fanica medida protetiva que o delegado pode adotar nas localidades sem um representante do poder Judici\u00e1rio.<\/p>\n\n\n\n<p>Caso o projeto seja sancionado no Senado,&nbsp;quando a autoridade policial determinar a instala\u00e7\u00e3o imediata da tornozeleira eletr\u00f4nica para proteger a v\u00edtima, dever\u00e1 comunicar a medida ao Minist\u00e9rio P\u00fablico e \u00e0 Justi\u00e7a em 24 horas. O juiz dever\u00e1 decidir se mant\u00e9m ou n\u00e3o a medida protetiva de urg\u00eancia.<\/p>\n\n\n\n<p>O l<a href=\"https:\/\/forumseguranca.org.br\/wp-content\/uploads\/2026\/03\/nota-tecnica-dia-mulher-2026.pdf\" target=\"_blank\" rel=\"noreferrer noopener\">evantamento do F\u00f3rum Brasileiro de Seguran\u00e7a P\u00fablica<\/a>&nbsp;mostra que, em 2024, 50% dos feminic\u00eddios em 2024 ocorreram em cidades com at\u00e9 100 mil habitantes, onde apenas 5% das cidades t\u00eam delegacias da mulher e somente 3% dos munic\u00edpios t\u00eam uma casa abrigo.<\/p>\n\n\n\n<h2 class=\"wp-block-heading\">Rastreamento pela v\u00edtima e pela pol\u00edcia<\/h2>\n\n\n\n<p>O texto do projeto determina que, nas situa\u00e7\u00f5es de uso da tornozeleira pelo agressor, deve ser entregue \u00e0 mulher v\u00edtima um dispositivo de port\u00e1til de rastreamento que alerte sobre eventual aproxima\u00e7\u00e3o do agressor.<\/p>\n\n\n\n<p>O aparelho de seguran\u00e7a vai emitir um alerta autom\u00e1tico e simult\u00e2neo para v\u00edtima e para pol\u00edcia, logo que o agressor romper a \u00e1rea de tr\u00e2nsito proibido, fixada judicialmente.<\/p>\n\n\n\n<p>A iniciativa tem o objetivo de permitir o monitoramento ativo do cumprimento das restri\u00e7\u00f5es impostas.<\/p>\n\n\n\n<h2 class=\"wp-block-heading\">Aumento da pena<\/h2>\n\n\n\n<p>O texto aprovado aumenta &#8211; de um ter\u00e7o\u00a0\u00e0 metade &#8211;\u00a0a pena de reclus\u00e3o de 2 a 5 anos por descumprimento de medidas protetivas, caso estejam relacionadas \u00e0 viola\u00e7\u00e3o das \u00e1reas onde o agressor n\u00e3o pode ir ou, ainda, \u00e0 remo\u00e7\u00e3o ou viola\u00e7\u00e3o da tornozeleira sem autoriza\u00e7\u00e3o judicial.<\/p>\n\n\n\n<p>Em sua rede social, o coautor do Projeto de Lei 2942\/2024, o deputado Marcos Tavares (PDT-RJ), comemorou a aprova\u00e7\u00e3o pela C\u00e2mara.<\/p>\n\n\n\n<blockquote class=\"wp-block-quote is-layout-flow wp-block-quote-is-layout-flow\">\n<p>\u201cQuem agride precisa ser vigiado. E quem sofre viol\u00eancia precisa ser protegido.\u201d<\/p>\n<\/blockquote>\n\n\n\n<h2 class=\"wp-block-heading\">Mais dinheiro e campanhas<\/h2>\n\n\n\n<p>O projeto tamb\u00e9m aumenta de 5% para 6% a cota de recursos do Fundo Nacional de Seguran\u00e7a P\u00fablica (FNSP) que devem ser destinados a a\u00e7\u00f5es de enfrentamento da viol\u00eancia contra a mulher, incluindo explicitamente o custeio da compra e manuten\u00e7\u00e3o desses equipamentos.<\/p>\n\n\n\n<p>O texto coloca como prioridade a compra e manuten\u00e7\u00e3o das tornozeleiras e de dispositivos de acompanhamento para as v\u00edtimas.<\/p>\n\n\n\n<p>Segundo o projeto, as campanhas de enfrentamento da viol\u00eancia contra a mulher dever\u00e3o contemplar informa\u00e7\u00f5es sobre procedimentos e abordagens policiais, preven\u00e7\u00e3o \u00e0 revitimiza\u00e7\u00e3o, funcionamento das medidas protetivas de urg\u00eancia e mecanismos de monitora\u00e7\u00e3o eletr\u00f4nica.<\/p>\n\n\n\n<h2 class=\"wp-block-heading\">Pr\u00f3ximos passos<\/h2>\n\n\n\n<p><strong>Com a aprova\u00e7\u00e3o pela C\u00e2mara, o projeto de lei ser\u00e1 enviado ao Senado para ser analisado, discutido e votado pelos senadores<\/strong>.<\/p>\n\n\n\n<p>Se for aprovada sem altera\u00e7\u00f5es, a <strong>proposta segue para a san\u00e7\u00e3o do presidente da Rep\u00fablica<\/strong>.<\/p>\n\n\n\n<p>Se os senadores fizerem mudan\u00e7as (emendas), o <strong>projeto precisar\u00e1 voltar \u00e0 C\u00e2mara dos Deputados para que as altera\u00e7\u00f5es sejam validadas.<\/strong><\/p>\n\n\n\n<p><strong>Mas, se for rejeitado, o projeto ser\u00e1 arquivado.<\/strong><\/p>\n\n\n\n<h2 class=\"wp-block-heading\">Viol\u00eancia em n\u00fameros<\/h2>\n\n\n\n<p>O projeto frisa que o Brasil enfrenta, nos \u00faltimos anos, um crescimento alarmante no n\u00famero de feminic\u00eddios, muitos deles cometidos por ex-companheiros ou c\u00f4njuges que j\u00e1 eram alvo de medidas protetivas previstas<\/p>\n\n\n\n<p>Em 2025, foram 1.568 mulheres v\u00edtimas de feminic\u00eddio no Brasil, <strong>crescimento de 4,7% em rela\u00e7\u00e3o ao ano anterior.<\/strong> Em rela\u00e7\u00e3o a 2021, <strong>aumento \u00e9 de 14,5%.<\/strong><\/p>\n\n\n\n<p><strong>Os <a href=\"https:\/\/forumseguranca.org.br\/wp-content\/uploads\/2026\/03\/nota-tecnica-dia-mulher-2026.pdf\" target=\"_blank\" rel=\"noreferrer noopener\">dados<\/a> s\u00e3o do&nbsp;Levantamento do F\u00f3rum Brasileiro de Seguran\u00e7a P\u00fablica<\/strong>.<\/p>\n\n\n\n<p>O relat\u00f3rio mostra que, em 2024,&nbsp;13,1% das mulheres v\u00edtimas de feminic\u00eddio no Brasil foram assassinadas mesmo tendo uma&nbsp;medida protetiva&nbsp;de urg\u00eancia em vigor.<\/p>\n\n\n\n<p>Desde que a Lei do Feminic\u00eddio (n\u00ba 13.104\/2015) tipificou o assassinato de mulheres por raz\u00f5es de g\u00eanero como crime hediondo, 13.703 mulheres foram v\u00edtimas do feminic\u00eddio, entre 2015 e 2025.<\/p>\n\n\n\n<h2 class=\"wp-block-heading\">Ligue 180<\/h2>\n\n\n\n<p><strong>Em caso de viol\u00eancia contra a mulher, ligue gratuitamente 180.<\/strong><\/p>\n\n\n\n<p>A Central de Atendimento \u00e0 Mulher \u2013&nbsp;Ligue 180&nbsp;oferece orienta\u00e7\u00e3o, acolhimento e encaminhamento de den\u00fancias.&nbsp;O atendimento tamb\u00e9m pode ser realizado pelo WhatsApp,&nbsp;no n\u00famero (61) 99610-0180.<\/p>\n\n\n\n<p>O servi\u00e7o p\u00fablico e sigiloso funciona 24 horas por dia, todos os dias da semana, inclusive nos feriados e pode ser usado por mulheres em situa\u00e7\u00e3o de viol\u00eancia ou qualquer pessoa que queira denunciar uma situa\u00e7\u00e3o de viol\u00eancia contra a mulher.<\/p>\n\n\n\n<p>A central tamb\u00e9m informa sobre direitos, garantias e servi\u00e7os especializados.<\/p>\n\n\n\n<p>Em casos de emerg\u00eancia, deve ser acionada a Pol\u00edcia Militar do estado, por meio do telefone 190.<\/p>\n\n\n\n<p><strong><em>Fonte: Ag\u00eancia Brasil<\/em><\/strong><\/p>\n","protected":false},"excerpt":{"rendered":"<p>A C\u00e2mara dos Deputados aprovou, nesta ter\u00e7a-feira (10), o projeto de lei (PL n\u00ba 2942\/2024)\u00a0que permite \u00e0 Justi\u00e7a determinar o<\/p>\n","protected":false},"author":1,"featured_media":14858,"comment_status":"open","ping_status":"open","sticky":false,"template":"","format":"standard","meta":{"footnotes":""},"categories":[4],"tags":[],"class_list":["post-14857","post","type-post","status-publish","format-standard","has-post-thumbnail","hentry","category-politica"],"yoast_head":"<!-- This site is optimized with the Yoast SEO plugin v27.1.1 - https:\/\/yoast.com\/product\/yoast-seo-wordpress\/ -->\n<title>C\u00e2mara aprova uso obrigat\u00f3rio de tornozeleira por agressores de mulher - Folha de Mato Grosso do Sul<\/title>\n<meta name=\"robots\" content=\"index, follow, max-snippet:-1, max-image-preview:large, max-video-preview:-1\" \/>\n<link rel=\"canonical\" href=\"https:\/\/folhadems.com.br\/site\/2026\/03\/11\/camara-aprova-uso-obrigatorio-de-tornozeleira-por-agressores-de-mulher\/\" \/>\n<meta property=\"og:locale\" content=\"pt_BR\" \/>\n<meta property=\"og:type\" content=\"article\" \/>\n<meta property=\"og:title\" content=\"C\u00e2mara aprova uso obrigat\u00f3rio de tornozeleira por agressores de mulher - Folha de Mato Grosso do Sul\" \/>\n<meta property=\"og:description\" content=\"A C\u00e2mara dos Deputados aprovou, nesta ter\u00e7a-feira (10), o projeto de lei (PL n\u00ba 2942\/2024)\u00a0que permite \u00e0 Justi\u00e7a determinar o\" \/>\n<meta property=\"og:url\" content=\"https:\/\/folhadems.com.br\/site\/2026\/03\/11\/camara-aprova-uso-obrigatorio-de-tornozeleira-por-agressores-de-mulher\/\" \/>\n<meta property=\"og:site_name\" content=\"Folha de Mato Grosso do Sul\" \/>\n<meta property=\"article:published_time\" content=\"2026-03-11T17:52:32+00:00\" \/>\n<meta property=\"article:modified_time\" content=\"2026-03-11T17:52:40+00:00\" \/>\n<meta property=\"og:image\" content=\"https:\/\/folhadems.com.br\/site\/wp-content\/uploads\/2026\/03\/tornozeleira.webp\" \/>\n\t<meta property=\"og:image:width\" content=\"1170\" \/>\n\t<meta property=\"og:image:height\" content=\"700\" \/>\n\t<meta property=\"og:image:type\" content=\"image\/webp\" \/>\n<meta name=\"author\" content=\"Elite Midia\" \/>\n<meta name=\"twitter:card\" content=\"summary_large_image\" \/>\n<meta name=\"twitter:label1\" content=\"Escrito por\" \/>\n\t<meta name=\"twitter:data1\" content=\"Elite Midia\" \/>\n\t<meta name=\"twitter:label2\" content=\"Est. tempo de leitura\" \/>\n\t<meta name=\"twitter:data2\" content=\"6 minutos\" \/>\n<script type=\"application\/ld+json\" class=\"yoast-schema-graph\">{\"@context\":\"https:\/\/schema.org\",\"@graph\":[{\"@type\":\"Article\",\"@id\":\"https:\/\/folhadems.com.br\/site\/2026\/03\/11\/camara-aprova-uso-obrigatorio-de-tornozeleira-por-agressores-de-mulher\/#article\",\"isPartOf\":{\"@id\":\"https:\/\/folhadems.com.br\/site\/2026\/03\/11\/camara-aprova-uso-obrigatorio-de-tornozeleira-por-agressores-de-mulher\/\"},\"author\":{\"name\":\"Elite Midia\",\"@id\":\"https:\/\/folhadems.com.br\/site\/#\/schema\/person\/e4a04038e5c2e7040e19ef252ae9d940\"},\"headline\":\"C\u00e2mara aprova uso obrigat\u00f3rio de tornozeleira por agressores de mulher\",\"datePublished\":\"2026-03-11T17:52:32+00:00\",\"dateModified\":\"2026-03-11T17:52:40+00:00\",\"mainEntityOfPage\":{\"@id\":\"https:\/\/folhadems.com.br\/site\/2026\/03\/11\/camara-aprova-uso-obrigatorio-de-tornozeleira-por-agressores-de-mulher\/\"},\"wordCount\":1093,\"commentCount\":0,\"publisher\":{\"@id\":\"https:\/\/folhadems.com.br\/site\/#organization\"},\"image\":{\"@id\":\"https:\/\/folhadems.com.br\/site\/2026\/03\/11\/camara-aprova-uso-obrigatorio-de-tornozeleira-por-agressores-de-mulher\/#primaryimage\"},\"thumbnailUrl\":\"https:\/\/folhadems.com.br\/site\/wp-content\/uploads\/2026\/03\/tornozeleira.webp\",\"articleSection\":[\"Pol\u00edtica\"],\"inLanguage\":\"pt-BR\",\"potentialAction\":[{\"@type\":\"CommentAction\",\"name\":\"Comment\",\"target\":[\"https:\/\/folhadems.com.br\/site\/2026\/03\/11\/camara-aprova-uso-obrigatorio-de-tornozeleira-por-agressores-de-mulher\/#respond\"]}]},{\"@type\":\"WebPage\",\"@id\":\"https:\/\/folhadems.com.br\/site\/2026\/03\/11\/camara-aprova-uso-obrigatorio-de-tornozeleira-por-agressores-de-mulher\/\",\"url\":\"https:\/\/folhadems.com.br\/site\/2026\/03\/11\/camara-aprova-uso-obrigatorio-de-tornozeleira-por-agressores-de-mulher\/\",\"name\":\"C\u00e2mara aprova uso obrigat\u00f3rio de tornozeleira por agressores de mulher - Folha de Mato Grosso do Sul\",\"isPartOf\":{\"@id\":\"https:\/\/folhadems.com.br\/site\/#website\"},\"primaryImageOfPage\":{\"@id\":\"https:\/\/folhadems.com.br\/site\/2026\/03\/11\/camara-aprova-uso-obrigatorio-de-tornozeleira-por-agressores-de-mulher\/#primaryimage\"},\"image\":{\"@id\":\"https:\/\/folhadems.com.br\/site\/2026\/03\/11\/camara-aprova-uso-obrigatorio-de-tornozeleira-por-agressores-de-mulher\/#primaryimage\"},\"thumbnailUrl\":\"https:\/\/folhadems.com.br\/site\/wp-content\/uploads\/2026\/03\/tornozeleira.webp\",\"datePublished\":\"2026-03-11T17:52:32+00:00\",\"dateModified\":\"2026-03-11T17:52:40+00:00\",\"breadcrumb\":{\"@id\":\"https:\/\/folhadems.com.br\/site\/2026\/03\/11\/camara-aprova-uso-obrigatorio-de-tornozeleira-por-agressores-de-mulher\/#breadcrumb\"},\"inLanguage\":\"pt-BR\",\"potentialAction\":[{\"@type\":\"ReadAction\",\"target\":[\"https:\/\/folhadems.com.br\/site\/2026\/03\/11\/camara-aprova-uso-obrigatorio-de-tornozeleira-por-agressores-de-mulher\/\"]}]},{\"@type\":\"ImageObject\",\"inLanguage\":\"pt-BR\",\"@id\":\"https:\/\/folhadems.com.br\/site\/2026\/03\/11\/camara-aprova-uso-obrigatorio-de-tornozeleira-por-agressores-de-mulher\/#primaryimage\",\"url\":\"https:\/\/folhadems.com.br\/site\/wp-content\/uploads\/2026\/03\/tornozeleira.webp\",\"contentUrl\":\"https:\/\/folhadems.com.br\/site\/wp-content\/uploads\/2026\/03\/tornozeleira.webp\",\"width\":1170,\"height\":700},{\"@type\":\"BreadcrumbList\",\"@id\":\"https:\/\/folhadems.com.br\/site\/2026\/03\/11\/camara-aprova-uso-obrigatorio-de-tornozeleira-por-agressores-de-mulher\/#breadcrumb\",\"itemListElement\":[{\"@type\":\"ListItem\",\"position\":1,\"name\":\"In\u00edcio\",\"item\":\"https:\/\/folhadems.com.br\/site\/\"},{\"@type\":\"ListItem\",\"position\":2,\"name\":\"C\u00e2mara aprova uso obrigat\u00f3rio de tornozeleira por agressores de mulher\"}]},{\"@type\":\"WebSite\",\"@id\":\"https:\/\/folhadems.com.br\/site\/#website\",\"url\":\"https:\/\/folhadems.com.br\/site\/\",\"name\":\"Folha de Mato Grosso do Sul\",\"description\":\"Jornal Online\",\"publisher\":{\"@id\":\"https:\/\/folhadems.com.br\/site\/#organization\"},\"potentialAction\":[{\"@type\":\"SearchAction\",\"target\":{\"@type\":\"EntryPoint\",\"urlTemplate\":\"https:\/\/folhadems.com.br\/site\/?s={search_term_string}\"},\"query-input\":{\"@type\":\"PropertyValueSpecification\",\"valueRequired\":true,\"valueName\":\"search_term_string\"}}],\"inLanguage\":\"pt-BR\"},{\"@type\":\"Organization\",\"@id\":\"https:\/\/folhadems.com.br\/site\/#organization\",\"name\":\"Folha de Mato Grosso do Sul\",\"url\":\"https:\/\/folhadems.com.br\/site\/\",\"logo\":{\"@type\":\"ImageObject\",\"inLanguage\":\"pt-BR\",\"@id\":\"https:\/\/folhadems.com.br\/site\/#\/schema\/logo\/image\/\",\"url\":\"https:\/\/folhadems.com.br\/site\/wp-content\/uploads\/2023\/01\/logo-folha-de-ms-380x90-1.jpg\",\"contentUrl\":\"https:\/\/folhadems.com.br\/site\/wp-content\/uploads\/2023\/01\/logo-folha-de-ms-380x90-1.jpg\",\"width\":380,\"height\":90,\"caption\":\"Folha de Mato Grosso do Sul\"},\"image\":{\"@id\":\"https:\/\/folhadems.com.br\/site\/#\/schema\/logo\/image\/\"}},{\"@type\":\"Person\",\"@id\":\"https:\/\/folhadems.com.br\/site\/#\/schema\/person\/e4a04038e5c2e7040e19ef252ae9d940\",\"name\":\"Elite Midia\",\"image\":{\"@type\":\"ImageObject\",\"inLanguage\":\"pt-BR\",\"@id\":\"https:\/\/folhadems.com.br\/site\/#\/schema\/person\/image\/\",\"url\":\"https:\/\/secure.gravatar.com\/avatar\/f76a80f01119f7fec6909ab9feea8819031f391155be021b685479d77496f055?s=96&d=mm&r=g\",\"contentUrl\":\"https:\/\/secure.gravatar.com\/avatar\/f76a80f01119f7fec6909ab9feea8819031f391155be021b685479d77496f055?s=96&d=mm&r=g\",\"caption\":\"Elite Midia\"},\"sameAs\":[\"https:\/\/folhadems.com.br\/site\"],\"url\":\"https:\/\/folhadems.com.br\/site\/author\/elite-midia\/\"}]}<\/script>\n<!-- \/ Yoast SEO plugin. -->","yoast_head_json":{"title":"C\u00e2mara aprova uso obrigat\u00f3rio de tornozeleira por agressores de mulher - Folha de Mato Grosso do Sul","robots":{"index":"index","follow":"follow","max-snippet":"max-snippet:-1","max-image-preview":"max-image-preview:large","max-video-preview":"max-video-preview:-1"},"canonical":"https:\/\/folhadems.com.br\/site\/2026\/03\/11\/camara-aprova-uso-obrigatorio-de-tornozeleira-por-agressores-de-mulher\/","og_locale":"pt_BR","og_type":"article","og_title":"C\u00e2mara aprova uso obrigat\u00f3rio de tornozeleira por agressores de mulher - Folha de Mato Grosso do Sul","og_description":"A C\u00e2mara dos Deputados aprovou, nesta ter\u00e7a-feira (10), o projeto de lei (PL n\u00ba 2942\/2024)\u00a0que permite \u00e0 Justi\u00e7a determinar o","og_url":"https:\/\/folhadems.com.br\/site\/2026\/03\/11\/camara-aprova-uso-obrigatorio-de-tornozeleira-por-agressores-de-mulher\/","og_site_name":"Folha de Mato Grosso do Sul","article_published_time":"2026-03-11T17:52:32+00:00","article_modified_time":"2026-03-11T17:52:40+00:00","og_image":[{"width":1170,"height":700,"url":"https:\/\/folhadems.com.br\/site\/wp-content\/uploads\/2026\/03\/tornozeleira.webp","type":"image\/webp"}],"author":"Elite Midia","twitter_card":"summary_large_image","twitter_misc":{"Escrito por":"Elite Midia","Est. tempo de leitura":"6 minutos"},"schema":{"@context":"https:\/\/schema.org","@graph":[{"@type":"Article","@id":"https:\/\/folhadems.com.br\/site\/2026\/03\/11\/camara-aprova-uso-obrigatorio-de-tornozeleira-por-agressores-de-mulher\/#article","isPartOf":{"@id":"https:\/\/folhadems.com.br\/site\/2026\/03\/11\/camara-aprova-uso-obrigatorio-de-tornozeleira-por-agressores-de-mulher\/"},"author":{"name":"Elite Midia","@id":"https:\/\/folhadems.com.br\/site\/#\/schema\/person\/e4a04038e5c2e7040e19ef252ae9d940"},"headline":"C\u00e2mara aprova uso obrigat\u00f3rio de tornozeleira por agressores de mulher","datePublished":"2026-03-11T17:52:32+00:00","dateModified":"2026-03-11T17:52:40+00:00","mainEntityOfPage":{"@id":"https:\/\/folhadems.com.br\/site\/2026\/03\/11\/camara-aprova-uso-obrigatorio-de-tornozeleira-por-agressores-de-mulher\/"},"wordCount":1093,"commentCount":0,"publisher":{"@id":"https:\/\/folhadems.com.br\/site\/#organization"},"image":{"@id":"https:\/\/folhadems.com.br\/site\/2026\/03\/11\/camara-aprova-uso-obrigatorio-de-tornozeleira-por-agressores-de-mulher\/#primaryimage"},"thumbnailUrl":"https:\/\/folhadems.com.br\/site\/wp-content\/uploads\/2026\/03\/tornozeleira.webp","articleSection":["Pol\u00edtica"],"inLanguage":"pt-BR","potentialAction":[{"@type":"CommentAction","name":"Comment","target":["https:\/\/folhadems.com.br\/site\/2026\/03\/11\/camara-aprova-uso-obrigatorio-de-tornozeleira-por-agressores-de-mulher\/#respond"]}]},{"@type":"WebPage","@id":"https:\/\/folhadems.com.br\/site\/2026\/03\/11\/camara-aprova-uso-obrigatorio-de-tornozeleira-por-agressores-de-mulher\/","url":"https:\/\/folhadems.com.br\/site\/2026\/03\/11\/camara-aprova-uso-obrigatorio-de-tornozeleira-por-agressores-de-mulher\/","name":"C\u00e2mara aprova uso obrigat\u00f3rio de tornozeleira por agressores de mulher - Folha de Mato Grosso do Sul","isPartOf":{"@id":"https:\/\/folhadems.com.br\/site\/#website"},"primaryImageOfPage":{"@id":"https:\/\/folhadems.com.br\/site\/2026\/03\/11\/camara-aprova-uso-obrigatorio-de-tornozeleira-por-agressores-de-mulher\/#primaryimage"},"image":{"@id":"https:\/\/folhadems.com.br\/site\/2026\/03\/11\/camara-aprova-uso-obrigatorio-de-tornozeleira-por-agressores-de-mulher\/#primaryimage"},"thumbnailUrl":"https:\/\/folhadems.com.br\/site\/wp-content\/uploads\/2026\/03\/tornozeleira.webp","datePublished":"2026-03-11T17:52:32+00:00","dateModified":"2026-03-11T17:52:40+00:00","breadcrumb":{"@id":"https:\/\/folhadems.com.br\/site\/2026\/03\/11\/camara-aprova-uso-obrigatorio-de-tornozeleira-por-agressores-de-mulher\/#breadcrumb"},"inLanguage":"pt-BR","potentialAction":[{"@type":"ReadAction","target":["https:\/\/folhadems.com.br\/site\/2026\/03\/11\/camara-aprova-uso-obrigatorio-de-tornozeleira-por-agressores-de-mulher\/"]}]},{"@type":"ImageObject","inLanguage":"pt-BR","@id":"https:\/\/folhadems.com.br\/site\/2026\/03\/11\/camara-aprova-uso-obrigatorio-de-tornozeleira-por-agressores-de-mulher\/#primaryimage","url":"https:\/\/folhadems.com.br\/site\/wp-content\/uploads\/2026\/03\/tornozeleira.webp","contentUrl":"https:\/\/folhadems.com.br\/site\/wp-content\/uploads\/2026\/03\/tornozeleira.webp","width":1170,"height":700},{"@type":"BreadcrumbList","@id":"https:\/\/folhadems.com.br\/site\/2026\/03\/11\/camara-aprova-uso-obrigatorio-de-tornozeleira-por-agressores-de-mulher\/#breadcrumb","itemListElement":[{"@type":"ListItem","position":1,"name":"In\u00edcio","item":"https:\/\/folhadems.com.br\/site\/"},{"@type":"ListItem","position":2,"name":"C\u00e2mara aprova uso obrigat\u00f3rio de tornozeleira por agressores de mulher"}]},{"@type":"WebSite","@id":"https:\/\/folhadems.com.br\/site\/#website","url":"https:\/\/folhadems.com.br\/site\/","name":"Folha de Mato Grosso do Sul","description":"Jornal Online","publisher":{"@id":"https:\/\/folhadems.com.br\/site\/#organization"},"potentialAction":[{"@type":"SearchAction","target":{"@type":"EntryPoint","urlTemplate":"https:\/\/folhadems.com.br\/site\/?s={search_term_string}"},"query-input":{"@type":"PropertyValueSpecification","valueRequired":true,"valueName":"search_term_string"}}],"inLanguage":"pt-BR"},{"@type":"Organization","@id":"https:\/\/folhadems.com.br\/site\/#organization","name":"Folha de Mato Grosso do Sul","url":"https:\/\/folhadems.com.br\/site\/","logo":{"@type":"ImageObject","inLanguage":"pt-BR","@id":"https:\/\/folhadems.com.br\/site\/#\/schema\/logo\/image\/","url":"https:\/\/folhadems.com.br\/site\/wp-content\/uploads\/2023\/01\/logo-folha-de-ms-380x90-1.jpg","contentUrl":"https:\/\/folhadems.com.br\/site\/wp-content\/uploads\/2023\/01\/logo-folha-de-ms-380x90-1.jpg","width":380,"height":90,"caption":"Folha de Mato Grosso do Sul"},"image":{"@id":"https:\/\/folhadems.com.br\/site\/#\/schema\/logo\/image\/"}},{"@type":"Person","@id":"https:\/\/folhadems.com.br\/site\/#\/schema\/person\/e4a04038e5c2e7040e19ef252ae9d940","name":"Elite Midia","image":{"@type":"ImageObject","inLanguage":"pt-BR","@id":"https:\/\/folhadems.com.br\/site\/#\/schema\/person\/image\/","url":"https:\/\/secure.gravatar.com\/avatar\/f76a80f01119f7fec6909ab9feea8819031f391155be021b685479d77496f055?s=96&d=mm&r=g","contentUrl":"https:\/\/secure.gravatar.com\/avatar\/f76a80f01119f7fec6909ab9feea8819031f391155be021b685479d77496f055?s=96&d=mm&r=g","caption":"Elite Midia"},"sameAs":["https:\/\/folhadems.com.br\/site"],"url":"https:\/\/folhadems.com.br\/site\/author\/elite-midia\/"}]}},"publishpress_future_action":{"enabled":false,"date":"2026-05-04 22:57:56","action":"change-status","newStatus":"draft","terms":[],"taxonomy":"category","extraData":[]},"publishpress_future_workflow_manual_trigger":{"enabledWorkflows":[]},"_links":{"self":[{"href":"https:\/\/folhadems.com.br\/site\/wp-json\/wp\/v2\/posts\/14857","targetHints":{"allow":["GET"]}}],"collection":[{"href":"https:\/\/folhadems.com.br\/site\/wp-json\/wp\/v2\/posts"}],"about":[{"href":"https:\/\/folhadems.com.br\/site\/wp-json\/wp\/v2\/types\/post"}],"author":[{"embeddable":true,"href":"https:\/\/folhadems.com.br\/site\/wp-json\/wp\/v2\/users\/1"}],"replies":[{"embeddable":true,"href":"https:\/\/folhadems.com.br\/site\/wp-json\/wp\/v2\/comments?post=14857"}],"version-history":[{"count":1,"href":"https:\/\/folhadems.com.br\/site\/wp-json\/wp\/v2\/posts\/14857\/revisions"}],"predecessor-version":[{"id":14859,"href":"https:\/\/folhadems.com.br\/site\/wp-json\/wp\/v2\/posts\/14857\/revisions\/14859"}],"wp:featuredmedia":[{"embeddable":true,"href":"https:\/\/folhadems.com.br\/site\/wp-json\/wp\/v2\/media\/14858"}],"wp:attachment":[{"href":"https:\/\/folhadems.com.br\/site\/wp-json\/wp\/v2\/media?parent=14857"}],"wp:term":[{"taxonomy":"category","embeddable":true,"href":"https:\/\/folhadems.com.br\/site\/wp-json\/wp\/v2\/categories?post=14857"},{"taxonomy":"post_tag","embeddable":true,"href":"https:\/\/folhadems.com.br\/site\/wp-json\/wp\/v2\/tags?post=14857"}],"curies":[{"name":"wp","href":"https:\/\/api.w.org\/{rel}","templated":true}]}}