{"id":14838,"date":"2026-03-11T08:20:00","date_gmt":"2026-03-11T12:20:00","guid":{"rendered":"https:\/\/folhadems.com.br\/site\/?p=14838"},"modified":"2026-03-11T08:11:35","modified_gmt":"2026-03-11T12:11:35","slug":"prefeitura-abre-processo-para-selecao-de-assistente-de-educacao","status":"publish","type":"post","link":"https:\/\/folhadems.com.br\/site\/2026\/03\/11\/prefeitura-abre-processo-para-selecao-de-assistente-de-educacao\/","title":{"rendered":"Prefeitura abre processo para sele\u00e7\u00e3o de assistente de educa\u00e7\u00e3o\u00a0"},"content":{"rendered":"\n<p>A Prefeitura de Campo Grande divulgou em Di\u00e1rio Oficial Extra na ter\u00e7a-feira (10) a abertura do processo seletivo simplificado para contrata\u00e7\u00e3o de dois mil assistentes de educa\u00e7\u00e3o. As inscri\u00e7\u00f5es ser\u00e3o feitas on-line entre os dias 11 e 20 deste m\u00eas.\u00a0<\/p>\n\n\n\n<p>Para a inscri\u00e7\u00e3o \u00e9 necess\u00e1rio apenas comprovar ter conclu\u00eddo o ensino m\u00e9dio e apresentar documenta\u00e7\u00e3o pessoal de&nbsp;identifica\u00e7\u00e3o.&nbsp;Os selecionados atuar\u00e3o 40 horas semanais e ter\u00e3o remunera\u00e7\u00e3o de R$ 1,9 mil.&nbsp;<\/p>\n\n\n\n<p>Aqueles candidatos que possu\u00edrem alguma&nbsp;experi\u00eancia comprovada, estar cursando&nbsp;pelo menos o 2\u00ba semestre na \u00e1rea da educa\u00e7\u00e3o, certificados de participa\u00e7\u00e3o de cursos na \u00e1rea e de&nbsp;primeiros socorros&nbsp;pontuar\u00e3o&nbsp;mais para a sele\u00e7\u00e3o.&nbsp;<\/p>\n\n\n\n<p>O candidato selecionado ir\u00e1 participar de atividades pedag\u00f3gicas, acompanhar os professores nas&nbsp;tarefas&nbsp;e rotinas da escola,&nbsp;entre outras atribui\u00e7\u00f5es inerentes \u00e0 profiss\u00e3o.&nbsp;<\/p>\n\n\n\n<p>As inscri\u00e7\u00f5es acontecem de 11 de mar\u00e7o \u00e0s 13h do pr\u00f3ximo dia 20 pelo e-mail&nbsp;<a href=\"mailto:educadorinfantil7@gmail.com\" target=\"_blank\" rel=\"noreferrer noopener\">educadorinfantil7@gmail.com<\/a>,&nbsp;onde o candidato dever\u00e1 anexar, em PDF, toda a documenta\u00e7\u00e3o exigida em&nbsp;edital.<\/p>\n\n\n\n<p><strong><em>Fonte: PrefCG<\/em><\/strong><\/p>\n","protected":false},"excerpt":{"rendered":"<p>A Prefeitura de Campo Grande divulgou em Di\u00e1rio Oficial Extra na ter\u00e7a-feira (10) a abertura do processo seletivo simplificado para<\/p>\n","protected":false},"author":1,"featured_media":14839,"comment_status":"open","ping_status":"open","sticky":false,"template":"","format":"standard","meta":{"footnotes":""},"categories":[1],"tags":[],"class_list":["post-14838","post","type-post","status-publish","format-standard","has-post-thumbnail","hentry","category-sem-categoria"],"yoast_head":"<!-- This site is optimized with the Yoast SEO plugin v27.1.1 - https:\/\/yoast.com\/product\/yoast-seo-wordpress\/ -->\n<title>Prefeitura abre processo para sele\u00e7\u00e3o de assistente de educa\u00e7\u00e3o\u00a0 - Folha de Mato Grosso do Sul<\/title>\n<meta name=\"robots\" content=\"index, follow, max-snippet:-1, max-image-preview:large, max-video-preview:-1\" \/>\n<link rel=\"canonical\" href=\"https:\/\/folhadems.com.br\/site\/2026\/03\/11\/prefeitura-abre-processo-para-selecao-de-assistente-de-educacao\/\" \/>\n<meta property=\"og:locale\" content=\"pt_BR\" \/>\n<meta property=\"og:type\" content=\"article\" \/>\n<meta property=\"og:title\" content=\"Prefeitura abre processo para sele\u00e7\u00e3o de assistente de educa\u00e7\u00e3o\u00a0 - Folha de Mato Grosso do Sul\" \/>\n<meta property=\"og:description\" content=\"A Prefeitura de Campo Grande divulgou em Di\u00e1rio Oficial Extra na ter\u00e7a-feira (10) a abertura do processo seletivo simplificado para\" \/>\n<meta property=\"og:url\" content=\"https:\/\/folhadems.com.br\/site\/2026\/03\/11\/prefeitura-abre-processo-para-selecao-de-assistente-de-educacao\/\" \/>\n<meta property=\"og:site_name\" content=\"Folha de Mato Grosso do Sul\" \/>\n<meta property=\"article:published_time\" content=\"2026-03-11T12:20:00+00:00\" \/>\n<meta property=\"og:image\" content=\"https:\/\/folhadems.com.br\/site\/wp-content\/uploads\/2026\/03\/assistente_educacao_infantil-11-prefcg-1651520709-1.jpg\" \/>\n\t<meta property=\"og:image:width\" content=\"768\" \/>\n\t<meta property=\"og:image:height\" content=\"408\" \/>\n\t<meta property=\"og:image:type\" content=\"image\/jpeg\" \/>\n<meta name=\"author\" content=\"Elite Midia\" \/>\n<meta name=\"twitter:card\" content=\"summary_large_image\" \/>\n<meta name=\"twitter:label1\" content=\"Escrito por\" \/>\n\t<meta name=\"twitter:data1\" content=\"Elite Midia\" \/>\n\t<meta name=\"twitter:label2\" content=\"Est. tempo de leitura\" \/>\n\t<meta name=\"twitter:data2\" content=\"2 minutos\" \/>\n<script type=\"application\/ld+json\" class=\"yoast-schema-graph\">{\"@context\":\"https:\/\/schema.org\",\"@graph\":[{\"@type\":\"Article\",\"@id\":\"https:\/\/folhadems.com.br\/site\/2026\/03\/11\/prefeitura-abre-processo-para-selecao-de-assistente-de-educacao\/#article\",\"isPartOf\":{\"@id\":\"https:\/\/folhadems.com.br\/site\/2026\/03\/11\/prefeitura-abre-processo-para-selecao-de-assistente-de-educacao\/\"},\"author\":{\"name\":\"Elite Midia\",\"@id\":\"https:\/\/folhadems.com.br\/site\/#\/schema\/person\/e4a04038e5c2e7040e19ef252ae9d940\"},\"headline\":\"Prefeitura abre processo para sele\u00e7\u00e3o de assistente de educa\u00e7\u00e3o\u00a0\",\"datePublished\":\"2026-03-11T12:20:00+00:00\",\"mainEntityOfPage\":{\"@id\":\"https:\/\/folhadems.com.br\/site\/2026\/03\/11\/prefeitura-abre-processo-para-selecao-de-assistente-de-educacao\/\"},\"wordCount\":207,\"commentCount\":0,\"publisher\":{\"@id\":\"https:\/\/folhadems.com.br\/site\/#organization\"},\"image\":{\"@id\":\"https:\/\/folhadems.com.br\/site\/2026\/03\/11\/prefeitura-abre-processo-para-selecao-de-assistente-de-educacao\/#primaryimage\"},\"thumbnailUrl\":\"https:\/\/folhadems.com.br\/site\/wp-content\/uploads\/2026\/03\/assistente_educacao_infantil-11-prefcg-1651520709-1.jpg\",\"inLanguage\":\"pt-BR\",\"potentialAction\":[{\"@type\":\"CommentAction\",\"name\":\"Comment\",\"target\":[\"https:\/\/folhadems.com.br\/site\/2026\/03\/11\/prefeitura-abre-processo-para-selecao-de-assistente-de-educacao\/#respond\"]}]},{\"@type\":\"WebPage\",\"@id\":\"https:\/\/folhadems.com.br\/site\/2026\/03\/11\/prefeitura-abre-processo-para-selecao-de-assistente-de-educacao\/\",\"url\":\"https:\/\/folhadems.com.br\/site\/2026\/03\/11\/prefeitura-abre-processo-para-selecao-de-assistente-de-educacao\/\",\"name\":\"Prefeitura abre processo para sele\u00e7\u00e3o de assistente de educa\u00e7\u00e3o\u00a0 - Folha de Mato Grosso do Sul\",\"isPartOf\":{\"@id\":\"https:\/\/folhadems.com.br\/site\/#website\"},\"primaryImageOfPage\":{\"@id\":\"https:\/\/folhadems.com.br\/site\/2026\/03\/11\/prefeitura-abre-processo-para-selecao-de-assistente-de-educacao\/#primaryimage\"},\"image\":{\"@id\":\"https:\/\/folhadems.com.br\/site\/2026\/03\/11\/prefeitura-abre-processo-para-selecao-de-assistente-de-educacao\/#primaryimage\"},\"thumbnailUrl\":\"https:\/\/folhadems.com.br\/site\/wp-content\/uploads\/2026\/03\/assistente_educacao_infantil-11-prefcg-1651520709-1.jpg\",\"datePublished\":\"2026-03-11T12:20:00+00:00\",\"breadcrumb\":{\"@id\":\"https:\/\/folhadems.com.br\/site\/2026\/03\/11\/prefeitura-abre-processo-para-selecao-de-assistente-de-educacao\/#breadcrumb\"},\"inLanguage\":\"pt-BR\",\"potentialAction\":[{\"@type\":\"ReadAction\",\"target\":[\"https:\/\/folhadems.com.br\/site\/2026\/03\/11\/prefeitura-abre-processo-para-selecao-de-assistente-de-educacao\/\"]}]},{\"@type\":\"ImageObject\",\"inLanguage\":\"pt-BR\",\"@id\":\"https:\/\/folhadems.com.br\/site\/2026\/03\/11\/prefeitura-abre-processo-para-selecao-de-assistente-de-educacao\/#primaryimage\",\"url\":\"https:\/\/folhadems.com.br\/site\/wp-content\/uploads\/2026\/03\/assistente_educacao_infantil-11-prefcg-1651520709-1.jpg\",\"contentUrl\":\"https:\/\/folhadems.com.br\/site\/wp-content\/uploads\/2026\/03\/assistente_educacao_infantil-11-prefcg-1651520709-1.jpg\",\"width\":768,\"height\":408},{\"@type\":\"BreadcrumbList\",\"@id\":\"https:\/\/folhadems.com.br\/site\/2026\/03\/11\/prefeitura-abre-processo-para-selecao-de-assistente-de-educacao\/#breadcrumb\",\"itemListElement\":[{\"@type\":\"ListItem\",\"position\":1,\"name\":\"In\u00edcio\",\"item\":\"https:\/\/folhadems.com.br\/site\/\"},{\"@type\":\"ListItem\",\"position\":2,\"name\":\"Prefeitura abre processo para sele\u00e7\u00e3o de assistente de educa\u00e7\u00e3o\u00a0\"}]},{\"@type\":\"WebSite\",\"@id\":\"https:\/\/folhadems.com.br\/site\/#website\",\"url\":\"https:\/\/folhadems.com.br\/site\/\",\"name\":\"Folha de Mato Grosso do Sul\",\"description\":\"Jornal Online\",\"publisher\":{\"@id\":\"https:\/\/folhadems.com.br\/site\/#organization\"},\"potentialAction\":[{\"@type\":\"SearchAction\",\"target\":{\"@type\":\"EntryPoint\",\"urlTemplate\":\"https:\/\/folhadems.com.br\/site\/?s={search_term_string}\"},\"query-input\":{\"@type\":\"PropertyValueSpecification\",\"valueRequired\":true,\"valueName\":\"search_term_string\"}}],\"inLanguage\":\"pt-BR\"},{\"@type\":\"Organization\",\"@id\":\"https:\/\/folhadems.com.br\/site\/#organization\",\"name\":\"Folha de Mato Grosso do Sul\",\"url\":\"https:\/\/folhadems.com.br\/site\/\",\"logo\":{\"@type\":\"ImageObject\",\"inLanguage\":\"pt-BR\",\"@id\":\"https:\/\/folhadems.com.br\/site\/#\/schema\/logo\/image\/\",\"url\":\"https:\/\/folhadems.com.br\/site\/wp-content\/uploads\/2023\/01\/logo-folha-de-ms-380x90-1.jpg\",\"contentUrl\":\"https:\/\/folhadems.com.br\/site\/wp-content\/uploads\/2023\/01\/logo-folha-de-ms-380x90-1.jpg\",\"width\":380,\"height\":90,\"caption\":\"Folha de Mato Grosso do Sul\"},\"image\":{\"@id\":\"https:\/\/folhadems.com.br\/site\/#\/schema\/logo\/image\/\"}},{\"@type\":\"Person\",\"@id\":\"https:\/\/folhadems.com.br\/site\/#\/schema\/person\/e4a04038e5c2e7040e19ef252ae9d940\",\"name\":\"Elite Midia\",\"image\":{\"@type\":\"ImageObject\",\"inLanguage\":\"pt-BR\",\"@id\":\"https:\/\/folhadems.com.br\/site\/#\/schema\/person\/image\/\",\"url\":\"https:\/\/secure.gravatar.com\/avatar\/f76a80f01119f7fec6909ab9feea8819031f391155be021b685479d77496f055?s=96&d=mm&r=g\",\"contentUrl\":\"https:\/\/secure.gravatar.com\/avatar\/f76a80f01119f7fec6909ab9feea8819031f391155be021b685479d77496f055?s=96&d=mm&r=g\",\"caption\":\"Elite Midia\"},\"sameAs\":[\"https:\/\/folhadems.com.br\/site\"],\"url\":\"https:\/\/folhadems.com.br\/site\/author\/elite-midia\/\"}]}<\/script>\n<!-- \/ Yoast SEO plugin. -->","yoast_head_json":{"title":"Prefeitura abre processo para sele\u00e7\u00e3o de assistente de educa\u00e7\u00e3o\u00a0 - Folha de Mato Grosso do Sul","robots":{"index":"index","follow":"follow","max-snippet":"max-snippet:-1","max-image-preview":"max-image-preview:large","max-video-preview":"max-video-preview:-1"},"canonical":"https:\/\/folhadems.com.br\/site\/2026\/03\/11\/prefeitura-abre-processo-para-selecao-de-assistente-de-educacao\/","og_locale":"pt_BR","og_type":"article","og_title":"Prefeitura abre processo para sele\u00e7\u00e3o de assistente de educa\u00e7\u00e3o\u00a0 - Folha de Mato Grosso do Sul","og_description":"A Prefeitura de Campo Grande divulgou em Di\u00e1rio Oficial Extra na ter\u00e7a-feira (10) a abertura do processo seletivo simplificado para","og_url":"https:\/\/folhadems.com.br\/site\/2026\/03\/11\/prefeitura-abre-processo-para-selecao-de-assistente-de-educacao\/","og_site_name":"Folha de Mato Grosso do Sul","article_published_time":"2026-03-11T12:20:00+00:00","og_image":[{"width":768,"height":408,"url":"https:\/\/folhadems.com.br\/site\/wp-content\/uploads\/2026\/03\/assistente_educacao_infantil-11-prefcg-1651520709-1.jpg","type":"image\/jpeg"}],"author":"Elite Midia","twitter_card":"summary_large_image","twitter_misc":{"Escrito por":"Elite Midia","Est. tempo de leitura":"2 minutos"},"schema":{"@context":"https:\/\/schema.org","@graph":[{"@type":"Article","@id":"https:\/\/folhadems.com.br\/site\/2026\/03\/11\/prefeitura-abre-processo-para-selecao-de-assistente-de-educacao\/#article","isPartOf":{"@id":"https:\/\/folhadems.com.br\/site\/2026\/03\/11\/prefeitura-abre-processo-para-selecao-de-assistente-de-educacao\/"},"author":{"name":"Elite Midia","@id":"https:\/\/folhadems.com.br\/site\/#\/schema\/person\/e4a04038e5c2e7040e19ef252ae9d940"},"headline":"Prefeitura abre processo para sele\u00e7\u00e3o de assistente de educa\u00e7\u00e3o\u00a0","datePublished":"2026-03-11T12:20:00+00:00","mainEntityOfPage":{"@id":"https:\/\/folhadems.com.br\/site\/2026\/03\/11\/prefeitura-abre-processo-para-selecao-de-assistente-de-educacao\/"},"wordCount":207,"commentCount":0,"publisher":{"@id":"https:\/\/folhadems.com.br\/site\/#organization"},"image":{"@id":"https:\/\/folhadems.com.br\/site\/2026\/03\/11\/prefeitura-abre-processo-para-selecao-de-assistente-de-educacao\/#primaryimage"},"thumbnailUrl":"https:\/\/folhadems.com.br\/site\/wp-content\/uploads\/2026\/03\/assistente_educacao_infantil-11-prefcg-1651520709-1.jpg","inLanguage":"pt-BR","potentialAction":[{"@type":"CommentAction","name":"Comment","target":["https:\/\/folhadems.com.br\/site\/2026\/03\/11\/prefeitura-abre-processo-para-selecao-de-assistente-de-educacao\/#respond"]}]},{"@type":"WebPage","@id":"https:\/\/folhadems.com.br\/site\/2026\/03\/11\/prefeitura-abre-processo-para-selecao-de-assistente-de-educacao\/","url":"https:\/\/folhadems.com.br\/site\/2026\/03\/11\/prefeitura-abre-processo-para-selecao-de-assistente-de-educacao\/","name":"Prefeitura abre processo para sele\u00e7\u00e3o de assistente de educa\u00e7\u00e3o\u00a0 - Folha de Mato Grosso do Sul","isPartOf":{"@id":"https:\/\/folhadems.com.br\/site\/#website"},"primaryImageOfPage":{"@id":"https:\/\/folhadems.com.br\/site\/2026\/03\/11\/prefeitura-abre-processo-para-selecao-de-assistente-de-educacao\/#primaryimage"},"image":{"@id":"https:\/\/folhadems.com.br\/site\/2026\/03\/11\/prefeitura-abre-processo-para-selecao-de-assistente-de-educacao\/#primaryimage"},"thumbnailUrl":"https:\/\/folhadems.com.br\/site\/wp-content\/uploads\/2026\/03\/assistente_educacao_infantil-11-prefcg-1651520709-1.jpg","datePublished":"2026-03-11T12:20:00+00:00","breadcrumb":{"@id":"https:\/\/folhadems.com.br\/site\/2026\/03\/11\/prefeitura-abre-processo-para-selecao-de-assistente-de-educacao\/#breadcrumb"},"inLanguage":"pt-BR","potentialAction":[{"@type":"ReadAction","target":["https:\/\/folhadems.com.br\/site\/2026\/03\/11\/prefeitura-abre-processo-para-selecao-de-assistente-de-educacao\/"]}]},{"@type":"ImageObject","inLanguage":"pt-BR","@id":"https:\/\/folhadems.com.br\/site\/2026\/03\/11\/prefeitura-abre-processo-para-selecao-de-assistente-de-educacao\/#primaryimage","url":"https:\/\/folhadems.com.br\/site\/wp-content\/uploads\/2026\/03\/assistente_educacao_infantil-11-prefcg-1651520709-1.jpg","contentUrl":"https:\/\/folhadems.com.br\/site\/wp-content\/uploads\/2026\/03\/assistente_educacao_infantil-11-prefcg-1651520709-1.jpg","width":768,"height":408},{"@type":"BreadcrumbList","@id":"https:\/\/folhadems.com.br\/site\/2026\/03\/11\/prefeitura-abre-processo-para-selecao-de-assistente-de-educacao\/#breadcrumb","itemListElement":[{"@type":"ListItem","position":1,"name":"In\u00edcio","item":"https:\/\/folhadems.com.br\/site\/"},{"@type":"ListItem","position":2,"name":"Prefeitura abre processo para sele\u00e7\u00e3o de assistente de educa\u00e7\u00e3o\u00a0"}]},{"@type":"WebSite","@id":"https:\/\/folhadems.com.br\/site\/#website","url":"https:\/\/folhadems.com.br\/site\/","name":"Folha de Mato Grosso do Sul","description":"Jornal Online","publisher":{"@id":"https:\/\/folhadems.com.br\/site\/#organization"},"potentialAction":[{"@type":"SearchAction","target":{"@type":"EntryPoint","urlTemplate":"https:\/\/folhadems.com.br\/site\/?s={search_term_string}"},"query-input":{"@type":"PropertyValueSpecification","valueRequired":true,"valueName":"search_term_string"}}],"inLanguage":"pt-BR"},{"@type":"Organization","@id":"https:\/\/folhadems.com.br\/site\/#organization","name":"Folha de Mato Grosso do Sul","url":"https:\/\/folhadems.com.br\/site\/","logo":{"@type":"ImageObject","inLanguage":"pt-BR","@id":"https:\/\/folhadems.com.br\/site\/#\/schema\/logo\/image\/","url":"https:\/\/folhadems.com.br\/site\/wp-content\/uploads\/2023\/01\/logo-folha-de-ms-380x90-1.jpg","contentUrl":"https:\/\/folhadems.com.br\/site\/wp-content\/uploads\/2023\/01\/logo-folha-de-ms-380x90-1.jpg","width":380,"height":90,"caption":"Folha de Mato Grosso do Sul"},"image":{"@id":"https:\/\/folhadems.com.br\/site\/#\/schema\/logo\/image\/"}},{"@type":"Person","@id":"https:\/\/folhadems.com.br\/site\/#\/schema\/person\/e4a04038e5c2e7040e19ef252ae9d940","name":"Elite Midia","image":{"@type":"ImageObject","inLanguage":"pt-BR","@id":"https:\/\/folhadems.com.br\/site\/#\/schema\/person\/image\/","url":"https:\/\/secure.gravatar.com\/avatar\/f76a80f01119f7fec6909ab9feea8819031f391155be021b685479d77496f055?s=96&d=mm&r=g","contentUrl":"https:\/\/secure.gravatar.com\/avatar\/f76a80f01119f7fec6909ab9feea8819031f391155be021b685479d77496f055?s=96&d=mm&r=g","caption":"Elite Midia"},"sameAs":["https:\/\/folhadems.com.br\/site"],"url":"https:\/\/folhadems.com.br\/site\/author\/elite-midia\/"}]}},"publishpress_future_action":{"enabled":false,"date":"2026-05-04 14:25:47","action":"change-status","newStatus":"draft","terms":[],"taxonomy":"category","extraData":[]},"publishpress_future_workflow_manual_trigger":{"enabledWorkflows":[]},"_links":{"self":[{"href":"https:\/\/folhadems.com.br\/site\/wp-json\/wp\/v2\/posts\/14838","targetHints":{"allow":["GET"]}}],"collection":[{"href":"https:\/\/folhadems.com.br\/site\/wp-json\/wp\/v2\/posts"}],"about":[{"href":"https:\/\/folhadems.com.br\/site\/wp-json\/wp\/v2\/types\/post"}],"author":[{"embeddable":true,"href":"https:\/\/folhadems.com.br\/site\/wp-json\/wp\/v2\/users\/1"}],"replies":[{"embeddable":true,"href":"https:\/\/folhadems.com.br\/site\/wp-json\/wp\/v2\/comments?post=14838"}],"version-history":[{"count":2,"href":"https:\/\/folhadems.com.br\/site\/wp-json\/wp\/v2\/posts\/14838\/revisions"}],"predecessor-version":[{"id":14842,"href":"https:\/\/folhadems.com.br\/site\/wp-json\/wp\/v2\/posts\/14838\/revisions\/14842"}],"wp:featuredmedia":[{"embeddable":true,"href":"https:\/\/folhadems.com.br\/site\/wp-json\/wp\/v2\/media\/14839"}],"wp:attachment":[{"href":"https:\/\/folhadems.com.br\/site\/wp-json\/wp\/v2\/media?parent=14838"}],"wp:term":[{"taxonomy":"category","embeddable":true,"href":"https:\/\/folhadems.com.br\/site\/wp-json\/wp\/v2\/categories?post=14838"},{"taxonomy":"post_tag","embeddable":true,"href":"https:\/\/folhadems.com.br\/site\/wp-json\/wp\/v2\/tags?post=14838"}],"curies":[{"name":"wp","href":"https:\/\/api.w.org\/{rel}","templated":true}]}}