{"id":14832,"date":"2026-03-11T08:41:00","date_gmt":"2026-03-11T12:41:00","guid":{"rendered":"https:\/\/folhadems.com.br\/site\/?p=14832"},"modified":"2026-03-11T08:35:46","modified_gmt":"2026-03-11T12:35:46","slug":"sonho-realizado-idosos-do-cras-vida-nova-vao-ao-cinema-pela-primeira-vez","status":"publish","type":"post","link":"https:\/\/folhadems.com.br\/site\/2026\/03\/11\/sonho-realizado-idosos-do-cras-vida-nova-vao-ao-cinema-pela-primeira-vez\/","title":{"rendered":"Sonho realizado: idosos do Cras Vida Nova v\u00e3o ao cinema pela primeira vez"},"content":{"rendered":"\n<p>A realiza\u00e7\u00e3o de um sonho guardado por d\u00e9cadas. Foi assim que um grupo de 45 idosos atendidos pelo Servi\u00e7o de Conviv\u00eancia e Fortalecimento de V\u00ednculos (SCFV) do Cras Vida Nova descreveu a experi\u00eancia de entrar pela primeira vez em uma sala de cinema. Acompanhados pela equipe da unidade, os usu\u00e1rios trocaram uma tarde de atividades do servi\u00e7o pela descoberta de assistir a um filme em uma tela gigante.<\/p>\n\n\n\n<p>O passeio a um shopping da Capital foi viabilizado por meio de parcerias e contou ainda com refrigerante e pipoca para o grupo. O filme escolhido foi a anima\u00e7\u00e3o \u201cCara de Um, Focinho do Outro\u201d, cuja mensagem inspirou um momento de conversa entre os participantes ap\u00f3s a sess\u00e3o: a import\u00e2ncia de nunca deixar morrer a crian\u00e7a interior e seguir acreditando na realiza\u00e7\u00e3o dos sonhos.<\/p>\n\n\n\n<p>\u201cQueremos que eles lembrem que, independentemente da idade, \u00e9 preciso continuar sonhando\u201d, destacou a diretora do Cras Vida Nova, Adriana Nascimento Lopes.<\/p>\n\n\n\n<p>Para a aposentada Mujaci Alves da Silva, de 69 anos, conhecer uma sala de cinema foi uma das maiores surpresas que j\u00e1 viveu. Ela conta que, na v\u00e9spera do passeio, estava t\u00e3o ansiosa que quase n\u00e3o conseguiu dormir.<\/p>\n\n\n\n<p>\u201cMeu cora\u00e7\u00e3o acelerou. S\u00f3 conhecia cinema por foto e pela TV. Fiquei encantada com o tamanho da tela, nunca imaginei que fosse assim\u201d, contou. Empolgada com a experi\u00eancia, Mujaci j\u00e1 faz planos de voltar ao cinema, desta vez acompanhada de um de seus 17 netos.<\/p>\n\n\n\n<p>Apesar de j\u00e1 ter visitado o shopping em outras ocasi\u00f5es, ela afirma que nunca havia pensado em assistir a um filme. \u201cGosto de fazer umas comprinhas e j\u00e1 vim com uma neta, mas agora quero voltar para assistir outro filme. Meu sonho \u00e9 ver Titanic, que deve ser lindo em uma tela grande\u201d, disse.<\/p>\n\n\n\n<figure class=\"wp-block-image\"><img decoding=\"async\" src=\"https:\/\/cdn.campogrande.ms.gov.br\/portal\/prod\/uploads\/sites\/3\/2026\/03\/WhatsApp-Image-2026-03-05-at-16.35.20-1024x768.jpeg\" alt=\"\" class=\"wp-image-157988\"\/><\/figure>\n\n\n\n<p>Quem tamb\u00e9m teve a primeira experi\u00eancia em uma sala de cinema foi a aposentada Maria de F\u00e1tima Penha dos Santos, frequentadora do Cras desde 2018. Inicialmente sem muito interesse no passeio, ela acabou sendo convencida pela equipe da unidade e pelas colegas.<\/p>\n\n\n\n<p>\u201cAchei maravilhoso. Dizem que quando a gente envelhece vira crian\u00e7a de novo, ent\u00e3o estava tudo \u00f3timo\u201d, comentou a aposentada que j\u00e1 faz planos para repetir a experi\u00eancia.<\/p>\n\n\n\n<p><strong>Socializa\u00e7\u00e3o<\/strong><\/p>\n\n\n\n<p>A iniciativa refor\u00e7a o trabalho desenvolvido pelos grupos de conviv\u00eancia das unidades da Secretaria Municipal de Assist\u00eancia Social e Cidadania (SAS), que promovem semanalmente atividades como passeios, bailes e cursos. As a\u00e7\u00f5es oferecem a idosos e crian\u00e7as em situa\u00e7\u00e3o de vulnerabilidade social oportunidades de fortalecer v\u00ednculos familiares e comunit\u00e1rios, al\u00e9m de estimular autonomia por meio de atividades coletivas.<\/p>\n\n\n\n<p><strong><em>Fonte: PrefCG<\/em><\/strong><\/p>\n","protected":false},"excerpt":{"rendered":"<p>A realiza\u00e7\u00e3o de um sonho guardado por d\u00e9cadas. Foi assim que um grupo de 45 idosos atendidos pelo Servi\u00e7o de<\/p>\n","protected":false},"author":1,"featured_media":14845,"comment_status":"open","ping_status":"open","sticky":false,"template":"","format":"standard","meta":{"footnotes":""},"categories":[26],"tags":[],"class_list":["post-14832","post","type-post","status-publish","format-standard","has-post-thumbnail","hentry","category-cotidiano"],"yoast_head":"<!-- This site is optimized with the Yoast SEO plugin v27.1.1 - https:\/\/yoast.com\/product\/yoast-seo-wordpress\/ -->\n<title>Sonho realizado: idosos do Cras Vida Nova v\u00e3o ao cinema pela primeira vez - Folha de Mato Grosso do Sul<\/title>\n<meta name=\"robots\" content=\"index, follow, max-snippet:-1, max-image-preview:large, max-video-preview:-1\" \/>\n<link rel=\"canonical\" href=\"https:\/\/folhadems.com.br\/site\/2026\/03\/11\/sonho-realizado-idosos-do-cras-vida-nova-vao-ao-cinema-pela-primeira-vez\/\" \/>\n<meta property=\"og:locale\" content=\"pt_BR\" \/>\n<meta property=\"og:type\" content=\"article\" \/>\n<meta property=\"og:title\" content=\"Sonho realizado: idosos do Cras Vida Nova v\u00e3o ao cinema pela primeira vez - Folha de Mato Grosso do Sul\" \/>\n<meta property=\"og:description\" content=\"A realiza\u00e7\u00e3o de um sonho guardado por d\u00e9cadas. Foi assim que um grupo de 45 idosos atendidos pelo Servi\u00e7o de\" \/>\n<meta property=\"og:url\" content=\"https:\/\/folhadems.com.br\/site\/2026\/03\/11\/sonho-realizado-idosos-do-cras-vida-nova-vao-ao-cinema-pela-primeira-vez\/\" \/>\n<meta property=\"og:site_name\" content=\"Folha de Mato Grosso do Sul\" \/>\n<meta property=\"article:published_time\" content=\"2026-03-11T12:41:00+00:00\" \/>\n<meta property=\"og:image\" content=\"https:\/\/folhadems.com.br\/site\/wp-content\/uploads\/2026\/03\/cras.jpg\" \/>\n\t<meta property=\"og:image:width\" content=\"800\" \/>\n\t<meta property=\"og:image:height\" content=\"450\" \/>\n\t<meta property=\"og:image:type\" content=\"image\/jpeg\" \/>\n<meta name=\"author\" content=\"Elite Midia\" \/>\n<meta name=\"twitter:card\" content=\"summary_large_image\" \/>\n<meta name=\"twitter:label1\" content=\"Escrito por\" \/>\n\t<meta name=\"twitter:data1\" content=\"Elite Midia\" \/>\n\t<meta name=\"twitter:label2\" content=\"Est. tempo de leitura\" \/>\n\t<meta name=\"twitter:data2\" content=\"3 minutos\" \/>\n<script type=\"application\/ld+json\" class=\"yoast-schema-graph\">{\"@context\":\"https:\/\/schema.org\",\"@graph\":[{\"@type\":\"Article\",\"@id\":\"https:\/\/folhadems.com.br\/site\/2026\/03\/11\/sonho-realizado-idosos-do-cras-vida-nova-vao-ao-cinema-pela-primeira-vez\/#article\",\"isPartOf\":{\"@id\":\"https:\/\/folhadems.com.br\/site\/2026\/03\/11\/sonho-realizado-idosos-do-cras-vida-nova-vao-ao-cinema-pela-primeira-vez\/\"},\"author\":{\"name\":\"Elite Midia\",\"@id\":\"https:\/\/folhadems.com.br\/site\/#\/schema\/person\/e4a04038e5c2e7040e19ef252ae9d940\"},\"headline\":\"Sonho realizado: idosos do Cras Vida Nova v\u00e3o ao cinema pela primeira vez\",\"datePublished\":\"2026-03-11T12:41:00+00:00\",\"mainEntityOfPage\":{\"@id\":\"https:\/\/folhadems.com.br\/site\/2026\/03\/11\/sonho-realizado-idosos-do-cras-vida-nova-vao-ao-cinema-pela-primeira-vez\/\"},\"wordCount\":465,\"commentCount\":0,\"publisher\":{\"@id\":\"https:\/\/folhadems.com.br\/site\/#organization\"},\"image\":{\"@id\":\"https:\/\/folhadems.com.br\/site\/2026\/03\/11\/sonho-realizado-idosos-do-cras-vida-nova-vao-ao-cinema-pela-primeira-vez\/#primaryimage\"},\"thumbnailUrl\":\"https:\/\/folhadems.com.br\/site\/wp-content\/uploads\/2026\/03\/cras.jpg\",\"articleSection\":[\"Cotidiano\"],\"inLanguage\":\"pt-BR\",\"potentialAction\":[{\"@type\":\"CommentAction\",\"name\":\"Comment\",\"target\":[\"https:\/\/folhadems.com.br\/site\/2026\/03\/11\/sonho-realizado-idosos-do-cras-vida-nova-vao-ao-cinema-pela-primeira-vez\/#respond\"]}]},{\"@type\":\"WebPage\",\"@id\":\"https:\/\/folhadems.com.br\/site\/2026\/03\/11\/sonho-realizado-idosos-do-cras-vida-nova-vao-ao-cinema-pela-primeira-vez\/\",\"url\":\"https:\/\/folhadems.com.br\/site\/2026\/03\/11\/sonho-realizado-idosos-do-cras-vida-nova-vao-ao-cinema-pela-primeira-vez\/\",\"name\":\"Sonho realizado: idosos do Cras Vida Nova v\u00e3o ao cinema pela primeira vez - Folha de Mato Grosso do Sul\",\"isPartOf\":{\"@id\":\"https:\/\/folhadems.com.br\/site\/#website\"},\"primaryImageOfPage\":{\"@id\":\"https:\/\/folhadems.com.br\/site\/2026\/03\/11\/sonho-realizado-idosos-do-cras-vida-nova-vao-ao-cinema-pela-primeira-vez\/#primaryimage\"},\"image\":{\"@id\":\"https:\/\/folhadems.com.br\/site\/2026\/03\/11\/sonho-realizado-idosos-do-cras-vida-nova-vao-ao-cinema-pela-primeira-vez\/#primaryimage\"},\"thumbnailUrl\":\"https:\/\/folhadems.com.br\/site\/wp-content\/uploads\/2026\/03\/cras.jpg\",\"datePublished\":\"2026-03-11T12:41:00+00:00\",\"breadcrumb\":{\"@id\":\"https:\/\/folhadems.com.br\/site\/2026\/03\/11\/sonho-realizado-idosos-do-cras-vida-nova-vao-ao-cinema-pela-primeira-vez\/#breadcrumb\"},\"inLanguage\":\"pt-BR\",\"potentialAction\":[{\"@type\":\"ReadAction\",\"target\":[\"https:\/\/folhadems.com.br\/site\/2026\/03\/11\/sonho-realizado-idosos-do-cras-vida-nova-vao-ao-cinema-pela-primeira-vez\/\"]}]},{\"@type\":\"ImageObject\",\"inLanguage\":\"pt-BR\",\"@id\":\"https:\/\/folhadems.com.br\/site\/2026\/03\/11\/sonho-realizado-idosos-do-cras-vida-nova-vao-ao-cinema-pela-primeira-vez\/#primaryimage\",\"url\":\"https:\/\/folhadems.com.br\/site\/wp-content\/uploads\/2026\/03\/cras.jpg\",\"contentUrl\":\"https:\/\/folhadems.com.br\/site\/wp-content\/uploads\/2026\/03\/cras.jpg\",\"width\":800,\"height\":450},{\"@type\":\"BreadcrumbList\",\"@id\":\"https:\/\/folhadems.com.br\/site\/2026\/03\/11\/sonho-realizado-idosos-do-cras-vida-nova-vao-ao-cinema-pela-primeira-vez\/#breadcrumb\",\"itemListElement\":[{\"@type\":\"ListItem\",\"position\":1,\"name\":\"In\u00edcio\",\"item\":\"https:\/\/folhadems.com.br\/site\/\"},{\"@type\":\"ListItem\",\"position\":2,\"name\":\"Sonho realizado: idosos do Cras Vida Nova v\u00e3o ao cinema pela primeira vez\"}]},{\"@type\":\"WebSite\",\"@id\":\"https:\/\/folhadems.com.br\/site\/#website\",\"url\":\"https:\/\/folhadems.com.br\/site\/\",\"name\":\"Folha de Mato Grosso do Sul\",\"description\":\"Jornal Online\",\"publisher\":{\"@id\":\"https:\/\/folhadems.com.br\/site\/#organization\"},\"potentialAction\":[{\"@type\":\"SearchAction\",\"target\":{\"@type\":\"EntryPoint\",\"urlTemplate\":\"https:\/\/folhadems.com.br\/site\/?s={search_term_string}\"},\"query-input\":{\"@type\":\"PropertyValueSpecification\",\"valueRequired\":true,\"valueName\":\"search_term_string\"}}],\"inLanguage\":\"pt-BR\"},{\"@type\":\"Organization\",\"@id\":\"https:\/\/folhadems.com.br\/site\/#organization\",\"name\":\"Folha de Mato Grosso do Sul\",\"url\":\"https:\/\/folhadems.com.br\/site\/\",\"logo\":{\"@type\":\"ImageObject\",\"inLanguage\":\"pt-BR\",\"@id\":\"https:\/\/folhadems.com.br\/site\/#\/schema\/logo\/image\/\",\"url\":\"https:\/\/folhadems.com.br\/site\/wp-content\/uploads\/2023\/01\/logo-folha-de-ms-380x90-1.jpg\",\"contentUrl\":\"https:\/\/folhadems.com.br\/site\/wp-content\/uploads\/2023\/01\/logo-folha-de-ms-380x90-1.jpg\",\"width\":380,\"height\":90,\"caption\":\"Folha de Mato Grosso do Sul\"},\"image\":{\"@id\":\"https:\/\/folhadems.com.br\/site\/#\/schema\/logo\/image\/\"}},{\"@type\":\"Person\",\"@id\":\"https:\/\/folhadems.com.br\/site\/#\/schema\/person\/e4a04038e5c2e7040e19ef252ae9d940\",\"name\":\"Elite Midia\",\"image\":{\"@type\":\"ImageObject\",\"inLanguage\":\"pt-BR\",\"@id\":\"https:\/\/folhadems.com.br\/site\/#\/schema\/person\/image\/\",\"url\":\"https:\/\/secure.gravatar.com\/avatar\/f76a80f01119f7fec6909ab9feea8819031f391155be021b685479d77496f055?s=96&d=mm&r=g\",\"contentUrl\":\"https:\/\/secure.gravatar.com\/avatar\/f76a80f01119f7fec6909ab9feea8819031f391155be021b685479d77496f055?s=96&d=mm&r=g\",\"caption\":\"Elite Midia\"},\"sameAs\":[\"https:\/\/folhadems.com.br\/site\"],\"url\":\"https:\/\/folhadems.com.br\/site\/author\/elite-midia\/\"}]}<\/script>\n<!-- \/ Yoast SEO plugin. -->","yoast_head_json":{"title":"Sonho realizado: idosos do Cras Vida Nova v\u00e3o ao cinema pela primeira vez - Folha de Mato Grosso do Sul","robots":{"index":"index","follow":"follow","max-snippet":"max-snippet:-1","max-image-preview":"max-image-preview:large","max-video-preview":"max-video-preview:-1"},"canonical":"https:\/\/folhadems.com.br\/site\/2026\/03\/11\/sonho-realizado-idosos-do-cras-vida-nova-vao-ao-cinema-pela-primeira-vez\/","og_locale":"pt_BR","og_type":"article","og_title":"Sonho realizado: idosos do Cras Vida Nova v\u00e3o ao cinema pela primeira vez - Folha de Mato Grosso do Sul","og_description":"A realiza\u00e7\u00e3o de um sonho guardado por d\u00e9cadas. Foi assim que um grupo de 45 idosos atendidos pelo Servi\u00e7o de","og_url":"https:\/\/folhadems.com.br\/site\/2026\/03\/11\/sonho-realizado-idosos-do-cras-vida-nova-vao-ao-cinema-pela-primeira-vez\/","og_site_name":"Folha de Mato Grosso do Sul","article_published_time":"2026-03-11T12:41:00+00:00","og_image":[{"width":800,"height":450,"url":"https:\/\/folhadems.com.br\/site\/wp-content\/uploads\/2026\/03\/cras.jpg","type":"image\/jpeg"}],"author":"Elite Midia","twitter_card":"summary_large_image","twitter_misc":{"Escrito por":"Elite Midia","Est. tempo de leitura":"3 minutos"},"schema":{"@context":"https:\/\/schema.org","@graph":[{"@type":"Article","@id":"https:\/\/folhadems.com.br\/site\/2026\/03\/11\/sonho-realizado-idosos-do-cras-vida-nova-vao-ao-cinema-pela-primeira-vez\/#article","isPartOf":{"@id":"https:\/\/folhadems.com.br\/site\/2026\/03\/11\/sonho-realizado-idosos-do-cras-vida-nova-vao-ao-cinema-pela-primeira-vez\/"},"author":{"name":"Elite Midia","@id":"https:\/\/folhadems.com.br\/site\/#\/schema\/person\/e4a04038e5c2e7040e19ef252ae9d940"},"headline":"Sonho realizado: idosos do Cras Vida Nova v\u00e3o ao cinema pela primeira vez","datePublished":"2026-03-11T12:41:00+00:00","mainEntityOfPage":{"@id":"https:\/\/folhadems.com.br\/site\/2026\/03\/11\/sonho-realizado-idosos-do-cras-vida-nova-vao-ao-cinema-pela-primeira-vez\/"},"wordCount":465,"commentCount":0,"publisher":{"@id":"https:\/\/folhadems.com.br\/site\/#organization"},"image":{"@id":"https:\/\/folhadems.com.br\/site\/2026\/03\/11\/sonho-realizado-idosos-do-cras-vida-nova-vao-ao-cinema-pela-primeira-vez\/#primaryimage"},"thumbnailUrl":"https:\/\/folhadems.com.br\/site\/wp-content\/uploads\/2026\/03\/cras.jpg","articleSection":["Cotidiano"],"inLanguage":"pt-BR","potentialAction":[{"@type":"CommentAction","name":"Comment","target":["https:\/\/folhadems.com.br\/site\/2026\/03\/11\/sonho-realizado-idosos-do-cras-vida-nova-vao-ao-cinema-pela-primeira-vez\/#respond"]}]},{"@type":"WebPage","@id":"https:\/\/folhadems.com.br\/site\/2026\/03\/11\/sonho-realizado-idosos-do-cras-vida-nova-vao-ao-cinema-pela-primeira-vez\/","url":"https:\/\/folhadems.com.br\/site\/2026\/03\/11\/sonho-realizado-idosos-do-cras-vida-nova-vao-ao-cinema-pela-primeira-vez\/","name":"Sonho realizado: idosos do Cras Vida Nova v\u00e3o ao cinema pela primeira vez - Folha de Mato Grosso do Sul","isPartOf":{"@id":"https:\/\/folhadems.com.br\/site\/#website"},"primaryImageOfPage":{"@id":"https:\/\/folhadems.com.br\/site\/2026\/03\/11\/sonho-realizado-idosos-do-cras-vida-nova-vao-ao-cinema-pela-primeira-vez\/#primaryimage"},"image":{"@id":"https:\/\/folhadems.com.br\/site\/2026\/03\/11\/sonho-realizado-idosos-do-cras-vida-nova-vao-ao-cinema-pela-primeira-vez\/#primaryimage"},"thumbnailUrl":"https:\/\/folhadems.com.br\/site\/wp-content\/uploads\/2026\/03\/cras.jpg","datePublished":"2026-03-11T12:41:00+00:00","breadcrumb":{"@id":"https:\/\/folhadems.com.br\/site\/2026\/03\/11\/sonho-realizado-idosos-do-cras-vida-nova-vao-ao-cinema-pela-primeira-vez\/#breadcrumb"},"inLanguage":"pt-BR","potentialAction":[{"@type":"ReadAction","target":["https:\/\/folhadems.com.br\/site\/2026\/03\/11\/sonho-realizado-idosos-do-cras-vida-nova-vao-ao-cinema-pela-primeira-vez\/"]}]},{"@type":"ImageObject","inLanguage":"pt-BR","@id":"https:\/\/folhadems.com.br\/site\/2026\/03\/11\/sonho-realizado-idosos-do-cras-vida-nova-vao-ao-cinema-pela-primeira-vez\/#primaryimage","url":"https:\/\/folhadems.com.br\/site\/wp-content\/uploads\/2026\/03\/cras.jpg","contentUrl":"https:\/\/folhadems.com.br\/site\/wp-content\/uploads\/2026\/03\/cras.jpg","width":800,"height":450},{"@type":"BreadcrumbList","@id":"https:\/\/folhadems.com.br\/site\/2026\/03\/11\/sonho-realizado-idosos-do-cras-vida-nova-vao-ao-cinema-pela-primeira-vez\/#breadcrumb","itemListElement":[{"@type":"ListItem","position":1,"name":"In\u00edcio","item":"https:\/\/folhadems.com.br\/site\/"},{"@type":"ListItem","position":2,"name":"Sonho realizado: idosos do Cras Vida Nova v\u00e3o ao cinema pela primeira vez"}]},{"@type":"WebSite","@id":"https:\/\/folhadems.com.br\/site\/#website","url":"https:\/\/folhadems.com.br\/site\/","name":"Folha de Mato Grosso do Sul","description":"Jornal Online","publisher":{"@id":"https:\/\/folhadems.com.br\/site\/#organization"},"potentialAction":[{"@type":"SearchAction","target":{"@type":"EntryPoint","urlTemplate":"https:\/\/folhadems.com.br\/site\/?s={search_term_string}"},"query-input":{"@type":"PropertyValueSpecification","valueRequired":true,"valueName":"search_term_string"}}],"inLanguage":"pt-BR"},{"@type":"Organization","@id":"https:\/\/folhadems.com.br\/site\/#organization","name":"Folha de Mato Grosso do Sul","url":"https:\/\/folhadems.com.br\/site\/","logo":{"@type":"ImageObject","inLanguage":"pt-BR","@id":"https:\/\/folhadems.com.br\/site\/#\/schema\/logo\/image\/","url":"https:\/\/folhadems.com.br\/site\/wp-content\/uploads\/2023\/01\/logo-folha-de-ms-380x90-1.jpg","contentUrl":"https:\/\/folhadems.com.br\/site\/wp-content\/uploads\/2023\/01\/logo-folha-de-ms-380x90-1.jpg","width":380,"height":90,"caption":"Folha de Mato Grosso do Sul"},"image":{"@id":"https:\/\/folhadems.com.br\/site\/#\/schema\/logo\/image\/"}},{"@type":"Person","@id":"https:\/\/folhadems.com.br\/site\/#\/schema\/person\/e4a04038e5c2e7040e19ef252ae9d940","name":"Elite Midia","image":{"@type":"ImageObject","inLanguage":"pt-BR","@id":"https:\/\/folhadems.com.br\/site\/#\/schema\/person\/image\/","url":"https:\/\/secure.gravatar.com\/avatar\/f76a80f01119f7fec6909ab9feea8819031f391155be021b685479d77496f055?s=96&d=mm&r=g","contentUrl":"https:\/\/secure.gravatar.com\/avatar\/f76a80f01119f7fec6909ab9feea8819031f391155be021b685479d77496f055?s=96&d=mm&r=g","caption":"Elite Midia"},"sameAs":["https:\/\/folhadems.com.br\/site"],"url":"https:\/\/folhadems.com.br\/site\/author\/elite-midia\/"}]}},"publishpress_future_action":{"enabled":false,"date":"2026-05-04 15:47:44","action":"change-status","newStatus":"draft","terms":[],"taxonomy":"category","extraData":[]},"publishpress_future_workflow_manual_trigger":{"enabledWorkflows":[]},"_links":{"self":[{"href":"https:\/\/folhadems.com.br\/site\/wp-json\/wp\/v2\/posts\/14832","targetHints":{"allow":["GET"]}}],"collection":[{"href":"https:\/\/folhadems.com.br\/site\/wp-json\/wp\/v2\/posts"}],"about":[{"href":"https:\/\/folhadems.com.br\/site\/wp-json\/wp\/v2\/types\/post"}],"author":[{"embeddable":true,"href":"https:\/\/folhadems.com.br\/site\/wp-json\/wp\/v2\/users\/1"}],"replies":[{"embeddable":true,"href":"https:\/\/folhadems.com.br\/site\/wp-json\/wp\/v2\/comments?post=14832"}],"version-history":[{"count":1,"href":"https:\/\/folhadems.com.br\/site\/wp-json\/wp\/v2\/posts\/14832\/revisions"}],"predecessor-version":[{"id":14843,"href":"https:\/\/folhadems.com.br\/site\/wp-json\/wp\/v2\/posts\/14832\/revisions\/14843"}],"wp:featuredmedia":[{"embeddable":true,"href":"https:\/\/folhadems.com.br\/site\/wp-json\/wp\/v2\/media\/14845"}],"wp:attachment":[{"href":"https:\/\/folhadems.com.br\/site\/wp-json\/wp\/v2\/media?parent=14832"}],"wp:term":[{"taxonomy":"category","embeddable":true,"href":"https:\/\/folhadems.com.br\/site\/wp-json\/wp\/v2\/categories?post=14832"},{"taxonomy":"post_tag","embeddable":true,"href":"https:\/\/folhadems.com.br\/site\/wp-json\/wp\/v2\/tags?post=14832"}],"curies":[{"name":"wp","href":"https:\/\/api.w.org\/{rel}","templated":true}]}}