{"id":14826,"date":"2026-03-10T16:03:44","date_gmt":"2026-03-10T20:03:44","guid":{"rendered":"https:\/\/folhadems.com.br\/site\/?p=14826"},"modified":"2026-03-10T16:03:56","modified_gmt":"2026-03-10T20:03:56","slug":"corrida-feminina-reune-900-participantes-e-marca-o-dia-internacional-da-mulher-com-esporte-saude-e-orientacao","status":"publish","type":"post","link":"https:\/\/folhadems.com.br\/site\/2026\/03\/10\/corrida-feminina-reune-900-participantes-e-marca-o-dia-internacional-da-mulher-com-esporte-saude-e-orientacao\/","title":{"rendered":"Corrida Feminina re\u00fane 900 participantes e marca o Dia Internacional da Mulher com esporte, sa\u00fade e orienta\u00e7\u00e3o"},"content":{"rendered":"\n<p>Cerca de 900 corredoras participaram, na manh\u00e3 deste \u00faltimo domingo (8), da 19\u00aa Corrida e Caminhada Feminina 2026, realizada no Parque das Na\u00e7\u00f5es Ind\u00edgenas, em Campo Grande.<\/p>\n\n\n\n<p>A prova, com percurso de 5 quil\u00f4metros, integrou a 4\u00aa edi\u00e7\u00e3o do Festival de Ver\u00e3o, iniciativa organizada pela Fundesporte (Funda\u00e7\u00e3o de Desporto e Lazer de MS) e pela Setesc (Secretaria de Estado de Turismo, Esporte e Cultura), em celebra\u00e7\u00e3o ao Dia Internacional da Mulher.<\/p>\n\n\n\n<p>Al\u00e9m da corrida, a programa\u00e7\u00e3o reuniu atividades esportivas, servi\u00e7os de sa\u00fade e a\u00e7\u00f5es de orienta\u00e7\u00e3o ao p\u00fablico, transformando o parque em um espa\u00e7o de conviv\u00eancia, lazer e promo\u00e7\u00e3o da sa\u00fade durante toda a manh\u00e3.<\/p>\n\n\n\n<p><strong>Orienta\u00e7\u00e3o e combate \u00e0 viol\u00eancia contra mulheres<\/strong><\/p>\n\n\n\n<p>O festival tamb\u00e9m foi um espa\u00e7o de orienta\u00e7\u00e3o e informa\u00e7\u00e3o sobre direitos e combate \u00e0 viol\u00eancia contra mulheres.<\/p>\n\n\n\n<p>O evento contou com estandes informativos de institui\u00e7\u00f5es como a SES (Secretaria de Estado de Sa\u00fade), a Sesau (Secretaria Municipal de Sa\u00fade de Campo Grande), Procon (Programa de Prote\u00e7\u00e3o e Defesa do Consumidor), Deam (Delegacia Especializada de Atendimento \u00e0 Mulher), Bope (Batalh\u00e3o de Opera\u00e7\u00f5es Policiais Especiais), Batalh\u00e3o de Choque da Pol\u00edcia Militar e CBMMS (Corpo de Bombeiros Militar de Mato Grosso do Sul).<\/p>\n\n\n\n<p><strong>Vacina\u00e7\u00e3o dispon\u00edvel durante o festival<\/strong><\/p>\n\n\n\n<p>A Coordenadoria de Imuniza\u00e7\u00e3o da SES tamb\u00e9m participou da a\u00e7\u00e3o, oferecendo vacina\u00e7\u00e3o ao p\u00fablico presente durante toda a programa\u00e7\u00e3o, em parceria com a Sesau, que disponibilizou o micro-\u00f4nibus da vacina para atendimento no local.<\/p>\n\n\n\n<p>Segundo a gerente de A\u00e7\u00f5es e Metas da Coordenadoria de Imuniza\u00e7\u00e3o da SES, Lucienne Gamarra, a iniciativa buscou facilitar o acesso da popula\u00e7\u00e3o aos imunizantes. \u201cParticipamos do Festival de Ver\u00e3o, em parceria com a Sesau e a Fundesporte, levando a vacina\u00e7\u00e3o para mais perto da popula\u00e7\u00e3o durante as celebra\u00e7\u00f5es do Dia Internacional da Mulher. Durante todo o evento ofertamos vacinas do calend\u00e1rio vacinal, tanto infantil quanto adulto, atendendo mulheres e toda a popula\u00e7\u00e3o presente e contribuindo para ampliar a prote\u00e7\u00e3o da popula\u00e7\u00e3o de Campo Grande e de Mato Grosso do Sul\u201d, destacou.<\/p>\n\n\n\n<figure class=\"wp-block-image\"><img decoding=\"async\" src=\"https:\/\/agenciadenoticias.ms.gov.br\/wp-content\/uploads\/2026\/03\/Imunizacao1-1024x768.jpeg\" alt=\"\" class=\"wp-image-535874\"\/><\/figure>\n\n\n\n<p><strong>Sa\u00fade \u00danica leva orienta\u00e7\u00f5es \u00e0 popula\u00e7\u00e3o<\/strong><\/p>\n\n\n\n<p>A presen\u00e7a da \u00e1rea de Sa\u00fade \u00danica da SES tamb\u00e9m integrou as a\u00e7\u00f5es de educa\u00e7\u00e3o em sa\u00fade e preven\u00e7\u00e3o durante o evento.<\/p>\n\n\n\n<p>De acordo com a coordenadora da \u00e1rea, Danila Frias, o espa\u00e7o foi pensado para levar informa\u00e7\u00e3o e promover a conscientiza\u00e7\u00e3o da popula\u00e7\u00e3o. \u201cLevamos ao p\u00fablico orienta\u00e7\u00f5es sobre temas importantes, como a viol\u00eancia contra as mulheres e tamb\u00e9m contra os animais. Tamb\u00e9m organizamos atividades para as crian\u00e7as, com materiais de pintura, para estimular a participa\u00e7\u00e3o delas nas a\u00e7\u00f5es educativas\u201d, explicou.<\/p>\n\n\n\n<p>Entre as atividades educativas apresentadas esteve uma maquete de produ\u00e7\u00e3o sustent\u00e1vel, utilizada para demonstrar a rela\u00e7\u00e3o entre sa\u00fade humana, ambiental e animal. \u201cApresentamos uma maquete de produ\u00e7\u00e3o sustent\u00e1vel para mostrar \u00e0s crian\u00e7as e a todas as pessoas que passaram pelo local como a produ\u00e7\u00e3o realizada de forma respons\u00e1vel contribui para cuidar da sa\u00fade das pessoas, do meio ambiente e dos animais, trazendo benef\u00edcios para todos\u201d, afirmou.<\/p>\n\n\n\n<p>Outro tema abordado foi a preven\u00e7\u00e3o de doen\u00e7as transmitidas por vetores. \u201cTamb\u00e9m orientamos a popula\u00e7\u00e3o sobre a transmiss\u00e3o de doen\u00e7as por vetores, com destaque para o carrapato que pode ser encontrado no parque. A participa\u00e7\u00e3o reuniu diferentes setores da Vigil\u00e2ncia em Sa\u00fade, que estiveram no local conversando e orientando o p\u00fablico durante o evento\u201d, completou.<\/p>\n\n\n\n<figure class=\"wp-block-image\"><img decoding=\"async\" src=\"https:\/\/agenciadenoticias.ms.gov.br\/wp-content\/uploads\/2026\/03\/Saude-Unica1-1024x576.jpeg\" alt=\"\" class=\"wp-image-535872\"\/><\/figure>\n\n\n\n<p><strong>Sa\u00fade e pr\u00e1ticas integrativas<\/strong><\/p>\n\n\n\n<p>Durante o evento, a SES tamb\u00e9m levou ao p\u00fablico a\u00e7\u00f5es de promo\u00e7\u00e3o da sa\u00fade por meio das PICS (Pr\u00e1ticas Integrativas e Complementares em Sa\u00fade).<\/p>\n\n\n\n<p>A respons\u00e1vel pela \u00e1rea t\u00e9cnica das PICS na SES, Patr\u00edcia Mecatti, destacou que os atendimentos foram bastante procurados ao longo da manh\u00e3. \u201cDurante o Festival de Ver\u00e3o oferecemos atendimentos em auriculoterapia, terapia floral, ventosaterapia e aromaterapia, como forma de ampliar o acesso da popula\u00e7\u00e3o \u00e0s pr\u00e1ticas integrativas e promover bem-estar aos participantes\u201d, explicou.<\/p>\n\n\n\n<p>Para ela, as Pr\u00e1ticas Integrativas e Complementares, que por muito tempo foram vistas apenas como placebo, hoje conquistam cada vez mais visibilidade e aceita\u00e7\u00e3o. \u201cMuitas dessas pr\u00e1ticas j\u00e1 possuem comprova\u00e7\u00e3o cient\u00edfica quanto \u00e0 sua efic\u00e1cia na promo\u00e7\u00e3o da sa\u00fade e do bem-estar, o que refor\u00e7a sua import\u00e2ncia dentro das pol\u00edticas p\u00fablicas de cuidado integral. A Secretaria de Estado de Sa\u00fade segue comprometida em ampliar o acesso da popula\u00e7\u00e3o \u00e0s PICS, fortalecendo a humaniza\u00e7\u00e3o do atendimento e valorizando abordagens que contribuem para a qualidade de vida das pessoas\u201d, destacou.<\/p>\n\n\n\n<figure class=\"wp-block-image\"><img decoding=\"async\" src=\"https:\/\/agenciadenoticias.ms.gov.br\/wp-content\/uploads\/2026\/03\/PICS1-1024x575.jpeg\" alt=\"\" class=\"wp-image-535871\"\/><\/figure>\n\n\n\n<p><strong>Participantes destacam import\u00e2ncia da iniciativa<\/strong><\/p>\n\n\n\n<p>Entre as participantes, Bruna Morais, de 36 anos, foi a primeira pessoa a se vacinar durante o evento. Para ela, a presen\u00e7a dos servi\u00e7os de sa\u00fade no local facilitou o acesso ao atendimento. \u201cQuando cheguei e vi que, al\u00e9m da corrida, tamb\u00e9m tinha servi\u00e7os de sa\u00fade, achei muito importante. \u00c9 uma forma de valoriza\u00e7\u00e3o e de humaniza\u00e7\u00e3o do cuidado. No meu caso, s\u00f3 faltava uma vacina. S\u00f3 uma, gra\u00e7as a Deus\u201d.<\/p>\n\n\n\n<p>J\u00e9ssica Gon\u00e7alves, de 28 anos, tamb\u00e9m avaliou positivamente a iniciativa e destacou a oportunidade de cuidar da sa\u00fade. \u201cAchei a iniciativa incr\u00edvel. Eu venho ao parque todos os domingos desde que me mudei para c\u00e1 e o evento estava muito bem organizado\u201d, contou.<\/p>\n\n\n\n<p>Ela aproveitou os servi\u00e7os oferecidos durante a programa\u00e7\u00e3o. \u201cConsegui colocar minhas vacinas em dia e tamb\u00e9m aproveitar outras atividades, como massagem. Est\u00e1 tudo muito bacana\u201d.<\/p>\n\n\n\n<p>Para ela, a a\u00e7\u00e3o tamb\u00e9m refor\u00e7a a import\u00e2ncia do autocuidado. \u201cEventos assim fazem a gente refletir sobre a import\u00e2ncia de cuidar da pr\u00f3pria sa\u00fade. Aproveitei a oportunidade para resolver tudo o que estava pendente\u201d.<\/p>\n\n\n\n<p>A participante Bruna Paulino, de 33 anos, tamb\u00e9m participou da corrida e destacou a import\u00e2ncia da iniciativa para as mulheres. \u201cEu participei da corrida e acho que \u00e9 um projeto muito, muito lindo. Hoje em dia, como m\u00e3e, esposa e trabalhadora, muitas vezes a gente n\u00e3o tem tempo para colocar as vacinas em dia\u201d.<\/p>\n\n\n\n<p>Segundo ela, a\u00e7\u00f5es como essa ajudam a incentivar o cuidado com a sa\u00fade. \u201cEnt\u00e3o \u00e9 uma iniciativa muito importante para o dia a dia e para a vida da mulher, porque permite que a gente se priorize em um momento t\u00e3o importante como este\u201d.<\/p>\n\n\n\n<figure class=\"wp-block-image\"><img decoding=\"async\" src=\"https:\/\/agenciadenoticias.ms.gov.br\/wp-content\/uploads\/2026\/03\/Bruna-Morais-1024x768.jpeg\" alt=\"\" class=\"wp-image-535865\"\/><\/figure>\n\n\n\n<p><em>Andr\u00e9 Lima, Comunica\u00e7\u00e3o SES<br>Kleber Clajus, Comunica\u00e7\u00e3o Procon\/MS<\/em><br><em>Fotos: Andr\u00e9 Lima e Kleber Clajus&nbsp;<\/em><\/p>\n","protected":false},"excerpt":{"rendered":"<p>Cerca de 900 corredoras participaram, na manh\u00e3 deste \u00faltimo domingo (8), da 19\u00aa Corrida e Caminhada Feminina 2026, realizada no<\/p>\n","protected":false},"author":1,"featured_media":14827,"comment_status":"open","ping_status":"open","sticky":false,"template":"","format":"standard","meta":{"footnotes":""},"categories":[6],"tags":[],"class_list":["post-14826","post","type-post","status-publish","format-standard","has-post-thumbnail","hentry","category-esportes"],"yoast_head":"<!-- This site is optimized with the Yoast SEO plugin v27.1.1 - https:\/\/yoast.com\/product\/yoast-seo-wordpress\/ -->\n<title>Corrida Feminina re\u00fane 900 participantes e marca o Dia Internacional da Mulher com esporte, sa\u00fade e orienta\u00e7\u00e3o - Folha de Mato Grosso do Sul<\/title>\n<meta name=\"robots\" content=\"index, follow, max-snippet:-1, max-image-preview:large, max-video-preview:-1\" \/>\n<link rel=\"canonical\" href=\"https:\/\/folhadems.com.br\/site\/2026\/03\/10\/corrida-feminina-reune-900-participantes-e-marca-o-dia-internacional-da-mulher-com-esporte-saude-e-orientacao\/\" \/>\n<meta property=\"og:locale\" content=\"pt_BR\" \/>\n<meta property=\"og:type\" content=\"article\" \/>\n<meta property=\"og:title\" content=\"Corrida Feminina re\u00fane 900 participantes e marca o Dia Internacional da Mulher com esporte, sa\u00fade e orienta\u00e7\u00e3o - Folha de Mato Grosso do Sul\" \/>\n<meta property=\"og:description\" content=\"Cerca de 900 corredoras participaram, na manh\u00e3 deste \u00faltimo domingo (8), da 19\u00aa Corrida e Caminhada Feminina 2026, realizada no\" \/>\n<meta property=\"og:url\" content=\"https:\/\/folhadems.com.br\/site\/2026\/03\/10\/corrida-feminina-reune-900-participantes-e-marca-o-dia-internacional-da-mulher-com-esporte-saude-e-orientacao\/\" \/>\n<meta property=\"og:site_name\" content=\"Folha de Mato Grosso do Sul\" \/>\n<meta property=\"article:published_time\" content=\"2026-03-10T20:03:44+00:00\" \/>\n<meta property=\"article:modified_time\" content=\"2026-03-10T20:03:56+00:00\" \/>\n<meta property=\"og:image\" content=\"https:\/\/folhadems.com.br\/site\/wp-content\/uploads\/2026\/03\/corrida.jpg\" \/>\n\t<meta property=\"og:image:width\" content=\"800\" \/>\n\t<meta property=\"og:image:height\" content=\"450\" \/>\n\t<meta property=\"og:image:type\" content=\"image\/jpeg\" \/>\n<meta name=\"author\" content=\"Elite Midia\" \/>\n<meta name=\"twitter:card\" content=\"summary_large_image\" \/>\n<meta name=\"twitter:label1\" content=\"Escrito por\" \/>\n\t<meta name=\"twitter:data1\" content=\"Elite Midia\" \/>\n\t<meta name=\"twitter:label2\" content=\"Est. tempo de leitura\" \/>\n\t<meta name=\"twitter:data2\" content=\"7 minutos\" \/>\n<script type=\"application\/ld+json\" class=\"yoast-schema-graph\">{\"@context\":\"https:\/\/schema.org\",\"@graph\":[{\"@type\":\"Article\",\"@id\":\"https:\/\/folhadems.com.br\/site\/2026\/03\/10\/corrida-feminina-reune-900-participantes-e-marca-o-dia-internacional-da-mulher-com-esporte-saude-e-orientacao\/#article\",\"isPartOf\":{\"@id\":\"https:\/\/folhadems.com.br\/site\/2026\/03\/10\/corrida-feminina-reune-900-participantes-e-marca-o-dia-internacional-da-mulher-com-esporte-saude-e-orientacao\/\"},\"author\":{\"name\":\"Elite Midia\",\"@id\":\"https:\/\/folhadems.com.br\/site\/#\/schema\/person\/e4a04038e5c2e7040e19ef252ae9d940\"},\"headline\":\"Corrida Feminina re\u00fane 900 participantes e marca o Dia Internacional da Mulher com esporte, sa\u00fade e orienta\u00e7\u00e3o\",\"datePublished\":\"2026-03-10T20:03:44+00:00\",\"dateModified\":\"2026-03-10T20:03:56+00:00\",\"mainEntityOfPage\":{\"@id\":\"https:\/\/folhadems.com.br\/site\/2026\/03\/10\/corrida-feminina-reune-900-participantes-e-marca-o-dia-internacional-da-mulher-com-esporte-saude-e-orientacao\/\"},\"wordCount\":1156,\"commentCount\":0,\"publisher\":{\"@id\":\"https:\/\/folhadems.com.br\/site\/#organization\"},\"image\":{\"@id\":\"https:\/\/folhadems.com.br\/site\/2026\/03\/10\/corrida-feminina-reune-900-participantes-e-marca-o-dia-internacional-da-mulher-com-esporte-saude-e-orientacao\/#primaryimage\"},\"thumbnailUrl\":\"https:\/\/folhadems.com.br\/site\/wp-content\/uploads\/2026\/03\/corrida.jpg\",\"articleSection\":[\"Esportes\"],\"inLanguage\":\"pt-BR\",\"potentialAction\":[{\"@type\":\"CommentAction\",\"name\":\"Comment\",\"target\":[\"https:\/\/folhadems.com.br\/site\/2026\/03\/10\/corrida-feminina-reune-900-participantes-e-marca-o-dia-internacional-da-mulher-com-esporte-saude-e-orientacao\/#respond\"]}]},{\"@type\":\"WebPage\",\"@id\":\"https:\/\/folhadems.com.br\/site\/2026\/03\/10\/corrida-feminina-reune-900-participantes-e-marca-o-dia-internacional-da-mulher-com-esporte-saude-e-orientacao\/\",\"url\":\"https:\/\/folhadems.com.br\/site\/2026\/03\/10\/corrida-feminina-reune-900-participantes-e-marca-o-dia-internacional-da-mulher-com-esporte-saude-e-orientacao\/\",\"name\":\"Corrida Feminina re\u00fane 900 participantes e marca o Dia Internacional da Mulher com esporte, sa\u00fade e orienta\u00e7\u00e3o - Folha de Mato Grosso do Sul\",\"isPartOf\":{\"@id\":\"https:\/\/folhadems.com.br\/site\/#website\"},\"primaryImageOfPage\":{\"@id\":\"https:\/\/folhadems.com.br\/site\/2026\/03\/10\/corrida-feminina-reune-900-participantes-e-marca-o-dia-internacional-da-mulher-com-esporte-saude-e-orientacao\/#primaryimage\"},\"image\":{\"@id\":\"https:\/\/folhadems.com.br\/site\/2026\/03\/10\/corrida-feminina-reune-900-participantes-e-marca-o-dia-internacional-da-mulher-com-esporte-saude-e-orientacao\/#primaryimage\"},\"thumbnailUrl\":\"https:\/\/folhadems.com.br\/site\/wp-content\/uploads\/2026\/03\/corrida.jpg\",\"datePublished\":\"2026-03-10T20:03:44+00:00\",\"dateModified\":\"2026-03-10T20:03:56+00:00\",\"breadcrumb\":{\"@id\":\"https:\/\/folhadems.com.br\/site\/2026\/03\/10\/corrida-feminina-reune-900-participantes-e-marca-o-dia-internacional-da-mulher-com-esporte-saude-e-orientacao\/#breadcrumb\"},\"inLanguage\":\"pt-BR\",\"potentialAction\":[{\"@type\":\"ReadAction\",\"target\":[\"https:\/\/folhadems.com.br\/site\/2026\/03\/10\/corrida-feminina-reune-900-participantes-e-marca-o-dia-internacional-da-mulher-com-esporte-saude-e-orientacao\/\"]}]},{\"@type\":\"ImageObject\",\"inLanguage\":\"pt-BR\",\"@id\":\"https:\/\/folhadems.com.br\/site\/2026\/03\/10\/corrida-feminina-reune-900-participantes-e-marca-o-dia-internacional-da-mulher-com-esporte-saude-e-orientacao\/#primaryimage\",\"url\":\"https:\/\/folhadems.com.br\/site\/wp-content\/uploads\/2026\/03\/corrida.jpg\",\"contentUrl\":\"https:\/\/folhadems.com.br\/site\/wp-content\/uploads\/2026\/03\/corrida.jpg\",\"width\":800,\"height\":450},{\"@type\":\"BreadcrumbList\",\"@id\":\"https:\/\/folhadems.com.br\/site\/2026\/03\/10\/corrida-feminina-reune-900-participantes-e-marca-o-dia-internacional-da-mulher-com-esporte-saude-e-orientacao\/#breadcrumb\",\"itemListElement\":[{\"@type\":\"ListItem\",\"position\":1,\"name\":\"In\u00edcio\",\"item\":\"https:\/\/folhadems.com.br\/site\/\"},{\"@type\":\"ListItem\",\"position\":2,\"name\":\"Corrida Feminina re\u00fane 900 participantes e marca o Dia Internacional da Mulher com esporte, sa\u00fade e orienta\u00e7\u00e3o\"}]},{\"@type\":\"WebSite\",\"@id\":\"https:\/\/folhadems.com.br\/site\/#website\",\"url\":\"https:\/\/folhadems.com.br\/site\/\",\"name\":\"Folha de Mato Grosso do Sul\",\"description\":\"Jornal Online\",\"publisher\":{\"@id\":\"https:\/\/folhadems.com.br\/site\/#organization\"},\"potentialAction\":[{\"@type\":\"SearchAction\",\"target\":{\"@type\":\"EntryPoint\",\"urlTemplate\":\"https:\/\/folhadems.com.br\/site\/?s={search_term_string}\"},\"query-input\":{\"@type\":\"PropertyValueSpecification\",\"valueRequired\":true,\"valueName\":\"search_term_string\"}}],\"inLanguage\":\"pt-BR\"},{\"@type\":\"Organization\",\"@id\":\"https:\/\/folhadems.com.br\/site\/#organization\",\"name\":\"Folha de Mato Grosso do Sul\",\"url\":\"https:\/\/folhadems.com.br\/site\/\",\"logo\":{\"@type\":\"ImageObject\",\"inLanguage\":\"pt-BR\",\"@id\":\"https:\/\/folhadems.com.br\/site\/#\/schema\/logo\/image\/\",\"url\":\"https:\/\/folhadems.com.br\/site\/wp-content\/uploads\/2023\/01\/logo-folha-de-ms-380x90-1.jpg\",\"contentUrl\":\"https:\/\/folhadems.com.br\/site\/wp-content\/uploads\/2023\/01\/logo-folha-de-ms-380x90-1.jpg\",\"width\":380,\"height\":90,\"caption\":\"Folha de Mato Grosso do Sul\"},\"image\":{\"@id\":\"https:\/\/folhadems.com.br\/site\/#\/schema\/logo\/image\/\"}},{\"@type\":\"Person\",\"@id\":\"https:\/\/folhadems.com.br\/site\/#\/schema\/person\/e4a04038e5c2e7040e19ef252ae9d940\",\"name\":\"Elite Midia\",\"image\":{\"@type\":\"ImageObject\",\"inLanguage\":\"pt-BR\",\"@id\":\"https:\/\/folhadems.com.br\/site\/#\/schema\/person\/image\/\",\"url\":\"https:\/\/secure.gravatar.com\/avatar\/f76a80f01119f7fec6909ab9feea8819031f391155be021b685479d77496f055?s=96&d=mm&r=g\",\"contentUrl\":\"https:\/\/secure.gravatar.com\/avatar\/f76a80f01119f7fec6909ab9feea8819031f391155be021b685479d77496f055?s=96&d=mm&r=g\",\"caption\":\"Elite Midia\"},\"sameAs\":[\"https:\/\/folhadems.com.br\/site\"],\"url\":\"https:\/\/folhadems.com.br\/site\/author\/elite-midia\/\"}]}<\/script>\n<!-- \/ Yoast SEO plugin. -->","yoast_head_json":{"title":"Corrida Feminina re\u00fane 900 participantes e marca o Dia Internacional da Mulher com esporte, sa\u00fade e orienta\u00e7\u00e3o - Folha de Mato Grosso do Sul","robots":{"index":"index","follow":"follow","max-snippet":"max-snippet:-1","max-image-preview":"max-image-preview:large","max-video-preview":"max-video-preview:-1"},"canonical":"https:\/\/folhadems.com.br\/site\/2026\/03\/10\/corrida-feminina-reune-900-participantes-e-marca-o-dia-internacional-da-mulher-com-esporte-saude-e-orientacao\/","og_locale":"pt_BR","og_type":"article","og_title":"Corrida Feminina re\u00fane 900 participantes e marca o Dia Internacional da Mulher com esporte, sa\u00fade e orienta\u00e7\u00e3o - Folha de Mato Grosso do Sul","og_description":"Cerca de 900 corredoras participaram, na manh\u00e3 deste \u00faltimo domingo (8), da 19\u00aa Corrida e Caminhada Feminina 2026, realizada no","og_url":"https:\/\/folhadems.com.br\/site\/2026\/03\/10\/corrida-feminina-reune-900-participantes-e-marca-o-dia-internacional-da-mulher-com-esporte-saude-e-orientacao\/","og_site_name":"Folha de Mato Grosso do Sul","article_published_time":"2026-03-10T20:03:44+00:00","article_modified_time":"2026-03-10T20:03:56+00:00","og_image":[{"width":800,"height":450,"url":"https:\/\/folhadems.com.br\/site\/wp-content\/uploads\/2026\/03\/corrida.jpg","type":"image\/jpeg"}],"author":"Elite Midia","twitter_card":"summary_large_image","twitter_misc":{"Escrito por":"Elite Midia","Est. tempo de leitura":"7 minutos"},"schema":{"@context":"https:\/\/schema.org","@graph":[{"@type":"Article","@id":"https:\/\/folhadems.com.br\/site\/2026\/03\/10\/corrida-feminina-reune-900-participantes-e-marca-o-dia-internacional-da-mulher-com-esporte-saude-e-orientacao\/#article","isPartOf":{"@id":"https:\/\/folhadems.com.br\/site\/2026\/03\/10\/corrida-feminina-reune-900-participantes-e-marca-o-dia-internacional-da-mulher-com-esporte-saude-e-orientacao\/"},"author":{"name":"Elite Midia","@id":"https:\/\/folhadems.com.br\/site\/#\/schema\/person\/e4a04038e5c2e7040e19ef252ae9d940"},"headline":"Corrida Feminina re\u00fane 900 participantes e marca o Dia Internacional da Mulher com esporte, sa\u00fade e orienta\u00e7\u00e3o","datePublished":"2026-03-10T20:03:44+00:00","dateModified":"2026-03-10T20:03:56+00:00","mainEntityOfPage":{"@id":"https:\/\/folhadems.com.br\/site\/2026\/03\/10\/corrida-feminina-reune-900-participantes-e-marca-o-dia-internacional-da-mulher-com-esporte-saude-e-orientacao\/"},"wordCount":1156,"commentCount":0,"publisher":{"@id":"https:\/\/folhadems.com.br\/site\/#organization"},"image":{"@id":"https:\/\/folhadems.com.br\/site\/2026\/03\/10\/corrida-feminina-reune-900-participantes-e-marca-o-dia-internacional-da-mulher-com-esporte-saude-e-orientacao\/#primaryimage"},"thumbnailUrl":"https:\/\/folhadems.com.br\/site\/wp-content\/uploads\/2026\/03\/corrida.jpg","articleSection":["Esportes"],"inLanguage":"pt-BR","potentialAction":[{"@type":"CommentAction","name":"Comment","target":["https:\/\/folhadems.com.br\/site\/2026\/03\/10\/corrida-feminina-reune-900-participantes-e-marca-o-dia-internacional-da-mulher-com-esporte-saude-e-orientacao\/#respond"]}]},{"@type":"WebPage","@id":"https:\/\/folhadems.com.br\/site\/2026\/03\/10\/corrida-feminina-reune-900-participantes-e-marca-o-dia-internacional-da-mulher-com-esporte-saude-e-orientacao\/","url":"https:\/\/folhadems.com.br\/site\/2026\/03\/10\/corrida-feminina-reune-900-participantes-e-marca-o-dia-internacional-da-mulher-com-esporte-saude-e-orientacao\/","name":"Corrida Feminina re\u00fane 900 participantes e marca o Dia Internacional da Mulher com esporte, sa\u00fade e orienta\u00e7\u00e3o - Folha de Mato Grosso do Sul","isPartOf":{"@id":"https:\/\/folhadems.com.br\/site\/#website"},"primaryImageOfPage":{"@id":"https:\/\/folhadems.com.br\/site\/2026\/03\/10\/corrida-feminina-reune-900-participantes-e-marca-o-dia-internacional-da-mulher-com-esporte-saude-e-orientacao\/#primaryimage"},"image":{"@id":"https:\/\/folhadems.com.br\/site\/2026\/03\/10\/corrida-feminina-reune-900-participantes-e-marca-o-dia-internacional-da-mulher-com-esporte-saude-e-orientacao\/#primaryimage"},"thumbnailUrl":"https:\/\/folhadems.com.br\/site\/wp-content\/uploads\/2026\/03\/corrida.jpg","datePublished":"2026-03-10T20:03:44+00:00","dateModified":"2026-03-10T20:03:56+00:00","breadcrumb":{"@id":"https:\/\/folhadems.com.br\/site\/2026\/03\/10\/corrida-feminina-reune-900-participantes-e-marca-o-dia-internacional-da-mulher-com-esporte-saude-e-orientacao\/#breadcrumb"},"inLanguage":"pt-BR","potentialAction":[{"@type":"ReadAction","target":["https:\/\/folhadems.com.br\/site\/2026\/03\/10\/corrida-feminina-reune-900-participantes-e-marca-o-dia-internacional-da-mulher-com-esporte-saude-e-orientacao\/"]}]},{"@type":"ImageObject","inLanguage":"pt-BR","@id":"https:\/\/folhadems.com.br\/site\/2026\/03\/10\/corrida-feminina-reune-900-participantes-e-marca-o-dia-internacional-da-mulher-com-esporte-saude-e-orientacao\/#primaryimage","url":"https:\/\/folhadems.com.br\/site\/wp-content\/uploads\/2026\/03\/corrida.jpg","contentUrl":"https:\/\/folhadems.com.br\/site\/wp-content\/uploads\/2026\/03\/corrida.jpg","width":800,"height":450},{"@type":"BreadcrumbList","@id":"https:\/\/folhadems.com.br\/site\/2026\/03\/10\/corrida-feminina-reune-900-participantes-e-marca-o-dia-internacional-da-mulher-com-esporte-saude-e-orientacao\/#breadcrumb","itemListElement":[{"@type":"ListItem","position":1,"name":"In\u00edcio","item":"https:\/\/folhadems.com.br\/site\/"},{"@type":"ListItem","position":2,"name":"Corrida Feminina re\u00fane 900 participantes e marca o Dia Internacional da Mulher com esporte, sa\u00fade e orienta\u00e7\u00e3o"}]},{"@type":"WebSite","@id":"https:\/\/folhadems.com.br\/site\/#website","url":"https:\/\/folhadems.com.br\/site\/","name":"Folha de Mato Grosso do Sul","description":"Jornal Online","publisher":{"@id":"https:\/\/folhadems.com.br\/site\/#organization"},"potentialAction":[{"@type":"SearchAction","target":{"@type":"EntryPoint","urlTemplate":"https:\/\/folhadems.com.br\/site\/?s={search_term_string}"},"query-input":{"@type":"PropertyValueSpecification","valueRequired":true,"valueName":"search_term_string"}}],"inLanguage":"pt-BR"},{"@type":"Organization","@id":"https:\/\/folhadems.com.br\/site\/#organization","name":"Folha de Mato Grosso do Sul","url":"https:\/\/folhadems.com.br\/site\/","logo":{"@type":"ImageObject","inLanguage":"pt-BR","@id":"https:\/\/folhadems.com.br\/site\/#\/schema\/logo\/image\/","url":"https:\/\/folhadems.com.br\/site\/wp-content\/uploads\/2023\/01\/logo-folha-de-ms-380x90-1.jpg","contentUrl":"https:\/\/folhadems.com.br\/site\/wp-content\/uploads\/2023\/01\/logo-folha-de-ms-380x90-1.jpg","width":380,"height":90,"caption":"Folha de Mato Grosso do Sul"},"image":{"@id":"https:\/\/folhadems.com.br\/site\/#\/schema\/logo\/image\/"}},{"@type":"Person","@id":"https:\/\/folhadems.com.br\/site\/#\/schema\/person\/e4a04038e5c2e7040e19ef252ae9d940","name":"Elite Midia","image":{"@type":"ImageObject","inLanguage":"pt-BR","@id":"https:\/\/folhadems.com.br\/site\/#\/schema\/person\/image\/","url":"https:\/\/secure.gravatar.com\/avatar\/f76a80f01119f7fec6909ab9feea8819031f391155be021b685479d77496f055?s=96&d=mm&r=g","contentUrl":"https:\/\/secure.gravatar.com\/avatar\/f76a80f01119f7fec6909ab9feea8819031f391155be021b685479d77496f055?s=96&d=mm&r=g","caption":"Elite Midia"},"sameAs":["https:\/\/folhadems.com.br\/site"],"url":"https:\/\/folhadems.com.br\/site\/author\/elite-midia\/"}]}},"publishpress_future_action":{"enabled":false,"date":"2026-05-04 12:54:12","action":"change-status","newStatus":"draft","terms":[],"taxonomy":"category","extraData":[]},"publishpress_future_workflow_manual_trigger":{"enabledWorkflows":[]},"_links":{"self":[{"href":"https:\/\/folhadems.com.br\/site\/wp-json\/wp\/v2\/posts\/14826","targetHints":{"allow":["GET"]}}],"collection":[{"href":"https:\/\/folhadems.com.br\/site\/wp-json\/wp\/v2\/posts"}],"about":[{"href":"https:\/\/folhadems.com.br\/site\/wp-json\/wp\/v2\/types\/post"}],"author":[{"embeddable":true,"href":"https:\/\/folhadems.com.br\/site\/wp-json\/wp\/v2\/users\/1"}],"replies":[{"embeddable":true,"href":"https:\/\/folhadems.com.br\/site\/wp-json\/wp\/v2\/comments?post=14826"}],"version-history":[{"count":1,"href":"https:\/\/folhadems.com.br\/site\/wp-json\/wp\/v2\/posts\/14826\/revisions"}],"predecessor-version":[{"id":14828,"href":"https:\/\/folhadems.com.br\/site\/wp-json\/wp\/v2\/posts\/14826\/revisions\/14828"}],"wp:featuredmedia":[{"embeddable":true,"href":"https:\/\/folhadems.com.br\/site\/wp-json\/wp\/v2\/media\/14827"}],"wp:attachment":[{"href":"https:\/\/folhadems.com.br\/site\/wp-json\/wp\/v2\/media?parent=14826"}],"wp:term":[{"taxonomy":"category","embeddable":true,"href":"https:\/\/folhadems.com.br\/site\/wp-json\/wp\/v2\/categories?post=14826"},{"taxonomy":"post_tag","embeddable":true,"href":"https:\/\/folhadems.com.br\/site\/wp-json\/wp\/v2\/tags?post=14826"}],"curies":[{"name":"wp","href":"https:\/\/api.w.org\/{rel}","templated":true}]}}