{"id":10173,"date":"2025-04-23T08:30:44","date_gmt":"2025-04-23T12:30:44","guid":{"rendered":"https:\/\/folhadems.com.br\/site\/?p=10173"},"modified":"2025-04-23T08:33:54","modified_gmt":"2025-04-23T12:33:54","slug":"funtrab-realiza-feirao-do-jovem-trabalhador-na-proxima-quinta-feira-em-campo-grande","status":"publish","type":"post","link":"https:\/\/folhadems.com.br\/site\/2025\/04\/23\/funtrab-realiza-feirao-do-jovem-trabalhador-na-proxima-quinta-feira-em-campo-grande\/","title":{"rendered":"Funtrab realiza \u2018Feir\u00e3o do Jovem Trabalhador\u2019 na pr\u00f3xima quinta-feira em Campo Grande"},"content":{"rendered":"\n<p>Em comemora\u00e7\u00e3o ao Dia Internacional do Jovem Trabalhador, celebrado em 24 de abril, a Funda\u00e7\u00e3o do Trabalho de Mato Grosso do Sul (Funtrab) promove na pr\u00f3xima quinta-feira (24) o Feir\u00e3o do Jovem Trabalhador, exclusivo para jovens aprendizes e estagi\u00e1rios.<\/p>\n\n\n\n<p>O evento acontece das 8h \u00e0s 11h, na sede da Funtrab, localizada na rua 13 de Maio, n\u00ba 2.773, em Campo Grande.<\/p>\n\n\n\n<p>Com 91 vagas dispon\u00edveis, o feir\u00e3o \u00e9 voltado a estudantes do Ensino M\u00e9dio e universit\u00e1rios com Ensino Superior incompleto, que buscam o primeiro emprego ou est\u00e1gio em \u00e1reas diversas. Entre os segmentos com oportunidades est\u00e3o: instituto de jovens aprendizes; f\u00e1brica de prote\u00edna; servi\u00e7o gerais; call center; teleatendimento e ag\u00eancias de empregos e est\u00e1gios.<\/p>\n\n\n\n<p>A a\u00e7\u00e3o tem como foco facilitar o acesso de adolescentes e jovens, entre 16 e 24 anos, ao mercado formal de trabalho, promovendo processos seletivos com empresas parceiras que valorizam o desenvolvimento profissional desde o in\u00edcio da carreira.<\/p>\n\n\n\n<p>Criado pela Organiza\u00e7\u00e3o Internacional do Trabalho (OIT), o Dia Internacional do Jovem Trabalhador busca chamar a aten\u00e7\u00e3o para os desafios enfrentados pelos jovens em sua inser\u00e7\u00e3o profissional e a import\u00e2ncia de pol\u00edticas p\u00fablicas de incentivo ao primeiro emprego.<\/p>\n\n\n\n<p>No Brasil, a Lei da Aprendizagem (Lei n\u00ba 10.097\/2000) determina que empresas de m\u00e9dio e grande porte devem contratar de 5% a 15% de aprendizes em rela\u00e7\u00e3o ao seu quadro funcional.<\/p>\n\n\n\n<p>O diretor de rela\u00e7\u00f5es de emprego e atendimento ao trabalhador da Funtrab, Luiz Eduardo Ferreira Rocha, destaca a import\u00e2ncia da a\u00e7\u00e3o. &#8220;Este feir\u00e3o \u00e9 mais uma oportunidade que a Funtrab proporciona aos jovens para ingressarem no mercado de trabalho ou um est\u00e1gio em sua \u00e1rea de forma\u00e7\u00e3o. Estamos comprometidos em conectar esses talentos com empresas que valorizam o potencial da juventude&#8221;.<\/p>\n\n\n\n<p>Segundo o trainee da Funtrab, Jos\u00e9 Luiz de Oliveira Neto, idealizador da a\u00e7\u00e3o, o primeiro feir\u00e3o da empregabilidade para o jovem trabalhador tem o objetivo facilitar e encurtar a trajet\u00f3ria do candidato at\u00e9 uma oportunidade. \u201cAl\u00e9m das empresas presentes no dia, outras vagas dispon\u00edveis na Funtrab tamb\u00e9m ser\u00e3o oferecidas\u201d, completa.<\/p>\n\n\n\n<p>Para participar, \u00e9 necess\u00e1rio comparecer ao local com RG, CPF e Carteira de Trabalho (f\u00edsica ou digital). N\u00e3o ser\u00e1 necess\u00e1rio agendamento pr\u00e9vio.<\/p>\n\n\n\n<p><em>Comunica\u00e7\u00e3o Funtrab<\/em><\/p>\n\n\n\n<p><\/p>\n","protected":false},"excerpt":{"rendered":"<p>Em comemora\u00e7\u00e3o ao Dia Internacional do Jovem Trabalhador, celebrado em 24 de abril, a Funda\u00e7\u00e3o do Trabalho de Mato Grosso<\/p>\n","protected":false},"author":1,"featured_media":10174,"comment_status":"open","ping_status":"open","sticky":false,"template":"","format":"standard","meta":{"footnotes":""},"categories":[26],"tags":[],"class_list":["post-10173","post","type-post","status-publish","format-standard","has-post-thumbnail","hentry","category-cotidiano"],"yoast_head":"<!-- This site is optimized with the Yoast SEO plugin v27.1.1 - https:\/\/yoast.com\/product\/yoast-seo-wordpress\/ -->\n<title>Funtrab realiza \u2018Feir\u00e3o do Jovem Trabalhador\u2019 na pr\u00f3xima quinta-feira em Campo Grande - Folha de Mato Grosso do Sul<\/title>\n<meta name=\"robots\" content=\"index, follow, max-snippet:-1, max-image-preview:large, max-video-preview:-1\" \/>\n<link rel=\"canonical\" href=\"https:\/\/folhadems.com.br\/site\/2025\/04\/23\/funtrab-realiza-feirao-do-jovem-trabalhador-na-proxima-quinta-feira-em-campo-grande\/\" \/>\n<meta property=\"og:locale\" content=\"pt_BR\" \/>\n<meta property=\"og:type\" content=\"article\" \/>\n<meta property=\"og:title\" content=\"Funtrab realiza \u2018Feir\u00e3o do Jovem Trabalhador\u2019 na pr\u00f3xima quinta-feira em Campo Grande - Folha de Mato Grosso do Sul\" \/>\n<meta property=\"og:description\" content=\"Em comemora\u00e7\u00e3o ao Dia Internacional do Jovem Trabalhador, celebrado em 24 de abril, a Funda\u00e7\u00e3o do Trabalho de Mato Grosso\" \/>\n<meta property=\"og:url\" content=\"https:\/\/folhadems.com.br\/site\/2025\/04\/23\/funtrab-realiza-feirao-do-jovem-trabalhador-na-proxima-quinta-feira-em-campo-grande\/\" \/>\n<meta property=\"og:site_name\" content=\"Folha de Mato Grosso do Sul\" \/>\n<meta property=\"article:published_time\" content=\"2025-04-23T12:30:44+00:00\" \/>\n<meta property=\"article:modified_time\" content=\"2025-04-23T12:33:54+00:00\" \/>\n<meta property=\"og:image\" content=\"https:\/\/folhadems.com.br\/site\/wp-content\/uploads\/2025\/04\/Jovem-Aprendiz.jpg\" \/>\n\t<meta property=\"og:image:width\" content=\"800\" \/>\n\t<meta property=\"og:image:height\" content=\"450\" \/>\n\t<meta property=\"og:image:type\" content=\"image\/jpeg\" \/>\n<meta name=\"author\" content=\"Elite Midia\" \/>\n<meta name=\"twitter:card\" content=\"summary_large_image\" \/>\n<meta name=\"twitter:label1\" content=\"Escrito por\" \/>\n\t<meta name=\"twitter:data1\" content=\"Elite Midia\" \/>\n\t<meta name=\"twitter:label2\" content=\"Est. tempo de leitura\" \/>\n\t<meta name=\"twitter:data2\" content=\"2 minutos\" \/>\n<script type=\"application\/ld+json\" class=\"yoast-schema-graph\">{\"@context\":\"https:\/\/schema.org\",\"@graph\":[{\"@type\":\"Article\",\"@id\":\"https:\/\/folhadems.com.br\/site\/2025\/04\/23\/funtrab-realiza-feirao-do-jovem-trabalhador-na-proxima-quinta-feira-em-campo-grande\/#article\",\"isPartOf\":{\"@id\":\"https:\/\/folhadems.com.br\/site\/2025\/04\/23\/funtrab-realiza-feirao-do-jovem-trabalhador-na-proxima-quinta-feira-em-campo-grande\/\"},\"author\":{\"name\":\"Elite Midia\",\"@id\":\"https:\/\/folhadems.com.br\/site\/#\/schema\/person\/e4a04038e5c2e7040e19ef252ae9d940\"},\"headline\":\"Funtrab realiza \u2018Feir\u00e3o do Jovem Trabalhador\u2019 na pr\u00f3xima quinta-feira em Campo Grande\",\"datePublished\":\"2025-04-23T12:30:44+00:00\",\"dateModified\":\"2025-04-23T12:33:54+00:00\",\"mainEntityOfPage\":{\"@id\":\"https:\/\/folhadems.com.br\/site\/2025\/04\/23\/funtrab-realiza-feirao-do-jovem-trabalhador-na-proxima-quinta-feira-em-campo-grande\/\"},\"wordCount\":402,\"commentCount\":0,\"publisher\":{\"@id\":\"https:\/\/folhadems.com.br\/site\/#organization\"},\"image\":{\"@id\":\"https:\/\/folhadems.com.br\/site\/2025\/04\/23\/funtrab-realiza-feirao-do-jovem-trabalhador-na-proxima-quinta-feira-em-campo-grande\/#primaryimage\"},\"thumbnailUrl\":\"https:\/\/folhadems.com.br\/site\/wp-content\/uploads\/2025\/04\/Jovem-Aprendiz.jpg\",\"articleSection\":[\"Cotidiano\"],\"inLanguage\":\"pt-BR\",\"potentialAction\":[{\"@type\":\"CommentAction\",\"name\":\"Comment\",\"target\":[\"https:\/\/folhadems.com.br\/site\/2025\/04\/23\/funtrab-realiza-feirao-do-jovem-trabalhador-na-proxima-quinta-feira-em-campo-grande\/#respond\"]}]},{\"@type\":\"WebPage\",\"@id\":\"https:\/\/folhadems.com.br\/site\/2025\/04\/23\/funtrab-realiza-feirao-do-jovem-trabalhador-na-proxima-quinta-feira-em-campo-grande\/\",\"url\":\"https:\/\/folhadems.com.br\/site\/2025\/04\/23\/funtrab-realiza-feirao-do-jovem-trabalhador-na-proxima-quinta-feira-em-campo-grande\/\",\"name\":\"Funtrab realiza \u2018Feir\u00e3o do Jovem Trabalhador\u2019 na pr\u00f3xima quinta-feira em Campo Grande - Folha de Mato Grosso do Sul\",\"isPartOf\":{\"@id\":\"https:\/\/folhadems.com.br\/site\/#website\"},\"primaryImageOfPage\":{\"@id\":\"https:\/\/folhadems.com.br\/site\/2025\/04\/23\/funtrab-realiza-feirao-do-jovem-trabalhador-na-proxima-quinta-feira-em-campo-grande\/#primaryimage\"},\"image\":{\"@id\":\"https:\/\/folhadems.com.br\/site\/2025\/04\/23\/funtrab-realiza-feirao-do-jovem-trabalhador-na-proxima-quinta-feira-em-campo-grande\/#primaryimage\"},\"thumbnailUrl\":\"https:\/\/folhadems.com.br\/site\/wp-content\/uploads\/2025\/04\/Jovem-Aprendiz.jpg\",\"datePublished\":\"2025-04-23T12:30:44+00:00\",\"dateModified\":\"2025-04-23T12:33:54+00:00\",\"breadcrumb\":{\"@id\":\"https:\/\/folhadems.com.br\/site\/2025\/04\/23\/funtrab-realiza-feirao-do-jovem-trabalhador-na-proxima-quinta-feira-em-campo-grande\/#breadcrumb\"},\"inLanguage\":\"pt-BR\",\"potentialAction\":[{\"@type\":\"ReadAction\",\"target\":[\"https:\/\/folhadems.com.br\/site\/2025\/04\/23\/funtrab-realiza-feirao-do-jovem-trabalhador-na-proxima-quinta-feira-em-campo-grande\/\"]}]},{\"@type\":\"ImageObject\",\"inLanguage\":\"pt-BR\",\"@id\":\"https:\/\/folhadems.com.br\/site\/2025\/04\/23\/funtrab-realiza-feirao-do-jovem-trabalhador-na-proxima-quinta-feira-em-campo-grande\/#primaryimage\",\"url\":\"https:\/\/folhadems.com.br\/site\/wp-content\/uploads\/2025\/04\/Jovem-Aprendiz.jpg\",\"contentUrl\":\"https:\/\/folhadems.com.br\/site\/wp-content\/uploads\/2025\/04\/Jovem-Aprendiz.jpg\",\"width\":800,\"height\":450},{\"@type\":\"BreadcrumbList\",\"@id\":\"https:\/\/folhadems.com.br\/site\/2025\/04\/23\/funtrab-realiza-feirao-do-jovem-trabalhador-na-proxima-quinta-feira-em-campo-grande\/#breadcrumb\",\"itemListElement\":[{\"@type\":\"ListItem\",\"position\":1,\"name\":\"In\u00edcio\",\"item\":\"https:\/\/folhadems.com.br\/site\/\"},{\"@type\":\"ListItem\",\"position\":2,\"name\":\"Funtrab realiza \u2018Feir\u00e3o do Jovem Trabalhador\u2019 na pr\u00f3xima quinta-feira em Campo Grande\"}]},{\"@type\":\"WebSite\",\"@id\":\"https:\/\/folhadems.com.br\/site\/#website\",\"url\":\"https:\/\/folhadems.com.br\/site\/\",\"name\":\"Folha de Mato Grosso do Sul\",\"description\":\"Jornal Online\",\"publisher\":{\"@id\":\"https:\/\/folhadems.com.br\/site\/#organization\"},\"potentialAction\":[{\"@type\":\"SearchAction\",\"target\":{\"@type\":\"EntryPoint\",\"urlTemplate\":\"https:\/\/folhadems.com.br\/site\/?s={search_term_string}\"},\"query-input\":{\"@type\":\"PropertyValueSpecification\",\"valueRequired\":true,\"valueName\":\"search_term_string\"}}],\"inLanguage\":\"pt-BR\"},{\"@type\":\"Organization\",\"@id\":\"https:\/\/folhadems.com.br\/site\/#organization\",\"name\":\"Folha de Mato Grosso do Sul\",\"url\":\"https:\/\/folhadems.com.br\/site\/\",\"logo\":{\"@type\":\"ImageObject\",\"inLanguage\":\"pt-BR\",\"@id\":\"https:\/\/folhadems.com.br\/site\/#\/schema\/logo\/image\/\",\"url\":\"https:\/\/folhadems.com.br\/site\/wp-content\/uploads\/2023\/01\/logo-folha-de-ms-380x90-1.jpg\",\"contentUrl\":\"https:\/\/folhadems.com.br\/site\/wp-content\/uploads\/2023\/01\/logo-folha-de-ms-380x90-1.jpg\",\"width\":380,\"height\":90,\"caption\":\"Folha de Mato Grosso do Sul\"},\"image\":{\"@id\":\"https:\/\/folhadems.com.br\/site\/#\/schema\/logo\/image\/\"}},{\"@type\":\"Person\",\"@id\":\"https:\/\/folhadems.com.br\/site\/#\/schema\/person\/e4a04038e5c2e7040e19ef252ae9d940\",\"name\":\"Elite Midia\",\"image\":{\"@type\":\"ImageObject\",\"inLanguage\":\"pt-BR\",\"@id\":\"https:\/\/folhadems.com.br\/site\/#\/schema\/person\/image\/\",\"url\":\"https:\/\/secure.gravatar.com\/avatar\/f76a80f01119f7fec6909ab9feea8819031f391155be021b685479d77496f055?s=96&d=mm&r=g\",\"contentUrl\":\"https:\/\/secure.gravatar.com\/avatar\/f76a80f01119f7fec6909ab9feea8819031f391155be021b685479d77496f055?s=96&d=mm&r=g\",\"caption\":\"Elite Midia\"},\"sameAs\":[\"https:\/\/folhadems.com.br\/site\"],\"url\":\"https:\/\/folhadems.com.br\/site\/author\/elite-midia\/\"}]}<\/script>\n<!-- \/ Yoast SEO plugin. -->","yoast_head_json":{"title":"Funtrab realiza \u2018Feir\u00e3o do Jovem Trabalhador\u2019 na pr\u00f3xima quinta-feira em Campo Grande - Folha de Mato Grosso do Sul","robots":{"index":"index","follow":"follow","max-snippet":"max-snippet:-1","max-image-preview":"max-image-preview:large","max-video-preview":"max-video-preview:-1"},"canonical":"https:\/\/folhadems.com.br\/site\/2025\/04\/23\/funtrab-realiza-feirao-do-jovem-trabalhador-na-proxima-quinta-feira-em-campo-grande\/","og_locale":"pt_BR","og_type":"article","og_title":"Funtrab realiza \u2018Feir\u00e3o do Jovem Trabalhador\u2019 na pr\u00f3xima quinta-feira em Campo Grande - Folha de Mato Grosso do Sul","og_description":"Em comemora\u00e7\u00e3o ao Dia Internacional do Jovem Trabalhador, celebrado em 24 de abril, a Funda\u00e7\u00e3o do Trabalho de Mato Grosso","og_url":"https:\/\/folhadems.com.br\/site\/2025\/04\/23\/funtrab-realiza-feirao-do-jovem-trabalhador-na-proxima-quinta-feira-em-campo-grande\/","og_site_name":"Folha de Mato Grosso do Sul","article_published_time":"2025-04-23T12:30:44+00:00","article_modified_time":"2025-04-23T12:33:54+00:00","og_image":[{"width":800,"height":450,"url":"https:\/\/folhadems.com.br\/site\/wp-content\/uploads\/2025\/04\/Jovem-Aprendiz.jpg","type":"image\/jpeg"}],"author":"Elite Midia","twitter_card":"summary_large_image","twitter_misc":{"Escrito por":"Elite Midia","Est. tempo de leitura":"2 minutos"},"schema":{"@context":"https:\/\/schema.org","@graph":[{"@type":"Article","@id":"https:\/\/folhadems.com.br\/site\/2025\/04\/23\/funtrab-realiza-feirao-do-jovem-trabalhador-na-proxima-quinta-feira-em-campo-grande\/#article","isPartOf":{"@id":"https:\/\/folhadems.com.br\/site\/2025\/04\/23\/funtrab-realiza-feirao-do-jovem-trabalhador-na-proxima-quinta-feira-em-campo-grande\/"},"author":{"name":"Elite Midia","@id":"https:\/\/folhadems.com.br\/site\/#\/schema\/person\/e4a04038e5c2e7040e19ef252ae9d940"},"headline":"Funtrab realiza \u2018Feir\u00e3o do Jovem Trabalhador\u2019 na pr\u00f3xima quinta-feira em Campo Grande","datePublished":"2025-04-23T12:30:44+00:00","dateModified":"2025-04-23T12:33:54+00:00","mainEntityOfPage":{"@id":"https:\/\/folhadems.com.br\/site\/2025\/04\/23\/funtrab-realiza-feirao-do-jovem-trabalhador-na-proxima-quinta-feira-em-campo-grande\/"},"wordCount":402,"commentCount":0,"publisher":{"@id":"https:\/\/folhadems.com.br\/site\/#organization"},"image":{"@id":"https:\/\/folhadems.com.br\/site\/2025\/04\/23\/funtrab-realiza-feirao-do-jovem-trabalhador-na-proxima-quinta-feira-em-campo-grande\/#primaryimage"},"thumbnailUrl":"https:\/\/folhadems.com.br\/site\/wp-content\/uploads\/2025\/04\/Jovem-Aprendiz.jpg","articleSection":["Cotidiano"],"inLanguage":"pt-BR","potentialAction":[{"@type":"CommentAction","name":"Comment","target":["https:\/\/folhadems.com.br\/site\/2025\/04\/23\/funtrab-realiza-feirao-do-jovem-trabalhador-na-proxima-quinta-feira-em-campo-grande\/#respond"]}]},{"@type":"WebPage","@id":"https:\/\/folhadems.com.br\/site\/2025\/04\/23\/funtrab-realiza-feirao-do-jovem-trabalhador-na-proxima-quinta-feira-em-campo-grande\/","url":"https:\/\/folhadems.com.br\/site\/2025\/04\/23\/funtrab-realiza-feirao-do-jovem-trabalhador-na-proxima-quinta-feira-em-campo-grande\/","name":"Funtrab realiza \u2018Feir\u00e3o do Jovem Trabalhador\u2019 na pr\u00f3xima quinta-feira em Campo Grande - Folha de Mato Grosso do Sul","isPartOf":{"@id":"https:\/\/folhadems.com.br\/site\/#website"},"primaryImageOfPage":{"@id":"https:\/\/folhadems.com.br\/site\/2025\/04\/23\/funtrab-realiza-feirao-do-jovem-trabalhador-na-proxima-quinta-feira-em-campo-grande\/#primaryimage"},"image":{"@id":"https:\/\/folhadems.com.br\/site\/2025\/04\/23\/funtrab-realiza-feirao-do-jovem-trabalhador-na-proxima-quinta-feira-em-campo-grande\/#primaryimage"},"thumbnailUrl":"https:\/\/folhadems.com.br\/site\/wp-content\/uploads\/2025\/04\/Jovem-Aprendiz.jpg","datePublished":"2025-04-23T12:30:44+00:00","dateModified":"2025-04-23T12:33:54+00:00","breadcrumb":{"@id":"https:\/\/folhadems.com.br\/site\/2025\/04\/23\/funtrab-realiza-feirao-do-jovem-trabalhador-na-proxima-quinta-feira-em-campo-grande\/#breadcrumb"},"inLanguage":"pt-BR","potentialAction":[{"@type":"ReadAction","target":["https:\/\/folhadems.com.br\/site\/2025\/04\/23\/funtrab-realiza-feirao-do-jovem-trabalhador-na-proxima-quinta-feira-em-campo-grande\/"]}]},{"@type":"ImageObject","inLanguage":"pt-BR","@id":"https:\/\/folhadems.com.br\/site\/2025\/04\/23\/funtrab-realiza-feirao-do-jovem-trabalhador-na-proxima-quinta-feira-em-campo-grande\/#primaryimage","url":"https:\/\/folhadems.com.br\/site\/wp-content\/uploads\/2025\/04\/Jovem-Aprendiz.jpg","contentUrl":"https:\/\/folhadems.com.br\/site\/wp-content\/uploads\/2025\/04\/Jovem-Aprendiz.jpg","width":800,"height":450},{"@type":"BreadcrumbList","@id":"https:\/\/folhadems.com.br\/site\/2025\/04\/23\/funtrab-realiza-feirao-do-jovem-trabalhador-na-proxima-quinta-feira-em-campo-grande\/#breadcrumb","itemListElement":[{"@type":"ListItem","position":1,"name":"In\u00edcio","item":"https:\/\/folhadems.com.br\/site\/"},{"@type":"ListItem","position":2,"name":"Funtrab realiza \u2018Feir\u00e3o do Jovem Trabalhador\u2019 na pr\u00f3xima quinta-feira em Campo Grande"}]},{"@type":"WebSite","@id":"https:\/\/folhadems.com.br\/site\/#website","url":"https:\/\/folhadems.com.br\/site\/","name":"Folha de Mato Grosso do Sul","description":"Jornal Online","publisher":{"@id":"https:\/\/folhadems.com.br\/site\/#organization"},"potentialAction":[{"@type":"SearchAction","target":{"@type":"EntryPoint","urlTemplate":"https:\/\/folhadems.com.br\/site\/?s={search_term_string}"},"query-input":{"@type":"PropertyValueSpecification","valueRequired":true,"valueName":"search_term_string"}}],"inLanguage":"pt-BR"},{"@type":"Organization","@id":"https:\/\/folhadems.com.br\/site\/#organization","name":"Folha de Mato Grosso do Sul","url":"https:\/\/folhadems.com.br\/site\/","logo":{"@type":"ImageObject","inLanguage":"pt-BR","@id":"https:\/\/folhadems.com.br\/site\/#\/schema\/logo\/image\/","url":"https:\/\/folhadems.com.br\/site\/wp-content\/uploads\/2023\/01\/logo-folha-de-ms-380x90-1.jpg","contentUrl":"https:\/\/folhadems.com.br\/site\/wp-content\/uploads\/2023\/01\/logo-folha-de-ms-380x90-1.jpg","width":380,"height":90,"caption":"Folha de Mato Grosso do Sul"},"image":{"@id":"https:\/\/folhadems.com.br\/site\/#\/schema\/logo\/image\/"}},{"@type":"Person","@id":"https:\/\/folhadems.com.br\/site\/#\/schema\/person\/e4a04038e5c2e7040e19ef252ae9d940","name":"Elite Midia","image":{"@type":"ImageObject","inLanguage":"pt-BR","@id":"https:\/\/folhadems.com.br\/site\/#\/schema\/person\/image\/","url":"https:\/\/secure.gravatar.com\/avatar\/f76a80f01119f7fec6909ab9feea8819031f391155be021b685479d77496f055?s=96&d=mm&r=g","contentUrl":"https:\/\/secure.gravatar.com\/avatar\/f76a80f01119f7fec6909ab9feea8819031f391155be021b685479d77496f055?s=96&d=mm&r=g","caption":"Elite Midia"},"sameAs":["https:\/\/folhadems.com.br\/site"],"url":"https:\/\/folhadems.com.br\/site\/author\/elite-midia\/"}]}},"publishpress_future_action":{"enabled":false,"date":"2026-05-04 07:08:41","action":"change-status","newStatus":"draft","terms":[],"taxonomy":"category","extraData":[]},"publishpress_future_workflow_manual_trigger":{"enabledWorkflows":[]},"_links":{"self":[{"href":"https:\/\/folhadems.com.br\/site\/wp-json\/wp\/v2\/posts\/10173","targetHints":{"allow":["GET"]}}],"collection":[{"href":"https:\/\/folhadems.com.br\/site\/wp-json\/wp\/v2\/posts"}],"about":[{"href":"https:\/\/folhadems.com.br\/site\/wp-json\/wp\/v2\/types\/post"}],"author":[{"embeddable":true,"href":"https:\/\/folhadems.com.br\/site\/wp-json\/wp\/v2\/users\/1"}],"replies":[{"embeddable":true,"href":"https:\/\/folhadems.com.br\/site\/wp-json\/wp\/v2\/comments?post=10173"}],"version-history":[{"count":1,"href":"https:\/\/folhadems.com.br\/site\/wp-json\/wp\/v2\/posts\/10173\/revisions"}],"predecessor-version":[{"id":10175,"href":"https:\/\/folhadems.com.br\/site\/wp-json\/wp\/v2\/posts\/10173\/revisions\/10175"}],"wp:featuredmedia":[{"embeddable":true,"href":"https:\/\/folhadems.com.br\/site\/wp-json\/wp\/v2\/media\/10174"}],"wp:attachment":[{"href":"https:\/\/folhadems.com.br\/site\/wp-json\/wp\/v2\/media?parent=10173"}],"wp:term":[{"taxonomy":"category","embeddable":true,"href":"https:\/\/folhadems.com.br\/site\/wp-json\/wp\/v2\/categories?post=10173"},{"taxonomy":"post_tag","embeddable":true,"href":"https:\/\/folhadems.com.br\/site\/wp-json\/wp\/v2\/tags?post=10173"}],"curies":[{"name":"wp","href":"https:\/\/api.w.org\/{rel}","templated":true}]}}